{"id":9881,"date":"2025-12-23T10:59:45","date_gmt":"2025-12-23T10:59:45","guid":{"rendered":"https:\/\/eirikurjonsson.is\/?p=9881"},"modified":"2025-12-23T11:01:13","modified_gmt":"2025-12-23T11:01:13","slug":"ef-samgongustofa-veit-thad-ekki","status":"publish","type":"post","link":"https:\/\/eirikurjonsson.is\/index.php\/2025\/12\/23\/ef-samgongustofa-veit-thad-ekki\/","title":{"rendered":"EF SAMG\u00d6NGUSTOFA VEIT \u00deA\u00d0 EKKI&#8230;"},"content":{"rendered":"<div class=\"gmail_default\">L\u00edkt og skr\u00e1 skyldi heimsbygg\u00f0ina um \u00feetta leyti fyrir r\u00famlega tv\u00f6 \u00fe\u00fasund \u00e1rum, \u00fe\u00e1 ber a\u00f0 skr\u00e1 k\u00edl\u00f3metrast\u00f6\u00f0u allra b\u00edla h\u00e9r \u00e1 landi um \u00feessar mundir.<\/div>\n<div class=\"gmail_default\">&#8211;<\/div>\n<div class=\"gmail_default\">Einhverjum kynni a\u00f0 detta \u00ed hug a\u00f0 Samg\u00f6ngustofa v\u00e6ri r\u00e9tti sta\u00f0urinn til a\u00f0 skr\u00e1 st\u00f6\u00f0una. \u00dear er j\u00fa bifrei\u00f0askr\u00e1in. Spyrja m\u00e1 hven\u00e6r sem er s\u00f3larhringsins, enda er Samg\u00f6ngustofa me\u00f0 spjallmenni\u00f0 Ask til taks \u00ed \u00feeim efnum.<\/div>\n<div class=\"gmail_default\">&#8211;<\/div>\n<div class=\"gmail_default\">Askur reyndist hins vegar eiga margt \u00f3l\u00e6rt.<\/div>\n","protected":false},"excerpt":{"rendered":"<p>L\u00edkt og skr\u00e1 skyldi heimsbygg\u00f0ina um \u00feetta leyti fyrir r\u00famlega tv\u00f6 \u00fe\u00fasund \u00e1rum, \u00fe\u00e1 ber a\u00f0 skr\u00e1 k\u00edl\u00f3metrast\u00f6\u00f0u allra b\u00edla h\u00e9r \u00e1 landi um \u00feessar mundir. &#8211; Einhverjum kynni a\u00f0 detta \u00ed hug a\u00f0 Samg\u00f6ngustofa v\u00e6ri r\u00e9tti sta\u00f0urinn til a\u00f0 skr\u00e1 st\u00f6\u00f0una. \u00dear er j\u00fa bifrei\u00f0askr\u00e1in. Spyrja m\u00e1 hven\u00e6r sem er s\u00f3larhringsins, enda er Samg\u00f6ngustofa [&hellip;]<\/p>\n","protected":false},"author":2,"featured_media":9882,"comment_status":"open","ping_status":"open","sticky":false,"template":"","format":"standard","meta":{"_monsterinsights_skip_tracking":false,"_monsterinsights_sitenote_active":false,"_monsterinsights_sitenote_note":"","_monsterinsights_sitenote_category":0,"footnotes":""},"categories":[31],"tags":[],"class_list":{"0":"post-9881","1":"post","2":"type-post","3":"status-publish","4":"format-standard","5":"has-post-thumbnail","7":"category-greinar"},"yoast_head":"<!-- This site is optimized with the Yoast SEO plugin v22.0 - https:\/\/yoast.com\/wordpress\/plugins\/seo\/ -->\n<title>EF SAMG\u00d6NGUSTOFA VEIT \u00deA\u00d0 EKKI... &#8211; Eir\u00edkur J\u00f3nsson<\/title>\n<meta name=\"robots\" content=\"index, follow, max-snippet:-1, max-image-preview:large, max-video-preview:-1\" \/>\n<link rel=\"canonical\" href=\"https:\/\/eirikurjonsson.is\/index.php\/2025\/12\/23\/ef-samgongustofa-veit-thad-ekki\/\" \/>\n<meta property=\"og:locale\" content=\"is_IS\" \/>\n<meta property=\"og:type\" content=\"article\" \/>\n<meta property=\"og:title\" content=\"EF SAMG\u00d6NGUSTOFA VEIT \u00deA\u00d0 EKKI... &#8211; Eir\u00edkur J\u00f3nsson\" \/>\n<meta property=\"og:description\" content=\"L\u00edkt og skr\u00e1 skyldi heimsbygg\u00f0ina um \u00feetta leyti fyrir r\u00famlega tv\u00f6 \u00fe\u00fasund \u00e1rum, \u00fe\u00e1 ber a\u00f0 skr\u00e1 k\u00edl\u00f3metrast\u00f6\u00f0u allra b\u00edla h\u00e9r \u00e1 landi um \u00feessar mundir. &#8211; Einhverjum kynni a\u00f0 detta \u00ed hug a\u00f0 Samg\u00f6ngustofa v\u00e6ri r\u00e9tti sta\u00f0urinn til a\u00f0 skr\u00e1 st\u00f6\u00f0una. \u00dear er j\u00fa bifrei\u00f0askr\u00e1in. Spyrja m\u00e1 hven\u00e6r sem er s\u00f3larhringsins, enda er Samg\u00f6ngustofa [&hellip;]\" \/>\n<meta property=\"og:url\" content=\"https:\/\/eirikurjonsson.is\/index.php\/2025\/12\/23\/ef-samgongustofa-veit-thad-ekki\/\" \/>\n<meta property=\"og:site_name\" content=\"Eir\u00edkur J\u00f3nsson\" \/>\n<meta property=\"article:published_time\" content=\"2025-12-23T10:59:45+00:00\" \/>\n<meta property=\"article:modified_time\" content=\"2025-12-23T11:01:13+00:00\" \/>\n<meta property=\"og:image\" content=\"https:\/\/eirikurjonsson.is\/wp-content\/uploads\/2025\/12\/KILOMETRAR.jpg\" \/>\n\t<meta property=\"og:image:width\" content=\"780\" \/>\n\t<meta property=\"og:image:height\" content=\"523\" \/>\n\t<meta property=\"og:image:type\" content=\"image\/jpeg\" \/>\n<meta name=\"author\" content=\"eir\" \/>\n<meta name=\"twitter:card\" content=\"summary_large_image\" \/>\n<meta name=\"twitter:label1\" content=\"Written by\" \/>\n\t<meta name=\"twitter:data1\" content=\"eir\" \/>\n\t<meta name=\"twitter:label2\" content=\"Est. reading time\" \/>\n\t<meta name=\"twitter:data2\" content=\"1 minute\" \/>\n<script type=\"application\/ld+json\" class=\"yoast-schema-graph\">{\"@context\":\"https:\/\/schema.org\",\"@graph\":[{\"@type\":\"WebPage\",\"@id\":\"https:\/\/eirikurjonsson.is\/index.php\/2025\/12\/23\/ef-samgongustofa-veit-thad-ekki\/\",\"url\":\"https:\/\/eirikurjonsson.is\/index.php\/2025\/12\/23\/ef-samgongustofa-veit-thad-ekki\/\",\"name\":\"EF SAMG\u00d6NGUSTOFA VEIT \u00deA\u00d0 EKKI... &#8211; Eir\u00edkur J\u00f3nsson\",\"isPartOf\":{\"@id\":\"https:\/\/eirikurjonsson.is\/#website\"},\"datePublished\":\"2025-12-23T10:59:45+00:00\",\"dateModified\":\"2025-12-23T11:01:13+00:00\",\"author\":{\"@id\":\"https:\/\/eirikurjonsson.is\/#\/schema\/person\/308afa1d0e201918034e31b1da4f07a5\"},\"breadcrumb\":{\"@id\":\"https:\/\/eirikurjonsson.is\/index.php\/2025\/12\/23\/ef-samgongustofa-veit-thad-ekki\/#breadcrumb\"},\"inLanguage\":\"is\",\"potentialAction\":[{\"@type\":\"ReadAction\",\"target\":[\"https:\/\/eirikurjonsson.is\/index.php\/2025\/12\/23\/ef-samgongustofa-veit-thad-ekki\/\"]}]},{\"@type\":\"BreadcrumbList\",\"@id\":\"https:\/\/eirikurjonsson.is\/index.php\/2025\/12\/23\/ef-samgongustofa-veit-thad-ekki\/#breadcrumb\",\"itemListElement\":[{\"@type\":\"ListItem\",\"position\":1,\"name\":\"Home\",\"item\":\"https:\/\/eirikurjonsson.is\/\"},{\"@type\":\"ListItem\",\"position\":2,\"name\":\"EF SAMG\u00d6NGUSTOFA VEIT \u00deA\u00d0 EKKI&#8230;\"}]},{\"@type\":\"WebSite\",\"@id\":\"https:\/\/eirikurjonsson.is\/#website\",\"url\":\"https:\/\/eirikurjonsson.is\/\",\"name\":\"Eir\u00edkur J\u00f3nsson\",\"description\":\"Eir\u00edkur J\u00f3nsson | EIR eirikurjonsson.is\",\"potentialAction\":[{\"@type\":\"SearchAction\",\"target\":{\"@type\":\"EntryPoint\",\"urlTemplate\":\"https:\/\/eirikurjonsson.is\/?s={search_term_string}\"},\"query-input\":\"required name=search_term_string\"}],\"inLanguage\":\"is\"},{\"@type\":\"Person\",\"@id\":\"https:\/\/eirikurjonsson.is\/#\/schema\/person\/308afa1d0e201918034e31b1da4f07a5\",\"name\":\"eir\",\"image\":{\"@type\":\"ImageObject\",\"inLanguage\":\"is\",\"@id\":\"https:\/\/eirikurjonsson.is\/#\/schema\/person\/image\/\",\"url\":\"https:\/\/secure.gravatar.com\/avatar\/b6748316a4400053a1fa9f4694b38d294dc5da6f4bacc727742bd8f3e689f87c?s=96&d=mm&r=g\",\"contentUrl\":\"https:\/\/secure.gravatar.com\/avatar\/b6748316a4400053a1fa9f4694b38d294dc5da6f4bacc727742bd8f3e689f87c?s=96&d=mm&r=g\",\"caption\":\"eir\"},\"url\":\"https:\/\/eirikurjonsson.is\/index.php\/author\/eir\/\"}]}<\/script>\n<!-- \/ Yoast SEO plugin. -->","yoast_head_json":{"title":"EF SAMG\u00d6NGUSTOFA VEIT \u00deA\u00d0 EKKI... &#8211; Eir\u00edkur J\u00f3nsson","robots":{"index":"index","follow":"follow","max-snippet":"max-snippet:-1","max-image-preview":"max-image-preview:large","max-video-preview":"max-video-preview:-1"},"canonical":"https:\/\/eirikurjonsson.is\/index.php\/2025\/12\/23\/ef-samgongustofa-veit-thad-ekki\/","og_locale":"is_IS","og_type":"article","og_title":"EF SAMG\u00d6NGUSTOFA VEIT \u00deA\u00d0 EKKI... &#8211; Eir\u00edkur J\u00f3nsson","og_description":"L\u00edkt og skr\u00e1 skyldi heimsbygg\u00f0ina um \u00feetta leyti fyrir r\u00famlega tv\u00f6 \u00fe\u00fasund \u00e1rum, \u00fe\u00e1 ber a\u00f0 skr\u00e1 k\u00edl\u00f3metrast\u00f6\u00f0u allra b\u00edla h\u00e9r \u00e1 landi um \u00feessar mundir. &#8211; Einhverjum kynni a\u00f0 detta \u00ed hug a\u00f0 Samg\u00f6ngustofa v\u00e6ri r\u00e9tti sta\u00f0urinn til a\u00f0 skr\u00e1 st\u00f6\u00f0una. \u00dear er j\u00fa bifrei\u00f0askr\u00e1in. Spyrja m\u00e1 hven\u00e6r sem er s\u00f3larhringsins, enda er Samg\u00f6ngustofa [&hellip;]","og_url":"https:\/\/eirikurjonsson.is\/index.php\/2025\/12\/23\/ef-samgongustofa-veit-thad-ekki\/","og_site_name":"Eir\u00edkur J\u00f3nsson","article_published_time":"2025-12-23T10:59:45+00:00","article_modified_time":"2025-12-23T11:01:13+00:00","og_image":[{"width":780,"height":523,"url":"https:\/\/eirikurjonsson.is\/wp-content\/uploads\/2025\/12\/KILOMETRAR.jpg","type":"image\/jpeg"}],"author":"eir","twitter_card":"summary_large_image","twitter_misc":{"Written by":"eir","Est. reading time":"1 minute"},"schema":{"@context":"https:\/\/schema.org","@graph":[{"@type":"WebPage","@id":"https:\/\/eirikurjonsson.is\/index.php\/2025\/12\/23\/ef-samgongustofa-veit-thad-ekki\/","url":"https:\/\/eirikurjonsson.is\/index.php\/2025\/12\/23\/ef-samgongustofa-veit-thad-ekki\/","name":"EF SAMG\u00d6NGUSTOFA VEIT \u00deA\u00d0 EKKI... &#8211; Eir\u00edkur J\u00f3nsson","isPartOf":{"@id":"https:\/\/eirikurjonsson.is\/#website"},"datePublished":"2025-12-23T10:59:45+00:00","dateModified":"2025-12-23T11:01:13+00:00","author":{"@id":"https:\/\/eirikurjonsson.is\/#\/schema\/person\/308afa1d0e201918034e31b1da4f07a5"},"breadcrumb":{"@id":"https:\/\/eirikurjonsson.is\/index.php\/2025\/12\/23\/ef-samgongustofa-veit-thad-ekki\/#breadcrumb"},"inLanguage":"is","potentialAction":[{"@type":"ReadAction","target":["https:\/\/eirikurjonsson.is\/index.php\/2025\/12\/23\/ef-samgongustofa-veit-thad-ekki\/"]}]},{"@type":"BreadcrumbList","@id":"https:\/\/eirikurjonsson.is\/index.php\/2025\/12\/23\/ef-samgongustofa-veit-thad-ekki\/#breadcrumb","itemListElement":[{"@type":"ListItem","position":1,"name":"Home","item":"https:\/\/eirikurjonsson.is\/"},{"@type":"ListItem","position":2,"name":"EF SAMG\u00d6NGUSTOFA VEIT \u00deA\u00d0 EKKI&#8230;"}]},{"@type":"WebSite","@id":"https:\/\/eirikurjonsson.is\/#website","url":"https:\/\/eirikurjonsson.is\/","name":"Eir\u00edkur J\u00f3nsson","description":"Eir\u00edkur J\u00f3nsson | EIR eirikurjonsson.is","potentialAction":[{"@type":"SearchAction","target":{"@type":"EntryPoint","urlTemplate":"https:\/\/eirikurjonsson.is\/?s={search_term_string}"},"query-input":"required name=search_term_string"}],"inLanguage":"is"},{"@type":"Person","@id":"https:\/\/eirikurjonsson.is\/#\/schema\/person\/308afa1d0e201918034e31b1da4f07a5","name":"eir","image":{"@type":"ImageObject","inLanguage":"is","@id":"https:\/\/eirikurjonsson.is\/#\/schema\/person\/image\/","url":"https:\/\/secure.gravatar.com\/avatar\/b6748316a4400053a1fa9f4694b38d294dc5da6f4bacc727742bd8f3e689f87c?s=96&d=mm&r=g","contentUrl":"https:\/\/secure.gravatar.com\/avatar\/b6748316a4400053a1fa9f4694b38d294dc5da6f4bacc727742bd8f3e689f87c?s=96&d=mm&r=g","caption":"eir"},"url":"https:\/\/eirikurjonsson.is\/index.php\/author\/eir\/"}]}},"_links":{"self":[{"href":"https:\/\/eirikurjonsson.is\/index.php\/wp-json\/wp\/v2\/posts\/9881","targetHints":{"allow":["GET"]}}],"collection":[{"href":"https:\/\/eirikurjonsson.is\/index.php\/wp-json\/wp\/v2\/posts"}],"about":[{"href":"https:\/\/eirikurjonsson.is\/index.php\/wp-json\/wp\/v2\/types\/post"}],"author":[{"embeddable":true,"href":"https:\/\/eirikurjonsson.is\/index.php\/wp-json\/wp\/v2\/users\/2"}],"replies":[{"embeddable":true,"href":"https:\/\/eirikurjonsson.is\/index.php\/wp-json\/wp\/v2\/comments?post=9881"}],"version-history":[{"count":2,"href":"https:\/\/eirikurjonsson.is\/index.php\/wp-json\/wp\/v2\/posts\/9881\/revisions"}],"predecessor-version":[{"id":9884,"href":"https:\/\/eirikurjonsson.is\/index.php\/wp-json\/wp\/v2\/posts\/9881\/revisions\/9884"}],"wp:featuredmedia":[{"embeddable":true,"href":"https:\/\/eirikurjonsson.is\/index.php\/wp-json\/wp\/v2\/media\/9882"}],"wp:attachment":[{"href":"https:\/\/eirikurjonsson.is\/index.php\/wp-json\/wp\/v2\/media?parent=9881"}],"wp:term":[{"taxonomy":"category","embeddable":true,"href":"https:\/\/eirikurjonsson.is\/index.php\/wp-json\/wp\/v2\/categories?post=9881"},{"taxonomy":"post_tag","embeddable":true,"href":"https:\/\/eirikurjonsson.is\/index.php\/wp-json\/wp\/v2\/tags?post=9881"}],"curies":[{"name":"wp","href":"https:\/\/api.w.org\/{rel}","templated":true}]}}