{"id":9860,"date":"2025-12-21T12:43:25","date_gmt":"2025-12-21T12:43:25","guid":{"rendered":"https:\/\/eirikurjonsson.is\/?p=9860"},"modified":"2025-12-21T22:36:54","modified_gmt":"2025-12-21T22:36:54","slug":"betlehem-a-moltu","status":"publish","type":"post","link":"https:\/\/eirikurjonsson.is\/index.php\/2025\/12\/21\/betlehem-a-moltu\/","title":{"rendered":"BETLEHEM \u00c1 M\u00d6LTU"},"content":{"rendered":"<p>\u00deessi reykv\u00edska \u00feokkad\u00eds fagnar j\u00f3lum \u00e1 M\u00f6ltu, su\u00f0ur af Sikiley og r\u00e9tt undan str\u00f6ndum Afr\u00edku, en \u00fear hefur fj\u00e1rh\u00fasinu \u00ed Betlehem veri\u00f0 komi\u00f0 fyrir \u00ed fullri st\u00e6r\u00f0 \u00fat \u00e1 g\u00f6tu.<\/p>\n<p>&#8222;\u00deetta er j\u00f3lalegt,&#8220; sag\u00f0i h\u00fan \u00e1n\u00e6g\u00f0 \u00ed h\u00f6fu\u00f0borginni Valetta sem er s\u00fa minnsta \u00ed Evr\u00f3pu og su\u00f0l\u00e6gasta. Vinsamlegir \u00edb\u00faar, allir tala ensku, snekkjur au\u00f0j\u00f6fra liggja st\u00edfb\u00f3na\u00f0ar vi\u00f0 festar, hinsegin f\u00f3lk \u00e1berandi og kannabisb\u00fa\u00f0ir sj\u00e1lfsag\u00f0ar &#8211; enda l\u00f6gleglegar.<\/p>\n<p>&#8222;Paradis Evr\u00f3pu,&#8220; b\u00e6tti fyrirs\u00e6tan vi\u00f0.<\/p>\n","protected":false},"excerpt":{"rendered":"<p>\u00deessi reykv\u00edska \u00feokkad\u00eds fagnar j\u00f3lum \u00e1 M\u00f6ltu, su\u00f0ur af Sikiley og r\u00e9tt undan str\u00f6ndum Afr\u00edku, en \u00fear hefur fj\u00e1rh\u00fasinu \u00ed Betlehem veri\u00f0 komi\u00f0 fyrir \u00ed fullri st\u00e6r\u00f0 \u00fat \u00e1 g\u00f6tu. &#8222;\u00deetta er j\u00f3lalegt,&#8220; sag\u00f0i h\u00fan \u00e1n\u00e6g\u00f0 \u00ed h\u00f6fu\u00f0borginni Valetta sem er s\u00fa minnsta \u00ed Evr\u00f3pu og su\u00f0l\u00e6gasta. Vinsamlegir \u00edb\u00faar, allir tala ensku, snekkjur au\u00f0j\u00f6fra liggja [&hellip;]<\/p>\n","protected":false},"author":2,"featured_media":9861,"comment_status":"open","ping_status":"open","sticky":false,"template":"","format":"standard","meta":{"_monsterinsights_skip_tracking":false,"_monsterinsights_sitenote_active":false,"_monsterinsights_sitenote_note":"","_monsterinsights_sitenote_category":0,"footnotes":""},"categories":[31],"tags":[],"class_list":{"0":"post-9860","1":"post","2":"type-post","3":"status-publish","4":"format-standard","5":"has-post-thumbnail","7":"category-greinar"},"yoast_head":"<!-- This site is optimized with the Yoast SEO plugin v22.0 - https:\/\/yoast.com\/wordpress\/plugins\/seo\/ -->\n<title>BETLEHEM \u00c1 M\u00d6LTU &#8211; Eir\u00edkur J\u00f3nsson<\/title>\n<meta name=\"robots\" content=\"index, follow, max-snippet:-1, max-image-preview:large, max-video-preview:-1\" \/>\n<link rel=\"canonical\" href=\"https:\/\/eirikurjonsson.is\/index.php\/2025\/12\/21\/betlehem-a-moltu\/\" \/>\n<meta property=\"og:locale\" content=\"is_IS\" \/>\n<meta property=\"og:type\" content=\"article\" \/>\n<meta property=\"og:title\" content=\"BETLEHEM \u00c1 M\u00d6LTU &#8211; Eir\u00edkur J\u00f3nsson\" \/>\n<meta property=\"og:description\" content=\"\u00deessi reykv\u00edska \u00feokkad\u00eds fagnar j\u00f3lum \u00e1 M\u00f6ltu, su\u00f0ur af Sikiley og r\u00e9tt undan str\u00f6ndum Afr\u00edku, en \u00fear hefur fj\u00e1rh\u00fasinu \u00ed Betlehem veri\u00f0 komi\u00f0 fyrir \u00ed fullri st\u00e6r\u00f0 \u00fat \u00e1 g\u00f6tu. &#8222;\u00deetta er j\u00f3lalegt,&#8220; sag\u00f0i h\u00fan \u00e1n\u00e6g\u00f0 \u00ed h\u00f6fu\u00f0borginni Valetta sem er s\u00fa minnsta \u00ed Evr\u00f3pu og su\u00f0l\u00e6gasta. Vinsamlegir \u00edb\u00faar, allir tala ensku, snekkjur au\u00f0j\u00f6fra liggja [&hellip;]\" \/>\n<meta property=\"og:url\" content=\"https:\/\/eirikurjonsson.is\/index.php\/2025\/12\/21\/betlehem-a-moltu\/\" \/>\n<meta property=\"og:site_name\" content=\"Eir\u00edkur J\u00f3nsson\" \/>\n<meta property=\"article:published_time\" content=\"2025-12-21T12:43:25+00:00\" \/>\n<meta property=\"article:modified_time\" content=\"2025-12-21T22:36:54+00:00\" \/>\n<meta property=\"og:image\" content=\"https:\/\/eirikurjonsson.is\/wp-content\/uploads\/2025\/12\/malta.jpg\" \/>\n\t<meta property=\"og:image:width\" content=\"568\" \/>\n\t<meta property=\"og:image:height\" content=\"423\" \/>\n\t<meta property=\"og:image:type\" content=\"image\/jpeg\" \/>\n<meta name=\"author\" content=\"eir\" \/>\n<meta name=\"twitter:card\" content=\"summary_large_image\" \/>\n<meta name=\"twitter:label1\" content=\"Written by\" \/>\n\t<meta name=\"twitter:data1\" content=\"eir\" \/>\n\t<meta name=\"twitter:label2\" content=\"Est. reading time\" \/>\n\t<meta name=\"twitter:data2\" content=\"1 minute\" \/>\n<script type=\"application\/ld+json\" class=\"yoast-schema-graph\">{\"@context\":\"https:\/\/schema.org\",\"@graph\":[{\"@type\":\"WebPage\",\"@id\":\"https:\/\/eirikurjonsson.is\/index.php\/2025\/12\/21\/betlehem-a-moltu\/\",\"url\":\"https:\/\/eirikurjonsson.is\/index.php\/2025\/12\/21\/betlehem-a-moltu\/\",\"name\":\"BETLEHEM \u00c1 M\u00d6LTU &#8211; Eir\u00edkur J\u00f3nsson\",\"isPartOf\":{\"@id\":\"https:\/\/eirikurjonsson.is\/#website\"},\"datePublished\":\"2025-12-21T12:43:25+00:00\",\"dateModified\":\"2025-12-21T22:36:54+00:00\",\"author\":{\"@id\":\"https:\/\/eirikurjonsson.is\/#\/schema\/person\/308afa1d0e201918034e31b1da4f07a5\"},\"breadcrumb\":{\"@id\":\"https:\/\/eirikurjonsson.is\/index.php\/2025\/12\/21\/betlehem-a-moltu\/#breadcrumb\"},\"inLanguage\":\"is\",\"potentialAction\":[{\"@type\":\"ReadAction\",\"target\":[\"https:\/\/eirikurjonsson.is\/index.php\/2025\/12\/21\/betlehem-a-moltu\/\"]}]},{\"@type\":\"BreadcrumbList\",\"@id\":\"https:\/\/eirikurjonsson.is\/index.php\/2025\/12\/21\/betlehem-a-moltu\/#breadcrumb\",\"itemListElement\":[{\"@type\":\"ListItem\",\"position\":1,\"name\":\"Home\",\"item\":\"https:\/\/eirikurjonsson.is\/\"},{\"@type\":\"ListItem\",\"position\":2,\"name\":\"BETLEHEM \u00c1 M\u00d6LTU\"}]},{\"@type\":\"WebSite\",\"@id\":\"https:\/\/eirikurjonsson.is\/#website\",\"url\":\"https:\/\/eirikurjonsson.is\/\",\"name\":\"Eir\u00edkur J\u00f3nsson\",\"description\":\"Eir\u00edkur J\u00f3nsson | EIR eirikurjonsson.is\",\"potentialAction\":[{\"@type\":\"SearchAction\",\"target\":{\"@type\":\"EntryPoint\",\"urlTemplate\":\"https:\/\/eirikurjonsson.is\/?s={search_term_string}\"},\"query-input\":\"required name=search_term_string\"}],\"inLanguage\":\"is\"},{\"@type\":\"Person\",\"@id\":\"https:\/\/eirikurjonsson.is\/#\/schema\/person\/308afa1d0e201918034e31b1da4f07a5\",\"name\":\"eir\",\"image\":{\"@type\":\"ImageObject\",\"inLanguage\":\"is\",\"@id\":\"https:\/\/eirikurjonsson.is\/#\/schema\/person\/image\/\",\"url\":\"https:\/\/secure.gravatar.com\/avatar\/b6748316a4400053a1fa9f4694b38d294dc5da6f4bacc727742bd8f3e689f87c?s=96&d=mm&r=g\",\"contentUrl\":\"https:\/\/secure.gravatar.com\/avatar\/b6748316a4400053a1fa9f4694b38d294dc5da6f4bacc727742bd8f3e689f87c?s=96&d=mm&r=g\",\"caption\":\"eir\"},\"url\":\"https:\/\/eirikurjonsson.is\/index.php\/author\/eir\/\"}]}<\/script>\n<!-- \/ Yoast SEO plugin. -->","yoast_head_json":{"title":"BETLEHEM \u00c1 M\u00d6LTU &#8211; Eir\u00edkur J\u00f3nsson","robots":{"index":"index","follow":"follow","max-snippet":"max-snippet:-1","max-image-preview":"max-image-preview:large","max-video-preview":"max-video-preview:-1"},"canonical":"https:\/\/eirikurjonsson.is\/index.php\/2025\/12\/21\/betlehem-a-moltu\/","og_locale":"is_IS","og_type":"article","og_title":"BETLEHEM \u00c1 M\u00d6LTU &#8211; Eir\u00edkur J\u00f3nsson","og_description":"\u00deessi reykv\u00edska \u00feokkad\u00eds fagnar j\u00f3lum \u00e1 M\u00f6ltu, su\u00f0ur af Sikiley og r\u00e9tt undan str\u00f6ndum Afr\u00edku, en \u00fear hefur fj\u00e1rh\u00fasinu \u00ed Betlehem veri\u00f0 komi\u00f0 fyrir \u00ed fullri st\u00e6r\u00f0 \u00fat \u00e1 g\u00f6tu. &#8222;\u00deetta er j\u00f3lalegt,&#8220; sag\u00f0i h\u00fan \u00e1n\u00e6g\u00f0 \u00ed h\u00f6fu\u00f0borginni Valetta sem er s\u00fa minnsta \u00ed Evr\u00f3pu og su\u00f0l\u00e6gasta. Vinsamlegir \u00edb\u00faar, allir tala ensku, snekkjur au\u00f0j\u00f6fra liggja [&hellip;]","og_url":"https:\/\/eirikurjonsson.is\/index.php\/2025\/12\/21\/betlehem-a-moltu\/","og_site_name":"Eir\u00edkur J\u00f3nsson","article_published_time":"2025-12-21T12:43:25+00:00","article_modified_time":"2025-12-21T22:36:54+00:00","og_image":[{"width":568,"height":423,"url":"https:\/\/eirikurjonsson.is\/wp-content\/uploads\/2025\/12\/malta.jpg","type":"image\/jpeg"}],"author":"eir","twitter_card":"summary_large_image","twitter_misc":{"Written by":"eir","Est. reading time":"1 minute"},"schema":{"@context":"https:\/\/schema.org","@graph":[{"@type":"WebPage","@id":"https:\/\/eirikurjonsson.is\/index.php\/2025\/12\/21\/betlehem-a-moltu\/","url":"https:\/\/eirikurjonsson.is\/index.php\/2025\/12\/21\/betlehem-a-moltu\/","name":"BETLEHEM \u00c1 M\u00d6LTU &#8211; Eir\u00edkur J\u00f3nsson","isPartOf":{"@id":"https:\/\/eirikurjonsson.is\/#website"},"datePublished":"2025-12-21T12:43:25+00:00","dateModified":"2025-12-21T22:36:54+00:00","author":{"@id":"https:\/\/eirikurjonsson.is\/#\/schema\/person\/308afa1d0e201918034e31b1da4f07a5"},"breadcrumb":{"@id":"https:\/\/eirikurjonsson.is\/index.php\/2025\/12\/21\/betlehem-a-moltu\/#breadcrumb"},"inLanguage":"is","potentialAction":[{"@type":"ReadAction","target":["https:\/\/eirikurjonsson.is\/index.php\/2025\/12\/21\/betlehem-a-moltu\/"]}]},{"@type":"BreadcrumbList","@id":"https:\/\/eirikurjonsson.is\/index.php\/2025\/12\/21\/betlehem-a-moltu\/#breadcrumb","itemListElement":[{"@type":"ListItem","position":1,"name":"Home","item":"https:\/\/eirikurjonsson.is\/"},{"@type":"ListItem","position":2,"name":"BETLEHEM \u00c1 M\u00d6LTU"}]},{"@type":"WebSite","@id":"https:\/\/eirikurjonsson.is\/#website","url":"https:\/\/eirikurjonsson.is\/","name":"Eir\u00edkur J\u00f3nsson","description":"Eir\u00edkur J\u00f3nsson | EIR eirikurjonsson.is","potentialAction":[{"@type":"SearchAction","target":{"@type":"EntryPoint","urlTemplate":"https:\/\/eirikurjonsson.is\/?s={search_term_string}"},"query-input":"required name=search_term_string"}],"inLanguage":"is"},{"@type":"Person","@id":"https:\/\/eirikurjonsson.is\/#\/schema\/person\/308afa1d0e201918034e31b1da4f07a5","name":"eir","image":{"@type":"ImageObject","inLanguage":"is","@id":"https:\/\/eirikurjonsson.is\/#\/schema\/person\/image\/","url":"https:\/\/secure.gravatar.com\/avatar\/b6748316a4400053a1fa9f4694b38d294dc5da6f4bacc727742bd8f3e689f87c?s=96&d=mm&r=g","contentUrl":"https:\/\/secure.gravatar.com\/avatar\/b6748316a4400053a1fa9f4694b38d294dc5da6f4bacc727742bd8f3e689f87c?s=96&d=mm&r=g","caption":"eir"},"url":"https:\/\/eirikurjonsson.is\/index.php\/author\/eir\/"}]}},"_links":{"self":[{"href":"https:\/\/eirikurjonsson.is\/index.php\/wp-json\/wp\/v2\/posts\/9860","targetHints":{"allow":["GET"]}}],"collection":[{"href":"https:\/\/eirikurjonsson.is\/index.php\/wp-json\/wp\/v2\/posts"}],"about":[{"href":"https:\/\/eirikurjonsson.is\/index.php\/wp-json\/wp\/v2\/types\/post"}],"author":[{"embeddable":true,"href":"https:\/\/eirikurjonsson.is\/index.php\/wp-json\/wp\/v2\/users\/2"}],"replies":[{"embeddable":true,"href":"https:\/\/eirikurjonsson.is\/index.php\/wp-json\/wp\/v2\/comments?post=9860"}],"version-history":[{"count":4,"href":"https:\/\/eirikurjonsson.is\/index.php\/wp-json\/wp\/v2\/posts\/9860\/revisions"}],"predecessor-version":[{"id":9871,"href":"https:\/\/eirikurjonsson.is\/index.php\/wp-json\/wp\/v2\/posts\/9860\/revisions\/9871"}],"wp:featuredmedia":[{"embeddable":true,"href":"https:\/\/eirikurjonsson.is\/index.php\/wp-json\/wp\/v2\/media\/9861"}],"wp:attachment":[{"href":"https:\/\/eirikurjonsson.is\/index.php\/wp-json\/wp\/v2\/media?parent=9860"}],"wp:term":[{"taxonomy":"category","embeddable":true,"href":"https:\/\/eirikurjonsson.is\/index.php\/wp-json\/wp\/v2\/categories?post=9860"},{"taxonomy":"post_tag","embeddable":true,"href":"https:\/\/eirikurjonsson.is\/index.php\/wp-json\/wp\/v2\/tags?post=9860"}],"curies":[{"name":"wp","href":"https:\/\/api.w.org\/{rel}","templated":true}]}}