{"id":9847,"date":"2025-12-21T11:21:25","date_gmt":"2025-12-21T11:21:25","guid":{"rendered":"https:\/\/eirikurjonsson.is\/?p=9847"},"modified":"2025-12-21T11:21:25","modified_gmt":"2025-12-21T11:21:25","slug":"borgarstjorn-i-hjolastudi","status":"publish","type":"post","link":"https:\/\/eirikurjonsson.is\/index.php\/2025\/12\/21\/borgarstjorn-i-hjolastudi\/","title":{"rendered":"BORGARSTJ\u00d3RN \u00cd HJ\u00d3LASTU\u00d0I"},"content":{"rendered":"<p>Fj\u00f6ldi hj\u00f3landi vegfarenda\u00a0 Reykjav\u00edk hefur aukist jafnt og \u00fe\u00e9tt s\u00ed\u00f0astli\u00f0in t\u00edu \u00e1r og n\u00fa \u00e1 a\u00f0 b\u00e6ta um betur og gefa \u00ed. B\u00e6tt ver\u00f0ur vi\u00f0 fj\u00f3rum k\u00edl\u00f3metrum af hj\u00f3last\u00edgum \u00e1 n\u00e6sta \u00e1ri og ver\u00f0a \u00feeir \u00fe\u00e1 or\u00f0inir 50 k\u00edl\u00f3metrar.<\/p>\n<p>\u00c1\u00e6tla\u00f0 er a\u00f0 hefja framkv\u00e6mdir vi\u00f0 st\u00edga vi\u00f0 Su\u00f0urfell \u00ed Brei\u00f0holti, V\u00ednlandslei\u00f0 \u00ed Grafarholti og \u00ed Elli\u00f0a\u00e1rdal \u00ed sta\u00f0 stokks. Til vi\u00f0b\u00f3tar ver\u00f0ur haldi\u00f0 \u00e1fram vi\u00f0 ger\u00f0 st\u00edga \u00ed Sk\u00f3garhl\u00ed\u00f0 og vi\u00f0 Arnarnesveg.<\/p>\n","protected":false},"excerpt":{"rendered":"<p>Fj\u00f6ldi hj\u00f3landi vegfarenda\u00a0 Reykjav\u00edk hefur aukist jafnt og \u00fe\u00e9tt s\u00ed\u00f0astli\u00f0in t\u00edu \u00e1r og n\u00fa \u00e1 a\u00f0 b\u00e6ta um betur og gefa \u00ed. B\u00e6tt ver\u00f0ur vi\u00f0 fj\u00f3rum k\u00edl\u00f3metrum af hj\u00f3last\u00edgum \u00e1 n\u00e6sta \u00e1ri og ver\u00f0a \u00feeir \u00fe\u00e1 or\u00f0inir 50 k\u00edl\u00f3metrar. \u00c1\u00e6tla\u00f0 er a\u00f0 hefja framkv\u00e6mdir vi\u00f0 st\u00edga vi\u00f0 Su\u00f0urfell \u00ed Brei\u00f0holti, V\u00ednlandslei\u00f0 \u00ed Grafarholti og \u00ed [&hellip;]<\/p>\n","protected":false},"author":2,"featured_media":9848,"comment_status":"open","ping_status":"open","sticky":false,"template":"","format":"standard","meta":{"_monsterinsights_skip_tracking":false,"_monsterinsights_sitenote_active":false,"_monsterinsights_sitenote_note":"","_monsterinsights_sitenote_category":0,"footnotes":""},"categories":[31],"tags":[],"class_list":{"0":"post-9847","1":"post","2":"type-post","3":"status-publish","4":"format-standard","5":"has-post-thumbnail","7":"category-greinar"},"yoast_head":"<!-- This site is optimized with the Yoast SEO plugin v22.0 - https:\/\/yoast.com\/wordpress\/plugins\/seo\/ -->\n<title>BORGARSTJ\u00d3RN \u00cd HJ\u00d3LASTU\u00d0I &#8211; Eir\u00edkur J\u00f3nsson<\/title>\n<meta name=\"robots\" content=\"index, follow, max-snippet:-1, max-image-preview:large, max-video-preview:-1\" \/>\n<link rel=\"canonical\" href=\"https:\/\/eirikurjonsson.is\/index.php\/2025\/12\/21\/borgarstjorn-i-hjolastudi\/\" \/>\n<meta property=\"og:locale\" content=\"is_IS\" \/>\n<meta property=\"og:type\" content=\"article\" \/>\n<meta property=\"og:title\" content=\"BORGARSTJ\u00d3RN \u00cd HJ\u00d3LASTU\u00d0I &#8211; Eir\u00edkur J\u00f3nsson\" \/>\n<meta property=\"og:description\" content=\"Fj\u00f6ldi hj\u00f3landi vegfarenda\u00a0 Reykjav\u00edk hefur aukist jafnt og \u00fe\u00e9tt s\u00ed\u00f0astli\u00f0in t\u00edu \u00e1r og n\u00fa \u00e1 a\u00f0 b\u00e6ta um betur og gefa \u00ed. B\u00e6tt ver\u00f0ur vi\u00f0 fj\u00f3rum k\u00edl\u00f3metrum af hj\u00f3last\u00edgum \u00e1 n\u00e6sta \u00e1ri og ver\u00f0a \u00feeir \u00fe\u00e1 or\u00f0inir 50 k\u00edl\u00f3metrar. \u00c1\u00e6tla\u00f0 er a\u00f0 hefja framkv\u00e6mdir vi\u00f0 st\u00edga vi\u00f0 Su\u00f0urfell \u00ed Brei\u00f0holti, V\u00ednlandslei\u00f0 \u00ed Grafarholti og \u00ed [&hellip;]\" \/>\n<meta property=\"og:url\" content=\"https:\/\/eirikurjonsson.is\/index.php\/2025\/12\/21\/borgarstjorn-i-hjolastudi\/\" \/>\n<meta property=\"og:site_name\" content=\"Eir\u00edkur J\u00f3nsson\" \/>\n<meta property=\"article:published_time\" content=\"2025-12-21T11:21:25+00:00\" \/>\n<meta property=\"og:image\" content=\"https:\/\/eirikurjonsson.is\/wp-content\/uploads\/2025\/12\/HJOL.jpg\" \/>\n\t<meta property=\"og:image:width\" content=\"469\" \/>\n\t<meta property=\"og:image:height\" content=\"357\" \/>\n\t<meta property=\"og:image:type\" content=\"image\/jpeg\" \/>\n<meta name=\"author\" content=\"eir\" \/>\n<meta name=\"twitter:card\" content=\"summary_large_image\" \/>\n<meta name=\"twitter:label1\" content=\"Written by\" \/>\n\t<meta name=\"twitter:data1\" content=\"eir\" \/>\n\t<meta name=\"twitter:label2\" content=\"Est. reading time\" \/>\n\t<meta name=\"twitter:data2\" content=\"1 minute\" \/>\n<script type=\"application\/ld+json\" class=\"yoast-schema-graph\">{\"@context\":\"https:\/\/schema.org\",\"@graph\":[{\"@type\":\"WebPage\",\"@id\":\"https:\/\/eirikurjonsson.is\/index.php\/2025\/12\/21\/borgarstjorn-i-hjolastudi\/\",\"url\":\"https:\/\/eirikurjonsson.is\/index.php\/2025\/12\/21\/borgarstjorn-i-hjolastudi\/\",\"name\":\"BORGARSTJ\u00d3RN \u00cd HJ\u00d3LASTU\u00d0I &#8211; Eir\u00edkur J\u00f3nsson\",\"isPartOf\":{\"@id\":\"https:\/\/eirikurjonsson.is\/#website\"},\"datePublished\":\"2025-12-21T11:21:25+00:00\",\"dateModified\":\"2025-12-21T11:21:25+00:00\",\"author\":{\"@id\":\"https:\/\/eirikurjonsson.is\/#\/schema\/person\/308afa1d0e201918034e31b1da4f07a5\"},\"breadcrumb\":{\"@id\":\"https:\/\/eirikurjonsson.is\/index.php\/2025\/12\/21\/borgarstjorn-i-hjolastudi\/#breadcrumb\"},\"inLanguage\":\"is\",\"potentialAction\":[{\"@type\":\"ReadAction\",\"target\":[\"https:\/\/eirikurjonsson.is\/index.php\/2025\/12\/21\/borgarstjorn-i-hjolastudi\/\"]}]},{\"@type\":\"BreadcrumbList\",\"@id\":\"https:\/\/eirikurjonsson.is\/index.php\/2025\/12\/21\/borgarstjorn-i-hjolastudi\/#breadcrumb\",\"itemListElement\":[{\"@type\":\"ListItem\",\"position\":1,\"name\":\"Home\",\"item\":\"https:\/\/eirikurjonsson.is\/\"},{\"@type\":\"ListItem\",\"position\":2,\"name\":\"BORGARSTJ\u00d3RN \u00cd HJ\u00d3LASTU\u00d0I\"}]},{\"@type\":\"WebSite\",\"@id\":\"https:\/\/eirikurjonsson.is\/#website\",\"url\":\"https:\/\/eirikurjonsson.is\/\",\"name\":\"Eir\u00edkur J\u00f3nsson\",\"description\":\"Eir\u00edkur J\u00f3nsson | EIR eirikurjonsson.is\",\"potentialAction\":[{\"@type\":\"SearchAction\",\"target\":{\"@type\":\"EntryPoint\",\"urlTemplate\":\"https:\/\/eirikurjonsson.is\/?s={search_term_string}\"},\"query-input\":\"required name=search_term_string\"}],\"inLanguage\":\"is\"},{\"@type\":\"Person\",\"@id\":\"https:\/\/eirikurjonsson.is\/#\/schema\/person\/308afa1d0e201918034e31b1da4f07a5\",\"name\":\"eir\",\"image\":{\"@type\":\"ImageObject\",\"inLanguage\":\"is\",\"@id\":\"https:\/\/eirikurjonsson.is\/#\/schema\/person\/image\/\",\"url\":\"https:\/\/secure.gravatar.com\/avatar\/b6748316a4400053a1fa9f4694b38d294dc5da6f4bacc727742bd8f3e689f87c?s=96&d=mm&r=g\",\"contentUrl\":\"https:\/\/secure.gravatar.com\/avatar\/b6748316a4400053a1fa9f4694b38d294dc5da6f4bacc727742bd8f3e689f87c?s=96&d=mm&r=g\",\"caption\":\"eir\"},\"url\":\"https:\/\/eirikurjonsson.is\/index.php\/author\/eir\/\"}]}<\/script>\n<!-- \/ Yoast SEO plugin. -->","yoast_head_json":{"title":"BORGARSTJ\u00d3RN \u00cd HJ\u00d3LASTU\u00d0I &#8211; Eir\u00edkur J\u00f3nsson","robots":{"index":"index","follow":"follow","max-snippet":"max-snippet:-1","max-image-preview":"max-image-preview:large","max-video-preview":"max-video-preview:-1"},"canonical":"https:\/\/eirikurjonsson.is\/index.php\/2025\/12\/21\/borgarstjorn-i-hjolastudi\/","og_locale":"is_IS","og_type":"article","og_title":"BORGARSTJ\u00d3RN \u00cd HJ\u00d3LASTU\u00d0I &#8211; Eir\u00edkur J\u00f3nsson","og_description":"Fj\u00f6ldi hj\u00f3landi vegfarenda\u00a0 Reykjav\u00edk hefur aukist jafnt og \u00fe\u00e9tt s\u00ed\u00f0astli\u00f0in t\u00edu \u00e1r og n\u00fa \u00e1 a\u00f0 b\u00e6ta um betur og gefa \u00ed. B\u00e6tt ver\u00f0ur vi\u00f0 fj\u00f3rum k\u00edl\u00f3metrum af hj\u00f3last\u00edgum \u00e1 n\u00e6sta \u00e1ri og ver\u00f0a \u00feeir \u00fe\u00e1 or\u00f0inir 50 k\u00edl\u00f3metrar. \u00c1\u00e6tla\u00f0 er a\u00f0 hefja framkv\u00e6mdir vi\u00f0 st\u00edga vi\u00f0 Su\u00f0urfell \u00ed Brei\u00f0holti, V\u00ednlandslei\u00f0 \u00ed Grafarholti og \u00ed [&hellip;]","og_url":"https:\/\/eirikurjonsson.is\/index.php\/2025\/12\/21\/borgarstjorn-i-hjolastudi\/","og_site_name":"Eir\u00edkur J\u00f3nsson","article_published_time":"2025-12-21T11:21:25+00:00","og_image":[{"width":469,"height":357,"url":"https:\/\/eirikurjonsson.is\/wp-content\/uploads\/2025\/12\/HJOL.jpg","type":"image\/jpeg"}],"author":"eir","twitter_card":"summary_large_image","twitter_misc":{"Written by":"eir","Est. reading time":"1 minute"},"schema":{"@context":"https:\/\/schema.org","@graph":[{"@type":"WebPage","@id":"https:\/\/eirikurjonsson.is\/index.php\/2025\/12\/21\/borgarstjorn-i-hjolastudi\/","url":"https:\/\/eirikurjonsson.is\/index.php\/2025\/12\/21\/borgarstjorn-i-hjolastudi\/","name":"BORGARSTJ\u00d3RN \u00cd HJ\u00d3LASTU\u00d0I &#8211; Eir\u00edkur J\u00f3nsson","isPartOf":{"@id":"https:\/\/eirikurjonsson.is\/#website"},"datePublished":"2025-12-21T11:21:25+00:00","dateModified":"2025-12-21T11:21:25+00:00","author":{"@id":"https:\/\/eirikurjonsson.is\/#\/schema\/person\/308afa1d0e201918034e31b1da4f07a5"},"breadcrumb":{"@id":"https:\/\/eirikurjonsson.is\/index.php\/2025\/12\/21\/borgarstjorn-i-hjolastudi\/#breadcrumb"},"inLanguage":"is","potentialAction":[{"@type":"ReadAction","target":["https:\/\/eirikurjonsson.is\/index.php\/2025\/12\/21\/borgarstjorn-i-hjolastudi\/"]}]},{"@type":"BreadcrumbList","@id":"https:\/\/eirikurjonsson.is\/index.php\/2025\/12\/21\/borgarstjorn-i-hjolastudi\/#breadcrumb","itemListElement":[{"@type":"ListItem","position":1,"name":"Home","item":"https:\/\/eirikurjonsson.is\/"},{"@type":"ListItem","position":2,"name":"BORGARSTJ\u00d3RN \u00cd HJ\u00d3LASTU\u00d0I"}]},{"@type":"WebSite","@id":"https:\/\/eirikurjonsson.is\/#website","url":"https:\/\/eirikurjonsson.is\/","name":"Eir\u00edkur J\u00f3nsson","description":"Eir\u00edkur J\u00f3nsson | EIR eirikurjonsson.is","potentialAction":[{"@type":"SearchAction","target":{"@type":"EntryPoint","urlTemplate":"https:\/\/eirikurjonsson.is\/?s={search_term_string}"},"query-input":"required name=search_term_string"}],"inLanguage":"is"},{"@type":"Person","@id":"https:\/\/eirikurjonsson.is\/#\/schema\/person\/308afa1d0e201918034e31b1da4f07a5","name":"eir","image":{"@type":"ImageObject","inLanguage":"is","@id":"https:\/\/eirikurjonsson.is\/#\/schema\/person\/image\/","url":"https:\/\/secure.gravatar.com\/avatar\/b6748316a4400053a1fa9f4694b38d294dc5da6f4bacc727742bd8f3e689f87c?s=96&d=mm&r=g","contentUrl":"https:\/\/secure.gravatar.com\/avatar\/b6748316a4400053a1fa9f4694b38d294dc5da6f4bacc727742bd8f3e689f87c?s=96&d=mm&r=g","caption":"eir"},"url":"https:\/\/eirikurjonsson.is\/index.php\/author\/eir\/"}]}},"_links":{"self":[{"href":"https:\/\/eirikurjonsson.is\/index.php\/wp-json\/wp\/v2\/posts\/9847","targetHints":{"allow":["GET"]}}],"collection":[{"href":"https:\/\/eirikurjonsson.is\/index.php\/wp-json\/wp\/v2\/posts"}],"about":[{"href":"https:\/\/eirikurjonsson.is\/index.php\/wp-json\/wp\/v2\/types\/post"}],"author":[{"embeddable":true,"href":"https:\/\/eirikurjonsson.is\/index.php\/wp-json\/wp\/v2\/users\/2"}],"replies":[{"embeddable":true,"href":"https:\/\/eirikurjonsson.is\/index.php\/wp-json\/wp\/v2\/comments?post=9847"}],"version-history":[{"count":1,"href":"https:\/\/eirikurjonsson.is\/index.php\/wp-json\/wp\/v2\/posts\/9847\/revisions"}],"predecessor-version":[{"id":9849,"href":"https:\/\/eirikurjonsson.is\/index.php\/wp-json\/wp\/v2\/posts\/9847\/revisions\/9849"}],"wp:featuredmedia":[{"embeddable":true,"href":"https:\/\/eirikurjonsson.is\/index.php\/wp-json\/wp\/v2\/media\/9848"}],"wp:attachment":[{"href":"https:\/\/eirikurjonsson.is\/index.php\/wp-json\/wp\/v2\/media?parent=9847"}],"wp:term":[{"taxonomy":"category","embeddable":true,"href":"https:\/\/eirikurjonsson.is\/index.php\/wp-json\/wp\/v2\/categories?post=9847"},{"taxonomy":"post_tag","embeddable":true,"href":"https:\/\/eirikurjonsson.is\/index.php\/wp-json\/wp\/v2\/tags?post=9847"}],"curies":[{"name":"wp","href":"https:\/\/api.w.org\/{rel}","templated":true}]}}