{"id":7569,"date":"2025-07-07T18:54:26","date_gmt":"2025-07-07T18:54:26","guid":{"rendered":"https:\/\/eirikurjonsson.is\/?p=7569"},"modified":"2025-07-07T18:54:26","modified_gmt":"2025-07-07T18:54:26","slug":"lilja-palma-endurbyggir-eigin-kirkju-a-hofdastrond","status":"publish","type":"post","link":"https:\/\/eirikurjonsson.is\/index.php\/2025\/07\/07\/lilja-palma-endurbyggir-eigin-kirkju-a-hofdastrond\/","title":{"rendered":"LILJA P\u00c1LMA ENDURBYGGIR EIGIN KIRKJU \u00c1 H\u00d6F\u00d0ASTR\u00d6ND"},"content":{"rendered":"<p>&nbsp;<\/p>\n<figure id=\"attachment_7571\" aria-describedby=\"caption-attachment-7571\" style=\"width: 300px\" class=\"wp-caption aligncenter\"><img loading=\"lazy\" decoding=\"async\" class=\"wp-image-7571 size-medium\" src=\"https:\/\/eirikurjonsson.is\/wp-content\/uploads\/2025\/07\/LILJA-2-300x225.jpg\" alt=\"Hofskirkja Lilju.\" width=\"300\" height=\"225\" srcset=\"https:\/\/eirikurjonsson.is\/wp-content\/uploads\/2025\/07\/LILJA-2-300x225.jpg 300w, https:\/\/eirikurjonsson.is\/wp-content\/uploads\/2025\/07\/LILJA-2-1024x768.jpg 1024w, https:\/\/eirikurjonsson.is\/wp-content\/uploads\/2025\/07\/LILJA-2-768x576.jpg 768w, https:\/\/eirikurjonsson.is\/wp-content\/uploads\/2025\/07\/LILJA-2-1536x1152.jpg 1536w, https:\/\/eirikurjonsson.is\/wp-content\/uploads\/2025\/07\/LILJA-2-696x522.jpg 696w, https:\/\/eirikurjonsson.is\/wp-content\/uploads\/2025\/07\/LILJA-2-1068x801.jpg 1068w, https:\/\/eirikurjonsson.is\/wp-content\/uploads\/2025\/07\/LILJA-2-1920x1440.jpg 1920w, https:\/\/eirikurjonsson.is\/wp-content\/uploads\/2025\/07\/LILJA-2.jpg 2048w\" sizes=\"auto, (max-width: 300px) 100vw, 300px\" \/><figcaption id=\"caption-attachment-7571\" class=\"wp-caption-text\">Hofskirkja Lilju.<\/figcaption><\/figure>\n<p>&#8222;\u00deetta var lj\u00faf stund,&#8220; segir Lilja P\u00e1lmad\u00f3ttir hrossab\u00f3ndi \u00e1 Hofi \u00e1 H\u00f6f\u00f0astr\u00f6nd sem hefur loki\u00f0 vi\u00f0 a\u00f0 endurgera kirkjuna \u00e1 sta\u00f0num \u00fear sem fa\u00f0ir hennar, P\u00e1lmi \u00ed Hagkaup, f\u00e6ddist og \u00f3lst upp. \u00dear var h\u00e1t\u00ed\u00f0 \u00ed b\u00e6 um helgina.<\/p>\n<p><img loading=\"lazy\" decoding=\"async\" class=\"size-medium wp-image-7572 aligncenter\" src=\"https:\/\/eirikurjonsson.is\/wp-content\/uploads\/2025\/07\/lilja-3-225x300.jpg\" alt=\"\" width=\"225\" height=\"300\" srcset=\"https:\/\/eirikurjonsson.is\/wp-content\/uploads\/2025\/07\/lilja-3-225x300.jpg 225w, https:\/\/eirikurjonsson.is\/wp-content\/uploads\/2025\/07\/lilja-3-768x1024.jpg 768w, https:\/\/eirikurjonsson.is\/wp-content\/uploads\/2025\/07\/lilja-3-1152x1536.jpg 1152w, https:\/\/eirikurjonsson.is\/wp-content\/uploads\/2025\/07\/lilja-3-696x928.jpg 696w, https:\/\/eirikurjonsson.is\/wp-content\/uploads\/2025\/07\/lilja-3-1068x1424.jpg 1068w, https:\/\/eirikurjonsson.is\/wp-content\/uploads\/2025\/07\/lilja-3.jpg 1536w\" sizes=\"auto, (max-width: 225px) 100vw, 225px\" \/><\/p>\n<p style=\"text-align: center;\">\u00cd fr\u00e9tt fr\u00e1 v\u00edgslubiskupnum \u00ed H\u00f3lad\u00f3mkirkju segir:<\/p>\n<p><em>Hofskirkja \u00e1 H\u00f6f\u00f0astr\u00f6nd var b\u00e6ndakirkja til 1915. H\u00fan er or\u00f0in \u00fea\u00f0 aftur og er eigandi hennar Lilja Sigurl\u00edna P\u00e1lmad\u00f3ttir  \u00e1 Hofi. H\u00fan er b\u00fain a\u00f0 endurbyggja hana \u00e1 gl\u00e6silegan h\u00e1tt og fyrir \u00fea\u00f0 ber a\u00f0 \u00feakka. Fyrsta gu\u00f0s\u00fej\u00f3nustan eftir endurb\u00e6tur var sunnudagskv\u00f6ldi\u00f0 6. j\u00fal\u00ed og fj\u00f6lmennti f\u00f3lk til kirkju. Til hamingju Lilja og takk fyrir.<\/em><\/p>\n","protected":false},"excerpt":{"rendered":"<p>&nbsp; &#8222;\u00deetta var lj\u00faf stund,&#8220; segir Lilja P\u00e1lmad\u00f3ttir hrossab\u00f3ndi \u00e1 Hofi \u00e1 H\u00f6f\u00f0astr\u00f6nd sem hefur loki\u00f0 vi\u00f0 a\u00f0 endurgera kirkjuna \u00e1 sta\u00f0num \u00fear sem fa\u00f0ir hennar, P\u00e1lmi \u00ed Hagkaup, f\u00e6ddist og \u00f3lst upp. \u00dear var h\u00e1t\u00ed\u00f0 \u00ed b\u00e6 um helgina. \u00cd fr\u00e9tt fr\u00e1 v\u00edgslubiskupnum \u00ed H\u00f3lad\u00f3mkirkju segir: Hofskirkja \u00e1 H\u00f6f\u00f0astr\u00f6nd var b\u00e6ndakirkja til 1915. H\u00fan [&hellip;]<\/p>\n","protected":false},"author":2,"featured_media":7570,"comment_status":"open","ping_status":"open","sticky":false,"template":"","format":"standard","meta":{"_monsterinsights_skip_tracking":false,"_monsterinsights_sitenote_active":false,"_monsterinsights_sitenote_note":"","_monsterinsights_sitenote_category":0,"footnotes":""},"categories":[31],"tags":[],"class_list":{"0":"post-7569","1":"post","2":"type-post","3":"status-publish","4":"format-standard","5":"has-post-thumbnail","7":"category-greinar"},"yoast_head":"<!-- This site is optimized with the Yoast SEO plugin v22.0 - https:\/\/yoast.com\/wordpress\/plugins\/seo\/ -->\n<title>LILJA P\u00c1LMA ENDURBYGGIR EIGIN KIRKJU \u00c1 H\u00d6F\u00d0ASTR\u00d6ND &#8211; Eir\u00edkur J\u00f3nsson<\/title>\n<meta name=\"robots\" content=\"index, follow, max-snippet:-1, max-image-preview:large, max-video-preview:-1\" \/>\n<link rel=\"canonical\" href=\"https:\/\/eirikurjonsson.is\/index.php\/2025\/07\/07\/lilja-palma-endurbyggir-eigin-kirkju-a-hofdastrond\/\" \/>\n<meta property=\"og:locale\" content=\"is_IS\" \/>\n<meta property=\"og:type\" content=\"article\" \/>\n<meta property=\"og:title\" content=\"LILJA P\u00c1LMA ENDURBYGGIR EIGIN KIRKJU \u00c1 H\u00d6F\u00d0ASTR\u00d6ND &#8211; Eir\u00edkur J\u00f3nsson\" \/>\n<meta property=\"og:description\" content=\"&nbsp; &#8222;\u00deetta var lj\u00faf stund,&#8220; segir Lilja P\u00e1lmad\u00f3ttir hrossab\u00f3ndi \u00e1 Hofi \u00e1 H\u00f6f\u00f0astr\u00f6nd sem hefur loki\u00f0 vi\u00f0 a\u00f0 endurgera kirkjuna \u00e1 sta\u00f0num \u00fear sem fa\u00f0ir hennar, P\u00e1lmi \u00ed Hagkaup, f\u00e6ddist og \u00f3lst upp. \u00dear var h\u00e1t\u00ed\u00f0 \u00ed b\u00e6 um helgina. \u00cd fr\u00e9tt fr\u00e1 v\u00edgslubiskupnum \u00ed H\u00f3lad\u00f3mkirkju segir: Hofskirkja \u00e1 H\u00f6f\u00f0astr\u00f6nd var b\u00e6ndakirkja til 1915. H\u00fan [&hellip;]\" \/>\n<meta property=\"og:url\" content=\"https:\/\/eirikurjonsson.is\/index.php\/2025\/07\/07\/lilja-palma-endurbyggir-eigin-kirkju-a-hofdastrond\/\" \/>\n<meta property=\"og:site_name\" content=\"Eir\u00edkur J\u00f3nsson\" \/>\n<meta property=\"article:published_time\" content=\"2025-07-07T18:54:26+00:00\" \/>\n<meta property=\"og:image\" content=\"https:\/\/eirikurjonsson.is\/wp-content\/uploads\/2025\/07\/LILJA-1.jpg\" \/>\n\t<meta property=\"og:image:width\" content=\"1536\" \/>\n\t<meta property=\"og:image:height\" content=\"2048\" \/>\n\t<meta property=\"og:image:type\" content=\"image\/jpeg\" \/>\n<meta name=\"author\" content=\"eir\" \/>\n<meta name=\"twitter:card\" content=\"summary_large_image\" \/>\n<meta name=\"twitter:label1\" content=\"Written by\" \/>\n\t<meta name=\"twitter:data1\" content=\"eir\" \/>\n\t<meta name=\"twitter:label2\" content=\"Est. reading time\" \/>\n\t<meta name=\"twitter:data2\" content=\"2 minutes\" \/>\n<script type=\"application\/ld+json\" class=\"yoast-schema-graph\">{\"@context\":\"https:\/\/schema.org\",\"@graph\":[{\"@type\":\"WebPage\",\"@id\":\"https:\/\/eirikurjonsson.is\/index.php\/2025\/07\/07\/lilja-palma-endurbyggir-eigin-kirkju-a-hofdastrond\/\",\"url\":\"https:\/\/eirikurjonsson.is\/index.php\/2025\/07\/07\/lilja-palma-endurbyggir-eigin-kirkju-a-hofdastrond\/\",\"name\":\"LILJA P\u00c1LMA ENDURBYGGIR EIGIN KIRKJU \u00c1 H\u00d6F\u00d0ASTR\u00d6ND &#8211; Eir\u00edkur J\u00f3nsson\",\"isPartOf\":{\"@id\":\"https:\/\/eirikurjonsson.is\/#website\"},\"datePublished\":\"2025-07-07T18:54:26+00:00\",\"dateModified\":\"2025-07-07T18:54:26+00:00\",\"author\":{\"@id\":\"https:\/\/eirikurjonsson.is\/#\/schema\/person\/308afa1d0e201918034e31b1da4f07a5\"},\"breadcrumb\":{\"@id\":\"https:\/\/eirikurjonsson.is\/index.php\/2025\/07\/07\/lilja-palma-endurbyggir-eigin-kirkju-a-hofdastrond\/#breadcrumb\"},\"inLanguage\":\"is\",\"potentialAction\":[{\"@type\":\"ReadAction\",\"target\":[\"https:\/\/eirikurjonsson.is\/index.php\/2025\/07\/07\/lilja-palma-endurbyggir-eigin-kirkju-a-hofdastrond\/\"]}]},{\"@type\":\"BreadcrumbList\",\"@id\":\"https:\/\/eirikurjonsson.is\/index.php\/2025\/07\/07\/lilja-palma-endurbyggir-eigin-kirkju-a-hofdastrond\/#breadcrumb\",\"itemListElement\":[{\"@type\":\"ListItem\",\"position\":1,\"name\":\"Home\",\"item\":\"https:\/\/eirikurjonsson.is\/\"},{\"@type\":\"ListItem\",\"position\":2,\"name\":\"LILJA P\u00c1LMA ENDURBYGGIR EIGIN KIRKJU \u00c1 H\u00d6F\u00d0ASTR\u00d6ND\"}]},{\"@type\":\"WebSite\",\"@id\":\"https:\/\/eirikurjonsson.is\/#website\",\"url\":\"https:\/\/eirikurjonsson.is\/\",\"name\":\"Eir\u00edkur J\u00f3nsson\",\"description\":\"Eir\u00edkur J\u00f3nsson | EIR eirikurjonsson.is\",\"potentialAction\":[{\"@type\":\"SearchAction\",\"target\":{\"@type\":\"EntryPoint\",\"urlTemplate\":\"https:\/\/eirikurjonsson.is\/?s={search_term_string}\"},\"query-input\":\"required name=search_term_string\"}],\"inLanguage\":\"is\"},{\"@type\":\"Person\",\"@id\":\"https:\/\/eirikurjonsson.is\/#\/schema\/person\/308afa1d0e201918034e31b1da4f07a5\",\"name\":\"eir\",\"image\":{\"@type\":\"ImageObject\",\"inLanguage\":\"is\",\"@id\":\"https:\/\/eirikurjonsson.is\/#\/schema\/person\/image\/\",\"url\":\"https:\/\/secure.gravatar.com\/avatar\/b6748316a4400053a1fa9f4694b38d294dc5da6f4bacc727742bd8f3e689f87c?s=96&d=mm&r=g\",\"contentUrl\":\"https:\/\/secure.gravatar.com\/avatar\/b6748316a4400053a1fa9f4694b38d294dc5da6f4bacc727742bd8f3e689f87c?s=96&d=mm&r=g\",\"caption\":\"eir\"},\"url\":\"https:\/\/eirikurjonsson.is\/index.php\/author\/eir\/\"}]}<\/script>\n<!-- \/ Yoast SEO plugin. -->","yoast_head_json":{"title":"LILJA P\u00c1LMA ENDURBYGGIR EIGIN KIRKJU \u00c1 H\u00d6F\u00d0ASTR\u00d6ND &#8211; Eir\u00edkur J\u00f3nsson","robots":{"index":"index","follow":"follow","max-snippet":"max-snippet:-1","max-image-preview":"max-image-preview:large","max-video-preview":"max-video-preview:-1"},"canonical":"https:\/\/eirikurjonsson.is\/index.php\/2025\/07\/07\/lilja-palma-endurbyggir-eigin-kirkju-a-hofdastrond\/","og_locale":"is_IS","og_type":"article","og_title":"LILJA P\u00c1LMA ENDURBYGGIR EIGIN KIRKJU \u00c1 H\u00d6F\u00d0ASTR\u00d6ND &#8211; Eir\u00edkur J\u00f3nsson","og_description":"&nbsp; &#8222;\u00deetta var lj\u00faf stund,&#8220; segir Lilja P\u00e1lmad\u00f3ttir hrossab\u00f3ndi \u00e1 Hofi \u00e1 H\u00f6f\u00f0astr\u00f6nd sem hefur loki\u00f0 vi\u00f0 a\u00f0 endurgera kirkjuna \u00e1 sta\u00f0num \u00fear sem fa\u00f0ir hennar, P\u00e1lmi \u00ed Hagkaup, f\u00e6ddist og \u00f3lst upp. \u00dear var h\u00e1t\u00ed\u00f0 \u00ed b\u00e6 um helgina. \u00cd fr\u00e9tt fr\u00e1 v\u00edgslubiskupnum \u00ed H\u00f3lad\u00f3mkirkju segir: Hofskirkja \u00e1 H\u00f6f\u00f0astr\u00f6nd var b\u00e6ndakirkja til 1915. H\u00fan [&hellip;]","og_url":"https:\/\/eirikurjonsson.is\/index.php\/2025\/07\/07\/lilja-palma-endurbyggir-eigin-kirkju-a-hofdastrond\/","og_site_name":"Eir\u00edkur J\u00f3nsson","article_published_time":"2025-07-07T18:54:26+00:00","og_image":[{"width":1536,"height":2048,"url":"https:\/\/eirikurjonsson.is\/wp-content\/uploads\/2025\/07\/LILJA-1.jpg","type":"image\/jpeg"}],"author":"eir","twitter_card":"summary_large_image","twitter_misc":{"Written by":"eir","Est. reading time":"2 minutes"},"schema":{"@context":"https:\/\/schema.org","@graph":[{"@type":"WebPage","@id":"https:\/\/eirikurjonsson.is\/index.php\/2025\/07\/07\/lilja-palma-endurbyggir-eigin-kirkju-a-hofdastrond\/","url":"https:\/\/eirikurjonsson.is\/index.php\/2025\/07\/07\/lilja-palma-endurbyggir-eigin-kirkju-a-hofdastrond\/","name":"LILJA P\u00c1LMA ENDURBYGGIR EIGIN KIRKJU \u00c1 H\u00d6F\u00d0ASTR\u00d6ND &#8211; Eir\u00edkur J\u00f3nsson","isPartOf":{"@id":"https:\/\/eirikurjonsson.is\/#website"},"datePublished":"2025-07-07T18:54:26+00:00","dateModified":"2025-07-07T18:54:26+00:00","author":{"@id":"https:\/\/eirikurjonsson.is\/#\/schema\/person\/308afa1d0e201918034e31b1da4f07a5"},"breadcrumb":{"@id":"https:\/\/eirikurjonsson.is\/index.php\/2025\/07\/07\/lilja-palma-endurbyggir-eigin-kirkju-a-hofdastrond\/#breadcrumb"},"inLanguage":"is","potentialAction":[{"@type":"ReadAction","target":["https:\/\/eirikurjonsson.is\/index.php\/2025\/07\/07\/lilja-palma-endurbyggir-eigin-kirkju-a-hofdastrond\/"]}]},{"@type":"BreadcrumbList","@id":"https:\/\/eirikurjonsson.is\/index.php\/2025\/07\/07\/lilja-palma-endurbyggir-eigin-kirkju-a-hofdastrond\/#breadcrumb","itemListElement":[{"@type":"ListItem","position":1,"name":"Home","item":"https:\/\/eirikurjonsson.is\/"},{"@type":"ListItem","position":2,"name":"LILJA P\u00c1LMA ENDURBYGGIR EIGIN KIRKJU \u00c1 H\u00d6F\u00d0ASTR\u00d6ND"}]},{"@type":"WebSite","@id":"https:\/\/eirikurjonsson.is\/#website","url":"https:\/\/eirikurjonsson.is\/","name":"Eir\u00edkur J\u00f3nsson","description":"Eir\u00edkur J\u00f3nsson | EIR eirikurjonsson.is","potentialAction":[{"@type":"SearchAction","target":{"@type":"EntryPoint","urlTemplate":"https:\/\/eirikurjonsson.is\/?s={search_term_string}"},"query-input":"required name=search_term_string"}],"inLanguage":"is"},{"@type":"Person","@id":"https:\/\/eirikurjonsson.is\/#\/schema\/person\/308afa1d0e201918034e31b1da4f07a5","name":"eir","image":{"@type":"ImageObject","inLanguage":"is","@id":"https:\/\/eirikurjonsson.is\/#\/schema\/person\/image\/","url":"https:\/\/secure.gravatar.com\/avatar\/b6748316a4400053a1fa9f4694b38d294dc5da6f4bacc727742bd8f3e689f87c?s=96&d=mm&r=g","contentUrl":"https:\/\/secure.gravatar.com\/avatar\/b6748316a4400053a1fa9f4694b38d294dc5da6f4bacc727742bd8f3e689f87c?s=96&d=mm&r=g","caption":"eir"},"url":"https:\/\/eirikurjonsson.is\/index.php\/author\/eir\/"}]}},"_links":{"self":[{"href":"https:\/\/eirikurjonsson.is\/index.php\/wp-json\/wp\/v2\/posts\/7569","targetHints":{"allow":["GET"]}}],"collection":[{"href":"https:\/\/eirikurjonsson.is\/index.php\/wp-json\/wp\/v2\/posts"}],"about":[{"href":"https:\/\/eirikurjonsson.is\/index.php\/wp-json\/wp\/v2\/types\/post"}],"author":[{"embeddable":true,"href":"https:\/\/eirikurjonsson.is\/index.php\/wp-json\/wp\/v2\/users\/2"}],"replies":[{"embeddable":true,"href":"https:\/\/eirikurjonsson.is\/index.php\/wp-json\/wp\/v2\/comments?post=7569"}],"version-history":[{"count":1,"href":"https:\/\/eirikurjonsson.is\/index.php\/wp-json\/wp\/v2\/posts\/7569\/revisions"}],"predecessor-version":[{"id":7573,"href":"https:\/\/eirikurjonsson.is\/index.php\/wp-json\/wp\/v2\/posts\/7569\/revisions\/7573"}],"wp:featuredmedia":[{"embeddable":true,"href":"https:\/\/eirikurjonsson.is\/index.php\/wp-json\/wp\/v2\/media\/7570"}],"wp:attachment":[{"href":"https:\/\/eirikurjonsson.is\/index.php\/wp-json\/wp\/v2\/media?parent=7569"}],"wp:term":[{"taxonomy":"category","embeddable":true,"href":"https:\/\/eirikurjonsson.is\/index.php\/wp-json\/wp\/v2\/categories?post=7569"},{"taxonomy":"post_tag","embeddable":true,"href":"https:\/\/eirikurjonsson.is\/index.php\/wp-json\/wp\/v2\/tags?post=7569"}],"curies":[{"name":"wp","href":"https:\/\/api.w.org\/{rel}","templated":true}]}}