{"id":6148,"date":"2025-03-24T11:50:10","date_gmt":"2025-03-24T11:50:10","guid":{"rendered":"https:\/\/eirikurjonsson.is\/?p=6148"},"modified":"2025-03-24T11:51:04","modified_gmt":"2025-03-24T11:51:04","slug":"motmaelandinn-i-hjolastolnum-verdur-radherra","status":"publish","type":"post","link":"https:\/\/eirikurjonsson.is\/index.php\/2025\/03\/24\/motmaelandinn-i-hjolastolnum-verdur-radherra\/","title":{"rendered":"M\u00d3TM\u00c6LANDINN \u00cd HJ\u00d3LAST\u00d3LNUM VER\u00d0UR R\u00c1\u00d0HERRA"},"content":{"rendered":"<p><img loading=\"lazy\" decoding=\"async\" class=\"size-medium wp-image-6151 alignleft\" src=\"https:\/\/eirikurjonsson.is\/wp-content\/uploads\/2025\/03\/vis22-88x300.jpg\" alt=\"\" width=\"88\" height=\"300\" srcset=\"https:\/\/eirikurjonsson.is\/wp-content\/uploads\/2025\/03\/vis22-88x300.jpg 88w, https:\/\/eirikurjonsson.is\/wp-content\/uploads\/2025\/03\/vis22.jpg 226w\" sizes=\"auto, (max-width: 88px) 100vw, 88px\" \/>Fyrir allm\u00f6rgum \u00e1rum sat ma\u00f0ur i hj\u00f3last\u00f3l fyrir framan tryggingaf\u00e9lagi\u00f0 V\u00cdS \u00ed \u00c1rm\u00fala me\u00f0 m\u00f3tm\u00e6laspj\u00f6ld dag eftir dag, m\u00e6tti vi\u00f0 opnun og f\u00f3r vi\u00f0 lokun. Hann var a\u00f0 m\u00f3tm\u00e6la vinnubr\u00f6g\u00f0um tryggingaf\u00e9lagsins og taldi \u00fea\u00f0 hafa sviki\u00f0 sig um r\u00e9ttm\u00e6tar b\u00e6tur \u00ed kj\u00f6lfar slyss sem setti hann \u00ed hj\u00f3last\u00f3linn.<\/p>\n<p>N\u00fa er Gu\u00f0mundir Ingi Kristinsson or\u00f0inn mennta og barnam\u00e1lar\u00e1\u00f0herra \u00cdslands. \u00deeir fyrstu ver\u00f0a s\u00ed\u00f0astir og \u00feeir s\u00ed\u00f0ustu fyrstir&#8230;<\/p>\n","protected":false},"excerpt":{"rendered":"<p>Fyrir allm\u00f6rgum \u00e1rum sat ma\u00f0ur i hj\u00f3last\u00f3l fyrir framan tryggingaf\u00e9lagi\u00f0 V\u00cdS \u00ed \u00c1rm\u00fala me\u00f0 m\u00f3tm\u00e6laspj\u00f6ld dag eftir dag, m\u00e6tti vi\u00f0 opnun og f\u00f3r vi\u00f0 lokun. Hann var a\u00f0 m\u00f3tm\u00e6la vinnubr\u00f6g\u00f0um tryggingaf\u00e9lagsins og taldi \u00fea\u00f0 hafa sviki\u00f0 sig um r\u00e9ttm\u00e6tar b\u00e6tur \u00ed kj\u00f6lfar slyss sem setti hann \u00ed hj\u00f3last\u00f3linn. N\u00fa er Gu\u00f0mundir Ingi Kristinsson or\u00f0inn mennta [&hellip;]<\/p>\n","protected":false},"author":2,"featured_media":6149,"comment_status":"open","ping_status":"open","sticky":false,"template":"","format":"standard","meta":{"_monsterinsights_skip_tracking":false,"_monsterinsights_sitenote_active":false,"_monsterinsights_sitenote_note":"","_monsterinsights_sitenote_category":0,"footnotes":""},"categories":[31],"tags":[],"class_list":{"0":"post-6148","1":"post","2":"type-post","3":"status-publish","4":"format-standard","5":"has-post-thumbnail","7":"category-greinar"},"yoast_head":"<!-- This site is optimized with the Yoast SEO plugin v22.0 - https:\/\/yoast.com\/wordpress\/plugins\/seo\/ -->\n<title>M\u00d3TM\u00c6LANDINN \u00cd HJ\u00d3LAST\u00d3LNUM VER\u00d0UR R\u00c1\u00d0HERRA &#8211; Eir\u00edkur J\u00f3nsson<\/title>\n<meta name=\"robots\" content=\"index, follow, max-snippet:-1, max-image-preview:large, max-video-preview:-1\" \/>\n<link rel=\"canonical\" href=\"https:\/\/eirikurjonsson.is\/index.php\/2025\/03\/24\/motmaelandinn-i-hjolastolnum-verdur-radherra\/\" \/>\n<meta property=\"og:locale\" content=\"is_IS\" \/>\n<meta property=\"og:type\" content=\"article\" \/>\n<meta property=\"og:title\" content=\"M\u00d3TM\u00c6LANDINN \u00cd HJ\u00d3LAST\u00d3LNUM VER\u00d0UR R\u00c1\u00d0HERRA &#8211; Eir\u00edkur J\u00f3nsson\" \/>\n<meta property=\"og:description\" content=\"Fyrir allm\u00f6rgum \u00e1rum sat ma\u00f0ur i hj\u00f3last\u00f3l fyrir framan tryggingaf\u00e9lagi\u00f0 V\u00cdS \u00ed \u00c1rm\u00fala me\u00f0 m\u00f3tm\u00e6laspj\u00f6ld dag eftir dag, m\u00e6tti vi\u00f0 opnun og f\u00f3r vi\u00f0 lokun. Hann var a\u00f0 m\u00f3tm\u00e6la vinnubr\u00f6g\u00f0um tryggingaf\u00e9lagsins og taldi \u00fea\u00f0 hafa sviki\u00f0 sig um r\u00e9ttm\u00e6tar b\u00e6tur \u00ed kj\u00f6lfar slyss sem setti hann \u00ed hj\u00f3last\u00f3linn. N\u00fa er Gu\u00f0mundir Ingi Kristinsson or\u00f0inn mennta [&hellip;]\" \/>\n<meta property=\"og:url\" content=\"https:\/\/eirikurjonsson.is\/index.php\/2025\/03\/24\/motmaelandinn-i-hjolastolnum-verdur-radherra\/\" \/>\n<meta property=\"og:site_name\" content=\"Eir\u00edkur J\u00f3nsson\" \/>\n<meta property=\"article:published_time\" content=\"2025-03-24T11:50:10+00:00\" \/>\n<meta property=\"article:modified_time\" content=\"2025-03-24T11:51:04+00:00\" \/>\n<meta property=\"og:image\" content=\"https:\/\/eirikurjonsson.is\/wp-content\/uploads\/2025\/03\/GUDMUNDUR-INGI.jpg\" \/>\n\t<meta property=\"og:image:width\" content=\"621\" \/>\n\t<meta property=\"og:image:height\" content=\"421\" \/>\n\t<meta property=\"og:image:type\" content=\"image\/jpeg\" \/>\n<meta name=\"author\" content=\"eir\" \/>\n<meta name=\"twitter:card\" content=\"summary_large_image\" \/>\n<meta name=\"twitter:label1\" content=\"Written by\" \/>\n\t<meta name=\"twitter:data1\" content=\"eir\" \/>\n\t<meta name=\"twitter:label2\" content=\"Est. reading time\" \/>\n\t<meta name=\"twitter:data2\" content=\"1 minute\" \/>\n<script type=\"application\/ld+json\" class=\"yoast-schema-graph\">{\"@context\":\"https:\/\/schema.org\",\"@graph\":[{\"@type\":\"WebPage\",\"@id\":\"https:\/\/eirikurjonsson.is\/index.php\/2025\/03\/24\/motmaelandinn-i-hjolastolnum-verdur-radherra\/\",\"url\":\"https:\/\/eirikurjonsson.is\/index.php\/2025\/03\/24\/motmaelandinn-i-hjolastolnum-verdur-radherra\/\",\"name\":\"M\u00d3TM\u00c6LANDINN \u00cd HJ\u00d3LAST\u00d3LNUM VER\u00d0UR R\u00c1\u00d0HERRA &#8211; Eir\u00edkur J\u00f3nsson\",\"isPartOf\":{\"@id\":\"https:\/\/eirikurjonsson.is\/#website\"},\"datePublished\":\"2025-03-24T11:50:10+00:00\",\"dateModified\":\"2025-03-24T11:51:04+00:00\",\"author\":{\"@id\":\"https:\/\/eirikurjonsson.is\/#\/schema\/person\/308afa1d0e201918034e31b1da4f07a5\"},\"breadcrumb\":{\"@id\":\"https:\/\/eirikurjonsson.is\/index.php\/2025\/03\/24\/motmaelandinn-i-hjolastolnum-verdur-radherra\/#breadcrumb\"},\"inLanguage\":\"is\",\"potentialAction\":[{\"@type\":\"ReadAction\",\"target\":[\"https:\/\/eirikurjonsson.is\/index.php\/2025\/03\/24\/motmaelandinn-i-hjolastolnum-verdur-radherra\/\"]}]},{\"@type\":\"BreadcrumbList\",\"@id\":\"https:\/\/eirikurjonsson.is\/index.php\/2025\/03\/24\/motmaelandinn-i-hjolastolnum-verdur-radherra\/#breadcrumb\",\"itemListElement\":[{\"@type\":\"ListItem\",\"position\":1,\"name\":\"Home\",\"item\":\"https:\/\/eirikurjonsson.is\/\"},{\"@type\":\"ListItem\",\"position\":2,\"name\":\"M\u00d3TM\u00c6LANDINN \u00cd HJ\u00d3LAST\u00d3LNUM VER\u00d0UR R\u00c1\u00d0HERRA\"}]},{\"@type\":\"WebSite\",\"@id\":\"https:\/\/eirikurjonsson.is\/#website\",\"url\":\"https:\/\/eirikurjonsson.is\/\",\"name\":\"Eir\u00edkur J\u00f3nsson\",\"description\":\"Eir\u00edkur J\u00f3nsson | EIR eirikurjonsson.is\",\"potentialAction\":[{\"@type\":\"SearchAction\",\"target\":{\"@type\":\"EntryPoint\",\"urlTemplate\":\"https:\/\/eirikurjonsson.is\/?s={search_term_string}\"},\"query-input\":\"required name=search_term_string\"}],\"inLanguage\":\"is\"},{\"@type\":\"Person\",\"@id\":\"https:\/\/eirikurjonsson.is\/#\/schema\/person\/308afa1d0e201918034e31b1da4f07a5\",\"name\":\"eir\",\"image\":{\"@type\":\"ImageObject\",\"inLanguage\":\"is\",\"@id\":\"https:\/\/eirikurjonsson.is\/#\/schema\/person\/image\/\",\"url\":\"https:\/\/secure.gravatar.com\/avatar\/b6748316a4400053a1fa9f4694b38d294dc5da6f4bacc727742bd8f3e689f87c?s=96&d=mm&r=g\",\"contentUrl\":\"https:\/\/secure.gravatar.com\/avatar\/b6748316a4400053a1fa9f4694b38d294dc5da6f4bacc727742bd8f3e689f87c?s=96&d=mm&r=g\",\"caption\":\"eir\"},\"url\":\"https:\/\/eirikurjonsson.is\/index.php\/author\/eir\/\"}]}<\/script>\n<!-- \/ Yoast SEO plugin. -->","yoast_head_json":{"title":"M\u00d3TM\u00c6LANDINN \u00cd HJ\u00d3LAST\u00d3LNUM VER\u00d0UR R\u00c1\u00d0HERRA &#8211; Eir\u00edkur J\u00f3nsson","robots":{"index":"index","follow":"follow","max-snippet":"max-snippet:-1","max-image-preview":"max-image-preview:large","max-video-preview":"max-video-preview:-1"},"canonical":"https:\/\/eirikurjonsson.is\/index.php\/2025\/03\/24\/motmaelandinn-i-hjolastolnum-verdur-radherra\/","og_locale":"is_IS","og_type":"article","og_title":"M\u00d3TM\u00c6LANDINN \u00cd HJ\u00d3LAST\u00d3LNUM VER\u00d0UR R\u00c1\u00d0HERRA &#8211; Eir\u00edkur J\u00f3nsson","og_description":"Fyrir allm\u00f6rgum \u00e1rum sat ma\u00f0ur i hj\u00f3last\u00f3l fyrir framan tryggingaf\u00e9lagi\u00f0 V\u00cdS \u00ed \u00c1rm\u00fala me\u00f0 m\u00f3tm\u00e6laspj\u00f6ld dag eftir dag, m\u00e6tti vi\u00f0 opnun og f\u00f3r vi\u00f0 lokun. Hann var a\u00f0 m\u00f3tm\u00e6la vinnubr\u00f6g\u00f0um tryggingaf\u00e9lagsins og taldi \u00fea\u00f0 hafa sviki\u00f0 sig um r\u00e9ttm\u00e6tar b\u00e6tur \u00ed kj\u00f6lfar slyss sem setti hann \u00ed hj\u00f3last\u00f3linn. N\u00fa er Gu\u00f0mundir Ingi Kristinsson or\u00f0inn mennta [&hellip;]","og_url":"https:\/\/eirikurjonsson.is\/index.php\/2025\/03\/24\/motmaelandinn-i-hjolastolnum-verdur-radherra\/","og_site_name":"Eir\u00edkur J\u00f3nsson","article_published_time":"2025-03-24T11:50:10+00:00","article_modified_time":"2025-03-24T11:51:04+00:00","og_image":[{"width":621,"height":421,"url":"https:\/\/eirikurjonsson.is\/wp-content\/uploads\/2025\/03\/GUDMUNDUR-INGI.jpg","type":"image\/jpeg"}],"author":"eir","twitter_card":"summary_large_image","twitter_misc":{"Written by":"eir","Est. reading time":"1 minute"},"schema":{"@context":"https:\/\/schema.org","@graph":[{"@type":"WebPage","@id":"https:\/\/eirikurjonsson.is\/index.php\/2025\/03\/24\/motmaelandinn-i-hjolastolnum-verdur-radherra\/","url":"https:\/\/eirikurjonsson.is\/index.php\/2025\/03\/24\/motmaelandinn-i-hjolastolnum-verdur-radherra\/","name":"M\u00d3TM\u00c6LANDINN \u00cd HJ\u00d3LAST\u00d3LNUM VER\u00d0UR R\u00c1\u00d0HERRA &#8211; Eir\u00edkur J\u00f3nsson","isPartOf":{"@id":"https:\/\/eirikurjonsson.is\/#website"},"datePublished":"2025-03-24T11:50:10+00:00","dateModified":"2025-03-24T11:51:04+00:00","author":{"@id":"https:\/\/eirikurjonsson.is\/#\/schema\/person\/308afa1d0e201918034e31b1da4f07a5"},"breadcrumb":{"@id":"https:\/\/eirikurjonsson.is\/index.php\/2025\/03\/24\/motmaelandinn-i-hjolastolnum-verdur-radherra\/#breadcrumb"},"inLanguage":"is","potentialAction":[{"@type":"ReadAction","target":["https:\/\/eirikurjonsson.is\/index.php\/2025\/03\/24\/motmaelandinn-i-hjolastolnum-verdur-radherra\/"]}]},{"@type":"BreadcrumbList","@id":"https:\/\/eirikurjonsson.is\/index.php\/2025\/03\/24\/motmaelandinn-i-hjolastolnum-verdur-radherra\/#breadcrumb","itemListElement":[{"@type":"ListItem","position":1,"name":"Home","item":"https:\/\/eirikurjonsson.is\/"},{"@type":"ListItem","position":2,"name":"M\u00d3TM\u00c6LANDINN \u00cd HJ\u00d3LAST\u00d3LNUM VER\u00d0UR R\u00c1\u00d0HERRA"}]},{"@type":"WebSite","@id":"https:\/\/eirikurjonsson.is\/#website","url":"https:\/\/eirikurjonsson.is\/","name":"Eir\u00edkur J\u00f3nsson","description":"Eir\u00edkur J\u00f3nsson | EIR eirikurjonsson.is","potentialAction":[{"@type":"SearchAction","target":{"@type":"EntryPoint","urlTemplate":"https:\/\/eirikurjonsson.is\/?s={search_term_string}"},"query-input":"required name=search_term_string"}],"inLanguage":"is"},{"@type":"Person","@id":"https:\/\/eirikurjonsson.is\/#\/schema\/person\/308afa1d0e201918034e31b1da4f07a5","name":"eir","image":{"@type":"ImageObject","inLanguage":"is","@id":"https:\/\/eirikurjonsson.is\/#\/schema\/person\/image\/","url":"https:\/\/secure.gravatar.com\/avatar\/b6748316a4400053a1fa9f4694b38d294dc5da6f4bacc727742bd8f3e689f87c?s=96&d=mm&r=g","contentUrl":"https:\/\/secure.gravatar.com\/avatar\/b6748316a4400053a1fa9f4694b38d294dc5da6f4bacc727742bd8f3e689f87c?s=96&d=mm&r=g","caption":"eir"},"url":"https:\/\/eirikurjonsson.is\/index.php\/author\/eir\/"}]}},"_links":{"self":[{"href":"https:\/\/eirikurjonsson.is\/index.php\/wp-json\/wp\/v2\/posts\/6148","targetHints":{"allow":["GET"]}}],"collection":[{"href":"https:\/\/eirikurjonsson.is\/index.php\/wp-json\/wp\/v2\/posts"}],"about":[{"href":"https:\/\/eirikurjonsson.is\/index.php\/wp-json\/wp\/v2\/types\/post"}],"author":[{"embeddable":true,"href":"https:\/\/eirikurjonsson.is\/index.php\/wp-json\/wp\/v2\/users\/2"}],"replies":[{"embeddable":true,"href":"https:\/\/eirikurjonsson.is\/index.php\/wp-json\/wp\/v2\/comments?post=6148"}],"version-history":[{"count":3,"href":"https:\/\/eirikurjonsson.is\/index.php\/wp-json\/wp\/v2\/posts\/6148\/revisions"}],"predecessor-version":[{"id":6153,"href":"https:\/\/eirikurjonsson.is\/index.php\/wp-json\/wp\/v2\/posts\/6148\/revisions\/6153"}],"wp:featuredmedia":[{"embeddable":true,"href":"https:\/\/eirikurjonsson.is\/index.php\/wp-json\/wp\/v2\/media\/6149"}],"wp:attachment":[{"href":"https:\/\/eirikurjonsson.is\/index.php\/wp-json\/wp\/v2\/media?parent=6148"}],"wp:term":[{"taxonomy":"category","embeddable":true,"href":"https:\/\/eirikurjonsson.is\/index.php\/wp-json\/wp\/v2\/categories?post=6148"},{"taxonomy":"post_tag","embeddable":true,"href":"https:\/\/eirikurjonsson.is\/index.php\/wp-json\/wp\/v2\/tags?post=6148"}],"curies":[{"name":"wp","href":"https:\/\/api.w.org\/{rel}","templated":true}]}}