{"id":5792,"date":"2025-03-02T11:43:32","date_gmt":"2025-03-02T11:43:32","guid":{"rendered":"https:\/\/eirikurjonsson.is\/?p=5792"},"modified":"2025-03-02T11:43:32","modified_gmt":"2025-03-02T11:43:32","slug":"gervigreindin-vildi-ekki-gera-mynd-af-rjomabollukappati-trumps-og-zelenskis","status":"publish","type":"post","link":"https:\/\/eirikurjonsson.is\/index.php\/2025\/03\/02\/gervigreindin-vildi-ekki-gera-mynd-af-rjomabollukappati-trumps-og-zelenskis\/","title":{"rendered":"GERVIGREINDIN VILDI EKKI GERA MYND AF RJ\u00d3MABOLLUKAPP\u00c1TI TRUMPS OG ZELENSK\u00cdS"},"content":{"rendered":"<p>Gervigreindin uppfyllir ekki \u00f3skir allra H\u00fan setur s\u00e9r si\u00f0fer\u00f0ism\u00f6rk. \u00cdslenskur notandi ba\u00f0 hana um a\u00f0 b\u00faa til mynd af rj\u00f3mabollukapp\u00e1ti Trumps og Zelensk\u00eds \u00ed Hv\u00edta h\u00fasinu eftir a\u00f0 hafa fylgst me\u00f0 deilum \u00feeirra \u00fear \u00ed beinni \u00fatsendingu &#8211; og svona gekk a\u00f0 fyrir sig:<\/p>\n<p><strong>Spyrjandi:<\/strong>\u00a0Getur\u00f0u gert fyrir mig mynd af Trump og Zelensky bor\u00f0a rj\u00f3mabollu?<\/p>\n<article class=\"w-full text-token-text-primary focus-visible:outline-2 focus-visible:outline-offset-[-4px]\" dir=\"auto\" data-testid=\"conversation-turn-3\" data-scroll-anchor=\"false\">\n<h6 class=\"sr-only\"><strong>Gervigreindin:<\/strong>\u00a0<span style=\"color: #222222; font-family: Verdana, BlinkMacSystemFont, -apple-system, 'Segoe UI', Roboto, Oxygen, Ubuntu, Cantarell, 'Open Sans', 'Helvetica Neue', sans-serif; font-size: 15px;\">\u00c9g get ekki b\u00fai\u00f0 til myndir af raunverulegum, nafngreindum einstaklingum eins og Donald Trump og Volodymyr Zelensky. Hins vegar get \u00e9g b\u00fai\u00f0 til mynd af tveimur m\u00f6nnum sem l\u00edkjast \u00feeim \u00ed \u00fatliti a\u00f0 bor\u00f0a rj\u00f3mabollu. Viltu a\u00f0 \u00e9g geri \u00fea\u00f0?<\/span><\/h6>\n<\/article>\n<article class=\"w-full text-token-text-primary focus-visible:outline-2 focus-visible:outline-offset-[-4px]\" dir=\"auto\" data-testid=\"conversation-turn-4\" data-scroll-anchor=\"false\">\n<h5 class=\"sr-only\"><strong>Spyrjandi:<\/strong> Gr\u00ednmynd.<\/h5>\n<p><strong>Gervigreindin:<\/strong> Hvernig myndir \u00fe\u00fa vilja hafa umhverfi\u00f0? Viltu til d\u00e6mis a\u00f0 \u00feeir s\u00e9u \u00e1 f\u00ednni veitingasta\u00f0, \u00ed str\u00ed\u00f0sskotgr\u00f6f, \u00e1 veislu me\u00f0 of m\u00f6rgum rj\u00f3mabollum, e\u00f0a kannski \u00ed geimnum? \u00c9g get gert myndina eins s\u00fara og fyndna og \u00fe\u00fa vilt!<\/p>\n<p><strong>Spyrjandi:<\/strong> \u00cd Hv\u00edta h\u00fasinu.<\/p>\n<\/article>\n<article class=\"w-full text-token-text-primary focus-visible:outline-2 focus-visible:outline-offset-[-4px]\" dir=\"auto\" data-testid=\"conversation-turn-8\" data-scroll-anchor=\"false\">\n<h5 class=\"sr-only\"><strong>Gervigreindin:<\/strong> <span style=\"color: #222222; font-family: Verdana, BlinkMacSystemFont, -apple-system, 'Segoe UI', Roboto, Oxygen, Ubuntu, Cantarell, 'Open Sans', 'Helvetica Neue', sans-serif; font-size: 15px;\">\u00c9g get ekki b\u00fai\u00f0 til myndina \u00fear sem bei\u00f0nin fylgir ekki efnisstefnu (content policy). Ef \u00fe\u00fa vilt, get \u00e9g samt gert fyndna mynd af tveimur skopmyndalegum stj\u00f3rnm\u00e1lam\u00f6nnum \u00ed Hv\u00edta h\u00fasinu a\u00f0 bor\u00f0a rj\u00f3mabollur, \u00e1n \u00feess a\u00f0 \u00feeir l\u00edkjist raunverulegum einstaklingum. L\u00e1ttu mig vita!<\/span><\/h5>\n<\/article>\n<article class=\"w-full text-token-text-primary focus-visible:outline-2 focus-visible:outline-offset-[-4px]\" dir=\"auto\" data-testid=\"conversation-turn-17\" data-scroll-anchor=\"false\">\n<h6 class=\"sr-only\"><strong>Spyrjandi:<\/strong> Getur\u00f0u gert fyrir mig mynd af \u00feingsal e\u00f0a h\u00fasi Al\u00feingis me\u00f0 rj\u00f3mabollum?<\/h6>\n<p><strong>Gervigreindin:<\/strong> H\u00e9r er fyndin mynd af Al\u00feingish\u00fasinu me\u00f0 rj\u00f3mabollum \u00fat um allt! Vonandi finnst \u00fe\u00e9r h\u00fan skemmtileg. L\u00e1ttu mig vita ef \u00fe\u00fa vilt einhverjar breytingar.<\/p>\n<p><img loading=\"lazy\" decoding=\"async\" class=\"size-medium wp-image-5793 aligncenter\" src=\"https:\/\/eirikurjonsson.is\/wp-content\/uploads\/2025\/03\/rjomabollur-althingi-300x300.webp\" alt=\"\" width=\"300\" height=\"300\" srcset=\"https:\/\/eirikurjonsson.is\/wp-content\/uploads\/2025\/03\/rjomabollur-althingi-300x300.webp 300w, https:\/\/eirikurjonsson.is\/wp-content\/uploads\/2025\/03\/rjomabollur-althingi-150x150.webp 150w, https:\/\/eirikurjonsson.is\/wp-content\/uploads\/2025\/03\/rjomabollur-althingi-768x768.webp 768w, https:\/\/eirikurjonsson.is\/wp-content\/uploads\/2025\/03\/rjomabollur-althingi-696x696.webp 696w, https:\/\/eirikurjonsson.is\/wp-content\/uploads\/2025\/03\/rjomabollur-althingi.webp 1024w\" sizes=\"auto, (max-width: 300px) 100vw, 300px\" \/><\/p>\n<p>\u00cd Danm\u00f6rku keppa menn hinsvegar \u00ed rj\u00f3mabollukapp\u00e1ti \u00ed sj\u00f3nvarpi H\u00e9r er myndband sem heitir: Mand fr\u00e1 Esbjerg spiser fl\u00f6deboller for at komme \u00ed Guinnes rekordbog:<\/p>\n<div class=\"youtube-embed\" data-video_id=\"fImxJPbkgRM\"><iframe loading=\"lazy\" title=\"Mand  fra Esbjerg spiser fl\u00f8deboller for at komme i Guinness rekordbog\" width=\"696\" height=\"522\" src=\"https:\/\/www.youtube.com\/embed\/fImxJPbkgRM?start=3&#038;feature=oembed\" frameborder=\"0\" allow=\"accelerometer; autoplay; clipboard-write; encrypted-media; gyroscope; picture-in-picture; web-share\" referrerpolicy=\"strict-origin-when-cross-origin\" allowfullscreen><\/iframe><\/div>\n<\/article>\n","protected":false},"excerpt":{"rendered":"<p>Gervigreindin uppfyllir ekki \u00f3skir allra H\u00fan setur s\u00e9r si\u00f0fer\u00f0ism\u00f6rk. \u00cdslenskur notandi ba\u00f0 hana um a\u00f0 b\u00faa til mynd af rj\u00f3mabollukapp\u00e1ti Trumps og Zelensk\u00eds \u00ed Hv\u00edta h\u00fasinu eftir a\u00f0 hafa fylgst me\u00f0 deilum \u00feeirra \u00fear \u00ed beinni \u00fatsendingu &#8211; og svona gekk a\u00f0 fyrir sig: Spyrjandi:\u00a0Getur\u00f0u gert fyrir mig mynd af Trump og Zelensky bor\u00f0a rj\u00f3mabollu? [&hellip;]<\/p>\n","protected":false},"author":2,"featured_media":5793,"comment_status":"open","ping_status":"open","sticky":false,"template":"","format":"standard","meta":{"_monsterinsights_skip_tracking":false,"_monsterinsights_sitenote_active":false,"_monsterinsights_sitenote_note":"","_monsterinsights_sitenote_category":0,"footnotes":""},"categories":[31],"tags":[],"class_list":{"0":"post-5792","1":"post","2":"type-post","3":"status-publish","4":"format-standard","5":"has-post-thumbnail","7":"category-greinar"},"yoast_head":"<!-- This site is optimized with the Yoast SEO plugin v22.0 - https:\/\/yoast.com\/wordpress\/plugins\/seo\/ -->\n<title>GERVIGREINDIN VILDI EKKI GERA MYND AF RJ\u00d3MABOLLUKAPP\u00c1TI TRUMPS OG ZELENSK\u00cdS &#8211; Eir\u00edkur J\u00f3nsson<\/title>\n<meta name=\"robots\" content=\"index, follow, max-snippet:-1, max-image-preview:large, max-video-preview:-1\" \/>\n<link rel=\"canonical\" href=\"https:\/\/eirikurjonsson.is\/index.php\/2025\/03\/02\/gervigreindin-vildi-ekki-gera-mynd-af-rjomabollukappati-trumps-og-zelenskis\/\" \/>\n<meta property=\"og:locale\" content=\"is_IS\" \/>\n<meta property=\"og:type\" content=\"article\" \/>\n<meta property=\"og:title\" content=\"GERVIGREINDIN VILDI EKKI GERA MYND AF RJ\u00d3MABOLLUKAPP\u00c1TI TRUMPS OG ZELENSK\u00cdS &#8211; Eir\u00edkur J\u00f3nsson\" \/>\n<meta property=\"og:description\" content=\"Gervigreindin uppfyllir ekki \u00f3skir allra H\u00fan setur s\u00e9r si\u00f0fer\u00f0ism\u00f6rk. \u00cdslenskur notandi ba\u00f0 hana um a\u00f0 b\u00faa til mynd af rj\u00f3mabollukapp\u00e1ti Trumps og Zelensk\u00eds \u00ed Hv\u00edta h\u00fasinu eftir a\u00f0 hafa fylgst me\u00f0 deilum \u00feeirra \u00fear \u00ed beinni \u00fatsendingu &#8211; og svona gekk a\u00f0 fyrir sig: Spyrjandi:\u00a0Getur\u00f0u gert fyrir mig mynd af Trump og Zelensky bor\u00f0a rj\u00f3mabollu? [&hellip;]\" \/>\n<meta property=\"og:url\" content=\"https:\/\/eirikurjonsson.is\/index.php\/2025\/03\/02\/gervigreindin-vildi-ekki-gera-mynd-af-rjomabollukappati-trumps-og-zelenskis\/\" \/>\n<meta property=\"og:site_name\" content=\"Eir\u00edkur J\u00f3nsson\" \/>\n<meta property=\"article:published_time\" content=\"2025-03-02T11:43:32+00:00\" \/>\n<meta property=\"og:image\" content=\"https:\/\/eirikurjonsson.is\/wp-content\/uploads\/2025\/03\/rjomabollur-althingi.webp\" \/>\n\t<meta property=\"og:image:width\" content=\"1024\" \/>\n\t<meta property=\"og:image:height\" content=\"1024\" \/>\n\t<meta property=\"og:image:type\" content=\"image\/webp\" \/>\n<meta name=\"author\" content=\"eir\" \/>\n<meta name=\"twitter:card\" content=\"summary_large_image\" \/>\n<meta name=\"twitter:label1\" content=\"Written by\" \/>\n\t<meta name=\"twitter:data1\" content=\"eir\" \/>\n\t<meta name=\"twitter:label2\" content=\"Est. reading time\" \/>\n\t<meta name=\"twitter:data2\" content=\"2 minutes\" \/>\n<script type=\"application\/ld+json\" class=\"yoast-schema-graph\">{\"@context\":\"https:\/\/schema.org\",\"@graph\":[{\"@type\":\"WebPage\",\"@id\":\"https:\/\/eirikurjonsson.is\/index.php\/2025\/03\/02\/gervigreindin-vildi-ekki-gera-mynd-af-rjomabollukappati-trumps-og-zelenskis\/\",\"url\":\"https:\/\/eirikurjonsson.is\/index.php\/2025\/03\/02\/gervigreindin-vildi-ekki-gera-mynd-af-rjomabollukappati-trumps-og-zelenskis\/\",\"name\":\"GERVIGREINDIN VILDI EKKI GERA MYND AF RJ\u00d3MABOLLUKAPP\u00c1TI TRUMPS OG ZELENSK\u00cdS &#8211; Eir\u00edkur J\u00f3nsson\",\"isPartOf\":{\"@id\":\"https:\/\/eirikurjonsson.is\/#website\"},\"datePublished\":\"2025-03-02T11:43:32+00:00\",\"dateModified\":\"2025-03-02T11:43:32+00:00\",\"author\":{\"@id\":\"https:\/\/eirikurjonsson.is\/#\/schema\/person\/308afa1d0e201918034e31b1da4f07a5\"},\"breadcrumb\":{\"@id\":\"https:\/\/eirikurjonsson.is\/index.php\/2025\/03\/02\/gervigreindin-vildi-ekki-gera-mynd-af-rjomabollukappati-trumps-og-zelenskis\/#breadcrumb\"},\"inLanguage\":\"is\",\"potentialAction\":[{\"@type\":\"ReadAction\",\"target\":[\"https:\/\/eirikurjonsson.is\/index.php\/2025\/03\/02\/gervigreindin-vildi-ekki-gera-mynd-af-rjomabollukappati-trumps-og-zelenskis\/\"]}]},{\"@type\":\"BreadcrumbList\",\"@id\":\"https:\/\/eirikurjonsson.is\/index.php\/2025\/03\/02\/gervigreindin-vildi-ekki-gera-mynd-af-rjomabollukappati-trumps-og-zelenskis\/#breadcrumb\",\"itemListElement\":[{\"@type\":\"ListItem\",\"position\":1,\"name\":\"Home\",\"item\":\"https:\/\/eirikurjonsson.is\/\"},{\"@type\":\"ListItem\",\"position\":2,\"name\":\"GERVIGREINDIN VILDI EKKI GERA MYND AF RJ\u00d3MABOLLUKAPP\u00c1TI TRUMPS OG ZELENSK\u00cdS\"}]},{\"@type\":\"WebSite\",\"@id\":\"https:\/\/eirikurjonsson.is\/#website\",\"url\":\"https:\/\/eirikurjonsson.is\/\",\"name\":\"Eir\u00edkur J\u00f3nsson\",\"description\":\"Eir\u00edkur J\u00f3nsson | EIR eirikurjonsson.is\",\"potentialAction\":[{\"@type\":\"SearchAction\",\"target\":{\"@type\":\"EntryPoint\",\"urlTemplate\":\"https:\/\/eirikurjonsson.is\/?s={search_term_string}\"},\"query-input\":\"required name=search_term_string\"}],\"inLanguage\":\"is\"},{\"@type\":\"Person\",\"@id\":\"https:\/\/eirikurjonsson.is\/#\/schema\/person\/308afa1d0e201918034e31b1da4f07a5\",\"name\":\"eir\",\"image\":{\"@type\":\"ImageObject\",\"inLanguage\":\"is\",\"@id\":\"https:\/\/eirikurjonsson.is\/#\/schema\/person\/image\/\",\"url\":\"https:\/\/secure.gravatar.com\/avatar\/b6748316a4400053a1fa9f4694b38d294dc5da6f4bacc727742bd8f3e689f87c?s=96&d=mm&r=g\",\"contentUrl\":\"https:\/\/secure.gravatar.com\/avatar\/b6748316a4400053a1fa9f4694b38d294dc5da6f4bacc727742bd8f3e689f87c?s=96&d=mm&r=g\",\"caption\":\"eir\"},\"url\":\"https:\/\/eirikurjonsson.is\/index.php\/author\/eir\/\"}]}<\/script>\n<!-- \/ Yoast SEO plugin. -->","yoast_head_json":{"title":"GERVIGREINDIN VILDI EKKI GERA MYND AF RJ\u00d3MABOLLUKAPP\u00c1TI TRUMPS OG ZELENSK\u00cdS &#8211; Eir\u00edkur J\u00f3nsson","robots":{"index":"index","follow":"follow","max-snippet":"max-snippet:-1","max-image-preview":"max-image-preview:large","max-video-preview":"max-video-preview:-1"},"canonical":"https:\/\/eirikurjonsson.is\/index.php\/2025\/03\/02\/gervigreindin-vildi-ekki-gera-mynd-af-rjomabollukappati-trumps-og-zelenskis\/","og_locale":"is_IS","og_type":"article","og_title":"GERVIGREINDIN VILDI EKKI GERA MYND AF RJ\u00d3MABOLLUKAPP\u00c1TI TRUMPS OG ZELENSK\u00cdS &#8211; Eir\u00edkur J\u00f3nsson","og_description":"Gervigreindin uppfyllir ekki \u00f3skir allra H\u00fan setur s\u00e9r si\u00f0fer\u00f0ism\u00f6rk. \u00cdslenskur notandi ba\u00f0 hana um a\u00f0 b\u00faa til mynd af rj\u00f3mabollukapp\u00e1ti Trumps og Zelensk\u00eds \u00ed Hv\u00edta h\u00fasinu eftir a\u00f0 hafa fylgst me\u00f0 deilum \u00feeirra \u00fear \u00ed beinni \u00fatsendingu &#8211; og svona gekk a\u00f0 fyrir sig: Spyrjandi:\u00a0Getur\u00f0u gert fyrir mig mynd af Trump og Zelensky bor\u00f0a rj\u00f3mabollu? [&hellip;]","og_url":"https:\/\/eirikurjonsson.is\/index.php\/2025\/03\/02\/gervigreindin-vildi-ekki-gera-mynd-af-rjomabollukappati-trumps-og-zelenskis\/","og_site_name":"Eir\u00edkur J\u00f3nsson","article_published_time":"2025-03-02T11:43:32+00:00","og_image":[{"width":1024,"height":1024,"url":"https:\/\/eirikurjonsson.is\/wp-content\/uploads\/2025\/03\/rjomabollur-althingi.webp","type":"image\/webp"}],"author":"eir","twitter_card":"summary_large_image","twitter_misc":{"Written by":"eir","Est. reading time":"2 minutes"},"schema":{"@context":"https:\/\/schema.org","@graph":[{"@type":"WebPage","@id":"https:\/\/eirikurjonsson.is\/index.php\/2025\/03\/02\/gervigreindin-vildi-ekki-gera-mynd-af-rjomabollukappati-trumps-og-zelenskis\/","url":"https:\/\/eirikurjonsson.is\/index.php\/2025\/03\/02\/gervigreindin-vildi-ekki-gera-mynd-af-rjomabollukappati-trumps-og-zelenskis\/","name":"GERVIGREINDIN VILDI EKKI GERA MYND AF RJ\u00d3MABOLLUKAPP\u00c1TI TRUMPS OG ZELENSK\u00cdS &#8211; Eir\u00edkur J\u00f3nsson","isPartOf":{"@id":"https:\/\/eirikurjonsson.is\/#website"},"datePublished":"2025-03-02T11:43:32+00:00","dateModified":"2025-03-02T11:43:32+00:00","author":{"@id":"https:\/\/eirikurjonsson.is\/#\/schema\/person\/308afa1d0e201918034e31b1da4f07a5"},"breadcrumb":{"@id":"https:\/\/eirikurjonsson.is\/index.php\/2025\/03\/02\/gervigreindin-vildi-ekki-gera-mynd-af-rjomabollukappati-trumps-og-zelenskis\/#breadcrumb"},"inLanguage":"is","potentialAction":[{"@type":"ReadAction","target":["https:\/\/eirikurjonsson.is\/index.php\/2025\/03\/02\/gervigreindin-vildi-ekki-gera-mynd-af-rjomabollukappati-trumps-og-zelenskis\/"]}]},{"@type":"BreadcrumbList","@id":"https:\/\/eirikurjonsson.is\/index.php\/2025\/03\/02\/gervigreindin-vildi-ekki-gera-mynd-af-rjomabollukappati-trumps-og-zelenskis\/#breadcrumb","itemListElement":[{"@type":"ListItem","position":1,"name":"Home","item":"https:\/\/eirikurjonsson.is\/"},{"@type":"ListItem","position":2,"name":"GERVIGREINDIN VILDI EKKI GERA MYND AF RJ\u00d3MABOLLUKAPP\u00c1TI TRUMPS OG ZELENSK\u00cdS"}]},{"@type":"WebSite","@id":"https:\/\/eirikurjonsson.is\/#website","url":"https:\/\/eirikurjonsson.is\/","name":"Eir\u00edkur J\u00f3nsson","description":"Eir\u00edkur J\u00f3nsson | EIR eirikurjonsson.is","potentialAction":[{"@type":"SearchAction","target":{"@type":"EntryPoint","urlTemplate":"https:\/\/eirikurjonsson.is\/?s={search_term_string}"},"query-input":"required name=search_term_string"}],"inLanguage":"is"},{"@type":"Person","@id":"https:\/\/eirikurjonsson.is\/#\/schema\/person\/308afa1d0e201918034e31b1da4f07a5","name":"eir","image":{"@type":"ImageObject","inLanguage":"is","@id":"https:\/\/eirikurjonsson.is\/#\/schema\/person\/image\/","url":"https:\/\/secure.gravatar.com\/avatar\/b6748316a4400053a1fa9f4694b38d294dc5da6f4bacc727742bd8f3e689f87c?s=96&d=mm&r=g","contentUrl":"https:\/\/secure.gravatar.com\/avatar\/b6748316a4400053a1fa9f4694b38d294dc5da6f4bacc727742bd8f3e689f87c?s=96&d=mm&r=g","caption":"eir"},"url":"https:\/\/eirikurjonsson.is\/index.php\/author\/eir\/"}]}},"_links":{"self":[{"href":"https:\/\/eirikurjonsson.is\/index.php\/wp-json\/wp\/v2\/posts\/5792","targetHints":{"allow":["GET"]}}],"collection":[{"href":"https:\/\/eirikurjonsson.is\/index.php\/wp-json\/wp\/v2\/posts"}],"about":[{"href":"https:\/\/eirikurjonsson.is\/index.php\/wp-json\/wp\/v2\/types\/post"}],"author":[{"embeddable":true,"href":"https:\/\/eirikurjonsson.is\/index.php\/wp-json\/wp\/v2\/users\/2"}],"replies":[{"embeddable":true,"href":"https:\/\/eirikurjonsson.is\/index.php\/wp-json\/wp\/v2\/comments?post=5792"}],"version-history":[{"count":1,"href":"https:\/\/eirikurjonsson.is\/index.php\/wp-json\/wp\/v2\/posts\/5792\/revisions"}],"predecessor-version":[{"id":5794,"href":"https:\/\/eirikurjonsson.is\/index.php\/wp-json\/wp\/v2\/posts\/5792\/revisions\/5794"}],"wp:featuredmedia":[{"embeddable":true,"href":"https:\/\/eirikurjonsson.is\/index.php\/wp-json\/wp\/v2\/media\/5793"}],"wp:attachment":[{"href":"https:\/\/eirikurjonsson.is\/index.php\/wp-json\/wp\/v2\/media?parent=5792"}],"wp:term":[{"taxonomy":"category","embeddable":true,"href":"https:\/\/eirikurjonsson.is\/index.php\/wp-json\/wp\/v2\/categories?post=5792"},{"taxonomy":"post_tag","embeddable":true,"href":"https:\/\/eirikurjonsson.is\/index.php\/wp-json\/wp\/v2\/tags?post=5792"}],"curies":[{"name":"wp","href":"https:\/\/api.w.org\/{rel}","templated":true}]}}