{"id":574,"date":"2024-02-04T22:09:08","date_gmt":"2024-02-04T22:09:08","guid":{"rendered":"https:\/\/eirikurjonsson.is\/?p=574"},"modified":"2024-02-08T10:58:35","modified_gmt":"2024-02-08T10:58:35","slug":"karlakorar-sameinast-i-jotunmod-mun-thakid-halda","status":"publish","type":"post","link":"https:\/\/eirikurjonsson.is\/index.php\/2024\/02\/04\/karlakorar-sameinast-i-jotunmod-mun-thakid-halda\/","title":{"rendered":"KARLAK\u00d3RAR SAMEINAST \u00cd J\u00d6TUNM\u00d3\u00d0 &#8211; MUN \u00deAKI\u00d0 HALDA?"},"content":{"rendered":"<p>Karlak\u00f3rar Hreppamanna og K\u00f3pavogs renna saman \u00ed eitt \u00e1 sameiginlegum t\u00f3nleikum \u00ed Digraneskirkju \u00e1 morgun, 3. febr\u00faar.<\/p>\n<p>Um 100 karlar munu kve\u00f0a kulda &#8211; og hitalj\u00f3\u00f0 \u00ed miklum j\u00f6tunm\u00f3\u00f0. Mun \u00feaki\u00f0 halda? \u00deorir \u00fe\u00fa a\u00f0 m\u00e6ta?<\/p>\n<p>Fr\u00edtt inn.<\/p>\n<figure id=\"attachment_576\" aria-describedby=\"caption-attachment-576\" style=\"width: 960px\" class=\"wp-caption alignnone\"><img loading=\"lazy\" decoding=\"async\" class=\"wp-image-576 size-full\" src=\"https:\/\/eirikurjonsson.is\/wp-content\/uploads\/2024\/02\/karlakor_kopavogs.jpg\" alt=\"\" width=\"960\" height=\"639\" srcset=\"https:\/\/eirikurjonsson.is\/wp-content\/uploads\/2024\/02\/karlakor_kopavogs.jpg 960w, https:\/\/eirikurjonsson.is\/wp-content\/uploads\/2024\/02\/karlakor_kopavogs-300x200.jpg 300w, https:\/\/eirikurjonsson.is\/wp-content\/uploads\/2024\/02\/karlakor_kopavogs-768x511.jpg 768w, https:\/\/eirikurjonsson.is\/wp-content\/uploads\/2024\/02\/karlakor_kopavogs-696x463.jpg 696w\" sizes=\"auto, (max-width: 960px) 100vw, 960px\" \/><figcaption id=\"caption-attachment-576\" class=\"wp-caption-text\">Karlak\u00f3rs K\u00f3pavogs<\/figcaption><\/figure>\n","protected":false},"excerpt":{"rendered":"<p>Karlak\u00f3rar Hreppamanna og K\u00f3pavogs renna saman \u00ed eitt \u00e1 sameiginlegum t\u00f3nleikum \u00ed Digraneskirkju \u00e1 morgun, 3. febr\u00faar. Um 100 karlar munu kve\u00f0a kulda &#8211; og hitalj\u00f3\u00f0 \u00ed miklum j\u00f6tunm\u00f3\u00f0. Mun \u00feaki\u00f0 halda? \u00deorir \u00fe\u00fa a\u00f0 m\u00e6ta? Fr\u00edtt inn.<\/p>\n","protected":false},"author":1,"featured_media":575,"comment_status":"open","ping_status":"open","sticky":false,"template":"","format":"standard","meta":{"_monsterinsights_skip_tracking":false,"_monsterinsights_sitenote_active":false,"_monsterinsights_sitenote_note":"","_monsterinsights_sitenote_category":0,"footnotes":""},"categories":[31],"tags":[],"class_list":{"0":"post-574","1":"post","2":"type-post","3":"status-publish","4":"format-standard","5":"has-post-thumbnail","7":"category-greinar"},"yoast_head":"<!-- This site is optimized with the Yoast SEO plugin v22.0 - https:\/\/yoast.com\/wordpress\/plugins\/seo\/ -->\n<title>KARLAK\u00d3RAR SAMEINAST \u00cd J\u00d6TUNM\u00d3\u00d0 - MUN \u00deAKI\u00d0 HALDA? &#8211; Eir\u00edkur J\u00f3nsson<\/title>\n<meta name=\"robots\" content=\"index, follow, max-snippet:-1, max-image-preview:large, max-video-preview:-1\" \/>\n<link rel=\"canonical\" href=\"https:\/\/eirikurjonsson.is\/index.php\/2024\/02\/04\/karlakorar-sameinast-i-jotunmod-mun-thakid-halda\/\" \/>\n<meta property=\"og:locale\" content=\"is_IS\" \/>\n<meta property=\"og:type\" content=\"article\" \/>\n<meta property=\"og:title\" content=\"KARLAK\u00d3RAR SAMEINAST \u00cd J\u00d6TUNM\u00d3\u00d0 - MUN \u00deAKI\u00d0 HALDA? &#8211; Eir\u00edkur J\u00f3nsson\" \/>\n<meta property=\"og:description\" content=\"Karlak\u00f3rar Hreppamanna og K\u00f3pavogs renna saman \u00ed eitt \u00e1 sameiginlegum t\u00f3nleikum \u00ed Digraneskirkju \u00e1 morgun, 3. febr\u00faar. Um 100 karlar munu kve\u00f0a kulda &#8211; og hitalj\u00f3\u00f0 \u00ed miklum j\u00f6tunm\u00f3\u00f0. Mun \u00feaki\u00f0 halda? \u00deorir \u00fe\u00fa a\u00f0 m\u00e6ta? Fr\u00edtt inn.\" \/>\n<meta property=\"og:url\" content=\"https:\/\/eirikurjonsson.is\/index.php\/2024\/02\/04\/karlakorar-sameinast-i-jotunmod-mun-thakid-halda\/\" \/>\n<meta property=\"og:site_name\" content=\"Eir\u00edkur J\u00f3nsson\" \/>\n<meta property=\"article:published_time\" content=\"2024-02-04T22:09:08+00:00\" \/>\n<meta property=\"article:modified_time\" content=\"2024-02-08T10:58:35+00:00\" \/>\n<meta property=\"og:image\" content=\"https:\/\/eirikurjonsson.is\/wp-content\/uploads\/2024\/02\/hreppaamenn-e1706877831658.jpg\" \/>\n\t<meta property=\"og:image:width\" content=\"1200\" \/>\n\t<meta property=\"og:image:height\" content=\"800\" \/>\n\t<meta property=\"og:image:type\" content=\"image\/jpeg\" \/>\n<meta name=\"author\" content=\"stjori\" \/>\n<meta name=\"twitter:card\" content=\"summary_large_image\" \/>\n<meta name=\"twitter:label1\" content=\"Written by\" \/>\n\t<meta name=\"twitter:data1\" content=\"stjori\" \/>\n<script type=\"application\/ld+json\" class=\"yoast-schema-graph\">{\"@context\":\"https:\/\/schema.org\",\"@graph\":[{\"@type\":\"WebPage\",\"@id\":\"https:\/\/eirikurjonsson.is\/index.php\/2024\/02\/04\/karlakorar-sameinast-i-jotunmod-mun-thakid-halda\/\",\"url\":\"https:\/\/eirikurjonsson.is\/index.php\/2024\/02\/04\/karlakorar-sameinast-i-jotunmod-mun-thakid-halda\/\",\"name\":\"KARLAK\u00d3RAR SAMEINAST \u00cd J\u00d6TUNM\u00d3\u00d0 - MUN \u00deAKI\u00d0 HALDA? &#8211; Eir\u00edkur J\u00f3nsson\",\"isPartOf\":{\"@id\":\"https:\/\/eirikurjonsson.is\/#website\"},\"datePublished\":\"2024-02-04T22:09:08+00:00\",\"dateModified\":\"2024-02-08T10:58:35+00:00\",\"author\":{\"@id\":\"https:\/\/eirikurjonsson.is\/#\/schema\/person\/36357868956acbe1cb9bd2bb9e8a2842\"},\"breadcrumb\":{\"@id\":\"https:\/\/eirikurjonsson.is\/index.php\/2024\/02\/04\/karlakorar-sameinast-i-jotunmod-mun-thakid-halda\/#breadcrumb\"},\"inLanguage\":\"is\",\"potentialAction\":[{\"@type\":\"ReadAction\",\"target\":[\"https:\/\/eirikurjonsson.is\/index.php\/2024\/02\/04\/karlakorar-sameinast-i-jotunmod-mun-thakid-halda\/\"]}]},{\"@type\":\"BreadcrumbList\",\"@id\":\"https:\/\/eirikurjonsson.is\/index.php\/2024\/02\/04\/karlakorar-sameinast-i-jotunmod-mun-thakid-halda\/#breadcrumb\",\"itemListElement\":[{\"@type\":\"ListItem\",\"position\":1,\"name\":\"Home\",\"item\":\"https:\/\/eirikurjonsson.is\/\"},{\"@type\":\"ListItem\",\"position\":2,\"name\":\"KARLAK\u00d3RAR SAMEINAST \u00cd J\u00d6TUNM\u00d3\u00d0 &#8211; MUN \u00deAKI\u00d0 HALDA?\"}]},{\"@type\":\"WebSite\",\"@id\":\"https:\/\/eirikurjonsson.is\/#website\",\"url\":\"https:\/\/eirikurjonsson.is\/\",\"name\":\"Eir\u00edkur J\u00f3nsson\",\"description\":\"Eir\u00edkur J\u00f3nsson | EIR eirikurjonsson.is\",\"potentialAction\":[{\"@type\":\"SearchAction\",\"target\":{\"@type\":\"EntryPoint\",\"urlTemplate\":\"https:\/\/eirikurjonsson.is\/?s={search_term_string}\"},\"query-input\":\"required name=search_term_string\"}],\"inLanguage\":\"is\"},{\"@type\":\"Person\",\"@id\":\"https:\/\/eirikurjonsson.is\/#\/schema\/person\/36357868956acbe1cb9bd2bb9e8a2842\",\"name\":\"stjori\",\"image\":{\"@type\":\"ImageObject\",\"inLanguage\":\"is\",\"@id\":\"https:\/\/eirikurjonsson.is\/#\/schema\/person\/image\/\",\"url\":\"https:\/\/secure.gravatar.com\/avatar\/3ffddeb80b37eb697cfdd3d3f197cc33e270033ea29f9f5328322a184cb48c4a?s=96&d=mm&r=g\",\"contentUrl\":\"https:\/\/secure.gravatar.com\/avatar\/3ffddeb80b37eb697cfdd3d3f197cc33e270033ea29f9f5328322a184cb48c4a?s=96&d=mm&r=g\",\"caption\":\"stjori\"},\"sameAs\":[\"https:\/\/eirikurjonsson.is\"],\"url\":\"https:\/\/eirikurjonsson.is\/index.php\/author\/stjori\/\"}]}<\/script>\n<!-- \/ Yoast SEO plugin. -->","yoast_head_json":{"title":"KARLAK\u00d3RAR SAMEINAST \u00cd J\u00d6TUNM\u00d3\u00d0 - MUN \u00deAKI\u00d0 HALDA? &#8211; Eir\u00edkur J\u00f3nsson","robots":{"index":"index","follow":"follow","max-snippet":"max-snippet:-1","max-image-preview":"max-image-preview:large","max-video-preview":"max-video-preview:-1"},"canonical":"https:\/\/eirikurjonsson.is\/index.php\/2024\/02\/04\/karlakorar-sameinast-i-jotunmod-mun-thakid-halda\/","og_locale":"is_IS","og_type":"article","og_title":"KARLAK\u00d3RAR SAMEINAST \u00cd J\u00d6TUNM\u00d3\u00d0 - MUN \u00deAKI\u00d0 HALDA? &#8211; Eir\u00edkur J\u00f3nsson","og_description":"Karlak\u00f3rar Hreppamanna og K\u00f3pavogs renna saman \u00ed eitt \u00e1 sameiginlegum t\u00f3nleikum \u00ed Digraneskirkju \u00e1 morgun, 3. febr\u00faar. Um 100 karlar munu kve\u00f0a kulda &#8211; og hitalj\u00f3\u00f0 \u00ed miklum j\u00f6tunm\u00f3\u00f0. Mun \u00feaki\u00f0 halda? \u00deorir \u00fe\u00fa a\u00f0 m\u00e6ta? Fr\u00edtt inn.","og_url":"https:\/\/eirikurjonsson.is\/index.php\/2024\/02\/04\/karlakorar-sameinast-i-jotunmod-mun-thakid-halda\/","og_site_name":"Eir\u00edkur J\u00f3nsson","article_published_time":"2024-02-04T22:09:08+00:00","article_modified_time":"2024-02-08T10:58:35+00:00","og_image":[{"width":1200,"height":800,"url":"https:\/\/eirikurjonsson.is\/wp-content\/uploads\/2024\/02\/hreppaamenn-e1706877831658.jpg","type":"image\/jpeg"}],"author":"stjori","twitter_card":"summary_large_image","twitter_misc":{"Written by":"stjori"},"schema":{"@context":"https:\/\/schema.org","@graph":[{"@type":"WebPage","@id":"https:\/\/eirikurjonsson.is\/index.php\/2024\/02\/04\/karlakorar-sameinast-i-jotunmod-mun-thakid-halda\/","url":"https:\/\/eirikurjonsson.is\/index.php\/2024\/02\/04\/karlakorar-sameinast-i-jotunmod-mun-thakid-halda\/","name":"KARLAK\u00d3RAR SAMEINAST \u00cd J\u00d6TUNM\u00d3\u00d0 - MUN \u00deAKI\u00d0 HALDA? &#8211; Eir\u00edkur J\u00f3nsson","isPartOf":{"@id":"https:\/\/eirikurjonsson.is\/#website"},"datePublished":"2024-02-04T22:09:08+00:00","dateModified":"2024-02-08T10:58:35+00:00","author":{"@id":"https:\/\/eirikurjonsson.is\/#\/schema\/person\/36357868956acbe1cb9bd2bb9e8a2842"},"breadcrumb":{"@id":"https:\/\/eirikurjonsson.is\/index.php\/2024\/02\/04\/karlakorar-sameinast-i-jotunmod-mun-thakid-halda\/#breadcrumb"},"inLanguage":"is","potentialAction":[{"@type":"ReadAction","target":["https:\/\/eirikurjonsson.is\/index.php\/2024\/02\/04\/karlakorar-sameinast-i-jotunmod-mun-thakid-halda\/"]}]},{"@type":"BreadcrumbList","@id":"https:\/\/eirikurjonsson.is\/index.php\/2024\/02\/04\/karlakorar-sameinast-i-jotunmod-mun-thakid-halda\/#breadcrumb","itemListElement":[{"@type":"ListItem","position":1,"name":"Home","item":"https:\/\/eirikurjonsson.is\/"},{"@type":"ListItem","position":2,"name":"KARLAK\u00d3RAR SAMEINAST \u00cd J\u00d6TUNM\u00d3\u00d0 &#8211; MUN \u00deAKI\u00d0 HALDA?"}]},{"@type":"WebSite","@id":"https:\/\/eirikurjonsson.is\/#website","url":"https:\/\/eirikurjonsson.is\/","name":"Eir\u00edkur J\u00f3nsson","description":"Eir\u00edkur J\u00f3nsson | EIR eirikurjonsson.is","potentialAction":[{"@type":"SearchAction","target":{"@type":"EntryPoint","urlTemplate":"https:\/\/eirikurjonsson.is\/?s={search_term_string}"},"query-input":"required name=search_term_string"}],"inLanguage":"is"},{"@type":"Person","@id":"https:\/\/eirikurjonsson.is\/#\/schema\/person\/36357868956acbe1cb9bd2bb9e8a2842","name":"stjori","image":{"@type":"ImageObject","inLanguage":"is","@id":"https:\/\/eirikurjonsson.is\/#\/schema\/person\/image\/","url":"https:\/\/secure.gravatar.com\/avatar\/3ffddeb80b37eb697cfdd3d3f197cc33e270033ea29f9f5328322a184cb48c4a?s=96&d=mm&r=g","contentUrl":"https:\/\/secure.gravatar.com\/avatar\/3ffddeb80b37eb697cfdd3d3f197cc33e270033ea29f9f5328322a184cb48c4a?s=96&d=mm&r=g","caption":"stjori"},"sameAs":["https:\/\/eirikurjonsson.is"],"url":"https:\/\/eirikurjonsson.is\/index.php\/author\/stjori\/"}]}},"_links":{"self":[{"href":"https:\/\/eirikurjonsson.is\/index.php\/wp-json\/wp\/v2\/posts\/574","targetHints":{"allow":["GET"]}}],"collection":[{"href":"https:\/\/eirikurjonsson.is\/index.php\/wp-json\/wp\/v2\/posts"}],"about":[{"href":"https:\/\/eirikurjonsson.is\/index.php\/wp-json\/wp\/v2\/types\/post"}],"author":[{"embeddable":true,"href":"https:\/\/eirikurjonsson.is\/index.php\/wp-json\/wp\/v2\/users\/1"}],"replies":[{"embeddable":true,"href":"https:\/\/eirikurjonsson.is\/index.php\/wp-json\/wp\/v2\/comments?post=574"}],"version-history":[{"count":1,"href":"https:\/\/eirikurjonsson.is\/index.php\/wp-json\/wp\/v2\/posts\/574\/revisions"}],"predecessor-version":[{"id":577,"href":"https:\/\/eirikurjonsson.is\/index.php\/wp-json\/wp\/v2\/posts\/574\/revisions\/577"}],"wp:featuredmedia":[{"embeddable":true,"href":"https:\/\/eirikurjonsson.is\/index.php\/wp-json\/wp\/v2\/media\/575"}],"wp:attachment":[{"href":"https:\/\/eirikurjonsson.is\/index.php\/wp-json\/wp\/v2\/media?parent=574"}],"wp:term":[{"taxonomy":"category","embeddable":true,"href":"https:\/\/eirikurjonsson.is\/index.php\/wp-json\/wp\/v2\/categories?post=574"},{"taxonomy":"post_tag","embeddable":true,"href":"https:\/\/eirikurjonsson.is\/index.php\/wp-json\/wp\/v2\/tags?post=574"}],"curies":[{"name":"wp","href":"https:\/\/api.w.org\/{rel}","templated":true}]}}