{"id":5664,"date":"2025-02-24T13:33:18","date_gmt":"2025-02-24T13:33:18","guid":{"rendered":"https:\/\/eirikurjonsson.is\/?p=5664"},"modified":"2025-02-24T13:34:53","modified_gmt":"2025-02-24T13:34:53","slug":"gullmoli-a-grettisgotu-til-leigu","status":"publish","type":"post","link":"https:\/\/eirikurjonsson.is\/index.php\/2025\/02\/24\/gullmoli-a-grettisgotu-til-leigu\/","title":{"rendered":"GULLMOLI \u00c1 GRETTISG\u00d6TU TIL LEIGU"},"content":{"rendered":"<p>H\u00fasn\u00e6\u00f0i\u00f0 sem h\u00fdsti s\u00ed\u00f0asta sk\u00f3smi\u00f0inn \u00ed mi\u00f0b\u00e6 Reykjav\u00edkur \u00e1 Grettisg\u00f6tu 3 er n\u00fa til leigu. \u00dear var \u00der\u00e1inn sk\u00f3smi\u00f0ur eitt sinn, svo t\u00f3k Dan\u00edel sk\u00f3smi\u00f0ur vi\u00f0 en hann gafst upp og \u00fe\u00e1\u00f0i starf hj\u00e1 sto\u00f0t\u00e6kjafyrirt\u00e6kinu \u00d6ssur vi\u00f0 sm\u00ed\u00f0i \u00e1 gervisk\u00f3m &#8211; <a href=\"https:\/\/eirikurjonsson.is\/index.php\/2025\/01\/20\/sidasti-skosmidurinn-i-midbaenum-lokar\/\">sj\u00e1 h\u00e9r.<\/a><\/p>\n<p>N\u00fa hefur athafnama\u00f0urinn Einar \u00c1sgeirsson keypt h\u00fasn\u00e6\u00f0i\u00f0 og b\u00fd\u00f0ur til leigu \u00e1 \u00feessum eftirs\u00f3tta sta\u00f0. Einar var lengst af kenndur vi\u00f0 veitingasta\u00f0inn Hr\u00f3a H\u00f6tt sem hann stofna\u00f0i og rak lengi. N\u00fa rekur hann hinsvegar gl\u00e6silega fer\u00f0a\u00fej\u00f3nustu, <a href=\"https:\/\/blackbeachsuites.is\/\">Black Beach Suites<\/a>, me\u00f0 fj\u00f6lda l\u00faxusherbergja r\u00e9tt ofan vi\u00f0 Reynisfj\u00f6ru sem er einn vins\u00e6lasti fer\u00f0amannasta\u00f0ur landsins. Og a\u00f0ra eins gistia\u00f0st\u00f6\u00f0u \u00e1 Sn\u00e6fellssnesi. Svo ekki s\u00e9 minnst \u00e1 Pylsuvagninn \u00ed Laugardal sem hann er einnig me\u00f0 \u00e1 s\u00ednu sn\u00e6ri.<\/p>\n<p>Tilbo\u00f0 \u00f3skast &#8211; uppl\u00fdsingar \u00ed glugga \u00e1 sta\u00f0num.<\/p>\n","protected":false},"excerpt":{"rendered":"<p>H\u00fasn\u00e6\u00f0i\u00f0 sem h\u00fdsti s\u00ed\u00f0asta sk\u00f3smi\u00f0inn \u00ed mi\u00f0b\u00e6 Reykjav\u00edkur \u00e1 Grettisg\u00f6tu 3 er n\u00fa til leigu. \u00dear var \u00der\u00e1inn sk\u00f3smi\u00f0ur eitt sinn, svo t\u00f3k Dan\u00edel sk\u00f3smi\u00f0ur vi\u00f0 en hann gafst upp og \u00fe\u00e1\u00f0i starf hj\u00e1 sto\u00f0t\u00e6kjafyrirt\u00e6kinu \u00d6ssur vi\u00f0 sm\u00ed\u00f0i \u00e1 gervisk\u00f3m &#8211; sj\u00e1 h\u00e9r. N\u00fa hefur athafnama\u00f0urinn Einar \u00c1sgeirsson keypt h\u00fasn\u00e6\u00f0i\u00f0 og b\u00fd\u00f0ur til leigu \u00e1 [&hellip;]<\/p>\n","protected":false},"author":2,"featured_media":5665,"comment_status":"open","ping_status":"open","sticky":false,"template":"","format":"standard","meta":{"_monsterinsights_skip_tracking":false,"_monsterinsights_sitenote_active":false,"_monsterinsights_sitenote_note":"","_monsterinsights_sitenote_category":0,"footnotes":""},"categories":[31],"tags":[],"class_list":{"0":"post-5664","1":"post","2":"type-post","3":"status-publish","4":"format-standard","5":"has-post-thumbnail","7":"category-greinar"},"yoast_head":"<!-- This site is optimized with the Yoast SEO plugin v22.0 - https:\/\/yoast.com\/wordpress\/plugins\/seo\/ -->\n<title>GULLMOLI \u00c1 GRETTISG\u00d6TU TIL LEIGU &#8211; Eir\u00edkur J\u00f3nsson<\/title>\n<meta name=\"robots\" content=\"index, follow, max-snippet:-1, max-image-preview:large, max-video-preview:-1\" \/>\n<link rel=\"canonical\" href=\"https:\/\/eirikurjonsson.is\/index.php\/2025\/02\/24\/gullmoli-a-grettisgotu-til-leigu\/\" \/>\n<meta property=\"og:locale\" content=\"is_IS\" \/>\n<meta property=\"og:type\" content=\"article\" \/>\n<meta property=\"og:title\" content=\"GULLMOLI \u00c1 GRETTISG\u00d6TU TIL LEIGU &#8211; Eir\u00edkur J\u00f3nsson\" \/>\n<meta property=\"og:description\" content=\"H\u00fasn\u00e6\u00f0i\u00f0 sem h\u00fdsti s\u00ed\u00f0asta sk\u00f3smi\u00f0inn \u00ed mi\u00f0b\u00e6 Reykjav\u00edkur \u00e1 Grettisg\u00f6tu 3 er n\u00fa til leigu. \u00dear var \u00der\u00e1inn sk\u00f3smi\u00f0ur eitt sinn, svo t\u00f3k Dan\u00edel sk\u00f3smi\u00f0ur vi\u00f0 en hann gafst upp og \u00fe\u00e1\u00f0i starf hj\u00e1 sto\u00f0t\u00e6kjafyrirt\u00e6kinu \u00d6ssur vi\u00f0 sm\u00ed\u00f0i \u00e1 gervisk\u00f3m &#8211; sj\u00e1 h\u00e9r. N\u00fa hefur athafnama\u00f0urinn Einar \u00c1sgeirsson keypt h\u00fasn\u00e6\u00f0i\u00f0 og b\u00fd\u00f0ur til leigu \u00e1 [&hellip;]\" \/>\n<meta property=\"og:url\" content=\"https:\/\/eirikurjonsson.is\/index.php\/2025\/02\/24\/gullmoli-a-grettisgotu-til-leigu\/\" \/>\n<meta property=\"og:site_name\" content=\"Eir\u00edkur J\u00f3nsson\" \/>\n<meta property=\"article:published_time\" content=\"2025-02-24T13:33:18+00:00\" \/>\n<meta property=\"article:modified_time\" content=\"2025-02-24T13:34:53+00:00\" \/>\n<meta property=\"og:image\" content=\"https:\/\/eirikurjonsson.is\/wp-content\/uploads\/2025\/02\/GULLMOLI.jpg\" \/>\n\t<meta property=\"og:image:width\" content=\"506\" \/>\n\t<meta property=\"og:image:height\" content=\"328\" \/>\n\t<meta property=\"og:image:type\" content=\"image\/jpeg\" \/>\n<meta name=\"author\" content=\"eir\" \/>\n<meta name=\"twitter:card\" content=\"summary_large_image\" \/>\n<meta name=\"twitter:label1\" content=\"Written by\" \/>\n\t<meta name=\"twitter:data1\" content=\"eir\" \/>\n\t<meta name=\"twitter:label2\" content=\"Est. reading time\" \/>\n\t<meta name=\"twitter:data2\" content=\"1 minute\" \/>\n<script type=\"application\/ld+json\" class=\"yoast-schema-graph\">{\"@context\":\"https:\/\/schema.org\",\"@graph\":[{\"@type\":\"WebPage\",\"@id\":\"https:\/\/eirikurjonsson.is\/index.php\/2025\/02\/24\/gullmoli-a-grettisgotu-til-leigu\/\",\"url\":\"https:\/\/eirikurjonsson.is\/index.php\/2025\/02\/24\/gullmoli-a-grettisgotu-til-leigu\/\",\"name\":\"GULLMOLI \u00c1 GRETTISG\u00d6TU TIL LEIGU &#8211; Eir\u00edkur J\u00f3nsson\",\"isPartOf\":{\"@id\":\"https:\/\/eirikurjonsson.is\/#website\"},\"datePublished\":\"2025-02-24T13:33:18+00:00\",\"dateModified\":\"2025-02-24T13:34:53+00:00\",\"author\":{\"@id\":\"https:\/\/eirikurjonsson.is\/#\/schema\/person\/308afa1d0e201918034e31b1da4f07a5\"},\"breadcrumb\":{\"@id\":\"https:\/\/eirikurjonsson.is\/index.php\/2025\/02\/24\/gullmoli-a-grettisgotu-til-leigu\/#breadcrumb\"},\"inLanguage\":\"is\",\"potentialAction\":[{\"@type\":\"ReadAction\",\"target\":[\"https:\/\/eirikurjonsson.is\/index.php\/2025\/02\/24\/gullmoli-a-grettisgotu-til-leigu\/\"]}]},{\"@type\":\"BreadcrumbList\",\"@id\":\"https:\/\/eirikurjonsson.is\/index.php\/2025\/02\/24\/gullmoli-a-grettisgotu-til-leigu\/#breadcrumb\",\"itemListElement\":[{\"@type\":\"ListItem\",\"position\":1,\"name\":\"Home\",\"item\":\"https:\/\/eirikurjonsson.is\/\"},{\"@type\":\"ListItem\",\"position\":2,\"name\":\"GULLMOLI \u00c1 GRETTISG\u00d6TU TIL LEIGU\"}]},{\"@type\":\"WebSite\",\"@id\":\"https:\/\/eirikurjonsson.is\/#website\",\"url\":\"https:\/\/eirikurjonsson.is\/\",\"name\":\"Eir\u00edkur J\u00f3nsson\",\"description\":\"Eir\u00edkur J\u00f3nsson | EIR eirikurjonsson.is\",\"potentialAction\":[{\"@type\":\"SearchAction\",\"target\":{\"@type\":\"EntryPoint\",\"urlTemplate\":\"https:\/\/eirikurjonsson.is\/?s={search_term_string}\"},\"query-input\":\"required name=search_term_string\"}],\"inLanguage\":\"is\"},{\"@type\":\"Person\",\"@id\":\"https:\/\/eirikurjonsson.is\/#\/schema\/person\/308afa1d0e201918034e31b1da4f07a5\",\"name\":\"eir\",\"image\":{\"@type\":\"ImageObject\",\"inLanguage\":\"is\",\"@id\":\"https:\/\/eirikurjonsson.is\/#\/schema\/person\/image\/\",\"url\":\"https:\/\/secure.gravatar.com\/avatar\/b6748316a4400053a1fa9f4694b38d294dc5da6f4bacc727742bd8f3e689f87c?s=96&d=mm&r=g\",\"contentUrl\":\"https:\/\/secure.gravatar.com\/avatar\/b6748316a4400053a1fa9f4694b38d294dc5da6f4bacc727742bd8f3e689f87c?s=96&d=mm&r=g\",\"caption\":\"eir\"},\"url\":\"https:\/\/eirikurjonsson.is\/index.php\/author\/eir\/\"}]}<\/script>\n<!-- \/ Yoast SEO plugin. -->","yoast_head_json":{"title":"GULLMOLI \u00c1 GRETTISG\u00d6TU TIL LEIGU &#8211; Eir\u00edkur J\u00f3nsson","robots":{"index":"index","follow":"follow","max-snippet":"max-snippet:-1","max-image-preview":"max-image-preview:large","max-video-preview":"max-video-preview:-1"},"canonical":"https:\/\/eirikurjonsson.is\/index.php\/2025\/02\/24\/gullmoli-a-grettisgotu-til-leigu\/","og_locale":"is_IS","og_type":"article","og_title":"GULLMOLI \u00c1 GRETTISG\u00d6TU TIL LEIGU &#8211; Eir\u00edkur J\u00f3nsson","og_description":"H\u00fasn\u00e6\u00f0i\u00f0 sem h\u00fdsti s\u00ed\u00f0asta sk\u00f3smi\u00f0inn \u00ed mi\u00f0b\u00e6 Reykjav\u00edkur \u00e1 Grettisg\u00f6tu 3 er n\u00fa til leigu. \u00dear var \u00der\u00e1inn sk\u00f3smi\u00f0ur eitt sinn, svo t\u00f3k Dan\u00edel sk\u00f3smi\u00f0ur vi\u00f0 en hann gafst upp og \u00fe\u00e1\u00f0i starf hj\u00e1 sto\u00f0t\u00e6kjafyrirt\u00e6kinu \u00d6ssur vi\u00f0 sm\u00ed\u00f0i \u00e1 gervisk\u00f3m &#8211; sj\u00e1 h\u00e9r. N\u00fa hefur athafnama\u00f0urinn Einar \u00c1sgeirsson keypt h\u00fasn\u00e6\u00f0i\u00f0 og b\u00fd\u00f0ur til leigu \u00e1 [&hellip;]","og_url":"https:\/\/eirikurjonsson.is\/index.php\/2025\/02\/24\/gullmoli-a-grettisgotu-til-leigu\/","og_site_name":"Eir\u00edkur J\u00f3nsson","article_published_time":"2025-02-24T13:33:18+00:00","article_modified_time":"2025-02-24T13:34:53+00:00","og_image":[{"width":506,"height":328,"url":"https:\/\/eirikurjonsson.is\/wp-content\/uploads\/2025\/02\/GULLMOLI.jpg","type":"image\/jpeg"}],"author":"eir","twitter_card":"summary_large_image","twitter_misc":{"Written by":"eir","Est. reading time":"1 minute"},"schema":{"@context":"https:\/\/schema.org","@graph":[{"@type":"WebPage","@id":"https:\/\/eirikurjonsson.is\/index.php\/2025\/02\/24\/gullmoli-a-grettisgotu-til-leigu\/","url":"https:\/\/eirikurjonsson.is\/index.php\/2025\/02\/24\/gullmoli-a-grettisgotu-til-leigu\/","name":"GULLMOLI \u00c1 GRETTISG\u00d6TU TIL LEIGU &#8211; Eir\u00edkur J\u00f3nsson","isPartOf":{"@id":"https:\/\/eirikurjonsson.is\/#website"},"datePublished":"2025-02-24T13:33:18+00:00","dateModified":"2025-02-24T13:34:53+00:00","author":{"@id":"https:\/\/eirikurjonsson.is\/#\/schema\/person\/308afa1d0e201918034e31b1da4f07a5"},"breadcrumb":{"@id":"https:\/\/eirikurjonsson.is\/index.php\/2025\/02\/24\/gullmoli-a-grettisgotu-til-leigu\/#breadcrumb"},"inLanguage":"is","potentialAction":[{"@type":"ReadAction","target":["https:\/\/eirikurjonsson.is\/index.php\/2025\/02\/24\/gullmoli-a-grettisgotu-til-leigu\/"]}]},{"@type":"BreadcrumbList","@id":"https:\/\/eirikurjonsson.is\/index.php\/2025\/02\/24\/gullmoli-a-grettisgotu-til-leigu\/#breadcrumb","itemListElement":[{"@type":"ListItem","position":1,"name":"Home","item":"https:\/\/eirikurjonsson.is\/"},{"@type":"ListItem","position":2,"name":"GULLMOLI \u00c1 GRETTISG\u00d6TU TIL LEIGU"}]},{"@type":"WebSite","@id":"https:\/\/eirikurjonsson.is\/#website","url":"https:\/\/eirikurjonsson.is\/","name":"Eir\u00edkur J\u00f3nsson","description":"Eir\u00edkur J\u00f3nsson | EIR eirikurjonsson.is","potentialAction":[{"@type":"SearchAction","target":{"@type":"EntryPoint","urlTemplate":"https:\/\/eirikurjonsson.is\/?s={search_term_string}"},"query-input":"required name=search_term_string"}],"inLanguage":"is"},{"@type":"Person","@id":"https:\/\/eirikurjonsson.is\/#\/schema\/person\/308afa1d0e201918034e31b1da4f07a5","name":"eir","image":{"@type":"ImageObject","inLanguage":"is","@id":"https:\/\/eirikurjonsson.is\/#\/schema\/person\/image\/","url":"https:\/\/secure.gravatar.com\/avatar\/b6748316a4400053a1fa9f4694b38d294dc5da6f4bacc727742bd8f3e689f87c?s=96&d=mm&r=g","contentUrl":"https:\/\/secure.gravatar.com\/avatar\/b6748316a4400053a1fa9f4694b38d294dc5da6f4bacc727742bd8f3e689f87c?s=96&d=mm&r=g","caption":"eir"},"url":"https:\/\/eirikurjonsson.is\/index.php\/author\/eir\/"}]}},"_links":{"self":[{"href":"https:\/\/eirikurjonsson.is\/index.php\/wp-json\/wp\/v2\/posts\/5664","targetHints":{"allow":["GET"]}}],"collection":[{"href":"https:\/\/eirikurjonsson.is\/index.php\/wp-json\/wp\/v2\/posts"}],"about":[{"href":"https:\/\/eirikurjonsson.is\/index.php\/wp-json\/wp\/v2\/types\/post"}],"author":[{"embeddable":true,"href":"https:\/\/eirikurjonsson.is\/index.php\/wp-json\/wp\/v2\/users\/2"}],"replies":[{"embeddable":true,"href":"https:\/\/eirikurjonsson.is\/index.php\/wp-json\/wp\/v2\/comments?post=5664"}],"version-history":[{"count":1,"href":"https:\/\/eirikurjonsson.is\/index.php\/wp-json\/wp\/v2\/posts\/5664\/revisions"}],"predecessor-version":[{"id":5666,"href":"https:\/\/eirikurjonsson.is\/index.php\/wp-json\/wp\/v2\/posts\/5664\/revisions\/5666"}],"wp:featuredmedia":[{"embeddable":true,"href":"https:\/\/eirikurjonsson.is\/index.php\/wp-json\/wp\/v2\/media\/5665"}],"wp:attachment":[{"href":"https:\/\/eirikurjonsson.is\/index.php\/wp-json\/wp\/v2\/media?parent=5664"}],"wp:term":[{"taxonomy":"category","embeddable":true,"href":"https:\/\/eirikurjonsson.is\/index.php\/wp-json\/wp\/v2\/categories?post=5664"},{"taxonomy":"post_tag","embeddable":true,"href":"https:\/\/eirikurjonsson.is\/index.php\/wp-json\/wp\/v2\/tags?post=5664"}],"curies":[{"name":"wp","href":"https:\/\/api.w.org\/{rel}","templated":true}]}}