{"id":5643,"date":"2025-02-23T13:21:52","date_gmt":"2025-02-23T13:21:52","guid":{"rendered":"https:\/\/eirikurjonsson.is\/?p=5643"},"modified":"2025-02-23T13:21:52","modified_gmt":"2025-02-23T13:21:52","slug":"bjossi-fann-lifslongun-aftur-a-reykjalundi","status":"publish","type":"post","link":"https:\/\/eirikurjonsson.is\/index.php\/2025\/02\/23\/bjossi-fann-lifslongun-aftur-a-reykjalundi\/","title":{"rendered":"BJ\u00d6SSI FANN L\u00cdFSL\u00d6NGUN AFTUR \u00c1 REYKJALUNDI"},"content":{"rendered":"<p>&#8222;Miki\u00f0 er \u00feetta l\u00edf n\u00fa undarlegt. Fyrir nokkrum m\u00e1nu\u00f0um var \u00e9g \u00feunglyndis kall sem s\u00e1 engan tilgang me\u00f0 \u00feessu br\u00f6lti m\u00ednu gegnum l\u00edfi\u00f0. Ma\u00f0ur synti \u00ed gegnum daginn alltaf \u00fereyttur og vona\u00f0i a\u00f0 \u00feetta t\u00e6ki enda sem fyrst,&#8220; segir Gu\u00f0bj\u00f6rn Bj\u00f6ssi Sigur\u00fe\u00f3rsson, lengi starfsma\u00f0ur hj\u00e1 Rekstrarv\u00f6rum. En svo s\u00e1 hann lj\u00f3si\u00f0 og \u00feetta ger\u00f0ist:<\/p>\n<p>&#8222;\u00c9g haf\u00f0i fari\u00f0 \u00ed \u00fer\u00e6\u00f0ingar me\u00f0 hjarta\u00f0 og var a\u00f0 m\u00e9r fannst bara helv\u00edti g\u00f3\u00f0ur mi\u00f0a\u00f0 vi\u00f0 aldur og hvernig \u00e9g haf\u00f0i fari\u00f0 me\u00f0 mig. \u00c9g var \u00ed raun staddur milli l\u00edfs og dau\u00f0a. Vildi ekki drepast en var \u00ed raun drullu sama ef \u00fea\u00f0 mundi fara \u00feannig. Er b\u00fainn a\u00f0 vera me\u00f0 hj\u00fakrunarfr\u00e6\u00f0ing \u00e1 LSH hana Ingu Valborgu. H\u00fan hlusta\u00f0i ekkert \u00e1 \u00feegar \u00e9g sag\u00f0i henni a\u00f0 \u00e9g v\u00e6ri bara f\u00ednn og g\u00f3\u00f0ur. H\u00fan leit \u00e1 mig og sag\u00f0i me\u00f0: \u201c Segjum \u00fea\u00f0 gamli\u201d.<\/p>\n<p>&#8222;H\u00fan gafst ekki upp fyrr \u00e9g sam\u00feykkti a\u00f0 fara \u00ed endurh\u00e6fingu \u00e1 Reykjalund. Eftir \u00feessa dv\u00f6l m\u00edna \u00e1 \u00feessum \u00e1 \u00feessum fr\u00e1b\u00e6ra sta\u00f0 er \u00e9g \u00ed fr\u00e1b\u00e6rt form og l\u00edfsviljinn kominn aftur. \u00dea\u00f0 er \u00ed t\u00edsku a\u00f0 setja \u00fat \u00e1 okkar fr\u00e1b\u00e6ra heilbrig\u00f0iskerfi og \u00fe\u00e1 sem vinna \u00fear. Bara svo \u00fei\u00f0 viti\u00f0 \u00fea\u00f0 a\u00f0 \u00fe\u00e1 elska \u00e9g \u00feetta f\u00f3lk sem alla daga gerir okkur gott og hugsar hl\u00fdtt til okkar alla daga. Inga leyf\u00f0i m\u00e9r ekki a\u00f0 komast upp me\u00f0 neina sj\u00e1lfsvorkunn e\u00f0a kjaft\u00e6\u00f0i. \u00c1fram Inga!&#8220;<\/p>\n","protected":false},"excerpt":{"rendered":"<p>&#8222;Miki\u00f0 er \u00feetta l\u00edf n\u00fa undarlegt. Fyrir nokkrum m\u00e1nu\u00f0um var \u00e9g \u00feunglyndis kall sem s\u00e1 engan tilgang me\u00f0 \u00feessu br\u00f6lti m\u00ednu gegnum l\u00edfi\u00f0. Ma\u00f0ur synti \u00ed gegnum daginn alltaf \u00fereyttur og vona\u00f0i a\u00f0 \u00feetta t\u00e6ki enda sem fyrst,&#8220; segir Gu\u00f0bj\u00f6rn Bj\u00f6ssi Sigur\u00fe\u00f3rsson, lengi starfsma\u00f0ur hj\u00e1 Rekstrarv\u00f6rum. En svo s\u00e1 hann lj\u00f3si\u00f0 og \u00feetta ger\u00f0ist: &#8222;\u00c9g [&hellip;]<\/p>\n","protected":false},"author":2,"featured_media":5644,"comment_status":"open","ping_status":"open","sticky":false,"template":"","format":"standard","meta":{"_monsterinsights_skip_tracking":false,"_monsterinsights_sitenote_active":false,"_monsterinsights_sitenote_note":"","_monsterinsights_sitenote_category":0,"footnotes":""},"categories":[31],"tags":[],"class_list":{"0":"post-5643","1":"post","2":"type-post","3":"status-publish","4":"format-standard","5":"has-post-thumbnail","7":"category-greinar"},"yoast_head":"<!-- This site is optimized with the Yoast SEO plugin v22.0 - https:\/\/yoast.com\/wordpress\/plugins\/seo\/ -->\n<title>BJ\u00d6SSI FANN L\u00cdFSL\u00d6NGUN AFTUR \u00c1 REYKJALUNDI &#8211; Eir\u00edkur J\u00f3nsson<\/title>\n<meta name=\"robots\" content=\"index, follow, max-snippet:-1, max-image-preview:large, max-video-preview:-1\" \/>\n<link rel=\"canonical\" href=\"https:\/\/eirikurjonsson.is\/index.php\/2025\/02\/23\/bjossi-fann-lifslongun-aftur-a-reykjalundi\/\" \/>\n<meta property=\"og:locale\" content=\"is_IS\" \/>\n<meta property=\"og:type\" content=\"article\" \/>\n<meta property=\"og:title\" content=\"BJ\u00d6SSI FANN L\u00cdFSL\u00d6NGUN AFTUR \u00c1 REYKJALUNDI &#8211; Eir\u00edkur J\u00f3nsson\" \/>\n<meta property=\"og:description\" content=\"&#8222;Miki\u00f0 er \u00feetta l\u00edf n\u00fa undarlegt. Fyrir nokkrum m\u00e1nu\u00f0um var \u00e9g \u00feunglyndis kall sem s\u00e1 engan tilgang me\u00f0 \u00feessu br\u00f6lti m\u00ednu gegnum l\u00edfi\u00f0. Ma\u00f0ur synti \u00ed gegnum daginn alltaf \u00fereyttur og vona\u00f0i a\u00f0 \u00feetta t\u00e6ki enda sem fyrst,&#8220; segir Gu\u00f0bj\u00f6rn Bj\u00f6ssi Sigur\u00fe\u00f3rsson, lengi starfsma\u00f0ur hj\u00e1 Rekstrarv\u00f6rum. En svo s\u00e1 hann lj\u00f3si\u00f0 og \u00feetta ger\u00f0ist: &#8222;\u00c9g [&hellip;]\" \/>\n<meta property=\"og:url\" content=\"https:\/\/eirikurjonsson.is\/index.php\/2025\/02\/23\/bjossi-fann-lifslongun-aftur-a-reykjalundi\/\" \/>\n<meta property=\"og:site_name\" content=\"Eir\u00edkur J\u00f3nsson\" \/>\n<meta property=\"article:published_time\" content=\"2025-02-23T13:21:52+00:00\" \/>\n<meta property=\"og:image\" content=\"https:\/\/eirikurjonsson.is\/wp-content\/uploads\/2025\/02\/Gudbjorn.jpg\" \/>\n\t<meta property=\"og:image:width\" content=\"1536\" \/>\n\t<meta property=\"og:image:height\" content=\"1536\" \/>\n\t<meta property=\"og:image:type\" content=\"image\/jpeg\" \/>\n<meta name=\"author\" content=\"eir\" \/>\n<meta name=\"twitter:card\" content=\"summary_large_image\" \/>\n<meta name=\"twitter:label1\" content=\"Written by\" \/>\n\t<meta name=\"twitter:data1\" content=\"eir\" \/>\n\t<meta name=\"twitter:label2\" content=\"Est. reading time\" \/>\n\t<meta name=\"twitter:data2\" content=\"2 minutes\" \/>\n<script type=\"application\/ld+json\" class=\"yoast-schema-graph\">{\"@context\":\"https:\/\/schema.org\",\"@graph\":[{\"@type\":\"WebPage\",\"@id\":\"https:\/\/eirikurjonsson.is\/index.php\/2025\/02\/23\/bjossi-fann-lifslongun-aftur-a-reykjalundi\/\",\"url\":\"https:\/\/eirikurjonsson.is\/index.php\/2025\/02\/23\/bjossi-fann-lifslongun-aftur-a-reykjalundi\/\",\"name\":\"BJ\u00d6SSI FANN L\u00cdFSL\u00d6NGUN AFTUR \u00c1 REYKJALUNDI &#8211; Eir\u00edkur J\u00f3nsson\",\"isPartOf\":{\"@id\":\"https:\/\/eirikurjonsson.is\/#website\"},\"datePublished\":\"2025-02-23T13:21:52+00:00\",\"dateModified\":\"2025-02-23T13:21:52+00:00\",\"author\":{\"@id\":\"https:\/\/eirikurjonsson.is\/#\/schema\/person\/308afa1d0e201918034e31b1da4f07a5\"},\"breadcrumb\":{\"@id\":\"https:\/\/eirikurjonsson.is\/index.php\/2025\/02\/23\/bjossi-fann-lifslongun-aftur-a-reykjalundi\/#breadcrumb\"},\"inLanguage\":\"is\",\"potentialAction\":[{\"@type\":\"ReadAction\",\"target\":[\"https:\/\/eirikurjonsson.is\/index.php\/2025\/02\/23\/bjossi-fann-lifslongun-aftur-a-reykjalundi\/\"]}]},{\"@type\":\"BreadcrumbList\",\"@id\":\"https:\/\/eirikurjonsson.is\/index.php\/2025\/02\/23\/bjossi-fann-lifslongun-aftur-a-reykjalundi\/#breadcrumb\",\"itemListElement\":[{\"@type\":\"ListItem\",\"position\":1,\"name\":\"Home\",\"item\":\"https:\/\/eirikurjonsson.is\/\"},{\"@type\":\"ListItem\",\"position\":2,\"name\":\"BJ\u00d6SSI FANN L\u00cdFSL\u00d6NGUN AFTUR \u00c1 REYKJALUNDI\"}]},{\"@type\":\"WebSite\",\"@id\":\"https:\/\/eirikurjonsson.is\/#website\",\"url\":\"https:\/\/eirikurjonsson.is\/\",\"name\":\"Eir\u00edkur J\u00f3nsson\",\"description\":\"Eir\u00edkur J\u00f3nsson | EIR eirikurjonsson.is\",\"potentialAction\":[{\"@type\":\"SearchAction\",\"target\":{\"@type\":\"EntryPoint\",\"urlTemplate\":\"https:\/\/eirikurjonsson.is\/?s={search_term_string}\"},\"query-input\":\"required name=search_term_string\"}],\"inLanguage\":\"is\"},{\"@type\":\"Person\",\"@id\":\"https:\/\/eirikurjonsson.is\/#\/schema\/person\/308afa1d0e201918034e31b1da4f07a5\",\"name\":\"eir\",\"image\":{\"@type\":\"ImageObject\",\"inLanguage\":\"is\",\"@id\":\"https:\/\/eirikurjonsson.is\/#\/schema\/person\/image\/\",\"url\":\"https:\/\/secure.gravatar.com\/avatar\/b6748316a4400053a1fa9f4694b38d294dc5da6f4bacc727742bd8f3e689f87c?s=96&d=mm&r=g\",\"contentUrl\":\"https:\/\/secure.gravatar.com\/avatar\/b6748316a4400053a1fa9f4694b38d294dc5da6f4bacc727742bd8f3e689f87c?s=96&d=mm&r=g\",\"caption\":\"eir\"},\"url\":\"https:\/\/eirikurjonsson.is\/index.php\/author\/eir\/\"}]}<\/script>\n<!-- \/ Yoast SEO plugin. -->","yoast_head_json":{"title":"BJ\u00d6SSI FANN L\u00cdFSL\u00d6NGUN AFTUR \u00c1 REYKJALUNDI &#8211; Eir\u00edkur J\u00f3nsson","robots":{"index":"index","follow":"follow","max-snippet":"max-snippet:-1","max-image-preview":"max-image-preview:large","max-video-preview":"max-video-preview:-1"},"canonical":"https:\/\/eirikurjonsson.is\/index.php\/2025\/02\/23\/bjossi-fann-lifslongun-aftur-a-reykjalundi\/","og_locale":"is_IS","og_type":"article","og_title":"BJ\u00d6SSI FANN L\u00cdFSL\u00d6NGUN AFTUR \u00c1 REYKJALUNDI &#8211; Eir\u00edkur J\u00f3nsson","og_description":"&#8222;Miki\u00f0 er \u00feetta l\u00edf n\u00fa undarlegt. Fyrir nokkrum m\u00e1nu\u00f0um var \u00e9g \u00feunglyndis kall sem s\u00e1 engan tilgang me\u00f0 \u00feessu br\u00f6lti m\u00ednu gegnum l\u00edfi\u00f0. Ma\u00f0ur synti \u00ed gegnum daginn alltaf \u00fereyttur og vona\u00f0i a\u00f0 \u00feetta t\u00e6ki enda sem fyrst,&#8220; segir Gu\u00f0bj\u00f6rn Bj\u00f6ssi Sigur\u00fe\u00f3rsson, lengi starfsma\u00f0ur hj\u00e1 Rekstrarv\u00f6rum. En svo s\u00e1 hann lj\u00f3si\u00f0 og \u00feetta ger\u00f0ist: &#8222;\u00c9g [&hellip;]","og_url":"https:\/\/eirikurjonsson.is\/index.php\/2025\/02\/23\/bjossi-fann-lifslongun-aftur-a-reykjalundi\/","og_site_name":"Eir\u00edkur J\u00f3nsson","article_published_time":"2025-02-23T13:21:52+00:00","og_image":[{"width":1536,"height":1536,"url":"https:\/\/eirikurjonsson.is\/wp-content\/uploads\/2025\/02\/Gudbjorn.jpg","type":"image\/jpeg"}],"author":"eir","twitter_card":"summary_large_image","twitter_misc":{"Written by":"eir","Est. reading time":"2 minutes"},"schema":{"@context":"https:\/\/schema.org","@graph":[{"@type":"WebPage","@id":"https:\/\/eirikurjonsson.is\/index.php\/2025\/02\/23\/bjossi-fann-lifslongun-aftur-a-reykjalundi\/","url":"https:\/\/eirikurjonsson.is\/index.php\/2025\/02\/23\/bjossi-fann-lifslongun-aftur-a-reykjalundi\/","name":"BJ\u00d6SSI FANN L\u00cdFSL\u00d6NGUN AFTUR \u00c1 REYKJALUNDI &#8211; Eir\u00edkur J\u00f3nsson","isPartOf":{"@id":"https:\/\/eirikurjonsson.is\/#website"},"datePublished":"2025-02-23T13:21:52+00:00","dateModified":"2025-02-23T13:21:52+00:00","author":{"@id":"https:\/\/eirikurjonsson.is\/#\/schema\/person\/308afa1d0e201918034e31b1da4f07a5"},"breadcrumb":{"@id":"https:\/\/eirikurjonsson.is\/index.php\/2025\/02\/23\/bjossi-fann-lifslongun-aftur-a-reykjalundi\/#breadcrumb"},"inLanguage":"is","potentialAction":[{"@type":"ReadAction","target":["https:\/\/eirikurjonsson.is\/index.php\/2025\/02\/23\/bjossi-fann-lifslongun-aftur-a-reykjalundi\/"]}]},{"@type":"BreadcrumbList","@id":"https:\/\/eirikurjonsson.is\/index.php\/2025\/02\/23\/bjossi-fann-lifslongun-aftur-a-reykjalundi\/#breadcrumb","itemListElement":[{"@type":"ListItem","position":1,"name":"Home","item":"https:\/\/eirikurjonsson.is\/"},{"@type":"ListItem","position":2,"name":"BJ\u00d6SSI FANN L\u00cdFSL\u00d6NGUN AFTUR \u00c1 REYKJALUNDI"}]},{"@type":"WebSite","@id":"https:\/\/eirikurjonsson.is\/#website","url":"https:\/\/eirikurjonsson.is\/","name":"Eir\u00edkur J\u00f3nsson","description":"Eir\u00edkur J\u00f3nsson | EIR eirikurjonsson.is","potentialAction":[{"@type":"SearchAction","target":{"@type":"EntryPoint","urlTemplate":"https:\/\/eirikurjonsson.is\/?s={search_term_string}"},"query-input":"required name=search_term_string"}],"inLanguage":"is"},{"@type":"Person","@id":"https:\/\/eirikurjonsson.is\/#\/schema\/person\/308afa1d0e201918034e31b1da4f07a5","name":"eir","image":{"@type":"ImageObject","inLanguage":"is","@id":"https:\/\/eirikurjonsson.is\/#\/schema\/person\/image\/","url":"https:\/\/secure.gravatar.com\/avatar\/b6748316a4400053a1fa9f4694b38d294dc5da6f4bacc727742bd8f3e689f87c?s=96&d=mm&r=g","contentUrl":"https:\/\/secure.gravatar.com\/avatar\/b6748316a4400053a1fa9f4694b38d294dc5da6f4bacc727742bd8f3e689f87c?s=96&d=mm&r=g","caption":"eir"},"url":"https:\/\/eirikurjonsson.is\/index.php\/author\/eir\/"}]}},"_links":{"self":[{"href":"https:\/\/eirikurjonsson.is\/index.php\/wp-json\/wp\/v2\/posts\/5643","targetHints":{"allow":["GET"]}}],"collection":[{"href":"https:\/\/eirikurjonsson.is\/index.php\/wp-json\/wp\/v2\/posts"}],"about":[{"href":"https:\/\/eirikurjonsson.is\/index.php\/wp-json\/wp\/v2\/types\/post"}],"author":[{"embeddable":true,"href":"https:\/\/eirikurjonsson.is\/index.php\/wp-json\/wp\/v2\/users\/2"}],"replies":[{"embeddable":true,"href":"https:\/\/eirikurjonsson.is\/index.php\/wp-json\/wp\/v2\/comments?post=5643"}],"version-history":[{"count":1,"href":"https:\/\/eirikurjonsson.is\/index.php\/wp-json\/wp\/v2\/posts\/5643\/revisions"}],"predecessor-version":[{"id":5645,"href":"https:\/\/eirikurjonsson.is\/index.php\/wp-json\/wp\/v2\/posts\/5643\/revisions\/5645"}],"wp:featuredmedia":[{"embeddable":true,"href":"https:\/\/eirikurjonsson.is\/index.php\/wp-json\/wp\/v2\/media\/5644"}],"wp:attachment":[{"href":"https:\/\/eirikurjonsson.is\/index.php\/wp-json\/wp\/v2\/media?parent=5643"}],"wp:term":[{"taxonomy":"category","embeddable":true,"href":"https:\/\/eirikurjonsson.is\/index.php\/wp-json\/wp\/v2\/categories?post=5643"},{"taxonomy":"post_tag","embeddable":true,"href":"https:\/\/eirikurjonsson.is\/index.php\/wp-json\/wp\/v2\/tags?post=5643"}],"curies":[{"name":"wp","href":"https:\/\/api.w.org\/{rel}","templated":true}]}}