{"id":5637,"date":"2025-02-22T14:04:01","date_gmt":"2025-02-22T14:04:01","guid":{"rendered":"https:\/\/eirikurjonsson.is\/?p=5637"},"modified":"2025-02-22T14:04:01","modified_gmt":"2025-02-22T14:04:01","slug":"fra-feneyjum-til-reykjavikur","status":"publish","type":"post","link":"https:\/\/eirikurjonsson.is\/index.php\/2025\/02\/22\/fra-feneyjum-til-reykjavikur\/","title":{"rendered":"FR\u00c1 FENEYJUM TIL REYKJAV\u00cdKUR"},"content":{"rendered":"<figure id=\"attachment_5639\" aria-describedby=\"caption-attachment-5639\" style=\"width: 273px\" class=\"wp-caption alignleft\"><img loading=\"lazy\" decoding=\"async\" class=\"wp-image-5639 \" src=\"https:\/\/eirikurjonsson.is\/wp-content\/uploads\/2025\/02\/feneyjar555.png\" alt=\"Hluti verksins.\" width=\"273\" height=\"208\" \/><figcaption id=\"caption-attachment-5639\" class=\"wp-caption-text\">Hluti verksins.<\/figcaption><\/figure>\n<p>S\u00fdning Hildigunnar Birgisd\u00f3ttur, \u00deetta er mj\u00f6g st\u00f3r tala \u2014 Commerzbau, sem var framlag \u00cdslands til tv\u00ed\u00e6ringsins \u00ed Feneyjum \u00e1ri\u00f0 2024 ver\u00f0ur opnu\u00f0 \u00ed Listasafni \u00cdslands \u00ed dag, 22. febr\u00faar. \u00deetta er innsetning me\u00f0 sk\u00falpt\u00farum sem ver\u00f0ur a\u00f0l\u00f6gu\u00f0 a\u00f0 h\u00fasakynnum safnsins vi\u00f0 Tj\u00f6rnina \u00ed mi\u00f0borg Reykjav\u00edkur.<\/p>\n<p>S\u00fdningarstj\u00f3ri var Dan Byers, umsj\u00f3narma\u00f0ur n\u00fat\u00edma- og samt\u00edmalistar hj\u00e1 Williams College Museum of Art \u00ed Massachusetts.<\/p>\n<p>S\u00fdningin \u00f6gra\u00f0i \u00e1 g\u00e1skafullan h\u00e1tt fyrirfram gefnum hugmyndum um fegur\u00f0, vir\u00f0i og notagildi \u00ed samhengi vi\u00f0 \u00feennan al\u00fej\u00f3\u00f0lega listvi\u00f0bur\u00f0. Hildigunnur er kunn fyrir a\u00f0 gefa hinu sm\u00e1a gaum \u00ed listsk\u00f6pun sinni og varpa gagnr\u00fdnu lj\u00f3si \u00e1 hnattr\u00e6n framlei\u00f0slu- og dreifingarkerfi, sem og hi\u00f0 undarlega l\u00edfshlaup varningsins sem \u00feessi kerfi skapa. \u00cd verkum s\u00ednum dregur h\u00fan athyglina a\u00f0 litlum, einnota hlutum sem gjarnan eru fj\u00f6ldaframleiddir fylgifiskar neyslumenningarinnar: umb\u00fa\u00f0um, ver\u00f0mi\u00f0um, merkingum og \u00fatstillingareiningum. H\u00fan f\u00e6r \u00feessum hlutum n\u00fdtt hlutverk en gildi \u00feeirra og merking gj\u00f6rbreytast \u00feegar komi\u00f0 er \u00fat fyrir hi\u00f0 upprunalega samhengi \u00feeirra.<\/p>\n","protected":false},"excerpt":{"rendered":"<p>S\u00fdning Hildigunnar Birgisd\u00f3ttur, \u00deetta er mj\u00f6g st\u00f3r tala \u2014 Commerzbau, sem var framlag \u00cdslands til tv\u00ed\u00e6ringsins \u00ed Feneyjum \u00e1ri\u00f0 2024 ver\u00f0ur opnu\u00f0 \u00ed Listasafni \u00cdslands \u00ed dag, 22. febr\u00faar. \u00deetta er innsetning me\u00f0 sk\u00falpt\u00farum sem ver\u00f0ur a\u00f0l\u00f6gu\u00f0 a\u00f0 h\u00fasakynnum safnsins vi\u00f0 Tj\u00f6rnina \u00ed mi\u00f0borg Reykjav\u00edkur. S\u00fdningarstj\u00f3ri var Dan Byers, umsj\u00f3narma\u00f0ur n\u00fat\u00edma- og samt\u00edmalistar hj\u00e1 Williams [&hellip;]<\/p>\n","protected":false},"author":2,"featured_media":5638,"comment_status":"open","ping_status":"open","sticky":false,"template":"","format":"standard","meta":{"_monsterinsights_skip_tracking":false,"_monsterinsights_sitenote_active":false,"_monsterinsights_sitenote_note":"","_monsterinsights_sitenote_category":0,"footnotes":""},"categories":[30],"tags":[],"class_list":{"0":"post-5637","1":"post","2":"type-post","3":"status-publish","4":"format-standard","5":"has-post-thumbnail","7":"category-sagt-er"},"yoast_head":"<!-- This site is optimized with the Yoast SEO plugin v22.0 - https:\/\/yoast.com\/wordpress\/plugins\/seo\/ -->\n<title>FR\u00c1 FENEYJUM TIL REYKJAV\u00cdKUR &#8211; Eir\u00edkur J\u00f3nsson<\/title>\n<meta name=\"robots\" content=\"index, follow, max-snippet:-1, max-image-preview:large, max-video-preview:-1\" \/>\n<link rel=\"canonical\" href=\"https:\/\/eirikurjonsson.is\/index.php\/2025\/02\/22\/fra-feneyjum-til-reykjavikur\/\" \/>\n<meta property=\"og:locale\" content=\"is_IS\" \/>\n<meta property=\"og:type\" content=\"article\" \/>\n<meta property=\"og:title\" content=\"FR\u00c1 FENEYJUM TIL REYKJAV\u00cdKUR &#8211; Eir\u00edkur J\u00f3nsson\" \/>\n<meta property=\"og:description\" content=\"S\u00fdning Hildigunnar Birgisd\u00f3ttur, \u00deetta er mj\u00f6g st\u00f3r tala \u2014 Commerzbau, sem var framlag \u00cdslands til tv\u00ed\u00e6ringsins \u00ed Feneyjum \u00e1ri\u00f0 2024 ver\u00f0ur opnu\u00f0 \u00ed Listasafni \u00cdslands \u00ed dag, 22. febr\u00faar. \u00deetta er innsetning me\u00f0 sk\u00falpt\u00farum sem ver\u00f0ur a\u00f0l\u00f6gu\u00f0 a\u00f0 h\u00fasakynnum safnsins vi\u00f0 Tj\u00f6rnina \u00ed mi\u00f0borg Reykjav\u00edkur. S\u00fdningarstj\u00f3ri var Dan Byers, umsj\u00f3narma\u00f0ur n\u00fat\u00edma- og samt\u00edmalistar hj\u00e1 Williams [&hellip;]\" \/>\n<meta property=\"og:url\" content=\"https:\/\/eirikurjonsson.is\/index.php\/2025\/02\/22\/fra-feneyjum-til-reykjavikur\/\" \/>\n<meta property=\"og:site_name\" content=\"Eir\u00edkur J\u00f3nsson\" \/>\n<meta property=\"article:published_time\" content=\"2025-02-22T14:04:01+00:00\" \/>\n<meta property=\"og:image\" content=\"https:\/\/eirikurjonsson.is\/wp-content\/uploads\/2025\/02\/feneyjar1.png\" \/>\n\t<meta property=\"og:image:width\" content=\"556\" \/>\n\t<meta property=\"og:image:height\" content=\"419\" \/>\n\t<meta property=\"og:image:type\" content=\"image\/png\" \/>\n<meta name=\"author\" content=\"eir\" \/>\n<meta name=\"twitter:card\" content=\"summary_large_image\" \/>\n<meta name=\"twitter:label1\" content=\"Written by\" \/>\n\t<meta name=\"twitter:data1\" content=\"eir\" \/>\n\t<meta name=\"twitter:label2\" content=\"Est. reading time\" \/>\n\t<meta name=\"twitter:data2\" content=\"2 minutes\" \/>\n<script type=\"application\/ld+json\" class=\"yoast-schema-graph\">{\"@context\":\"https:\/\/schema.org\",\"@graph\":[{\"@type\":\"WebPage\",\"@id\":\"https:\/\/eirikurjonsson.is\/index.php\/2025\/02\/22\/fra-feneyjum-til-reykjavikur\/\",\"url\":\"https:\/\/eirikurjonsson.is\/index.php\/2025\/02\/22\/fra-feneyjum-til-reykjavikur\/\",\"name\":\"FR\u00c1 FENEYJUM TIL REYKJAV\u00cdKUR &#8211; Eir\u00edkur J\u00f3nsson\",\"isPartOf\":{\"@id\":\"https:\/\/eirikurjonsson.is\/#website\"},\"datePublished\":\"2025-02-22T14:04:01+00:00\",\"dateModified\":\"2025-02-22T14:04:01+00:00\",\"author\":{\"@id\":\"https:\/\/eirikurjonsson.is\/#\/schema\/person\/308afa1d0e201918034e31b1da4f07a5\"},\"breadcrumb\":{\"@id\":\"https:\/\/eirikurjonsson.is\/index.php\/2025\/02\/22\/fra-feneyjum-til-reykjavikur\/#breadcrumb\"},\"inLanguage\":\"is\",\"potentialAction\":[{\"@type\":\"ReadAction\",\"target\":[\"https:\/\/eirikurjonsson.is\/index.php\/2025\/02\/22\/fra-feneyjum-til-reykjavikur\/\"]}]},{\"@type\":\"BreadcrumbList\",\"@id\":\"https:\/\/eirikurjonsson.is\/index.php\/2025\/02\/22\/fra-feneyjum-til-reykjavikur\/#breadcrumb\",\"itemListElement\":[{\"@type\":\"ListItem\",\"position\":1,\"name\":\"Home\",\"item\":\"https:\/\/eirikurjonsson.is\/\"},{\"@type\":\"ListItem\",\"position\":2,\"name\":\"FR\u00c1 FENEYJUM TIL REYKJAV\u00cdKUR\"}]},{\"@type\":\"WebSite\",\"@id\":\"https:\/\/eirikurjonsson.is\/#website\",\"url\":\"https:\/\/eirikurjonsson.is\/\",\"name\":\"Eir\u00edkur J\u00f3nsson\",\"description\":\"Eir\u00edkur J\u00f3nsson | EIR eirikurjonsson.is\",\"potentialAction\":[{\"@type\":\"SearchAction\",\"target\":{\"@type\":\"EntryPoint\",\"urlTemplate\":\"https:\/\/eirikurjonsson.is\/?s={search_term_string}\"},\"query-input\":\"required name=search_term_string\"}],\"inLanguage\":\"is\"},{\"@type\":\"Person\",\"@id\":\"https:\/\/eirikurjonsson.is\/#\/schema\/person\/308afa1d0e201918034e31b1da4f07a5\",\"name\":\"eir\",\"image\":{\"@type\":\"ImageObject\",\"inLanguage\":\"is\",\"@id\":\"https:\/\/eirikurjonsson.is\/#\/schema\/person\/image\/\",\"url\":\"https:\/\/secure.gravatar.com\/avatar\/b6748316a4400053a1fa9f4694b38d294dc5da6f4bacc727742bd8f3e689f87c?s=96&d=mm&r=g\",\"contentUrl\":\"https:\/\/secure.gravatar.com\/avatar\/b6748316a4400053a1fa9f4694b38d294dc5da6f4bacc727742bd8f3e689f87c?s=96&d=mm&r=g\",\"caption\":\"eir\"},\"url\":\"https:\/\/eirikurjonsson.is\/index.php\/author\/eir\/\"}]}<\/script>\n<!-- \/ Yoast SEO plugin. -->","yoast_head_json":{"title":"FR\u00c1 FENEYJUM TIL REYKJAV\u00cdKUR &#8211; Eir\u00edkur J\u00f3nsson","robots":{"index":"index","follow":"follow","max-snippet":"max-snippet:-1","max-image-preview":"max-image-preview:large","max-video-preview":"max-video-preview:-1"},"canonical":"https:\/\/eirikurjonsson.is\/index.php\/2025\/02\/22\/fra-feneyjum-til-reykjavikur\/","og_locale":"is_IS","og_type":"article","og_title":"FR\u00c1 FENEYJUM TIL REYKJAV\u00cdKUR &#8211; Eir\u00edkur J\u00f3nsson","og_description":"S\u00fdning Hildigunnar Birgisd\u00f3ttur, \u00deetta er mj\u00f6g st\u00f3r tala \u2014 Commerzbau, sem var framlag \u00cdslands til tv\u00ed\u00e6ringsins \u00ed Feneyjum \u00e1ri\u00f0 2024 ver\u00f0ur opnu\u00f0 \u00ed Listasafni \u00cdslands \u00ed dag, 22. febr\u00faar. \u00deetta er innsetning me\u00f0 sk\u00falpt\u00farum sem ver\u00f0ur a\u00f0l\u00f6gu\u00f0 a\u00f0 h\u00fasakynnum safnsins vi\u00f0 Tj\u00f6rnina \u00ed mi\u00f0borg Reykjav\u00edkur. S\u00fdningarstj\u00f3ri var Dan Byers, umsj\u00f3narma\u00f0ur n\u00fat\u00edma- og samt\u00edmalistar hj\u00e1 Williams [&hellip;]","og_url":"https:\/\/eirikurjonsson.is\/index.php\/2025\/02\/22\/fra-feneyjum-til-reykjavikur\/","og_site_name":"Eir\u00edkur J\u00f3nsson","article_published_time":"2025-02-22T14:04:01+00:00","og_image":[{"width":556,"height":419,"url":"https:\/\/eirikurjonsson.is\/wp-content\/uploads\/2025\/02\/feneyjar1.png","type":"image\/png"}],"author":"eir","twitter_card":"summary_large_image","twitter_misc":{"Written by":"eir","Est. reading time":"2 minutes"},"schema":{"@context":"https:\/\/schema.org","@graph":[{"@type":"WebPage","@id":"https:\/\/eirikurjonsson.is\/index.php\/2025\/02\/22\/fra-feneyjum-til-reykjavikur\/","url":"https:\/\/eirikurjonsson.is\/index.php\/2025\/02\/22\/fra-feneyjum-til-reykjavikur\/","name":"FR\u00c1 FENEYJUM TIL REYKJAV\u00cdKUR &#8211; Eir\u00edkur J\u00f3nsson","isPartOf":{"@id":"https:\/\/eirikurjonsson.is\/#website"},"datePublished":"2025-02-22T14:04:01+00:00","dateModified":"2025-02-22T14:04:01+00:00","author":{"@id":"https:\/\/eirikurjonsson.is\/#\/schema\/person\/308afa1d0e201918034e31b1da4f07a5"},"breadcrumb":{"@id":"https:\/\/eirikurjonsson.is\/index.php\/2025\/02\/22\/fra-feneyjum-til-reykjavikur\/#breadcrumb"},"inLanguage":"is","potentialAction":[{"@type":"ReadAction","target":["https:\/\/eirikurjonsson.is\/index.php\/2025\/02\/22\/fra-feneyjum-til-reykjavikur\/"]}]},{"@type":"BreadcrumbList","@id":"https:\/\/eirikurjonsson.is\/index.php\/2025\/02\/22\/fra-feneyjum-til-reykjavikur\/#breadcrumb","itemListElement":[{"@type":"ListItem","position":1,"name":"Home","item":"https:\/\/eirikurjonsson.is\/"},{"@type":"ListItem","position":2,"name":"FR\u00c1 FENEYJUM TIL REYKJAV\u00cdKUR"}]},{"@type":"WebSite","@id":"https:\/\/eirikurjonsson.is\/#website","url":"https:\/\/eirikurjonsson.is\/","name":"Eir\u00edkur J\u00f3nsson","description":"Eir\u00edkur J\u00f3nsson | EIR eirikurjonsson.is","potentialAction":[{"@type":"SearchAction","target":{"@type":"EntryPoint","urlTemplate":"https:\/\/eirikurjonsson.is\/?s={search_term_string}"},"query-input":"required name=search_term_string"}],"inLanguage":"is"},{"@type":"Person","@id":"https:\/\/eirikurjonsson.is\/#\/schema\/person\/308afa1d0e201918034e31b1da4f07a5","name":"eir","image":{"@type":"ImageObject","inLanguage":"is","@id":"https:\/\/eirikurjonsson.is\/#\/schema\/person\/image\/","url":"https:\/\/secure.gravatar.com\/avatar\/b6748316a4400053a1fa9f4694b38d294dc5da6f4bacc727742bd8f3e689f87c?s=96&d=mm&r=g","contentUrl":"https:\/\/secure.gravatar.com\/avatar\/b6748316a4400053a1fa9f4694b38d294dc5da6f4bacc727742bd8f3e689f87c?s=96&d=mm&r=g","caption":"eir"},"url":"https:\/\/eirikurjonsson.is\/index.php\/author\/eir\/"}]}},"_links":{"self":[{"href":"https:\/\/eirikurjonsson.is\/index.php\/wp-json\/wp\/v2\/posts\/5637","targetHints":{"allow":["GET"]}}],"collection":[{"href":"https:\/\/eirikurjonsson.is\/index.php\/wp-json\/wp\/v2\/posts"}],"about":[{"href":"https:\/\/eirikurjonsson.is\/index.php\/wp-json\/wp\/v2\/types\/post"}],"author":[{"embeddable":true,"href":"https:\/\/eirikurjonsson.is\/index.php\/wp-json\/wp\/v2\/users\/2"}],"replies":[{"embeddable":true,"href":"https:\/\/eirikurjonsson.is\/index.php\/wp-json\/wp\/v2\/comments?post=5637"}],"version-history":[{"count":1,"href":"https:\/\/eirikurjonsson.is\/index.php\/wp-json\/wp\/v2\/posts\/5637\/revisions"}],"predecessor-version":[{"id":5640,"href":"https:\/\/eirikurjonsson.is\/index.php\/wp-json\/wp\/v2\/posts\/5637\/revisions\/5640"}],"wp:featuredmedia":[{"embeddable":true,"href":"https:\/\/eirikurjonsson.is\/index.php\/wp-json\/wp\/v2\/media\/5638"}],"wp:attachment":[{"href":"https:\/\/eirikurjonsson.is\/index.php\/wp-json\/wp\/v2\/media?parent=5637"}],"wp:term":[{"taxonomy":"category","embeddable":true,"href":"https:\/\/eirikurjonsson.is\/index.php\/wp-json\/wp\/v2\/categories?post=5637"},{"taxonomy":"post_tag","embeddable":true,"href":"https:\/\/eirikurjonsson.is\/index.php\/wp-json\/wp\/v2\/tags?post=5637"}],"curies":[{"name":"wp","href":"https:\/\/api.w.org\/{rel}","templated":true}]}}