{"id":5609,"date":"2025-02-20T14:18:32","date_gmt":"2025-02-20T14:18:32","guid":{"rendered":"https:\/\/eirikurjonsson.is\/?p=5609"},"modified":"2025-02-20T14:20:23","modified_gmt":"2025-02-20T14:20:23","slug":"ingvi-thor-thurfti-ad-sanna-ad-hann-vaeri-ekki-gervimenni-hundur-eda","status":"publish","type":"post","link":"https:\/\/eirikurjonsson.is\/index.php\/2025\/02\/20\/ingvi-thor-thurfti-ad-sanna-ad-hann-vaeri-ekki-gervimenni-hundur-eda\/","title":{"rendered":"INGVI \u00de\u00d3R \u00deURFTI A\u00d0 SANNA A\u00d0 HANN V\u00c6RI EKKI GERVIMENNI, HUNDUR E\u00d0A&#8230;"},"content":{"rendered":"<p>&#8222;\u00d3pr\u00fattinn a\u00f0ili n\u00e1\u00f0 fr\u00e1 m\u00e9r au\u00f0kenni og stofna\u00f0i undarlegan reikning \u00e1 Instagram sem var eytt og Facebook-reikningi m\u00ednum s\u00ed\u00f0an \u00ed lei\u00f0inni,&#8220; segir Ingvi \u00de\u00f3r Korm\u00e1ksson t\u00f3nlistarma\u00f0ur sem greip til a\u00f0ger\u00f0a og \u00fea\u00f0 gekk ekki \u00ferautarlaust fyrir sig. Me\u00f0 vid\u00f3uppt\u00f6ku \u00fearfti hann a\u00f0 sannf\u00e6ra stj\u00f3rnkerfi samf\u00e9lagsmi\u00f0lana um a\u00f0 hann v\u00e6ri s\u00e1 sem hann er en ekki &#8222;gervimenni e\u00f0a hundur e\u00f0a gu\u00f0 m\u00e1 vita hva\u00f0&#8220;:<\/p>\n<p>&#8222;\u00cd g\u00e6r f\u00f3r \u00feessi n\u00fdi Fb-reikningur minn h\u00e9rna \u00ed endursko\u00f0un hj\u00e1 Facebook-Meta og var\u00f0 \u00e9g m.a. a\u00f0 taka af m\u00e9r vide\u00f3 \u00fear sem \u00e9g hreyf\u00f0i h\u00f6fu\u00f0i\u00f0 til beggja hli\u00f0a \u00feannig a\u00f0 vangasvipur s\u00e6ist. \u00deetta var v\u00edst gert til a\u00f0 sannf\u00e6ra starfsli\u00f0 \u00feessa mi\u00f0ils um a\u00f0 \u00e9g v\u00e6ri manneskja en ekki gervimenni e\u00f0a hundur e\u00f0a gu\u00f0 m\u00e1 vita hva\u00f0.&#8220;<\/p>\n<div class=\"youtube-embed\" data-video_id=\"OUwbIIATfCc\"><iframe loading=\"lazy\" title=\"Steinsteypuro\u0301manti\u0301k - Ingvi \u00de\u00f3r Korm\u00e1ksson &amp; Co\" width=\"696\" height=\"392\" src=\"https:\/\/www.youtube.com\/embed\/OUwbIIATfCc?feature=oembed&#038;enablejsapi=1\" frameborder=\"0\" allow=\"accelerometer; autoplay; clipboard-write; encrypted-media; gyroscope; picture-in-picture; web-share\" referrerpolicy=\"strict-origin-when-cross-origin\" allowfullscreen><\/iframe><\/div>\n","protected":false},"excerpt":{"rendered":"<p>&#8222;\u00d3pr\u00fattinn a\u00f0ili n\u00e1\u00f0 fr\u00e1 m\u00e9r au\u00f0kenni og stofna\u00f0i undarlegan reikning \u00e1 Instagram sem var eytt og Facebook-reikningi m\u00ednum s\u00ed\u00f0an \u00ed lei\u00f0inni,&#8220; segir Ingvi \u00de\u00f3r Korm\u00e1ksson t\u00f3nlistarma\u00f0ur sem greip til a\u00f0ger\u00f0a og \u00fea\u00f0 gekk ekki \u00ferautarlaust fyrir sig. Me\u00f0 vid\u00f3uppt\u00f6ku \u00fearfti hann a\u00f0 sannf\u00e6ra stj\u00f3rnkerfi samf\u00e9lagsmi\u00f0lana um a\u00f0 hann v\u00e6ri s\u00e1 sem hann er en ekki [&hellip;]<\/p>\n","protected":false},"author":2,"featured_media":5610,"comment_status":"open","ping_status":"open","sticky":false,"template":"","format":"standard","meta":{"_monsterinsights_skip_tracking":false,"_monsterinsights_sitenote_active":false,"_monsterinsights_sitenote_note":"","_monsterinsights_sitenote_category":0,"footnotes":""},"categories":[31],"tags":[],"class_list":{"0":"post-5609","1":"post","2":"type-post","3":"status-publish","4":"format-standard","5":"has-post-thumbnail","7":"category-greinar"},"yoast_head":"<!-- This site is optimized with the Yoast SEO plugin v22.0 - https:\/\/yoast.com\/wordpress\/plugins\/seo\/ -->\n<title>INGVI \u00de\u00d3R \u00deURFTI A\u00d0 SANNA A\u00d0 HANN V\u00c6RI EKKI GERVIMENNI, HUNDUR E\u00d0A... &#8211; Eir\u00edkur J\u00f3nsson<\/title>\n<meta name=\"robots\" content=\"index, follow, max-snippet:-1, max-image-preview:large, max-video-preview:-1\" \/>\n<link rel=\"canonical\" href=\"https:\/\/eirikurjonsson.is\/index.php\/2025\/02\/20\/ingvi-thor-thurfti-ad-sanna-ad-hann-vaeri-ekki-gervimenni-hundur-eda\/\" \/>\n<meta property=\"og:locale\" content=\"is_IS\" \/>\n<meta property=\"og:type\" content=\"article\" \/>\n<meta property=\"og:title\" content=\"INGVI \u00de\u00d3R \u00deURFTI A\u00d0 SANNA A\u00d0 HANN V\u00c6RI EKKI GERVIMENNI, HUNDUR E\u00d0A... &#8211; Eir\u00edkur J\u00f3nsson\" \/>\n<meta property=\"og:description\" content=\"&#8222;\u00d3pr\u00fattinn a\u00f0ili n\u00e1\u00f0 fr\u00e1 m\u00e9r au\u00f0kenni og stofna\u00f0i undarlegan reikning \u00e1 Instagram sem var eytt og Facebook-reikningi m\u00ednum s\u00ed\u00f0an \u00ed lei\u00f0inni,&#8220; segir Ingvi \u00de\u00f3r Korm\u00e1ksson t\u00f3nlistarma\u00f0ur sem greip til a\u00f0ger\u00f0a og \u00fea\u00f0 gekk ekki \u00ferautarlaust fyrir sig. Me\u00f0 vid\u00f3uppt\u00f6ku \u00fearfti hann a\u00f0 sannf\u00e6ra stj\u00f3rnkerfi samf\u00e9lagsmi\u00f0lana um a\u00f0 hann v\u00e6ri s\u00e1 sem hann er en ekki [&hellip;]\" \/>\n<meta property=\"og:url\" content=\"https:\/\/eirikurjonsson.is\/index.php\/2025\/02\/20\/ingvi-thor-thurfti-ad-sanna-ad-hann-vaeri-ekki-gervimenni-hundur-eda\/\" \/>\n<meta property=\"og:site_name\" content=\"Eir\u00edkur J\u00f3nsson\" \/>\n<meta property=\"article:published_time\" content=\"2025-02-20T14:18:32+00:00\" \/>\n<meta property=\"article:modified_time\" content=\"2025-02-20T14:20:23+00:00\" \/>\n<meta property=\"og:image\" content=\"https:\/\/eirikurjonsson.is\/wp-content\/uploads\/2025\/02\/IMNGVI-THOR.jpg\" \/>\n\t<meta property=\"og:image:width\" content=\"713\" \/>\n\t<meta property=\"og:image:height\" content=\"469\" \/>\n\t<meta property=\"og:image:type\" content=\"image\/jpeg\" \/>\n<meta name=\"author\" content=\"eir\" \/>\n<meta name=\"twitter:card\" content=\"summary_large_image\" \/>\n<meta name=\"twitter:label1\" content=\"Written by\" \/>\n\t<meta name=\"twitter:data1\" content=\"eir\" \/>\n\t<meta name=\"twitter:label2\" content=\"Est. reading time\" \/>\n\t<meta name=\"twitter:data2\" content=\"1 minute\" \/>\n<script type=\"application\/ld+json\" class=\"yoast-schema-graph\">{\"@context\":\"https:\/\/schema.org\",\"@graph\":[{\"@type\":\"WebPage\",\"@id\":\"https:\/\/eirikurjonsson.is\/index.php\/2025\/02\/20\/ingvi-thor-thurfti-ad-sanna-ad-hann-vaeri-ekki-gervimenni-hundur-eda\/\",\"url\":\"https:\/\/eirikurjonsson.is\/index.php\/2025\/02\/20\/ingvi-thor-thurfti-ad-sanna-ad-hann-vaeri-ekki-gervimenni-hundur-eda\/\",\"name\":\"INGVI \u00de\u00d3R \u00deURFTI A\u00d0 SANNA A\u00d0 HANN V\u00c6RI EKKI GERVIMENNI, HUNDUR E\u00d0A... &#8211; Eir\u00edkur J\u00f3nsson\",\"isPartOf\":{\"@id\":\"https:\/\/eirikurjonsson.is\/#website\"},\"datePublished\":\"2025-02-20T14:18:32+00:00\",\"dateModified\":\"2025-02-20T14:20:23+00:00\",\"author\":{\"@id\":\"https:\/\/eirikurjonsson.is\/#\/schema\/person\/308afa1d0e201918034e31b1da4f07a5\"},\"breadcrumb\":{\"@id\":\"https:\/\/eirikurjonsson.is\/index.php\/2025\/02\/20\/ingvi-thor-thurfti-ad-sanna-ad-hann-vaeri-ekki-gervimenni-hundur-eda\/#breadcrumb\"},\"inLanguage\":\"is\",\"potentialAction\":[{\"@type\":\"ReadAction\",\"target\":[\"https:\/\/eirikurjonsson.is\/index.php\/2025\/02\/20\/ingvi-thor-thurfti-ad-sanna-ad-hann-vaeri-ekki-gervimenni-hundur-eda\/\"]}]},{\"@type\":\"BreadcrumbList\",\"@id\":\"https:\/\/eirikurjonsson.is\/index.php\/2025\/02\/20\/ingvi-thor-thurfti-ad-sanna-ad-hann-vaeri-ekki-gervimenni-hundur-eda\/#breadcrumb\",\"itemListElement\":[{\"@type\":\"ListItem\",\"position\":1,\"name\":\"Home\",\"item\":\"https:\/\/eirikurjonsson.is\/\"},{\"@type\":\"ListItem\",\"position\":2,\"name\":\"INGVI \u00de\u00d3R \u00deURFTI A\u00d0 SANNA A\u00d0 HANN V\u00c6RI EKKI GERVIMENNI, HUNDUR E\u00d0A&#8230;\"}]},{\"@type\":\"WebSite\",\"@id\":\"https:\/\/eirikurjonsson.is\/#website\",\"url\":\"https:\/\/eirikurjonsson.is\/\",\"name\":\"Eir\u00edkur J\u00f3nsson\",\"description\":\"Eir\u00edkur J\u00f3nsson | EIR eirikurjonsson.is\",\"potentialAction\":[{\"@type\":\"SearchAction\",\"target\":{\"@type\":\"EntryPoint\",\"urlTemplate\":\"https:\/\/eirikurjonsson.is\/?s={search_term_string}\"},\"query-input\":\"required name=search_term_string\"}],\"inLanguage\":\"is\"},{\"@type\":\"Person\",\"@id\":\"https:\/\/eirikurjonsson.is\/#\/schema\/person\/308afa1d0e201918034e31b1da4f07a5\",\"name\":\"eir\",\"image\":{\"@type\":\"ImageObject\",\"inLanguage\":\"is\",\"@id\":\"https:\/\/eirikurjonsson.is\/#\/schema\/person\/image\/\",\"url\":\"https:\/\/secure.gravatar.com\/avatar\/b6748316a4400053a1fa9f4694b38d294dc5da6f4bacc727742bd8f3e689f87c?s=96&d=mm&r=g\",\"contentUrl\":\"https:\/\/secure.gravatar.com\/avatar\/b6748316a4400053a1fa9f4694b38d294dc5da6f4bacc727742bd8f3e689f87c?s=96&d=mm&r=g\",\"caption\":\"eir\"},\"url\":\"https:\/\/eirikurjonsson.is\/index.php\/author\/eir\/\"}]}<\/script>\n<!-- \/ Yoast SEO plugin. -->","yoast_head_json":{"title":"INGVI \u00de\u00d3R \u00deURFTI A\u00d0 SANNA A\u00d0 HANN V\u00c6RI EKKI GERVIMENNI, HUNDUR E\u00d0A... &#8211; Eir\u00edkur J\u00f3nsson","robots":{"index":"index","follow":"follow","max-snippet":"max-snippet:-1","max-image-preview":"max-image-preview:large","max-video-preview":"max-video-preview:-1"},"canonical":"https:\/\/eirikurjonsson.is\/index.php\/2025\/02\/20\/ingvi-thor-thurfti-ad-sanna-ad-hann-vaeri-ekki-gervimenni-hundur-eda\/","og_locale":"is_IS","og_type":"article","og_title":"INGVI \u00de\u00d3R \u00deURFTI A\u00d0 SANNA A\u00d0 HANN V\u00c6RI EKKI GERVIMENNI, HUNDUR E\u00d0A... &#8211; Eir\u00edkur J\u00f3nsson","og_description":"&#8222;\u00d3pr\u00fattinn a\u00f0ili n\u00e1\u00f0 fr\u00e1 m\u00e9r au\u00f0kenni og stofna\u00f0i undarlegan reikning \u00e1 Instagram sem var eytt og Facebook-reikningi m\u00ednum s\u00ed\u00f0an \u00ed lei\u00f0inni,&#8220; segir Ingvi \u00de\u00f3r Korm\u00e1ksson t\u00f3nlistarma\u00f0ur sem greip til a\u00f0ger\u00f0a og \u00fea\u00f0 gekk ekki \u00ferautarlaust fyrir sig. Me\u00f0 vid\u00f3uppt\u00f6ku \u00fearfti hann a\u00f0 sannf\u00e6ra stj\u00f3rnkerfi samf\u00e9lagsmi\u00f0lana um a\u00f0 hann v\u00e6ri s\u00e1 sem hann er en ekki [&hellip;]","og_url":"https:\/\/eirikurjonsson.is\/index.php\/2025\/02\/20\/ingvi-thor-thurfti-ad-sanna-ad-hann-vaeri-ekki-gervimenni-hundur-eda\/","og_site_name":"Eir\u00edkur J\u00f3nsson","article_published_time":"2025-02-20T14:18:32+00:00","article_modified_time":"2025-02-20T14:20:23+00:00","og_image":[{"width":713,"height":469,"url":"https:\/\/eirikurjonsson.is\/wp-content\/uploads\/2025\/02\/IMNGVI-THOR.jpg","type":"image\/jpeg"}],"author":"eir","twitter_card":"summary_large_image","twitter_misc":{"Written by":"eir","Est. reading time":"1 minute"},"schema":{"@context":"https:\/\/schema.org","@graph":[{"@type":"WebPage","@id":"https:\/\/eirikurjonsson.is\/index.php\/2025\/02\/20\/ingvi-thor-thurfti-ad-sanna-ad-hann-vaeri-ekki-gervimenni-hundur-eda\/","url":"https:\/\/eirikurjonsson.is\/index.php\/2025\/02\/20\/ingvi-thor-thurfti-ad-sanna-ad-hann-vaeri-ekki-gervimenni-hundur-eda\/","name":"INGVI \u00de\u00d3R \u00deURFTI A\u00d0 SANNA A\u00d0 HANN V\u00c6RI EKKI GERVIMENNI, HUNDUR E\u00d0A... &#8211; Eir\u00edkur J\u00f3nsson","isPartOf":{"@id":"https:\/\/eirikurjonsson.is\/#website"},"datePublished":"2025-02-20T14:18:32+00:00","dateModified":"2025-02-20T14:20:23+00:00","author":{"@id":"https:\/\/eirikurjonsson.is\/#\/schema\/person\/308afa1d0e201918034e31b1da4f07a5"},"breadcrumb":{"@id":"https:\/\/eirikurjonsson.is\/index.php\/2025\/02\/20\/ingvi-thor-thurfti-ad-sanna-ad-hann-vaeri-ekki-gervimenni-hundur-eda\/#breadcrumb"},"inLanguage":"is","potentialAction":[{"@type":"ReadAction","target":["https:\/\/eirikurjonsson.is\/index.php\/2025\/02\/20\/ingvi-thor-thurfti-ad-sanna-ad-hann-vaeri-ekki-gervimenni-hundur-eda\/"]}]},{"@type":"BreadcrumbList","@id":"https:\/\/eirikurjonsson.is\/index.php\/2025\/02\/20\/ingvi-thor-thurfti-ad-sanna-ad-hann-vaeri-ekki-gervimenni-hundur-eda\/#breadcrumb","itemListElement":[{"@type":"ListItem","position":1,"name":"Home","item":"https:\/\/eirikurjonsson.is\/"},{"@type":"ListItem","position":2,"name":"INGVI \u00de\u00d3R \u00deURFTI A\u00d0 SANNA A\u00d0 HANN V\u00c6RI EKKI GERVIMENNI, HUNDUR E\u00d0A&#8230;"}]},{"@type":"WebSite","@id":"https:\/\/eirikurjonsson.is\/#website","url":"https:\/\/eirikurjonsson.is\/","name":"Eir\u00edkur J\u00f3nsson","description":"Eir\u00edkur J\u00f3nsson | EIR eirikurjonsson.is","potentialAction":[{"@type":"SearchAction","target":{"@type":"EntryPoint","urlTemplate":"https:\/\/eirikurjonsson.is\/?s={search_term_string}"},"query-input":"required name=search_term_string"}],"inLanguage":"is"},{"@type":"Person","@id":"https:\/\/eirikurjonsson.is\/#\/schema\/person\/308afa1d0e201918034e31b1da4f07a5","name":"eir","image":{"@type":"ImageObject","inLanguage":"is","@id":"https:\/\/eirikurjonsson.is\/#\/schema\/person\/image\/","url":"https:\/\/secure.gravatar.com\/avatar\/b6748316a4400053a1fa9f4694b38d294dc5da6f4bacc727742bd8f3e689f87c?s=96&d=mm&r=g","contentUrl":"https:\/\/secure.gravatar.com\/avatar\/b6748316a4400053a1fa9f4694b38d294dc5da6f4bacc727742bd8f3e689f87c?s=96&d=mm&r=g","caption":"eir"},"url":"https:\/\/eirikurjonsson.is\/index.php\/author\/eir\/"}]}},"_links":{"self":[{"href":"https:\/\/eirikurjonsson.is\/index.php\/wp-json\/wp\/v2\/posts\/5609","targetHints":{"allow":["GET"]}}],"collection":[{"href":"https:\/\/eirikurjonsson.is\/index.php\/wp-json\/wp\/v2\/posts"}],"about":[{"href":"https:\/\/eirikurjonsson.is\/index.php\/wp-json\/wp\/v2\/types\/post"}],"author":[{"embeddable":true,"href":"https:\/\/eirikurjonsson.is\/index.php\/wp-json\/wp\/v2\/users\/2"}],"replies":[{"embeddable":true,"href":"https:\/\/eirikurjonsson.is\/index.php\/wp-json\/wp\/v2\/comments?post=5609"}],"version-history":[{"count":2,"href":"https:\/\/eirikurjonsson.is\/index.php\/wp-json\/wp\/v2\/posts\/5609\/revisions"}],"predecessor-version":[{"id":5612,"href":"https:\/\/eirikurjonsson.is\/index.php\/wp-json\/wp\/v2\/posts\/5609\/revisions\/5612"}],"wp:featuredmedia":[{"embeddable":true,"href":"https:\/\/eirikurjonsson.is\/index.php\/wp-json\/wp\/v2\/media\/5610"}],"wp:attachment":[{"href":"https:\/\/eirikurjonsson.is\/index.php\/wp-json\/wp\/v2\/media?parent=5609"}],"wp:term":[{"taxonomy":"category","embeddable":true,"href":"https:\/\/eirikurjonsson.is\/index.php\/wp-json\/wp\/v2\/categories?post=5609"},{"taxonomy":"post_tag","embeddable":true,"href":"https:\/\/eirikurjonsson.is\/index.php\/wp-json\/wp\/v2\/tags?post=5609"}],"curies":[{"name":"wp","href":"https:\/\/api.w.org\/{rel}","templated":true}]}}