{"id":5587,"date":"2025-02-19T10:56:59","date_gmt":"2025-02-19T10:56:59","guid":{"rendered":"https:\/\/eirikurjonsson.is\/?p=5587"},"modified":"2025-02-19T10:57:20","modified_gmt":"2025-02-19T10:57:20","slug":"tviburar-i-takt","status":"publish","type":"post","link":"https:\/\/eirikurjonsson.is\/index.php\/2025\/02\/19\/tviburar-i-takt\/","title":{"rendered":"TV\u00cdBURAR \u00cd TAKT"},"content":{"rendered":"<p>\u00cd tilefni af 60 \u00e1ra afm\u00e6li tv\u00edburabr\u00e6\u00f0ra (24. feb.) er loksins komi\u00f0 a\u00f0 fyrstu sams\u00fdningu \u00feeirra \u00ed Galler\u00ed G\u00f6ngum \u00ed H\u00e1teigskirkju 22. feb. kl. 14:00. Syningin heitir Tv\u00eds\u00fdn, a\u00f0 sj\u00e1lfs\u00f6g\u00f0u.<\/p>\n<p><img loading=\"lazy\" decoding=\"async\" class=\"size-medium wp-image-5589 aligncenter\" src=\"https:\/\/eirikurjonsson.is\/wp-content\/uploads\/2025\/02\/tviburar-2-300x194.jpg\" alt=\"\" width=\"300\" height=\"194\" srcset=\"https:\/\/eirikurjonsson.is\/wp-content\/uploads\/2025\/02\/tviburar-2-300x194.jpg 300w, https:\/\/eirikurjonsson.is\/wp-content\/uploads\/2025\/02\/tviburar-2-1024x662.jpg 1024w, https:\/\/eirikurjonsson.is\/wp-content\/uploads\/2025\/02\/tviburar-2-768x496.jpg 768w, https:\/\/eirikurjonsson.is\/wp-content\/uploads\/2025\/02\/tviburar-2-696x450.jpg 696w, https:\/\/eirikurjonsson.is\/wp-content\/uploads\/2025\/02\/tviburar-2-1068x690.jpg 1068w, https:\/\/eirikurjonsson.is\/wp-content\/uploads\/2025\/02\/tviburar-2.jpg 1450w\" sizes=\"auto, (max-width: 300px) 100vw, 300px\" \/><\/p>\n<p>J\u00f3hannes og \u00c1svaldur Kristj\u00e1nssynir hafa m\u00e1la\u00f0 af og til \u00ed m\u00f6rg \u00e1r og teki\u00f0 \u00fe\u00e1tt \u00ed \u00fdmsum s\u00fdningum en aldrei saman. M\u00e1larast\u00edllinn er mj\u00f6g svipa\u00f0ur. \u00deeir \u00f3lust upp \u00ed M\u00fala \u00ed A\u00f0aldal vi\u00f0 fj\u00f6lbreytt sveitast\u00f6rf. \u00c1hugam\u00e1lin hafa legi\u00f0 \u00e1 svi\u00f0i hlj\u00f3\u00f0s og myndar en b\u00e1\u00f0ir eru \u00feeir rafeindavirkjar a\u00f0 mennt.<\/p>\n","protected":false},"excerpt":{"rendered":"<p>\u00cd tilefni af 60 \u00e1ra afm\u00e6li tv\u00edburabr\u00e6\u00f0ra (24. feb.) er loksins komi\u00f0 a\u00f0 fyrstu sams\u00fdningu \u00feeirra \u00ed Galler\u00ed G\u00f6ngum \u00ed H\u00e1teigskirkju 22. feb. kl. 14:00. Syningin heitir Tv\u00eds\u00fdn, a\u00f0 sj\u00e1lfs\u00f6g\u00f0u. J\u00f3hannes og \u00c1svaldur Kristj\u00e1nssynir hafa m\u00e1la\u00f0 af og til \u00ed m\u00f6rg \u00e1r og teki\u00f0 \u00fe\u00e1tt \u00ed \u00fdmsum s\u00fdningum en aldrei saman. M\u00e1larast\u00edllinn er mj\u00f6g svipa\u00f0ur. [&hellip;]<\/p>\n","protected":false},"author":2,"featured_media":5588,"comment_status":"open","ping_status":"open","sticky":false,"template":"","format":"standard","meta":{"_monsterinsights_skip_tracking":false,"_monsterinsights_sitenote_active":false,"_monsterinsights_sitenote_note":"","_monsterinsights_sitenote_category":0,"footnotes":""},"categories":[31],"tags":[],"class_list":{"0":"post-5587","1":"post","2":"type-post","3":"status-publish","4":"format-standard","5":"has-post-thumbnail","7":"category-greinar"},"yoast_head":"<!-- This site is optimized with the Yoast SEO plugin v22.0 - https:\/\/yoast.com\/wordpress\/plugins\/seo\/ -->\n<title>TV\u00cdBURAR \u00cd TAKT &#8211; Eir\u00edkur J\u00f3nsson<\/title>\n<meta name=\"robots\" content=\"index, follow, max-snippet:-1, max-image-preview:large, max-video-preview:-1\" \/>\n<link rel=\"canonical\" href=\"https:\/\/eirikurjonsson.is\/index.php\/2025\/02\/19\/tviburar-i-takt\/\" \/>\n<meta property=\"og:locale\" content=\"is_IS\" \/>\n<meta property=\"og:type\" content=\"article\" \/>\n<meta property=\"og:title\" content=\"TV\u00cdBURAR \u00cd TAKT &#8211; Eir\u00edkur J\u00f3nsson\" \/>\n<meta property=\"og:description\" content=\"\u00cd tilefni af 60 \u00e1ra afm\u00e6li tv\u00edburabr\u00e6\u00f0ra (24. feb.) er loksins komi\u00f0 a\u00f0 fyrstu sams\u00fdningu \u00feeirra \u00ed Galler\u00ed G\u00f6ngum \u00ed H\u00e1teigskirkju 22. feb. kl. 14:00. Syningin heitir Tv\u00eds\u00fdn, a\u00f0 sj\u00e1lfs\u00f6g\u00f0u. J\u00f3hannes og \u00c1svaldur Kristj\u00e1nssynir hafa m\u00e1la\u00f0 af og til \u00ed m\u00f6rg \u00e1r og teki\u00f0 \u00fe\u00e1tt \u00ed \u00fdmsum s\u00fdningum en aldrei saman. M\u00e1larast\u00edllinn er mj\u00f6g svipa\u00f0ur. [&hellip;]\" \/>\n<meta property=\"og:url\" content=\"https:\/\/eirikurjonsson.is\/index.php\/2025\/02\/19\/tviburar-i-takt\/\" \/>\n<meta property=\"og:site_name\" content=\"Eir\u00edkur J\u00f3nsson\" \/>\n<meta property=\"article:published_time\" content=\"2025-02-19T10:56:59+00:00\" \/>\n<meta property=\"article:modified_time\" content=\"2025-02-19T10:57:20+00:00\" \/>\n<meta property=\"og:image\" content=\"https:\/\/eirikurjonsson.is\/wp-content\/uploads\/2025\/02\/tviburar-1.jpg\" \/>\n\t<meta property=\"og:image:width\" content=\"1453\" \/>\n\t<meta property=\"og:image:height\" content=\"942\" \/>\n\t<meta property=\"og:image:type\" content=\"image\/jpeg\" \/>\n<meta name=\"author\" content=\"eir\" \/>\n<meta name=\"twitter:card\" content=\"summary_large_image\" \/>\n<meta name=\"twitter:label1\" content=\"Written by\" \/>\n\t<meta name=\"twitter:data1\" content=\"eir\" \/>\n\t<meta name=\"twitter:label2\" content=\"Est. reading time\" \/>\n\t<meta name=\"twitter:data2\" content=\"1 minute\" \/>\n<script type=\"application\/ld+json\" class=\"yoast-schema-graph\">{\"@context\":\"https:\/\/schema.org\",\"@graph\":[{\"@type\":\"WebPage\",\"@id\":\"https:\/\/eirikurjonsson.is\/index.php\/2025\/02\/19\/tviburar-i-takt\/\",\"url\":\"https:\/\/eirikurjonsson.is\/index.php\/2025\/02\/19\/tviburar-i-takt\/\",\"name\":\"TV\u00cdBURAR \u00cd TAKT &#8211; Eir\u00edkur J\u00f3nsson\",\"isPartOf\":{\"@id\":\"https:\/\/eirikurjonsson.is\/#website\"},\"datePublished\":\"2025-02-19T10:56:59+00:00\",\"dateModified\":\"2025-02-19T10:57:20+00:00\",\"author\":{\"@id\":\"https:\/\/eirikurjonsson.is\/#\/schema\/person\/308afa1d0e201918034e31b1da4f07a5\"},\"breadcrumb\":{\"@id\":\"https:\/\/eirikurjonsson.is\/index.php\/2025\/02\/19\/tviburar-i-takt\/#breadcrumb\"},\"inLanguage\":\"is\",\"potentialAction\":[{\"@type\":\"ReadAction\",\"target\":[\"https:\/\/eirikurjonsson.is\/index.php\/2025\/02\/19\/tviburar-i-takt\/\"]}]},{\"@type\":\"BreadcrumbList\",\"@id\":\"https:\/\/eirikurjonsson.is\/index.php\/2025\/02\/19\/tviburar-i-takt\/#breadcrumb\",\"itemListElement\":[{\"@type\":\"ListItem\",\"position\":1,\"name\":\"Home\",\"item\":\"https:\/\/eirikurjonsson.is\/\"},{\"@type\":\"ListItem\",\"position\":2,\"name\":\"TV\u00cdBURAR \u00cd TAKT\"}]},{\"@type\":\"WebSite\",\"@id\":\"https:\/\/eirikurjonsson.is\/#website\",\"url\":\"https:\/\/eirikurjonsson.is\/\",\"name\":\"Eir\u00edkur J\u00f3nsson\",\"description\":\"Eir\u00edkur J\u00f3nsson | EIR eirikurjonsson.is\",\"potentialAction\":[{\"@type\":\"SearchAction\",\"target\":{\"@type\":\"EntryPoint\",\"urlTemplate\":\"https:\/\/eirikurjonsson.is\/?s={search_term_string}\"},\"query-input\":\"required name=search_term_string\"}],\"inLanguage\":\"is\"},{\"@type\":\"Person\",\"@id\":\"https:\/\/eirikurjonsson.is\/#\/schema\/person\/308afa1d0e201918034e31b1da4f07a5\",\"name\":\"eir\",\"image\":{\"@type\":\"ImageObject\",\"inLanguage\":\"is\",\"@id\":\"https:\/\/eirikurjonsson.is\/#\/schema\/person\/image\/\",\"url\":\"https:\/\/secure.gravatar.com\/avatar\/b6748316a4400053a1fa9f4694b38d294dc5da6f4bacc727742bd8f3e689f87c?s=96&d=mm&r=g\",\"contentUrl\":\"https:\/\/secure.gravatar.com\/avatar\/b6748316a4400053a1fa9f4694b38d294dc5da6f4bacc727742bd8f3e689f87c?s=96&d=mm&r=g\",\"caption\":\"eir\"},\"url\":\"https:\/\/eirikurjonsson.is\/index.php\/author\/eir\/\"}]}<\/script>\n<!-- \/ Yoast SEO plugin. -->","yoast_head_json":{"title":"TV\u00cdBURAR \u00cd TAKT &#8211; Eir\u00edkur J\u00f3nsson","robots":{"index":"index","follow":"follow","max-snippet":"max-snippet:-1","max-image-preview":"max-image-preview:large","max-video-preview":"max-video-preview:-1"},"canonical":"https:\/\/eirikurjonsson.is\/index.php\/2025\/02\/19\/tviburar-i-takt\/","og_locale":"is_IS","og_type":"article","og_title":"TV\u00cdBURAR \u00cd TAKT &#8211; Eir\u00edkur J\u00f3nsson","og_description":"\u00cd tilefni af 60 \u00e1ra afm\u00e6li tv\u00edburabr\u00e6\u00f0ra (24. feb.) er loksins komi\u00f0 a\u00f0 fyrstu sams\u00fdningu \u00feeirra \u00ed Galler\u00ed G\u00f6ngum \u00ed H\u00e1teigskirkju 22. feb. kl. 14:00. Syningin heitir Tv\u00eds\u00fdn, a\u00f0 sj\u00e1lfs\u00f6g\u00f0u. J\u00f3hannes og \u00c1svaldur Kristj\u00e1nssynir hafa m\u00e1la\u00f0 af og til \u00ed m\u00f6rg \u00e1r og teki\u00f0 \u00fe\u00e1tt \u00ed \u00fdmsum s\u00fdningum en aldrei saman. M\u00e1larast\u00edllinn er mj\u00f6g svipa\u00f0ur. [&hellip;]","og_url":"https:\/\/eirikurjonsson.is\/index.php\/2025\/02\/19\/tviburar-i-takt\/","og_site_name":"Eir\u00edkur J\u00f3nsson","article_published_time":"2025-02-19T10:56:59+00:00","article_modified_time":"2025-02-19T10:57:20+00:00","og_image":[{"width":1453,"height":942,"url":"https:\/\/eirikurjonsson.is\/wp-content\/uploads\/2025\/02\/tviburar-1.jpg","type":"image\/jpeg"}],"author":"eir","twitter_card":"summary_large_image","twitter_misc":{"Written by":"eir","Est. reading time":"1 minute"},"schema":{"@context":"https:\/\/schema.org","@graph":[{"@type":"WebPage","@id":"https:\/\/eirikurjonsson.is\/index.php\/2025\/02\/19\/tviburar-i-takt\/","url":"https:\/\/eirikurjonsson.is\/index.php\/2025\/02\/19\/tviburar-i-takt\/","name":"TV\u00cdBURAR \u00cd TAKT &#8211; Eir\u00edkur J\u00f3nsson","isPartOf":{"@id":"https:\/\/eirikurjonsson.is\/#website"},"datePublished":"2025-02-19T10:56:59+00:00","dateModified":"2025-02-19T10:57:20+00:00","author":{"@id":"https:\/\/eirikurjonsson.is\/#\/schema\/person\/308afa1d0e201918034e31b1da4f07a5"},"breadcrumb":{"@id":"https:\/\/eirikurjonsson.is\/index.php\/2025\/02\/19\/tviburar-i-takt\/#breadcrumb"},"inLanguage":"is","potentialAction":[{"@type":"ReadAction","target":["https:\/\/eirikurjonsson.is\/index.php\/2025\/02\/19\/tviburar-i-takt\/"]}]},{"@type":"BreadcrumbList","@id":"https:\/\/eirikurjonsson.is\/index.php\/2025\/02\/19\/tviburar-i-takt\/#breadcrumb","itemListElement":[{"@type":"ListItem","position":1,"name":"Home","item":"https:\/\/eirikurjonsson.is\/"},{"@type":"ListItem","position":2,"name":"TV\u00cdBURAR \u00cd TAKT"}]},{"@type":"WebSite","@id":"https:\/\/eirikurjonsson.is\/#website","url":"https:\/\/eirikurjonsson.is\/","name":"Eir\u00edkur J\u00f3nsson","description":"Eir\u00edkur J\u00f3nsson | EIR eirikurjonsson.is","potentialAction":[{"@type":"SearchAction","target":{"@type":"EntryPoint","urlTemplate":"https:\/\/eirikurjonsson.is\/?s={search_term_string}"},"query-input":"required name=search_term_string"}],"inLanguage":"is"},{"@type":"Person","@id":"https:\/\/eirikurjonsson.is\/#\/schema\/person\/308afa1d0e201918034e31b1da4f07a5","name":"eir","image":{"@type":"ImageObject","inLanguage":"is","@id":"https:\/\/eirikurjonsson.is\/#\/schema\/person\/image\/","url":"https:\/\/secure.gravatar.com\/avatar\/b6748316a4400053a1fa9f4694b38d294dc5da6f4bacc727742bd8f3e689f87c?s=96&d=mm&r=g","contentUrl":"https:\/\/secure.gravatar.com\/avatar\/b6748316a4400053a1fa9f4694b38d294dc5da6f4bacc727742bd8f3e689f87c?s=96&d=mm&r=g","caption":"eir"},"url":"https:\/\/eirikurjonsson.is\/index.php\/author\/eir\/"}]}},"_links":{"self":[{"href":"https:\/\/eirikurjonsson.is\/index.php\/wp-json\/wp\/v2\/posts\/5587","targetHints":{"allow":["GET"]}}],"collection":[{"href":"https:\/\/eirikurjonsson.is\/index.php\/wp-json\/wp\/v2\/posts"}],"about":[{"href":"https:\/\/eirikurjonsson.is\/index.php\/wp-json\/wp\/v2\/types\/post"}],"author":[{"embeddable":true,"href":"https:\/\/eirikurjonsson.is\/index.php\/wp-json\/wp\/v2\/users\/2"}],"replies":[{"embeddable":true,"href":"https:\/\/eirikurjonsson.is\/index.php\/wp-json\/wp\/v2\/comments?post=5587"}],"version-history":[{"count":1,"href":"https:\/\/eirikurjonsson.is\/index.php\/wp-json\/wp\/v2\/posts\/5587\/revisions"}],"predecessor-version":[{"id":5590,"href":"https:\/\/eirikurjonsson.is\/index.php\/wp-json\/wp\/v2\/posts\/5587\/revisions\/5590"}],"wp:featuredmedia":[{"embeddable":true,"href":"https:\/\/eirikurjonsson.is\/index.php\/wp-json\/wp\/v2\/media\/5588"}],"wp:attachment":[{"href":"https:\/\/eirikurjonsson.is\/index.php\/wp-json\/wp\/v2\/media?parent=5587"}],"wp:term":[{"taxonomy":"category","embeddable":true,"href":"https:\/\/eirikurjonsson.is\/index.php\/wp-json\/wp\/v2\/categories?post=5587"},{"taxonomy":"post_tag","embeddable":true,"href":"https:\/\/eirikurjonsson.is\/index.php\/wp-json\/wp\/v2\/tags?post=5587"}],"curies":[{"name":"wp","href":"https:\/\/api.w.org\/{rel}","templated":true}]}}