{"id":5554,"date":"2025-02-17T19:21:26","date_gmt":"2025-02-17T19:21:26","guid":{"rendered":"https:\/\/eirikurjonsson.is\/?p=5554"},"modified":"2025-02-17T19:24:02","modified_gmt":"2025-02-17T19:24:02","slug":"ragna-og-orkupakki-3-i-ulfljoti","status":"publish","type":"post","link":"https:\/\/eirikurjonsson.is\/index.php\/2025\/02\/17\/ragna-og-orkupakki-3-i-ulfljoti\/","title":{"rendered":"RAGNA OG ORKUPAKKI 3 \u00cd \u00daLFLJ\u00d3TI"},"content":{"rendered":"<p>Ragna \u00c1rnad\u00f3ttir skrifstofustj\u00f3ri Al\u00feingis, fyrrum d\u00f3msm\u00e1lar\u00e1\u00f0herra \u00e1n \u00feingsetu og fyrrum a\u00f0sto\u00f0arforstj\u00f3ri Landsvirkjunnar um \u00e1rabil hefur veri\u00f0 r\u00e1\u00f0in forstj\u00f3ri Landsnets. Ragna er 58 \u00e1ra og gift Magn\u00fasi J\u00f3ni Bj\u00f6rnssyni tannl\u00e6kni.<\/p>\n<p>H\u00e9r er grein sem h\u00fan skrifa\u00f0i \u00ed \u00dalflj\u00f3t, t\u00edmarit laganema, um innlei\u00f0ingu orkupakka 3 sem hefur veri\u00f0 miki\u00f0 gagnr\u00fdnd \u00feegar \u00ed lj\u00f3s kom a\u00f0 raforkuver\u00f0 hefur h\u00e6kka\u00f0 mj\u00f6g:<a href=\"https:\/\/ulfljotur.com\/wp-content\/uploads\/2019\/02\/c39eric3b0ji-orkupakkinn_ragna-c381rnadc3b3ttir-1.pdf\"> Smelli\u00f0 h\u00e9r!<\/a><\/p>\n","protected":false},"excerpt":{"rendered":"<p>Ragna \u00c1rnad\u00f3ttir skrifstofustj\u00f3ri Al\u00feingis, fyrrum d\u00f3msm\u00e1lar\u00e1\u00f0herra \u00e1n \u00feingsetu og fyrrum a\u00f0sto\u00f0arforstj\u00f3ri Landsvirkjunnar um \u00e1rabil hefur veri\u00f0 r\u00e1\u00f0in forstj\u00f3ri Landsnets. Ragna er 58 \u00e1ra og gift Magn\u00fasi J\u00f3ni Bj\u00f6rnssyni tannl\u00e6kni. H\u00e9r er grein sem h\u00fan skrifa\u00f0i \u00ed \u00dalflj\u00f3t, t\u00edmarit laganema, um innlei\u00f0ingu orkupakka 3 sem hefur veri\u00f0 miki\u00f0 gagnr\u00fdnd \u00feegar \u00ed lj\u00f3s kom a\u00f0 raforkuver\u00f0 hefur [&hellip;]<\/p>\n","protected":false},"author":2,"featured_media":5556,"comment_status":"open","ping_status":"open","sticky":false,"template":"","format":"standard","meta":{"_monsterinsights_skip_tracking":false,"_monsterinsights_sitenote_active":false,"_monsterinsights_sitenote_note":"","_monsterinsights_sitenote_category":0,"footnotes":""},"categories":[31],"tags":[],"class_list":{"0":"post-5554","1":"post","2":"type-post","3":"status-publish","4":"format-standard","5":"has-post-thumbnail","7":"category-greinar"},"yoast_head":"<!-- This site is optimized with the Yoast SEO plugin v22.0 - https:\/\/yoast.com\/wordpress\/plugins\/seo\/ -->\n<title>RAGNA OG ORKUPAKKI 3 \u00cd \u00daLFLJ\u00d3TI &#8211; Eir\u00edkur J\u00f3nsson<\/title>\n<meta name=\"robots\" content=\"index, follow, max-snippet:-1, max-image-preview:large, max-video-preview:-1\" \/>\n<link rel=\"canonical\" href=\"https:\/\/eirikurjonsson.is\/index.php\/2025\/02\/17\/ragna-og-orkupakki-3-i-ulfljoti\/\" \/>\n<meta property=\"og:locale\" content=\"is_IS\" \/>\n<meta property=\"og:type\" content=\"article\" \/>\n<meta property=\"og:title\" content=\"RAGNA OG ORKUPAKKI 3 \u00cd \u00daLFLJ\u00d3TI &#8211; Eir\u00edkur J\u00f3nsson\" \/>\n<meta property=\"og:description\" content=\"Ragna \u00c1rnad\u00f3ttir skrifstofustj\u00f3ri Al\u00feingis, fyrrum d\u00f3msm\u00e1lar\u00e1\u00f0herra \u00e1n \u00feingsetu og fyrrum a\u00f0sto\u00f0arforstj\u00f3ri Landsvirkjunnar um \u00e1rabil hefur veri\u00f0 r\u00e1\u00f0in forstj\u00f3ri Landsnets. Ragna er 58 \u00e1ra og gift Magn\u00fasi J\u00f3ni Bj\u00f6rnssyni tannl\u00e6kni. H\u00e9r er grein sem h\u00fan skrifa\u00f0i \u00ed \u00dalflj\u00f3t, t\u00edmarit laganema, um innlei\u00f0ingu orkupakka 3 sem hefur veri\u00f0 miki\u00f0 gagnr\u00fdnd \u00feegar \u00ed lj\u00f3s kom a\u00f0 raforkuver\u00f0 hefur [&hellip;]\" \/>\n<meta property=\"og:url\" content=\"https:\/\/eirikurjonsson.is\/index.php\/2025\/02\/17\/ragna-og-orkupakki-3-i-ulfljoti\/\" \/>\n<meta property=\"og:site_name\" content=\"Eir\u00edkur J\u00f3nsson\" \/>\n<meta property=\"article:published_time\" content=\"2025-02-17T19:21:26+00:00\" \/>\n<meta property=\"article:modified_time\" content=\"2025-02-17T19:24:02+00:00\" \/>\n<meta property=\"og:image\" content=\"https:\/\/eirikurjonsson.is\/wp-content\/uploads\/2025\/02\/RAGNA.jpg\" \/>\n\t<meta property=\"og:image:width\" content=\"573\" \/>\n\t<meta property=\"og:image:height\" content=\"460\" \/>\n\t<meta property=\"og:image:type\" content=\"image\/jpeg\" \/>\n<meta name=\"author\" content=\"eir\" \/>\n<meta name=\"twitter:card\" content=\"summary_large_image\" \/>\n<meta name=\"twitter:label1\" content=\"Written by\" \/>\n\t<meta name=\"twitter:data1\" content=\"eir\" \/>\n\t<meta name=\"twitter:label2\" content=\"Est. reading time\" \/>\n\t<meta name=\"twitter:data2\" content=\"1 minute\" \/>\n<script type=\"application\/ld+json\" class=\"yoast-schema-graph\">{\"@context\":\"https:\/\/schema.org\",\"@graph\":[{\"@type\":\"WebPage\",\"@id\":\"https:\/\/eirikurjonsson.is\/index.php\/2025\/02\/17\/ragna-og-orkupakki-3-i-ulfljoti\/\",\"url\":\"https:\/\/eirikurjonsson.is\/index.php\/2025\/02\/17\/ragna-og-orkupakki-3-i-ulfljoti\/\",\"name\":\"RAGNA OG ORKUPAKKI 3 \u00cd \u00daLFLJ\u00d3TI &#8211; Eir\u00edkur J\u00f3nsson\",\"isPartOf\":{\"@id\":\"https:\/\/eirikurjonsson.is\/#website\"},\"datePublished\":\"2025-02-17T19:21:26+00:00\",\"dateModified\":\"2025-02-17T19:24:02+00:00\",\"author\":{\"@id\":\"https:\/\/eirikurjonsson.is\/#\/schema\/person\/308afa1d0e201918034e31b1da4f07a5\"},\"breadcrumb\":{\"@id\":\"https:\/\/eirikurjonsson.is\/index.php\/2025\/02\/17\/ragna-og-orkupakki-3-i-ulfljoti\/#breadcrumb\"},\"inLanguage\":\"is\",\"potentialAction\":[{\"@type\":\"ReadAction\",\"target\":[\"https:\/\/eirikurjonsson.is\/index.php\/2025\/02\/17\/ragna-og-orkupakki-3-i-ulfljoti\/\"]}]},{\"@type\":\"BreadcrumbList\",\"@id\":\"https:\/\/eirikurjonsson.is\/index.php\/2025\/02\/17\/ragna-og-orkupakki-3-i-ulfljoti\/#breadcrumb\",\"itemListElement\":[{\"@type\":\"ListItem\",\"position\":1,\"name\":\"Home\",\"item\":\"https:\/\/eirikurjonsson.is\/\"},{\"@type\":\"ListItem\",\"position\":2,\"name\":\"RAGNA OG ORKUPAKKI 3 \u00cd \u00daLFLJ\u00d3TI\"}]},{\"@type\":\"WebSite\",\"@id\":\"https:\/\/eirikurjonsson.is\/#website\",\"url\":\"https:\/\/eirikurjonsson.is\/\",\"name\":\"Eir\u00edkur J\u00f3nsson\",\"description\":\"Eir\u00edkur J\u00f3nsson | EIR eirikurjonsson.is\",\"potentialAction\":[{\"@type\":\"SearchAction\",\"target\":{\"@type\":\"EntryPoint\",\"urlTemplate\":\"https:\/\/eirikurjonsson.is\/?s={search_term_string}\"},\"query-input\":\"required name=search_term_string\"}],\"inLanguage\":\"is\"},{\"@type\":\"Person\",\"@id\":\"https:\/\/eirikurjonsson.is\/#\/schema\/person\/308afa1d0e201918034e31b1da4f07a5\",\"name\":\"eir\",\"image\":{\"@type\":\"ImageObject\",\"inLanguage\":\"is\",\"@id\":\"https:\/\/eirikurjonsson.is\/#\/schema\/person\/image\/\",\"url\":\"https:\/\/secure.gravatar.com\/avatar\/b6748316a4400053a1fa9f4694b38d294dc5da6f4bacc727742bd8f3e689f87c?s=96&d=mm&r=g\",\"contentUrl\":\"https:\/\/secure.gravatar.com\/avatar\/b6748316a4400053a1fa9f4694b38d294dc5da6f4bacc727742bd8f3e689f87c?s=96&d=mm&r=g\",\"caption\":\"eir\"},\"url\":\"https:\/\/eirikurjonsson.is\/index.php\/author\/eir\/\"}]}<\/script>\n<!-- \/ Yoast SEO plugin. -->","yoast_head_json":{"title":"RAGNA OG ORKUPAKKI 3 \u00cd \u00daLFLJ\u00d3TI &#8211; Eir\u00edkur J\u00f3nsson","robots":{"index":"index","follow":"follow","max-snippet":"max-snippet:-1","max-image-preview":"max-image-preview:large","max-video-preview":"max-video-preview:-1"},"canonical":"https:\/\/eirikurjonsson.is\/index.php\/2025\/02\/17\/ragna-og-orkupakki-3-i-ulfljoti\/","og_locale":"is_IS","og_type":"article","og_title":"RAGNA OG ORKUPAKKI 3 \u00cd \u00daLFLJ\u00d3TI &#8211; Eir\u00edkur J\u00f3nsson","og_description":"Ragna \u00c1rnad\u00f3ttir skrifstofustj\u00f3ri Al\u00feingis, fyrrum d\u00f3msm\u00e1lar\u00e1\u00f0herra \u00e1n \u00feingsetu og fyrrum a\u00f0sto\u00f0arforstj\u00f3ri Landsvirkjunnar um \u00e1rabil hefur veri\u00f0 r\u00e1\u00f0in forstj\u00f3ri Landsnets. Ragna er 58 \u00e1ra og gift Magn\u00fasi J\u00f3ni Bj\u00f6rnssyni tannl\u00e6kni. H\u00e9r er grein sem h\u00fan skrifa\u00f0i \u00ed \u00dalflj\u00f3t, t\u00edmarit laganema, um innlei\u00f0ingu orkupakka 3 sem hefur veri\u00f0 miki\u00f0 gagnr\u00fdnd \u00feegar \u00ed lj\u00f3s kom a\u00f0 raforkuver\u00f0 hefur [&hellip;]","og_url":"https:\/\/eirikurjonsson.is\/index.php\/2025\/02\/17\/ragna-og-orkupakki-3-i-ulfljoti\/","og_site_name":"Eir\u00edkur J\u00f3nsson","article_published_time":"2025-02-17T19:21:26+00:00","article_modified_time":"2025-02-17T19:24:02+00:00","og_image":[{"width":573,"height":460,"url":"https:\/\/eirikurjonsson.is\/wp-content\/uploads\/2025\/02\/RAGNA.jpg","type":"image\/jpeg"}],"author":"eir","twitter_card":"summary_large_image","twitter_misc":{"Written by":"eir","Est. reading time":"1 minute"},"schema":{"@context":"https:\/\/schema.org","@graph":[{"@type":"WebPage","@id":"https:\/\/eirikurjonsson.is\/index.php\/2025\/02\/17\/ragna-og-orkupakki-3-i-ulfljoti\/","url":"https:\/\/eirikurjonsson.is\/index.php\/2025\/02\/17\/ragna-og-orkupakki-3-i-ulfljoti\/","name":"RAGNA OG ORKUPAKKI 3 \u00cd \u00daLFLJ\u00d3TI &#8211; Eir\u00edkur J\u00f3nsson","isPartOf":{"@id":"https:\/\/eirikurjonsson.is\/#website"},"datePublished":"2025-02-17T19:21:26+00:00","dateModified":"2025-02-17T19:24:02+00:00","author":{"@id":"https:\/\/eirikurjonsson.is\/#\/schema\/person\/308afa1d0e201918034e31b1da4f07a5"},"breadcrumb":{"@id":"https:\/\/eirikurjonsson.is\/index.php\/2025\/02\/17\/ragna-og-orkupakki-3-i-ulfljoti\/#breadcrumb"},"inLanguage":"is","potentialAction":[{"@type":"ReadAction","target":["https:\/\/eirikurjonsson.is\/index.php\/2025\/02\/17\/ragna-og-orkupakki-3-i-ulfljoti\/"]}]},{"@type":"BreadcrumbList","@id":"https:\/\/eirikurjonsson.is\/index.php\/2025\/02\/17\/ragna-og-orkupakki-3-i-ulfljoti\/#breadcrumb","itemListElement":[{"@type":"ListItem","position":1,"name":"Home","item":"https:\/\/eirikurjonsson.is\/"},{"@type":"ListItem","position":2,"name":"RAGNA OG ORKUPAKKI 3 \u00cd \u00daLFLJ\u00d3TI"}]},{"@type":"WebSite","@id":"https:\/\/eirikurjonsson.is\/#website","url":"https:\/\/eirikurjonsson.is\/","name":"Eir\u00edkur J\u00f3nsson","description":"Eir\u00edkur J\u00f3nsson | EIR eirikurjonsson.is","potentialAction":[{"@type":"SearchAction","target":{"@type":"EntryPoint","urlTemplate":"https:\/\/eirikurjonsson.is\/?s={search_term_string}"},"query-input":"required name=search_term_string"}],"inLanguage":"is"},{"@type":"Person","@id":"https:\/\/eirikurjonsson.is\/#\/schema\/person\/308afa1d0e201918034e31b1da4f07a5","name":"eir","image":{"@type":"ImageObject","inLanguage":"is","@id":"https:\/\/eirikurjonsson.is\/#\/schema\/person\/image\/","url":"https:\/\/secure.gravatar.com\/avatar\/b6748316a4400053a1fa9f4694b38d294dc5da6f4bacc727742bd8f3e689f87c?s=96&d=mm&r=g","contentUrl":"https:\/\/secure.gravatar.com\/avatar\/b6748316a4400053a1fa9f4694b38d294dc5da6f4bacc727742bd8f3e689f87c?s=96&d=mm&r=g","caption":"eir"},"url":"https:\/\/eirikurjonsson.is\/index.php\/author\/eir\/"}]}},"_links":{"self":[{"href":"https:\/\/eirikurjonsson.is\/index.php\/wp-json\/wp\/v2\/posts\/5554","targetHints":{"allow":["GET"]}}],"collection":[{"href":"https:\/\/eirikurjonsson.is\/index.php\/wp-json\/wp\/v2\/posts"}],"about":[{"href":"https:\/\/eirikurjonsson.is\/index.php\/wp-json\/wp\/v2\/types\/post"}],"author":[{"embeddable":true,"href":"https:\/\/eirikurjonsson.is\/index.php\/wp-json\/wp\/v2\/users\/2"}],"replies":[{"embeddable":true,"href":"https:\/\/eirikurjonsson.is\/index.php\/wp-json\/wp\/v2\/comments?post=5554"}],"version-history":[{"count":1,"href":"https:\/\/eirikurjonsson.is\/index.php\/wp-json\/wp\/v2\/posts\/5554\/revisions"}],"predecessor-version":[{"id":5555,"href":"https:\/\/eirikurjonsson.is\/index.php\/wp-json\/wp\/v2\/posts\/5554\/revisions\/5555"}],"wp:featuredmedia":[{"embeddable":true,"href":"https:\/\/eirikurjonsson.is\/index.php\/wp-json\/wp\/v2\/media\/5556"}],"wp:attachment":[{"href":"https:\/\/eirikurjonsson.is\/index.php\/wp-json\/wp\/v2\/media?parent=5554"}],"wp:term":[{"taxonomy":"category","embeddable":true,"href":"https:\/\/eirikurjonsson.is\/index.php\/wp-json\/wp\/v2\/categories?post=5554"},{"taxonomy":"post_tag","embeddable":true,"href":"https:\/\/eirikurjonsson.is\/index.php\/wp-json\/wp\/v2\/tags?post=5554"}],"curies":[{"name":"wp","href":"https:\/\/api.w.org\/{rel}","templated":true}]}}