{"id":552,"date":"2024-02-01T14:10:48","date_gmt":"2024-02-01T14:10:48","guid":{"rendered":"https:\/\/eirikurjonsson.is\/?p=552"},"modified":"2024-02-01T14:10:48","modified_gmt":"2024-02-01T14:10:48","slug":"bidrod-eftir-aevisogu-afa-bjarna-ben","status":"publish","type":"post","link":"https:\/\/eirikurjonsson.is\/index.php\/2024\/02\/01\/bidrod-eftir-aevisogu-afa-bjarna-ben\/","title":{"rendered":"BI\u00d0R\u00d6\u00d0 EFTIR \u00c6VIS\u00d6GU AFA BJARNA BEN"},"content":{"rendered":"<p>Stef\u00e1n Bendiktsson arkitekt og fyrrum al\u00feingisma\u00f0ur \u00e6tla\u00f0i a\u00f0 n\u00e1 s\u00e9r \u00ed \u00e6viss\u00f6gu Sveins Ben \u00e1 b\u00f3kasafninu \u00ed Gar\u00f0ab\u00e6 en ni\u00f0jar Sveins b\u00faa margir \u00ed Gar\u00f0ab\u00e6 og fj\u00e1rm\u00e1laveldi \u00e6ttarinnar sem hann sk\u00f3p stendur \u00fear \u00ed bl\u00f3ma. Sveinn er afi Bjarna Ben sem n\u00fa r\u00edkir. En ekki f\u00e9kk Stef\u00e1n b\u00f3kina:<\/p>\n<div class=\"x1lliihq xjkvuk6 x1iorvi4\">\n<div class=\"xdj266r x11i5rnm xat24cr x1mh8g0r x1vvkbs\">\n<div dir=\"auto\">&#8222;Vi\u00f0 h\u00f6fum reynt a\u00f0 f\u00e1 \u00e6vis\u00f6gu Sveins Benediktssonar \u00ed B\u00f3kasafni Gar\u00f0ab\u00e6jar, en \u00fea\u00f0 er l\u00f6ng bi\u00f0r\u00f6\u00f0 eftir henni. Gar\u00f0b\u00e6ingar lesa greinilega h\u00e6gt.&#8220;<\/div>\n<\/div>\n<\/div>\n","protected":false},"excerpt":{"rendered":"<p>Stef\u00e1n Bendiktsson arkitekt og fyrrum al\u00feingisma\u00f0ur \u00e6tla\u00f0i a\u00f0 n\u00e1 s\u00e9r \u00ed \u00e6viss\u00f6gu Sveins Ben \u00e1 b\u00f3kasafninu \u00ed Gar\u00f0ab\u00e6 en ni\u00f0jar Sveins b\u00faa margir \u00ed Gar\u00f0ab\u00e6 og fj\u00e1rm\u00e1laveldi \u00e6ttarinnar sem hann sk\u00f3p stendur \u00fear \u00ed bl\u00f3ma. Sveinn er afi Bjarna Ben sem n\u00fa r\u00edkir. En ekki f\u00e9kk Stef\u00e1n b\u00f3kina: &#8222;Vi\u00f0 h\u00f6fum reynt a\u00f0 f\u00e1 \u00e6vis\u00f6gu Sveins [&hellip;]<\/p>\n","protected":false},"author":1,"featured_media":553,"comment_status":"open","ping_status":"open","sticky":false,"template":"","format":"standard","meta":{"_monsterinsights_skip_tracking":false,"_monsterinsights_sitenote_active":false,"_monsterinsights_sitenote_note":"","_monsterinsights_sitenote_category":0,"footnotes":""},"categories":[31],"tags":[],"class_list":{"0":"post-552","1":"post","2":"type-post","3":"status-publish","4":"format-standard","5":"has-post-thumbnail","7":"category-greinar"},"yoast_head":"<!-- This site is optimized with the Yoast SEO plugin v22.0 - https:\/\/yoast.com\/wordpress\/plugins\/seo\/ -->\n<title>BI\u00d0R\u00d6\u00d0 EFTIR \u00c6VIS\u00d6GU AFA BJARNA BEN &#8211; Eir\u00edkur J\u00f3nsson<\/title>\n<meta name=\"robots\" content=\"index, follow, max-snippet:-1, max-image-preview:large, max-video-preview:-1\" \/>\n<link rel=\"canonical\" href=\"https:\/\/eirikurjonsson.is\/index.php\/2024\/02\/01\/bidrod-eftir-aevisogu-afa-bjarna-ben\/\" \/>\n<meta property=\"og:locale\" content=\"is_IS\" \/>\n<meta property=\"og:type\" content=\"article\" \/>\n<meta property=\"og:title\" content=\"BI\u00d0R\u00d6\u00d0 EFTIR \u00c6VIS\u00d6GU AFA BJARNA BEN &#8211; Eir\u00edkur J\u00f3nsson\" \/>\n<meta property=\"og:description\" content=\"Stef\u00e1n Bendiktsson arkitekt og fyrrum al\u00feingisma\u00f0ur \u00e6tla\u00f0i a\u00f0 n\u00e1 s\u00e9r \u00ed \u00e6viss\u00f6gu Sveins Ben \u00e1 b\u00f3kasafninu \u00ed Gar\u00f0ab\u00e6 en ni\u00f0jar Sveins b\u00faa margir \u00ed Gar\u00f0ab\u00e6 og fj\u00e1rm\u00e1laveldi \u00e6ttarinnar sem hann sk\u00f3p stendur \u00fear \u00ed bl\u00f3ma. Sveinn er afi Bjarna Ben sem n\u00fa r\u00edkir. En ekki f\u00e9kk Stef\u00e1n b\u00f3kina: &#8222;Vi\u00f0 h\u00f6fum reynt a\u00f0 f\u00e1 \u00e6vis\u00f6gu Sveins [&hellip;]\" \/>\n<meta property=\"og:url\" content=\"https:\/\/eirikurjonsson.is\/index.php\/2024\/02\/01\/bidrod-eftir-aevisogu-afa-bjarna-ben\/\" \/>\n<meta property=\"og:site_name\" content=\"Eir\u00edkur J\u00f3nsson\" \/>\n<meta property=\"article:published_time\" content=\"2024-02-01T14:10:48+00:00\" \/>\n<meta property=\"og:image\" content=\"https:\/\/eirikurjonsson.is\/wp-content\/uploads\/2024\/02\/SVEINN-BEN-292x300-1.jpg\" \/>\n\t<meta property=\"og:image:width\" content=\"292\" \/>\n\t<meta property=\"og:image:height\" content=\"300\" \/>\n\t<meta property=\"og:image:type\" content=\"image\/jpeg\" \/>\n<meta name=\"author\" content=\"stjori\" \/>\n<meta name=\"twitter:card\" content=\"summary_large_image\" \/>\n<meta name=\"twitter:label1\" content=\"Written by\" \/>\n\t<meta name=\"twitter:data1\" content=\"stjori\" \/>\n<script type=\"application\/ld+json\" class=\"yoast-schema-graph\">{\"@context\":\"https:\/\/schema.org\",\"@graph\":[{\"@type\":\"WebPage\",\"@id\":\"https:\/\/eirikurjonsson.is\/index.php\/2024\/02\/01\/bidrod-eftir-aevisogu-afa-bjarna-ben\/\",\"url\":\"https:\/\/eirikurjonsson.is\/index.php\/2024\/02\/01\/bidrod-eftir-aevisogu-afa-bjarna-ben\/\",\"name\":\"BI\u00d0R\u00d6\u00d0 EFTIR \u00c6VIS\u00d6GU AFA BJARNA BEN &#8211; Eir\u00edkur J\u00f3nsson\",\"isPartOf\":{\"@id\":\"https:\/\/eirikurjonsson.is\/#website\"},\"datePublished\":\"2024-02-01T14:10:48+00:00\",\"dateModified\":\"2024-02-01T14:10:48+00:00\",\"author\":{\"@id\":\"https:\/\/eirikurjonsson.is\/#\/schema\/person\/36357868956acbe1cb9bd2bb9e8a2842\"},\"breadcrumb\":{\"@id\":\"https:\/\/eirikurjonsson.is\/index.php\/2024\/02\/01\/bidrod-eftir-aevisogu-afa-bjarna-ben\/#breadcrumb\"},\"inLanguage\":\"is\",\"potentialAction\":[{\"@type\":\"ReadAction\",\"target\":[\"https:\/\/eirikurjonsson.is\/index.php\/2024\/02\/01\/bidrod-eftir-aevisogu-afa-bjarna-ben\/\"]}]},{\"@type\":\"BreadcrumbList\",\"@id\":\"https:\/\/eirikurjonsson.is\/index.php\/2024\/02\/01\/bidrod-eftir-aevisogu-afa-bjarna-ben\/#breadcrumb\",\"itemListElement\":[{\"@type\":\"ListItem\",\"position\":1,\"name\":\"Home\",\"item\":\"https:\/\/eirikurjonsson.is\/\"},{\"@type\":\"ListItem\",\"position\":2,\"name\":\"BI\u00d0R\u00d6\u00d0 EFTIR \u00c6VIS\u00d6GU AFA BJARNA BEN\"}]},{\"@type\":\"WebSite\",\"@id\":\"https:\/\/eirikurjonsson.is\/#website\",\"url\":\"https:\/\/eirikurjonsson.is\/\",\"name\":\"Eir\u00edkur J\u00f3nsson\",\"description\":\"Eir\u00edkur J\u00f3nsson | EIR eirikurjonsson.is\",\"potentialAction\":[{\"@type\":\"SearchAction\",\"target\":{\"@type\":\"EntryPoint\",\"urlTemplate\":\"https:\/\/eirikurjonsson.is\/?s={search_term_string}\"},\"query-input\":\"required name=search_term_string\"}],\"inLanguage\":\"is\"},{\"@type\":\"Person\",\"@id\":\"https:\/\/eirikurjonsson.is\/#\/schema\/person\/36357868956acbe1cb9bd2bb9e8a2842\",\"name\":\"stjori\",\"image\":{\"@type\":\"ImageObject\",\"inLanguage\":\"is\",\"@id\":\"https:\/\/eirikurjonsson.is\/#\/schema\/person\/image\/\",\"url\":\"https:\/\/secure.gravatar.com\/avatar\/3ffddeb80b37eb697cfdd3d3f197cc33e270033ea29f9f5328322a184cb48c4a?s=96&d=mm&r=g\",\"contentUrl\":\"https:\/\/secure.gravatar.com\/avatar\/3ffddeb80b37eb697cfdd3d3f197cc33e270033ea29f9f5328322a184cb48c4a?s=96&d=mm&r=g\",\"caption\":\"stjori\"},\"sameAs\":[\"https:\/\/eirikurjonsson.is\"],\"url\":\"https:\/\/eirikurjonsson.is\/index.php\/author\/stjori\/\"}]}<\/script>\n<!-- \/ Yoast SEO plugin. -->","yoast_head_json":{"title":"BI\u00d0R\u00d6\u00d0 EFTIR \u00c6VIS\u00d6GU AFA BJARNA BEN &#8211; Eir\u00edkur J\u00f3nsson","robots":{"index":"index","follow":"follow","max-snippet":"max-snippet:-1","max-image-preview":"max-image-preview:large","max-video-preview":"max-video-preview:-1"},"canonical":"https:\/\/eirikurjonsson.is\/index.php\/2024\/02\/01\/bidrod-eftir-aevisogu-afa-bjarna-ben\/","og_locale":"is_IS","og_type":"article","og_title":"BI\u00d0R\u00d6\u00d0 EFTIR \u00c6VIS\u00d6GU AFA BJARNA BEN &#8211; Eir\u00edkur J\u00f3nsson","og_description":"Stef\u00e1n Bendiktsson arkitekt og fyrrum al\u00feingisma\u00f0ur \u00e6tla\u00f0i a\u00f0 n\u00e1 s\u00e9r \u00ed \u00e6viss\u00f6gu Sveins Ben \u00e1 b\u00f3kasafninu \u00ed Gar\u00f0ab\u00e6 en ni\u00f0jar Sveins b\u00faa margir \u00ed Gar\u00f0ab\u00e6 og fj\u00e1rm\u00e1laveldi \u00e6ttarinnar sem hann sk\u00f3p stendur \u00fear \u00ed bl\u00f3ma. Sveinn er afi Bjarna Ben sem n\u00fa r\u00edkir. En ekki f\u00e9kk Stef\u00e1n b\u00f3kina: &#8222;Vi\u00f0 h\u00f6fum reynt a\u00f0 f\u00e1 \u00e6vis\u00f6gu Sveins [&hellip;]","og_url":"https:\/\/eirikurjonsson.is\/index.php\/2024\/02\/01\/bidrod-eftir-aevisogu-afa-bjarna-ben\/","og_site_name":"Eir\u00edkur J\u00f3nsson","article_published_time":"2024-02-01T14:10:48+00:00","og_image":[{"width":292,"height":300,"url":"https:\/\/eirikurjonsson.is\/wp-content\/uploads\/2024\/02\/SVEINN-BEN-292x300-1.jpg","type":"image\/jpeg"}],"author":"stjori","twitter_card":"summary_large_image","twitter_misc":{"Written by":"stjori"},"schema":{"@context":"https:\/\/schema.org","@graph":[{"@type":"WebPage","@id":"https:\/\/eirikurjonsson.is\/index.php\/2024\/02\/01\/bidrod-eftir-aevisogu-afa-bjarna-ben\/","url":"https:\/\/eirikurjonsson.is\/index.php\/2024\/02\/01\/bidrod-eftir-aevisogu-afa-bjarna-ben\/","name":"BI\u00d0R\u00d6\u00d0 EFTIR \u00c6VIS\u00d6GU AFA BJARNA BEN &#8211; Eir\u00edkur J\u00f3nsson","isPartOf":{"@id":"https:\/\/eirikurjonsson.is\/#website"},"datePublished":"2024-02-01T14:10:48+00:00","dateModified":"2024-02-01T14:10:48+00:00","author":{"@id":"https:\/\/eirikurjonsson.is\/#\/schema\/person\/36357868956acbe1cb9bd2bb9e8a2842"},"breadcrumb":{"@id":"https:\/\/eirikurjonsson.is\/index.php\/2024\/02\/01\/bidrod-eftir-aevisogu-afa-bjarna-ben\/#breadcrumb"},"inLanguage":"is","potentialAction":[{"@type":"ReadAction","target":["https:\/\/eirikurjonsson.is\/index.php\/2024\/02\/01\/bidrod-eftir-aevisogu-afa-bjarna-ben\/"]}]},{"@type":"BreadcrumbList","@id":"https:\/\/eirikurjonsson.is\/index.php\/2024\/02\/01\/bidrod-eftir-aevisogu-afa-bjarna-ben\/#breadcrumb","itemListElement":[{"@type":"ListItem","position":1,"name":"Home","item":"https:\/\/eirikurjonsson.is\/"},{"@type":"ListItem","position":2,"name":"BI\u00d0R\u00d6\u00d0 EFTIR \u00c6VIS\u00d6GU AFA BJARNA BEN"}]},{"@type":"WebSite","@id":"https:\/\/eirikurjonsson.is\/#website","url":"https:\/\/eirikurjonsson.is\/","name":"Eir\u00edkur J\u00f3nsson","description":"Eir\u00edkur J\u00f3nsson | EIR eirikurjonsson.is","potentialAction":[{"@type":"SearchAction","target":{"@type":"EntryPoint","urlTemplate":"https:\/\/eirikurjonsson.is\/?s={search_term_string}"},"query-input":"required name=search_term_string"}],"inLanguage":"is"},{"@type":"Person","@id":"https:\/\/eirikurjonsson.is\/#\/schema\/person\/36357868956acbe1cb9bd2bb9e8a2842","name":"stjori","image":{"@type":"ImageObject","inLanguage":"is","@id":"https:\/\/eirikurjonsson.is\/#\/schema\/person\/image\/","url":"https:\/\/secure.gravatar.com\/avatar\/3ffddeb80b37eb697cfdd3d3f197cc33e270033ea29f9f5328322a184cb48c4a?s=96&d=mm&r=g","contentUrl":"https:\/\/secure.gravatar.com\/avatar\/3ffddeb80b37eb697cfdd3d3f197cc33e270033ea29f9f5328322a184cb48c4a?s=96&d=mm&r=g","caption":"stjori"},"sameAs":["https:\/\/eirikurjonsson.is"],"url":"https:\/\/eirikurjonsson.is\/index.php\/author\/stjori\/"}]}},"_links":{"self":[{"href":"https:\/\/eirikurjonsson.is\/index.php\/wp-json\/wp\/v2\/posts\/552","targetHints":{"allow":["GET"]}}],"collection":[{"href":"https:\/\/eirikurjonsson.is\/index.php\/wp-json\/wp\/v2\/posts"}],"about":[{"href":"https:\/\/eirikurjonsson.is\/index.php\/wp-json\/wp\/v2\/types\/post"}],"author":[{"embeddable":true,"href":"https:\/\/eirikurjonsson.is\/index.php\/wp-json\/wp\/v2\/users\/1"}],"replies":[{"embeddable":true,"href":"https:\/\/eirikurjonsson.is\/index.php\/wp-json\/wp\/v2\/comments?post=552"}],"version-history":[{"count":1,"href":"https:\/\/eirikurjonsson.is\/index.php\/wp-json\/wp\/v2\/posts\/552\/revisions"}],"predecessor-version":[{"id":554,"href":"https:\/\/eirikurjonsson.is\/index.php\/wp-json\/wp\/v2\/posts\/552\/revisions\/554"}],"wp:featuredmedia":[{"embeddable":true,"href":"https:\/\/eirikurjonsson.is\/index.php\/wp-json\/wp\/v2\/media\/553"}],"wp:attachment":[{"href":"https:\/\/eirikurjonsson.is\/index.php\/wp-json\/wp\/v2\/media?parent=552"}],"wp:term":[{"taxonomy":"category","embeddable":true,"href":"https:\/\/eirikurjonsson.is\/index.php\/wp-json\/wp\/v2\/categories?post=552"},{"taxonomy":"post_tag","embeddable":true,"href":"https:\/\/eirikurjonsson.is\/index.php\/wp-json\/wp\/v2\/tags?post=552"}],"curies":[{"name":"wp","href":"https:\/\/api.w.org\/{rel}","templated":true}]}}