{"id":549,"date":"2024-02-01T14:10:11","date_gmt":"2024-02-01T14:10:11","guid":{"rendered":"https:\/\/eirikurjonsson.is\/?p=549"},"modified":"2024-02-01T14:10:11","modified_gmt":"2024-02-01T14:10:11","slug":"oldugangur-a-88-milljarda","status":"publish","type":"post","link":"https:\/\/eirikurjonsson.is\/index.php\/2024\/02\/01\/oldugangur-a-88-milljarda\/","title":{"rendered":"\u00d6LDUGANGUR \u00c1 8,8 MILLJAR\u00d0A"},"content":{"rendered":"<p>Alda, br\u00fa yfir Fossvog, var til kynningar hj\u00e1 umhverfis- og skipulagsr\u00e1\u00f0i Reykjav\u00edkurborgar \u00ed morgun. Undirb\u00faningur fyrir \u00fatbo\u00f0 er langt \u00e1 veg kominn en tv\u00f6 \u00fatbo\u00f0 eru \u00ed undirb\u00faningi, annars vegar fyrir fyllingar og hins vegar fyrir sm\u00ed\u00f0i br\u00faarinnar. Alda er \u00e6tlu\u00f0 gangandi og hj\u00f3landi vegfarendum, \u00e1samt \u00fev\u00ed a\u00f0 vera lykillinn a\u00f0 lei\u00f0 Borgarl\u00ednunnar yfir Fossvog.\u00a0<u><\/u><u><\/u><\/p>\n<p>\u00c1\u00e6tla\u00f0 er a\u00f0 fyrsta \u00fatbo\u00f0 af tveimur fari fram me\u00f0 vorinu en \u00fe\u00e1 ver\u00f0a fyllingar bo\u00f0nar \u00fat. Fyllingar \u00ed Skerjafir\u00f0i ver\u00f0a hluti af \u00fev\u00ed \u00fatbo\u00f0i.\u00a0<u><\/u><u><\/u><\/p>\n<p>\u00datbo\u00f0 \u00e1 sm\u00ed\u00f0i br\u00faarinnar og landm\u00f3tun er s\u00ed\u00f0an fyrirhuga\u00f0 um mitt sumar. \u00cd s\u00ed\u00f0ari \u00fatbo\u00f0inu er me\u00f0al annars gert r\u00e1\u00f0 fyrir 900 tonnum af st\u00e1li \u00ed yfirbyggingu br\u00faarinnar, sem ver\u00f0ur \u00ed fimm h\u00f6fum me\u00f0 steyptu br\u00faarg\u00f3lfi. Gert er r\u00e1\u00f0 fyrir a\u00f0 st\u00f3rar forsm\u00ed\u00f0a\u00f0ar einingar ver\u00f0i nota\u00f0ar \u00ed st\u00f6pla og yfirbyggingu. Br\u00fain ver\u00f0ur 270 m a\u00f0 lengd.<u><\/u><u><\/u><\/p>\n<p>Taka \u00fearf s\u00e9rstakt tillit til starfsemi Reykjav\u00edkurflugvallar \u00ed b\u00e1\u00f0um \u00fatbo\u00f0um og \u00feau \u00e1hrif sem flugumfer\u00f0 hefur \u00e1 framkv\u00e6mdir vi\u00f0 fyllingar og byggingu br\u00faarinnar.<u><\/u><u><\/u><\/p>\n<p>\u00c1\u00e6tla\u00f0 er a\u00f0 vinna vi\u00f0 landfyllingar hefjist \u00ed sumar og a\u00f0 byrja\u00f0 ver\u00f0i \u00e1 K\u00e1rsnesi. \u00cd byrjun n\u00e6sta \u00e1rs er svo \u00e1\u00e6tla\u00f0 a\u00f0 hefja vinnu vi\u00f0 br\u00faarger\u00f0 og landfyllingar Reykjav\u00edkurmegin. Fyrirhuga\u00f0 er a\u00f0 hefja vinnu vi\u00f0 landfyllingar \u00ed Skerjafir\u00f0i \u00e1ri\u00f0 2026 og samhli\u00f0a ver\u00f0ur unni\u00f0 vi\u00f0 br\u00faarger\u00f0. Verklok eru \u00e1\u00e6tlu\u00f0 \u00e1 \u00e1rinu 2027.\u00a0<u><\/u><u><\/u><\/p>\n<p>\u00c1\u00e6tla\u00f0ur kostna\u00f0ur vi\u00f0 br\u00fana eru 6,7 milljar\u00f0ar kr\u00f3na. \u00c1\u00e6tla\u00f0ur kostna\u00f0ur vi\u00f0 landm\u00f3tun og yfirbor\u00f0sfr\u00e1gang er 2,1 milljar\u00f0ur kr\u00f3na.<u><\/u><u><\/u><\/p>\n<p><img loading=\"lazy\" decoding=\"async\" class=\"alignnone size-full wp-image-45593\" src=\"https:\/\/eirikurjonsson.is\/wp-content\/uploads\/2024\/02\/ALDA-2.jpg\" alt=\"\" width=\"1000\" height=\"562\" \/><\/p>\n","protected":false},"excerpt":{"rendered":"<p>Alda, br\u00fa yfir Fossvog, var til kynningar hj\u00e1 umhverfis- og skipulagsr\u00e1\u00f0i Reykjav\u00edkurborgar \u00ed morgun. Undirb\u00faningur fyrir \u00fatbo\u00f0 er langt \u00e1 veg kominn en tv\u00f6 \u00fatbo\u00f0 eru \u00ed undirb\u00faningi, annars vegar fyrir fyllingar og hins vegar fyrir sm\u00ed\u00f0i br\u00faarinnar. Alda er \u00e6tlu\u00f0 gangandi og hj\u00f3landi vegfarendum, \u00e1samt \u00fev\u00ed a\u00f0 vera lykillinn a\u00f0 lei\u00f0 Borgarl\u00ednunnar yfir Fossvog.\u00a0 [&hellip;]<\/p>\n","protected":false},"author":1,"featured_media":550,"comment_status":"open","ping_status":"open","sticky":false,"template":"","format":"standard","meta":{"_monsterinsights_skip_tracking":false,"_monsterinsights_sitenote_active":false,"_monsterinsights_sitenote_note":"","_monsterinsights_sitenote_category":0,"footnotes":""},"categories":[30],"tags":[],"class_list":{"0":"post-549","1":"post","2":"type-post","3":"status-publish","4":"format-standard","5":"has-post-thumbnail","7":"category-sagt-er"},"yoast_head":"<!-- This site is optimized with the Yoast SEO plugin v22.0 - https:\/\/yoast.com\/wordpress\/plugins\/seo\/ -->\n<title>\u00d6LDUGANGUR \u00c1 8,8 MILLJAR\u00d0A &#8211; Eir\u00edkur J\u00f3nsson<\/title>\n<meta name=\"robots\" content=\"index, follow, max-snippet:-1, max-image-preview:large, max-video-preview:-1\" \/>\n<link rel=\"canonical\" href=\"https:\/\/eirikurjonsson.is\/index.php\/2024\/02\/01\/oldugangur-a-88-milljarda\/\" \/>\n<meta property=\"og:locale\" content=\"is_IS\" \/>\n<meta property=\"og:type\" content=\"article\" \/>\n<meta property=\"og:title\" content=\"\u00d6LDUGANGUR \u00c1 8,8 MILLJAR\u00d0A &#8211; Eir\u00edkur J\u00f3nsson\" \/>\n<meta property=\"og:description\" content=\"Alda, br\u00fa yfir Fossvog, var til kynningar hj\u00e1 umhverfis- og skipulagsr\u00e1\u00f0i Reykjav\u00edkurborgar \u00ed morgun. Undirb\u00faningur fyrir \u00fatbo\u00f0 er langt \u00e1 veg kominn en tv\u00f6 \u00fatbo\u00f0 eru \u00ed undirb\u00faningi, annars vegar fyrir fyllingar og hins vegar fyrir sm\u00ed\u00f0i br\u00faarinnar. Alda er \u00e6tlu\u00f0 gangandi og hj\u00f3landi vegfarendum, \u00e1samt \u00fev\u00ed a\u00f0 vera lykillinn a\u00f0 lei\u00f0 Borgarl\u00ednunnar yfir Fossvog.\u00a0 [&hellip;]\" \/>\n<meta property=\"og:url\" content=\"https:\/\/eirikurjonsson.is\/index.php\/2024\/02\/01\/oldugangur-a-88-milljarda\/\" \/>\n<meta property=\"og:site_name\" content=\"Eir\u00edkur J\u00f3nsson\" \/>\n<meta property=\"article:published_time\" content=\"2024-02-01T14:10:11+00:00\" \/>\n<meta property=\"og:image\" content=\"https:\/\/eirikurjonsson.is\/wp-content\/uploads\/2024\/02\/ALDA-1-300x221-1.jpg\" \/>\n\t<meta property=\"og:image:width\" content=\"300\" \/>\n\t<meta property=\"og:image:height\" content=\"221\" \/>\n\t<meta property=\"og:image:type\" content=\"image\/jpeg\" \/>\n<meta name=\"author\" content=\"stjori\" \/>\n<meta name=\"twitter:card\" content=\"summary_large_image\" \/>\n<meta name=\"twitter:label1\" content=\"Written by\" \/>\n\t<meta name=\"twitter:data1\" content=\"stjori\" \/>\n\t<meta name=\"twitter:label2\" content=\"Est. reading time\" \/>\n\t<meta name=\"twitter:data2\" content=\"1 minute\" \/>\n<script type=\"application\/ld+json\" class=\"yoast-schema-graph\">{\"@context\":\"https:\/\/schema.org\",\"@graph\":[{\"@type\":\"WebPage\",\"@id\":\"https:\/\/eirikurjonsson.is\/index.php\/2024\/02\/01\/oldugangur-a-88-milljarda\/\",\"url\":\"https:\/\/eirikurjonsson.is\/index.php\/2024\/02\/01\/oldugangur-a-88-milljarda\/\",\"name\":\"\u00d6LDUGANGUR \u00c1 8,8 MILLJAR\u00d0A &#8211; Eir\u00edkur J\u00f3nsson\",\"isPartOf\":{\"@id\":\"https:\/\/eirikurjonsson.is\/#website\"},\"datePublished\":\"2024-02-01T14:10:11+00:00\",\"dateModified\":\"2024-02-01T14:10:11+00:00\",\"author\":{\"@id\":\"https:\/\/eirikurjonsson.is\/#\/schema\/person\/36357868956acbe1cb9bd2bb9e8a2842\"},\"breadcrumb\":{\"@id\":\"https:\/\/eirikurjonsson.is\/index.php\/2024\/02\/01\/oldugangur-a-88-milljarda\/#breadcrumb\"},\"inLanguage\":\"is\",\"potentialAction\":[{\"@type\":\"ReadAction\",\"target\":[\"https:\/\/eirikurjonsson.is\/index.php\/2024\/02\/01\/oldugangur-a-88-milljarda\/\"]}]},{\"@type\":\"BreadcrumbList\",\"@id\":\"https:\/\/eirikurjonsson.is\/index.php\/2024\/02\/01\/oldugangur-a-88-milljarda\/#breadcrumb\",\"itemListElement\":[{\"@type\":\"ListItem\",\"position\":1,\"name\":\"Home\",\"item\":\"https:\/\/eirikurjonsson.is\/\"},{\"@type\":\"ListItem\",\"position\":2,\"name\":\"\u00d6LDUGANGUR \u00c1 8,8 MILLJAR\u00d0A\"}]},{\"@type\":\"WebSite\",\"@id\":\"https:\/\/eirikurjonsson.is\/#website\",\"url\":\"https:\/\/eirikurjonsson.is\/\",\"name\":\"Eir\u00edkur J\u00f3nsson\",\"description\":\"Eir\u00edkur J\u00f3nsson | EIR eirikurjonsson.is\",\"potentialAction\":[{\"@type\":\"SearchAction\",\"target\":{\"@type\":\"EntryPoint\",\"urlTemplate\":\"https:\/\/eirikurjonsson.is\/?s={search_term_string}\"},\"query-input\":\"required name=search_term_string\"}],\"inLanguage\":\"is\"},{\"@type\":\"Person\",\"@id\":\"https:\/\/eirikurjonsson.is\/#\/schema\/person\/36357868956acbe1cb9bd2bb9e8a2842\",\"name\":\"stjori\",\"image\":{\"@type\":\"ImageObject\",\"inLanguage\":\"is\",\"@id\":\"https:\/\/eirikurjonsson.is\/#\/schema\/person\/image\/\",\"url\":\"https:\/\/secure.gravatar.com\/avatar\/3ffddeb80b37eb697cfdd3d3f197cc33e270033ea29f9f5328322a184cb48c4a?s=96&d=mm&r=g\",\"contentUrl\":\"https:\/\/secure.gravatar.com\/avatar\/3ffddeb80b37eb697cfdd3d3f197cc33e270033ea29f9f5328322a184cb48c4a?s=96&d=mm&r=g\",\"caption\":\"stjori\"},\"sameAs\":[\"https:\/\/eirikurjonsson.is\"],\"url\":\"https:\/\/eirikurjonsson.is\/index.php\/author\/stjori\/\"}]}<\/script>\n<!-- \/ Yoast SEO plugin. -->","yoast_head_json":{"title":"\u00d6LDUGANGUR \u00c1 8,8 MILLJAR\u00d0A &#8211; Eir\u00edkur J\u00f3nsson","robots":{"index":"index","follow":"follow","max-snippet":"max-snippet:-1","max-image-preview":"max-image-preview:large","max-video-preview":"max-video-preview:-1"},"canonical":"https:\/\/eirikurjonsson.is\/index.php\/2024\/02\/01\/oldugangur-a-88-milljarda\/","og_locale":"is_IS","og_type":"article","og_title":"\u00d6LDUGANGUR \u00c1 8,8 MILLJAR\u00d0A &#8211; Eir\u00edkur J\u00f3nsson","og_description":"Alda, br\u00fa yfir Fossvog, var til kynningar hj\u00e1 umhverfis- og skipulagsr\u00e1\u00f0i Reykjav\u00edkurborgar \u00ed morgun. Undirb\u00faningur fyrir \u00fatbo\u00f0 er langt \u00e1 veg kominn en tv\u00f6 \u00fatbo\u00f0 eru \u00ed undirb\u00faningi, annars vegar fyrir fyllingar og hins vegar fyrir sm\u00ed\u00f0i br\u00faarinnar. Alda er \u00e6tlu\u00f0 gangandi og hj\u00f3landi vegfarendum, \u00e1samt \u00fev\u00ed a\u00f0 vera lykillinn a\u00f0 lei\u00f0 Borgarl\u00ednunnar yfir Fossvog.\u00a0 [&hellip;]","og_url":"https:\/\/eirikurjonsson.is\/index.php\/2024\/02\/01\/oldugangur-a-88-milljarda\/","og_site_name":"Eir\u00edkur J\u00f3nsson","article_published_time":"2024-02-01T14:10:11+00:00","og_image":[{"width":300,"height":221,"url":"https:\/\/eirikurjonsson.is\/wp-content\/uploads\/2024\/02\/ALDA-1-300x221-1.jpg","type":"image\/jpeg"}],"author":"stjori","twitter_card":"summary_large_image","twitter_misc":{"Written by":"stjori","Est. reading time":"1 minute"},"schema":{"@context":"https:\/\/schema.org","@graph":[{"@type":"WebPage","@id":"https:\/\/eirikurjonsson.is\/index.php\/2024\/02\/01\/oldugangur-a-88-milljarda\/","url":"https:\/\/eirikurjonsson.is\/index.php\/2024\/02\/01\/oldugangur-a-88-milljarda\/","name":"\u00d6LDUGANGUR \u00c1 8,8 MILLJAR\u00d0A &#8211; Eir\u00edkur J\u00f3nsson","isPartOf":{"@id":"https:\/\/eirikurjonsson.is\/#website"},"datePublished":"2024-02-01T14:10:11+00:00","dateModified":"2024-02-01T14:10:11+00:00","author":{"@id":"https:\/\/eirikurjonsson.is\/#\/schema\/person\/36357868956acbe1cb9bd2bb9e8a2842"},"breadcrumb":{"@id":"https:\/\/eirikurjonsson.is\/index.php\/2024\/02\/01\/oldugangur-a-88-milljarda\/#breadcrumb"},"inLanguage":"is","potentialAction":[{"@type":"ReadAction","target":["https:\/\/eirikurjonsson.is\/index.php\/2024\/02\/01\/oldugangur-a-88-milljarda\/"]}]},{"@type":"BreadcrumbList","@id":"https:\/\/eirikurjonsson.is\/index.php\/2024\/02\/01\/oldugangur-a-88-milljarda\/#breadcrumb","itemListElement":[{"@type":"ListItem","position":1,"name":"Home","item":"https:\/\/eirikurjonsson.is\/"},{"@type":"ListItem","position":2,"name":"\u00d6LDUGANGUR \u00c1 8,8 MILLJAR\u00d0A"}]},{"@type":"WebSite","@id":"https:\/\/eirikurjonsson.is\/#website","url":"https:\/\/eirikurjonsson.is\/","name":"Eir\u00edkur J\u00f3nsson","description":"Eir\u00edkur J\u00f3nsson | EIR eirikurjonsson.is","potentialAction":[{"@type":"SearchAction","target":{"@type":"EntryPoint","urlTemplate":"https:\/\/eirikurjonsson.is\/?s={search_term_string}"},"query-input":"required name=search_term_string"}],"inLanguage":"is"},{"@type":"Person","@id":"https:\/\/eirikurjonsson.is\/#\/schema\/person\/36357868956acbe1cb9bd2bb9e8a2842","name":"stjori","image":{"@type":"ImageObject","inLanguage":"is","@id":"https:\/\/eirikurjonsson.is\/#\/schema\/person\/image\/","url":"https:\/\/secure.gravatar.com\/avatar\/3ffddeb80b37eb697cfdd3d3f197cc33e270033ea29f9f5328322a184cb48c4a?s=96&d=mm&r=g","contentUrl":"https:\/\/secure.gravatar.com\/avatar\/3ffddeb80b37eb697cfdd3d3f197cc33e270033ea29f9f5328322a184cb48c4a?s=96&d=mm&r=g","caption":"stjori"},"sameAs":["https:\/\/eirikurjonsson.is"],"url":"https:\/\/eirikurjonsson.is\/index.php\/author\/stjori\/"}]}},"_links":{"self":[{"href":"https:\/\/eirikurjonsson.is\/index.php\/wp-json\/wp\/v2\/posts\/549","targetHints":{"allow":["GET"]}}],"collection":[{"href":"https:\/\/eirikurjonsson.is\/index.php\/wp-json\/wp\/v2\/posts"}],"about":[{"href":"https:\/\/eirikurjonsson.is\/index.php\/wp-json\/wp\/v2\/types\/post"}],"author":[{"embeddable":true,"href":"https:\/\/eirikurjonsson.is\/index.php\/wp-json\/wp\/v2\/users\/1"}],"replies":[{"embeddable":true,"href":"https:\/\/eirikurjonsson.is\/index.php\/wp-json\/wp\/v2\/comments?post=549"}],"version-history":[{"count":1,"href":"https:\/\/eirikurjonsson.is\/index.php\/wp-json\/wp\/v2\/posts\/549\/revisions"}],"predecessor-version":[{"id":551,"href":"https:\/\/eirikurjonsson.is\/index.php\/wp-json\/wp\/v2\/posts\/549\/revisions\/551"}],"wp:featuredmedia":[{"embeddable":true,"href":"https:\/\/eirikurjonsson.is\/index.php\/wp-json\/wp\/v2\/media\/550"}],"wp:attachment":[{"href":"https:\/\/eirikurjonsson.is\/index.php\/wp-json\/wp\/v2\/media?parent=549"}],"wp:term":[{"taxonomy":"category","embeddable":true,"href":"https:\/\/eirikurjonsson.is\/index.php\/wp-json\/wp\/v2\/categories?post=549"},{"taxonomy":"post_tag","embeddable":true,"href":"https:\/\/eirikurjonsson.is\/index.php\/wp-json\/wp\/v2\/tags?post=549"}],"curies":[{"name":"wp","href":"https:\/\/api.w.org\/{rel}","templated":true}]}}