{"id":5340,"date":"2025-02-04T13:54:15","date_gmt":"2025-02-04T13:54:15","guid":{"rendered":"https:\/\/eirikurjonsson.is\/?p=5340"},"modified":"2025-02-04T13:54:34","modified_gmt":"2025-02-04T13:54:34","slug":"ulfar-undirbyr-jardarfor-sina","status":"publish","type":"post","link":"https:\/\/eirikurjonsson.is\/index.php\/2025\/02\/04\/ulfar-undirbyr-jardarfor-sina\/","title":{"rendered":"\u00daLFAR UNDIRB\u00ddR JAR\u00d0ARF\u00d6R S\u00cdNA"},"content":{"rendered":"<p>&#8222;Fyrir nokkrum \u00e1rum sag\u00f0i Roger a\u00f0 \u00e9g \u00feyrfti a\u00f0 segja s\u00e9r hvar \u00e6tti a\u00f0 jar\u00f0a mig og hvernig jar\u00f0arf\u00f6rin \u00e6tti a\u00f0 vera. Hann \u00e6tla\u00f0i a\u00f0 gera \u00fea\u00f0 sama,&#8220; segir \u00dalfar Bragason fr\u00e1 Akureyri, fyrrum forst\u00f6\u00f0uma\u00f0ur Stofnunar Sigur\u00f0ar Nordal og n\u00fa eldri borgari \u00e1 eigin vegum:<\/p>\n<p>&#8222;\u00c9g settist ni\u00f0ur og skrifa\u00f0i dagskr\u00e1 &#8211; a\u00f0allega t\u00f3nlist. Hann sag\u00f0i \u00feetta allt of miki\u00f0 &#8211; \u00e9g sag\u00f0i a\u00f0 \u00fea\u00f0 \u00feyrfti a\u00f0 skemmta f\u00f3lki. N\u00fa er \u00e9g a\u00f0 skera \u00feetta ni\u00f0ur. En sem sagt eitt er nau\u00f0synlegt, sleppa r\u00e6\u00f0u og lesa heldur yfir m\u00e9r dau\u00f0um texta afa m\u00edns \u00far Skriftam\u00e1lum einsetumanninsins: N\u00e1v\u00edst hins \u00f3s\u00fdnilega. Svo m\u00e1 au\u00f0vita\u00f0 ekki gleyma a\u00f0 syngja \u201eN\u00fa hn\u00edgur s\u00f3l\u201c. Textann ger\u00f0i fr\u00e6ndi minn, Axel Gu\u00f0mundsson fr\u00e1 Gr\u00edmsh\u00fasum. Afi og Axel voru b\u00e1\u00f0ir afkomendur H\u00f3lmfr\u00ed\u00f0ar Indri\u00f0ad\u00f3ttur sk\u00e1ldkonu \u00e1 Hafral\u00e6k.&#8220;<\/p>\n","protected":false},"excerpt":{"rendered":"<p>&#8222;Fyrir nokkrum \u00e1rum sag\u00f0i Roger a\u00f0 \u00e9g \u00feyrfti a\u00f0 segja s\u00e9r hvar \u00e6tti a\u00f0 jar\u00f0a mig og hvernig jar\u00f0arf\u00f6rin \u00e6tti a\u00f0 vera. Hann \u00e6tla\u00f0i a\u00f0 gera \u00fea\u00f0 sama,&#8220; segir \u00dalfar Bragason fr\u00e1 Akureyri, fyrrum forst\u00f6\u00f0uma\u00f0ur Stofnunar Sigur\u00f0ar Nordal og n\u00fa eldri borgari \u00e1 eigin vegum: &#8222;\u00c9g settist ni\u00f0ur og skrifa\u00f0i dagskr\u00e1 &#8211; a\u00f0allega t\u00f3nlist. Hann [&hellip;]<\/p>\n","protected":false},"author":2,"featured_media":5341,"comment_status":"open","ping_status":"open","sticky":false,"template":"","format":"standard","meta":{"_monsterinsights_skip_tracking":false,"_monsterinsights_sitenote_active":false,"_monsterinsights_sitenote_note":"","_monsterinsights_sitenote_category":0,"footnotes":""},"categories":[31],"tags":[],"class_list":{"0":"post-5340","1":"post","2":"type-post","3":"status-publish","4":"format-standard","5":"has-post-thumbnail","7":"category-greinar"},"yoast_head":"<!-- This site is optimized with the Yoast SEO plugin v22.0 - https:\/\/yoast.com\/wordpress\/plugins\/seo\/ -->\n<title>\u00daLFAR UNDIRB\u00ddR JAR\u00d0ARF\u00d6R S\u00cdNA &#8211; Eir\u00edkur J\u00f3nsson<\/title>\n<meta name=\"robots\" content=\"index, follow, max-snippet:-1, max-image-preview:large, max-video-preview:-1\" \/>\n<link rel=\"canonical\" href=\"https:\/\/eirikurjonsson.is\/index.php\/2025\/02\/04\/ulfar-undirbyr-jardarfor-sina\/\" \/>\n<meta property=\"og:locale\" content=\"is_IS\" \/>\n<meta property=\"og:type\" content=\"article\" \/>\n<meta property=\"og:title\" content=\"\u00daLFAR UNDIRB\u00ddR JAR\u00d0ARF\u00d6R S\u00cdNA &#8211; Eir\u00edkur J\u00f3nsson\" \/>\n<meta property=\"og:description\" content=\"&#8222;Fyrir nokkrum \u00e1rum sag\u00f0i Roger a\u00f0 \u00e9g \u00feyrfti a\u00f0 segja s\u00e9r hvar \u00e6tti a\u00f0 jar\u00f0a mig og hvernig jar\u00f0arf\u00f6rin \u00e6tti a\u00f0 vera. Hann \u00e6tla\u00f0i a\u00f0 gera \u00fea\u00f0 sama,&#8220; segir \u00dalfar Bragason fr\u00e1 Akureyri, fyrrum forst\u00f6\u00f0uma\u00f0ur Stofnunar Sigur\u00f0ar Nordal og n\u00fa eldri borgari \u00e1 eigin vegum: &#8222;\u00c9g settist ni\u00f0ur og skrifa\u00f0i dagskr\u00e1 &#8211; a\u00f0allega t\u00f3nlist. Hann [&hellip;]\" \/>\n<meta property=\"og:url\" content=\"https:\/\/eirikurjonsson.is\/index.php\/2025\/02\/04\/ulfar-undirbyr-jardarfor-sina\/\" \/>\n<meta property=\"og:site_name\" content=\"Eir\u00edkur J\u00f3nsson\" \/>\n<meta property=\"article:published_time\" content=\"2025-02-04T13:54:15+00:00\" \/>\n<meta property=\"article:modified_time\" content=\"2025-02-04T13:54:34+00:00\" \/>\n<meta property=\"og:image\" content=\"https:\/\/eirikurjonsson.is\/wp-content\/uploads\/2025\/02\/ULFAR.jpg\" \/>\n\t<meta property=\"og:image:width\" content=\"693\" \/>\n\t<meta property=\"og:image:height\" content=\"505\" \/>\n\t<meta property=\"og:image:type\" content=\"image\/jpeg\" \/>\n<meta name=\"author\" content=\"eir\" \/>\n<meta name=\"twitter:card\" content=\"summary_large_image\" \/>\n<meta name=\"twitter:label1\" content=\"Written by\" \/>\n\t<meta name=\"twitter:data1\" content=\"eir\" \/>\n\t<meta name=\"twitter:label2\" content=\"Est. reading time\" \/>\n\t<meta name=\"twitter:data2\" content=\"1 minute\" \/>\n<script type=\"application\/ld+json\" class=\"yoast-schema-graph\">{\"@context\":\"https:\/\/schema.org\",\"@graph\":[{\"@type\":\"WebPage\",\"@id\":\"https:\/\/eirikurjonsson.is\/index.php\/2025\/02\/04\/ulfar-undirbyr-jardarfor-sina\/\",\"url\":\"https:\/\/eirikurjonsson.is\/index.php\/2025\/02\/04\/ulfar-undirbyr-jardarfor-sina\/\",\"name\":\"\u00daLFAR UNDIRB\u00ddR JAR\u00d0ARF\u00d6R S\u00cdNA &#8211; Eir\u00edkur J\u00f3nsson\",\"isPartOf\":{\"@id\":\"https:\/\/eirikurjonsson.is\/#website\"},\"datePublished\":\"2025-02-04T13:54:15+00:00\",\"dateModified\":\"2025-02-04T13:54:34+00:00\",\"author\":{\"@id\":\"https:\/\/eirikurjonsson.is\/#\/schema\/person\/308afa1d0e201918034e31b1da4f07a5\"},\"breadcrumb\":{\"@id\":\"https:\/\/eirikurjonsson.is\/index.php\/2025\/02\/04\/ulfar-undirbyr-jardarfor-sina\/#breadcrumb\"},\"inLanguage\":\"is\",\"potentialAction\":[{\"@type\":\"ReadAction\",\"target\":[\"https:\/\/eirikurjonsson.is\/index.php\/2025\/02\/04\/ulfar-undirbyr-jardarfor-sina\/\"]}]},{\"@type\":\"BreadcrumbList\",\"@id\":\"https:\/\/eirikurjonsson.is\/index.php\/2025\/02\/04\/ulfar-undirbyr-jardarfor-sina\/#breadcrumb\",\"itemListElement\":[{\"@type\":\"ListItem\",\"position\":1,\"name\":\"Home\",\"item\":\"https:\/\/eirikurjonsson.is\/\"},{\"@type\":\"ListItem\",\"position\":2,\"name\":\"\u00daLFAR UNDIRB\u00ddR JAR\u00d0ARF\u00d6R S\u00cdNA\"}]},{\"@type\":\"WebSite\",\"@id\":\"https:\/\/eirikurjonsson.is\/#website\",\"url\":\"https:\/\/eirikurjonsson.is\/\",\"name\":\"Eir\u00edkur J\u00f3nsson\",\"description\":\"Eir\u00edkur J\u00f3nsson | EIR eirikurjonsson.is\",\"potentialAction\":[{\"@type\":\"SearchAction\",\"target\":{\"@type\":\"EntryPoint\",\"urlTemplate\":\"https:\/\/eirikurjonsson.is\/?s={search_term_string}\"},\"query-input\":\"required name=search_term_string\"}],\"inLanguage\":\"is\"},{\"@type\":\"Person\",\"@id\":\"https:\/\/eirikurjonsson.is\/#\/schema\/person\/308afa1d0e201918034e31b1da4f07a5\",\"name\":\"eir\",\"image\":{\"@type\":\"ImageObject\",\"inLanguage\":\"is\",\"@id\":\"https:\/\/eirikurjonsson.is\/#\/schema\/person\/image\/\",\"url\":\"https:\/\/secure.gravatar.com\/avatar\/b6748316a4400053a1fa9f4694b38d294dc5da6f4bacc727742bd8f3e689f87c?s=96&d=mm&r=g\",\"contentUrl\":\"https:\/\/secure.gravatar.com\/avatar\/b6748316a4400053a1fa9f4694b38d294dc5da6f4bacc727742bd8f3e689f87c?s=96&d=mm&r=g\",\"caption\":\"eir\"},\"url\":\"https:\/\/eirikurjonsson.is\/index.php\/author\/eir\/\"}]}<\/script>\n<!-- \/ Yoast SEO plugin. -->","yoast_head_json":{"title":"\u00daLFAR UNDIRB\u00ddR JAR\u00d0ARF\u00d6R S\u00cdNA &#8211; Eir\u00edkur J\u00f3nsson","robots":{"index":"index","follow":"follow","max-snippet":"max-snippet:-1","max-image-preview":"max-image-preview:large","max-video-preview":"max-video-preview:-1"},"canonical":"https:\/\/eirikurjonsson.is\/index.php\/2025\/02\/04\/ulfar-undirbyr-jardarfor-sina\/","og_locale":"is_IS","og_type":"article","og_title":"\u00daLFAR UNDIRB\u00ddR JAR\u00d0ARF\u00d6R S\u00cdNA &#8211; Eir\u00edkur J\u00f3nsson","og_description":"&#8222;Fyrir nokkrum \u00e1rum sag\u00f0i Roger a\u00f0 \u00e9g \u00feyrfti a\u00f0 segja s\u00e9r hvar \u00e6tti a\u00f0 jar\u00f0a mig og hvernig jar\u00f0arf\u00f6rin \u00e6tti a\u00f0 vera. Hann \u00e6tla\u00f0i a\u00f0 gera \u00fea\u00f0 sama,&#8220; segir \u00dalfar Bragason fr\u00e1 Akureyri, fyrrum forst\u00f6\u00f0uma\u00f0ur Stofnunar Sigur\u00f0ar Nordal og n\u00fa eldri borgari \u00e1 eigin vegum: &#8222;\u00c9g settist ni\u00f0ur og skrifa\u00f0i dagskr\u00e1 &#8211; a\u00f0allega t\u00f3nlist. Hann [&hellip;]","og_url":"https:\/\/eirikurjonsson.is\/index.php\/2025\/02\/04\/ulfar-undirbyr-jardarfor-sina\/","og_site_name":"Eir\u00edkur J\u00f3nsson","article_published_time":"2025-02-04T13:54:15+00:00","article_modified_time":"2025-02-04T13:54:34+00:00","og_image":[{"width":693,"height":505,"url":"https:\/\/eirikurjonsson.is\/wp-content\/uploads\/2025\/02\/ULFAR.jpg","type":"image\/jpeg"}],"author":"eir","twitter_card":"summary_large_image","twitter_misc":{"Written by":"eir","Est. reading time":"1 minute"},"schema":{"@context":"https:\/\/schema.org","@graph":[{"@type":"WebPage","@id":"https:\/\/eirikurjonsson.is\/index.php\/2025\/02\/04\/ulfar-undirbyr-jardarfor-sina\/","url":"https:\/\/eirikurjonsson.is\/index.php\/2025\/02\/04\/ulfar-undirbyr-jardarfor-sina\/","name":"\u00daLFAR UNDIRB\u00ddR JAR\u00d0ARF\u00d6R S\u00cdNA &#8211; Eir\u00edkur J\u00f3nsson","isPartOf":{"@id":"https:\/\/eirikurjonsson.is\/#website"},"datePublished":"2025-02-04T13:54:15+00:00","dateModified":"2025-02-04T13:54:34+00:00","author":{"@id":"https:\/\/eirikurjonsson.is\/#\/schema\/person\/308afa1d0e201918034e31b1da4f07a5"},"breadcrumb":{"@id":"https:\/\/eirikurjonsson.is\/index.php\/2025\/02\/04\/ulfar-undirbyr-jardarfor-sina\/#breadcrumb"},"inLanguage":"is","potentialAction":[{"@type":"ReadAction","target":["https:\/\/eirikurjonsson.is\/index.php\/2025\/02\/04\/ulfar-undirbyr-jardarfor-sina\/"]}]},{"@type":"BreadcrumbList","@id":"https:\/\/eirikurjonsson.is\/index.php\/2025\/02\/04\/ulfar-undirbyr-jardarfor-sina\/#breadcrumb","itemListElement":[{"@type":"ListItem","position":1,"name":"Home","item":"https:\/\/eirikurjonsson.is\/"},{"@type":"ListItem","position":2,"name":"\u00daLFAR UNDIRB\u00ddR JAR\u00d0ARF\u00d6R S\u00cdNA"}]},{"@type":"WebSite","@id":"https:\/\/eirikurjonsson.is\/#website","url":"https:\/\/eirikurjonsson.is\/","name":"Eir\u00edkur J\u00f3nsson","description":"Eir\u00edkur J\u00f3nsson | EIR eirikurjonsson.is","potentialAction":[{"@type":"SearchAction","target":{"@type":"EntryPoint","urlTemplate":"https:\/\/eirikurjonsson.is\/?s={search_term_string}"},"query-input":"required name=search_term_string"}],"inLanguage":"is"},{"@type":"Person","@id":"https:\/\/eirikurjonsson.is\/#\/schema\/person\/308afa1d0e201918034e31b1da4f07a5","name":"eir","image":{"@type":"ImageObject","inLanguage":"is","@id":"https:\/\/eirikurjonsson.is\/#\/schema\/person\/image\/","url":"https:\/\/secure.gravatar.com\/avatar\/b6748316a4400053a1fa9f4694b38d294dc5da6f4bacc727742bd8f3e689f87c?s=96&d=mm&r=g","contentUrl":"https:\/\/secure.gravatar.com\/avatar\/b6748316a4400053a1fa9f4694b38d294dc5da6f4bacc727742bd8f3e689f87c?s=96&d=mm&r=g","caption":"eir"},"url":"https:\/\/eirikurjonsson.is\/index.php\/author\/eir\/"}]}},"_links":{"self":[{"href":"https:\/\/eirikurjonsson.is\/index.php\/wp-json\/wp\/v2\/posts\/5340","targetHints":{"allow":["GET"]}}],"collection":[{"href":"https:\/\/eirikurjonsson.is\/index.php\/wp-json\/wp\/v2\/posts"}],"about":[{"href":"https:\/\/eirikurjonsson.is\/index.php\/wp-json\/wp\/v2\/types\/post"}],"author":[{"embeddable":true,"href":"https:\/\/eirikurjonsson.is\/index.php\/wp-json\/wp\/v2\/users\/2"}],"replies":[{"embeddable":true,"href":"https:\/\/eirikurjonsson.is\/index.php\/wp-json\/wp\/v2\/comments?post=5340"}],"version-history":[{"count":1,"href":"https:\/\/eirikurjonsson.is\/index.php\/wp-json\/wp\/v2\/posts\/5340\/revisions"}],"predecessor-version":[{"id":5342,"href":"https:\/\/eirikurjonsson.is\/index.php\/wp-json\/wp\/v2\/posts\/5340\/revisions\/5342"}],"wp:featuredmedia":[{"embeddable":true,"href":"https:\/\/eirikurjonsson.is\/index.php\/wp-json\/wp\/v2\/media\/5341"}],"wp:attachment":[{"href":"https:\/\/eirikurjonsson.is\/index.php\/wp-json\/wp\/v2\/media?parent=5340"}],"wp:term":[{"taxonomy":"category","embeddable":true,"href":"https:\/\/eirikurjonsson.is\/index.php\/wp-json\/wp\/v2\/categories?post=5340"},{"taxonomy":"post_tag","embeddable":true,"href":"https:\/\/eirikurjonsson.is\/index.php\/wp-json\/wp\/v2\/tags?post=5340"}],"curies":[{"name":"wp","href":"https:\/\/api.w.org\/{rel}","templated":true}]}}