{"id":5122,"date":"2025-01-19T20:12:07","date_gmt":"2025-01-19T20:12:07","guid":{"rendered":"https:\/\/eirikurjonsson.is\/?p=5122"},"modified":"2025-01-19T20:13:28","modified_gmt":"2025-01-19T20:13:28","slug":"regina-i-afalli-eftir-kaffihusaferd-i-101","status":"publish","type":"post","link":"https:\/\/eirikurjonsson.is\/index.php\/2025\/01\/19\/regina-i-afalli-eftir-kaffihusaferd-i-101\/","title":{"rendered":"REG\u00cdNA \u00cd \u00c1FALLI EFTIR KAFFIH\u00daSAFER\u00d0 \u00cd 101"},"content":{"rendered":"<p>&#8222;Gat varla noti\u00f0 samverustundarinnar vegna r\u00e1ns, var \u00ed \u00e1falli, samt var \u00fea\u00f0 var ekki \u00e9g sem borga\u00f0i&#8230;en \u00fev\u00ed betur fer voru v\u00f6fflurnar og latte best ever!&#8220;, segir Reg\u00edna Vilhj\u00e1lmsd\u00f3ttir d\u00fdravinur og n\u00e1tt\u00faruunnandi eins og h\u00fan segir sj\u00e1lf \u00e1 samf\u00e9lagsmi\u00f0lum.<\/p>\n<p>Reg\u00edna f\u00f3r \u00e1 kaffih\u00fas \u00ed 101 Reykjav\u00edk me\u00f0 \u00feriggja manna fj\u00f6lskyldu sinni, tveir fullor\u00f0nir og eitt barn. Panta\u00f0i h\u00fan tvo s\u00fakkula\u00f0i me\u00f0 rj\u00f3ma, einn latte og tv\u00e6r v\u00f6fflur me\u00f0 sultu og rj\u00f3ma. Samtals kosta\u00f0i \u00feetta 6.950 kr\u00f3nur:<\/p>\n<div dir=\"auto\">&#8222;\u00dea\u00f0 er or\u00f0i\u00f0 algj\u00f6rt luxus a\u00f0 leyfa s\u00e9r kaffih\u00fas \u00ed dag fyrir fj\u00f6lskyldur, \u00fev\u00ed mi\u00f0ur Og ekki \u00e1 allra f\u00e6ri. \u00dea\u00f0 borgar sig a\u00f0 gera s\u00e9r fer\u00f0 \u00ed Kastalakaffi (Hj\u00e1lpr\u00e6\u00f0isherinn) og borga sanngjarnt ver\u00f0 fyrir peningal\u00edtil veski.&#8220;<\/div>\n","protected":false},"excerpt":{"rendered":"<p>&#8222;Gat varla noti\u00f0 samverustundarinnar vegna r\u00e1ns, var \u00ed \u00e1falli, samt var \u00fea\u00f0 var ekki \u00e9g sem borga\u00f0i&#8230;en \u00fev\u00ed betur fer voru v\u00f6fflurnar og latte best ever!&#8220;, segir Reg\u00edna Vilhj\u00e1lmsd\u00f3ttir d\u00fdravinur og n\u00e1tt\u00faruunnandi eins og h\u00fan segir sj\u00e1lf \u00e1 samf\u00e9lagsmi\u00f0lum. Reg\u00edna f\u00f3r \u00e1 kaffih\u00fas \u00ed 101 Reykjav\u00edk me\u00f0 \u00feriggja manna fj\u00f6lskyldu sinni, tveir fullor\u00f0nir og eitt [&hellip;]<\/p>\n","protected":false},"author":2,"featured_media":5123,"comment_status":"open","ping_status":"open","sticky":false,"template":"","format":"standard","meta":{"_monsterinsights_skip_tracking":false,"_monsterinsights_sitenote_active":false,"_monsterinsights_sitenote_note":"","_monsterinsights_sitenote_category":0,"footnotes":""},"categories":[31],"tags":[],"class_list":{"0":"post-5122","1":"post","2":"type-post","3":"status-publish","4":"format-standard","5":"has-post-thumbnail","7":"category-greinar"},"yoast_head":"<!-- This site is optimized with the Yoast SEO plugin v22.0 - https:\/\/yoast.com\/wordpress\/plugins\/seo\/ -->\n<title>REG\u00cdNA \u00cd \u00c1FALLI EFTIR KAFFIH\u00daSAFER\u00d0 \u00cd 101 &#8211; Eir\u00edkur J\u00f3nsson<\/title>\n<meta name=\"robots\" content=\"index, follow, max-snippet:-1, max-image-preview:large, max-video-preview:-1\" \/>\n<link rel=\"canonical\" href=\"https:\/\/eirikurjonsson.is\/index.php\/2025\/01\/19\/regina-i-afalli-eftir-kaffihusaferd-i-101\/\" \/>\n<meta property=\"og:locale\" content=\"is_IS\" \/>\n<meta property=\"og:type\" content=\"article\" \/>\n<meta property=\"og:title\" content=\"REG\u00cdNA \u00cd \u00c1FALLI EFTIR KAFFIH\u00daSAFER\u00d0 \u00cd 101 &#8211; Eir\u00edkur J\u00f3nsson\" \/>\n<meta property=\"og:description\" content=\"&#8222;Gat varla noti\u00f0 samverustundarinnar vegna r\u00e1ns, var \u00ed \u00e1falli, samt var \u00fea\u00f0 var ekki \u00e9g sem borga\u00f0i&#8230;en \u00fev\u00ed betur fer voru v\u00f6fflurnar og latte best ever!&#8220;, segir Reg\u00edna Vilhj\u00e1lmsd\u00f3ttir d\u00fdravinur og n\u00e1tt\u00faruunnandi eins og h\u00fan segir sj\u00e1lf \u00e1 samf\u00e9lagsmi\u00f0lum. Reg\u00edna f\u00f3r \u00e1 kaffih\u00fas \u00ed 101 Reykjav\u00edk me\u00f0 \u00feriggja manna fj\u00f6lskyldu sinni, tveir fullor\u00f0nir og eitt [&hellip;]\" \/>\n<meta property=\"og:url\" content=\"https:\/\/eirikurjonsson.is\/index.php\/2025\/01\/19\/regina-i-afalli-eftir-kaffihusaferd-i-101\/\" \/>\n<meta property=\"og:site_name\" content=\"Eir\u00edkur J\u00f3nsson\" \/>\n<meta property=\"article:published_time\" content=\"2025-01-19T20:12:07+00:00\" \/>\n<meta property=\"article:modified_time\" content=\"2025-01-19T20:13:28+00:00\" \/>\n<meta property=\"og:image\" content=\"https:\/\/eirikurjonsson.is\/wp-content\/uploads\/2025\/01\/regina.jpg\" \/>\n\t<meta property=\"og:image:width\" content=\"722\" \/>\n\t<meta property=\"og:image:height\" content=\"660\" \/>\n\t<meta property=\"og:image:type\" content=\"image\/jpeg\" \/>\n<meta name=\"author\" content=\"eir\" \/>\n<meta name=\"twitter:card\" content=\"summary_large_image\" \/>\n<meta name=\"twitter:label1\" content=\"Written by\" \/>\n\t<meta name=\"twitter:data1\" content=\"eir\" \/>\n\t<meta name=\"twitter:label2\" content=\"Est. reading time\" \/>\n\t<meta name=\"twitter:data2\" content=\"1 minute\" \/>\n<script type=\"application\/ld+json\" class=\"yoast-schema-graph\">{\"@context\":\"https:\/\/schema.org\",\"@graph\":[{\"@type\":\"WebPage\",\"@id\":\"https:\/\/eirikurjonsson.is\/index.php\/2025\/01\/19\/regina-i-afalli-eftir-kaffihusaferd-i-101\/\",\"url\":\"https:\/\/eirikurjonsson.is\/index.php\/2025\/01\/19\/regina-i-afalli-eftir-kaffihusaferd-i-101\/\",\"name\":\"REG\u00cdNA \u00cd \u00c1FALLI EFTIR KAFFIH\u00daSAFER\u00d0 \u00cd 101 &#8211; Eir\u00edkur J\u00f3nsson\",\"isPartOf\":{\"@id\":\"https:\/\/eirikurjonsson.is\/#website\"},\"datePublished\":\"2025-01-19T20:12:07+00:00\",\"dateModified\":\"2025-01-19T20:13:28+00:00\",\"author\":{\"@id\":\"https:\/\/eirikurjonsson.is\/#\/schema\/person\/308afa1d0e201918034e31b1da4f07a5\"},\"breadcrumb\":{\"@id\":\"https:\/\/eirikurjonsson.is\/index.php\/2025\/01\/19\/regina-i-afalli-eftir-kaffihusaferd-i-101\/#breadcrumb\"},\"inLanguage\":\"is\",\"potentialAction\":[{\"@type\":\"ReadAction\",\"target\":[\"https:\/\/eirikurjonsson.is\/index.php\/2025\/01\/19\/regina-i-afalli-eftir-kaffihusaferd-i-101\/\"]}]},{\"@type\":\"BreadcrumbList\",\"@id\":\"https:\/\/eirikurjonsson.is\/index.php\/2025\/01\/19\/regina-i-afalli-eftir-kaffihusaferd-i-101\/#breadcrumb\",\"itemListElement\":[{\"@type\":\"ListItem\",\"position\":1,\"name\":\"Home\",\"item\":\"https:\/\/eirikurjonsson.is\/\"},{\"@type\":\"ListItem\",\"position\":2,\"name\":\"REG\u00cdNA \u00cd \u00c1FALLI EFTIR KAFFIH\u00daSAFER\u00d0 \u00cd 101\"}]},{\"@type\":\"WebSite\",\"@id\":\"https:\/\/eirikurjonsson.is\/#website\",\"url\":\"https:\/\/eirikurjonsson.is\/\",\"name\":\"Eir\u00edkur J\u00f3nsson\",\"description\":\"Eir\u00edkur J\u00f3nsson | EIR eirikurjonsson.is\",\"potentialAction\":[{\"@type\":\"SearchAction\",\"target\":{\"@type\":\"EntryPoint\",\"urlTemplate\":\"https:\/\/eirikurjonsson.is\/?s={search_term_string}\"},\"query-input\":\"required name=search_term_string\"}],\"inLanguage\":\"is\"},{\"@type\":\"Person\",\"@id\":\"https:\/\/eirikurjonsson.is\/#\/schema\/person\/308afa1d0e201918034e31b1da4f07a5\",\"name\":\"eir\",\"image\":{\"@type\":\"ImageObject\",\"inLanguage\":\"is\",\"@id\":\"https:\/\/eirikurjonsson.is\/#\/schema\/person\/image\/\",\"url\":\"https:\/\/secure.gravatar.com\/avatar\/b6748316a4400053a1fa9f4694b38d294dc5da6f4bacc727742bd8f3e689f87c?s=96&d=mm&r=g\",\"contentUrl\":\"https:\/\/secure.gravatar.com\/avatar\/b6748316a4400053a1fa9f4694b38d294dc5da6f4bacc727742bd8f3e689f87c?s=96&d=mm&r=g\",\"caption\":\"eir\"},\"url\":\"https:\/\/eirikurjonsson.is\/index.php\/author\/eir\/\"}]}<\/script>\n<!-- \/ Yoast SEO plugin. -->","yoast_head_json":{"title":"REG\u00cdNA \u00cd \u00c1FALLI EFTIR KAFFIH\u00daSAFER\u00d0 \u00cd 101 &#8211; Eir\u00edkur J\u00f3nsson","robots":{"index":"index","follow":"follow","max-snippet":"max-snippet:-1","max-image-preview":"max-image-preview:large","max-video-preview":"max-video-preview:-1"},"canonical":"https:\/\/eirikurjonsson.is\/index.php\/2025\/01\/19\/regina-i-afalli-eftir-kaffihusaferd-i-101\/","og_locale":"is_IS","og_type":"article","og_title":"REG\u00cdNA \u00cd \u00c1FALLI EFTIR KAFFIH\u00daSAFER\u00d0 \u00cd 101 &#8211; Eir\u00edkur J\u00f3nsson","og_description":"&#8222;Gat varla noti\u00f0 samverustundarinnar vegna r\u00e1ns, var \u00ed \u00e1falli, samt var \u00fea\u00f0 var ekki \u00e9g sem borga\u00f0i&#8230;en \u00fev\u00ed betur fer voru v\u00f6fflurnar og latte best ever!&#8220;, segir Reg\u00edna Vilhj\u00e1lmsd\u00f3ttir d\u00fdravinur og n\u00e1tt\u00faruunnandi eins og h\u00fan segir sj\u00e1lf \u00e1 samf\u00e9lagsmi\u00f0lum. Reg\u00edna f\u00f3r \u00e1 kaffih\u00fas \u00ed 101 Reykjav\u00edk me\u00f0 \u00feriggja manna fj\u00f6lskyldu sinni, tveir fullor\u00f0nir og eitt [&hellip;]","og_url":"https:\/\/eirikurjonsson.is\/index.php\/2025\/01\/19\/regina-i-afalli-eftir-kaffihusaferd-i-101\/","og_site_name":"Eir\u00edkur J\u00f3nsson","article_published_time":"2025-01-19T20:12:07+00:00","article_modified_time":"2025-01-19T20:13:28+00:00","og_image":[{"width":722,"height":660,"url":"https:\/\/eirikurjonsson.is\/wp-content\/uploads\/2025\/01\/regina.jpg","type":"image\/jpeg"}],"author":"eir","twitter_card":"summary_large_image","twitter_misc":{"Written by":"eir","Est. reading time":"1 minute"},"schema":{"@context":"https:\/\/schema.org","@graph":[{"@type":"WebPage","@id":"https:\/\/eirikurjonsson.is\/index.php\/2025\/01\/19\/regina-i-afalli-eftir-kaffihusaferd-i-101\/","url":"https:\/\/eirikurjonsson.is\/index.php\/2025\/01\/19\/regina-i-afalli-eftir-kaffihusaferd-i-101\/","name":"REG\u00cdNA \u00cd \u00c1FALLI EFTIR KAFFIH\u00daSAFER\u00d0 \u00cd 101 &#8211; Eir\u00edkur J\u00f3nsson","isPartOf":{"@id":"https:\/\/eirikurjonsson.is\/#website"},"datePublished":"2025-01-19T20:12:07+00:00","dateModified":"2025-01-19T20:13:28+00:00","author":{"@id":"https:\/\/eirikurjonsson.is\/#\/schema\/person\/308afa1d0e201918034e31b1da4f07a5"},"breadcrumb":{"@id":"https:\/\/eirikurjonsson.is\/index.php\/2025\/01\/19\/regina-i-afalli-eftir-kaffihusaferd-i-101\/#breadcrumb"},"inLanguage":"is","potentialAction":[{"@type":"ReadAction","target":["https:\/\/eirikurjonsson.is\/index.php\/2025\/01\/19\/regina-i-afalli-eftir-kaffihusaferd-i-101\/"]}]},{"@type":"BreadcrumbList","@id":"https:\/\/eirikurjonsson.is\/index.php\/2025\/01\/19\/regina-i-afalli-eftir-kaffihusaferd-i-101\/#breadcrumb","itemListElement":[{"@type":"ListItem","position":1,"name":"Home","item":"https:\/\/eirikurjonsson.is\/"},{"@type":"ListItem","position":2,"name":"REG\u00cdNA \u00cd \u00c1FALLI EFTIR KAFFIH\u00daSAFER\u00d0 \u00cd 101"}]},{"@type":"WebSite","@id":"https:\/\/eirikurjonsson.is\/#website","url":"https:\/\/eirikurjonsson.is\/","name":"Eir\u00edkur J\u00f3nsson","description":"Eir\u00edkur J\u00f3nsson | EIR eirikurjonsson.is","potentialAction":[{"@type":"SearchAction","target":{"@type":"EntryPoint","urlTemplate":"https:\/\/eirikurjonsson.is\/?s={search_term_string}"},"query-input":"required name=search_term_string"}],"inLanguage":"is"},{"@type":"Person","@id":"https:\/\/eirikurjonsson.is\/#\/schema\/person\/308afa1d0e201918034e31b1da4f07a5","name":"eir","image":{"@type":"ImageObject","inLanguage":"is","@id":"https:\/\/eirikurjonsson.is\/#\/schema\/person\/image\/","url":"https:\/\/secure.gravatar.com\/avatar\/b6748316a4400053a1fa9f4694b38d294dc5da6f4bacc727742bd8f3e689f87c?s=96&d=mm&r=g","contentUrl":"https:\/\/secure.gravatar.com\/avatar\/b6748316a4400053a1fa9f4694b38d294dc5da6f4bacc727742bd8f3e689f87c?s=96&d=mm&r=g","caption":"eir"},"url":"https:\/\/eirikurjonsson.is\/index.php\/author\/eir\/"}]}},"_links":{"self":[{"href":"https:\/\/eirikurjonsson.is\/index.php\/wp-json\/wp\/v2\/posts\/5122","targetHints":{"allow":["GET"]}}],"collection":[{"href":"https:\/\/eirikurjonsson.is\/index.php\/wp-json\/wp\/v2\/posts"}],"about":[{"href":"https:\/\/eirikurjonsson.is\/index.php\/wp-json\/wp\/v2\/types\/post"}],"author":[{"embeddable":true,"href":"https:\/\/eirikurjonsson.is\/index.php\/wp-json\/wp\/v2\/users\/2"}],"replies":[{"embeddable":true,"href":"https:\/\/eirikurjonsson.is\/index.php\/wp-json\/wp\/v2\/comments?post=5122"}],"version-history":[{"count":2,"href":"https:\/\/eirikurjonsson.is\/index.php\/wp-json\/wp\/v2\/posts\/5122\/revisions"}],"predecessor-version":[{"id":5125,"href":"https:\/\/eirikurjonsson.is\/index.php\/wp-json\/wp\/v2\/posts\/5122\/revisions\/5125"}],"wp:featuredmedia":[{"embeddable":true,"href":"https:\/\/eirikurjonsson.is\/index.php\/wp-json\/wp\/v2\/media\/5123"}],"wp:attachment":[{"href":"https:\/\/eirikurjonsson.is\/index.php\/wp-json\/wp\/v2\/media?parent=5122"}],"wp:term":[{"taxonomy":"category","embeddable":true,"href":"https:\/\/eirikurjonsson.is\/index.php\/wp-json\/wp\/v2\/categories?post=5122"},{"taxonomy":"post_tag","embeddable":true,"href":"https:\/\/eirikurjonsson.is\/index.php\/wp-json\/wp\/v2\/tags?post=5122"}],"curies":[{"name":"wp","href":"https:\/\/api.w.org\/{rel}","templated":true}]}}