{"id":5081,"date":"2025-01-17T15:20:30","date_gmt":"2025-01-17T15:20:30","guid":{"rendered":"https:\/\/eirikurjonsson.is\/?p=5081"},"modified":"2025-01-17T15:25:15","modified_gmt":"2025-01-17T15:25:15","slug":"tveir-milljardar-fyrir-lod-i-laugardal","status":"publish","type":"post","link":"https:\/\/eirikurjonsson.is\/index.php\/2025\/01\/17\/tveir-milljardar-fyrir-lod-i-laugardal\/","title":{"rendered":"TVEIR MILLJAR\u00d0AR FYRIR L\u00d3\u00d0 \u00cd LAUGARDAL"},"content":{"rendered":"<p>Borgarr\u00e1\u00f0 hefur sam\u00feykkt a\u00f0 \u00fathluta \u00dej\u00f3\u00f0arh\u00f6ll ehf. byggingar\u00e9tt \u00e1 l\u00f3\u00f0 Laugardalshallar vi\u00f0 Engjaveg. Heildargrei\u00f0sla fyrir byggingarr\u00e9tt og gatnager\u00f0argj\u00f6ld eru r\u00famir tveir milljar\u00f0ar kr\u00f3na &#8211; pl\u00fas 500 millj\u00f3nir \u00ed gatnager\u00f0argj\u00f6ld.<\/p>\n<p>L\u00f3\u00f0 Laugardalshallar er st\u00e6kku\u00f0 til a\u00f0 r\u00fama \u00dej\u00f3\u00f0arh\u00f6llina milli Laugardalshallar og stofnst\u00edga me\u00f0fram Su\u00f0urlandbraut. L\u00f3\u00f0in st\u00e6kkar til su\u00f0urs \u00ed \u00e1tt a\u00f0 Su\u00f0urlandsbraut og a\u00f0 st\u00edg sem liggur nor\u00f0an \u00e6fingasv\u00e6\u00f0is fyrir f\u00f3tbolta \u00e1 milli Su\u00f0urlandsbrautar og Engjavegar. \u00c1 l\u00f3\u00f0inni er heimilt a\u00f0 byggja allt a\u00f0 19.000 m2.<\/p>\n<p>L\u00f3\u00f0a\u00fathlutunin byggir \u00e1 samkomulagi milli \u00cdslenska r\u00edkisins og Reykjav\u00edkurborgar sem gert var 10. jan\u00faar 2024.<\/p>\n","protected":false},"excerpt":{"rendered":"<p>Borgarr\u00e1\u00f0 hefur sam\u00feykkt a\u00f0 \u00fathluta \u00dej\u00f3\u00f0arh\u00f6ll ehf. byggingar\u00e9tt \u00e1 l\u00f3\u00f0 Laugardalshallar vi\u00f0 Engjaveg. Heildargrei\u00f0sla fyrir byggingarr\u00e9tt og gatnager\u00f0argj\u00f6ld eru r\u00famir tveir milljar\u00f0ar kr\u00f3na &#8211; pl\u00fas 500 millj\u00f3nir \u00ed gatnager\u00f0argj\u00f6ld. L\u00f3\u00f0 Laugardalshallar er st\u00e6kku\u00f0 til a\u00f0 r\u00fama \u00dej\u00f3\u00f0arh\u00f6llina milli Laugardalshallar og stofnst\u00edga me\u00f0fram Su\u00f0urlandbraut. L\u00f3\u00f0in st\u00e6kkar til su\u00f0urs \u00ed \u00e1tt a\u00f0 Su\u00f0urlandsbraut og a\u00f0 st\u00edg sem [&hellip;]<\/p>\n","protected":false},"author":2,"featured_media":5082,"comment_status":"open","ping_status":"open","sticky":false,"template":"","format":"standard","meta":{"_monsterinsights_skip_tracking":false,"_monsterinsights_sitenote_active":false,"_monsterinsights_sitenote_note":"","_monsterinsights_sitenote_category":0,"footnotes":""},"categories":[31],"tags":[],"class_list":{"0":"post-5081","1":"post","2":"type-post","3":"status-publish","4":"format-standard","5":"has-post-thumbnail","7":"category-greinar"},"yoast_head":"<!-- This site is optimized with the Yoast SEO plugin v22.0 - https:\/\/yoast.com\/wordpress\/plugins\/seo\/ -->\n<title>TVEIR MILLJAR\u00d0AR FYRIR L\u00d3\u00d0 \u00cd LAUGARDAL &#8211; Eir\u00edkur J\u00f3nsson<\/title>\n<meta name=\"robots\" content=\"index, follow, max-snippet:-1, max-image-preview:large, max-video-preview:-1\" \/>\n<link rel=\"canonical\" href=\"https:\/\/eirikurjonsson.is\/index.php\/2025\/01\/17\/tveir-milljardar-fyrir-lod-i-laugardal\/\" \/>\n<meta property=\"og:locale\" content=\"is_IS\" \/>\n<meta property=\"og:type\" content=\"article\" \/>\n<meta property=\"og:title\" content=\"TVEIR MILLJAR\u00d0AR FYRIR L\u00d3\u00d0 \u00cd LAUGARDAL &#8211; Eir\u00edkur J\u00f3nsson\" \/>\n<meta property=\"og:description\" content=\"Borgarr\u00e1\u00f0 hefur sam\u00feykkt a\u00f0 \u00fathluta \u00dej\u00f3\u00f0arh\u00f6ll ehf. byggingar\u00e9tt \u00e1 l\u00f3\u00f0 Laugardalshallar vi\u00f0 Engjaveg. Heildargrei\u00f0sla fyrir byggingarr\u00e9tt og gatnager\u00f0argj\u00f6ld eru r\u00famir tveir milljar\u00f0ar kr\u00f3na &#8211; pl\u00fas 500 millj\u00f3nir \u00ed gatnager\u00f0argj\u00f6ld. L\u00f3\u00f0 Laugardalshallar er st\u00e6kku\u00f0 til a\u00f0 r\u00fama \u00dej\u00f3\u00f0arh\u00f6llina milli Laugardalshallar og stofnst\u00edga me\u00f0fram Su\u00f0urlandbraut. L\u00f3\u00f0in st\u00e6kkar til su\u00f0urs \u00ed \u00e1tt a\u00f0 Su\u00f0urlandsbraut og a\u00f0 st\u00edg sem [&hellip;]\" \/>\n<meta property=\"og:url\" content=\"https:\/\/eirikurjonsson.is\/index.php\/2025\/01\/17\/tveir-milljardar-fyrir-lod-i-laugardal\/\" \/>\n<meta property=\"og:site_name\" content=\"Eir\u00edkur J\u00f3nsson\" \/>\n<meta property=\"article:published_time\" content=\"2025-01-17T15:20:30+00:00\" \/>\n<meta property=\"article:modified_time\" content=\"2025-01-17T15:25:15+00:00\" \/>\n<meta property=\"og:image\" content=\"https:\/\/eirikurjonsson.is\/wp-content\/uploads\/2025\/01\/stukur-ithrottir-Island-ss-lr.jpg\" \/>\n\t<meta property=\"og:image:width\" content=\"1920\" \/>\n\t<meta property=\"og:image:height\" content=\"1280\" \/>\n\t<meta property=\"og:image:type\" content=\"image\/jpeg\" \/>\n<meta name=\"author\" content=\"eir\" \/>\n<meta name=\"twitter:card\" content=\"summary_large_image\" \/>\n<meta name=\"twitter:label1\" content=\"Written by\" \/>\n\t<meta name=\"twitter:data1\" content=\"eir\" \/>\n\t<meta name=\"twitter:label2\" content=\"Est. reading time\" \/>\n\t<meta name=\"twitter:data2\" content=\"1 minute\" \/>\n<script type=\"application\/ld+json\" class=\"yoast-schema-graph\">{\"@context\":\"https:\/\/schema.org\",\"@graph\":[{\"@type\":\"WebPage\",\"@id\":\"https:\/\/eirikurjonsson.is\/index.php\/2025\/01\/17\/tveir-milljardar-fyrir-lod-i-laugardal\/\",\"url\":\"https:\/\/eirikurjonsson.is\/index.php\/2025\/01\/17\/tveir-milljardar-fyrir-lod-i-laugardal\/\",\"name\":\"TVEIR MILLJAR\u00d0AR FYRIR L\u00d3\u00d0 \u00cd LAUGARDAL &#8211; Eir\u00edkur J\u00f3nsson\",\"isPartOf\":{\"@id\":\"https:\/\/eirikurjonsson.is\/#website\"},\"datePublished\":\"2025-01-17T15:20:30+00:00\",\"dateModified\":\"2025-01-17T15:25:15+00:00\",\"author\":{\"@id\":\"https:\/\/eirikurjonsson.is\/#\/schema\/person\/308afa1d0e201918034e31b1da4f07a5\"},\"breadcrumb\":{\"@id\":\"https:\/\/eirikurjonsson.is\/index.php\/2025\/01\/17\/tveir-milljardar-fyrir-lod-i-laugardal\/#breadcrumb\"},\"inLanguage\":\"is\",\"potentialAction\":[{\"@type\":\"ReadAction\",\"target\":[\"https:\/\/eirikurjonsson.is\/index.php\/2025\/01\/17\/tveir-milljardar-fyrir-lod-i-laugardal\/\"]}]},{\"@type\":\"BreadcrumbList\",\"@id\":\"https:\/\/eirikurjonsson.is\/index.php\/2025\/01\/17\/tveir-milljardar-fyrir-lod-i-laugardal\/#breadcrumb\",\"itemListElement\":[{\"@type\":\"ListItem\",\"position\":1,\"name\":\"Home\",\"item\":\"https:\/\/eirikurjonsson.is\/\"},{\"@type\":\"ListItem\",\"position\":2,\"name\":\"TVEIR MILLJAR\u00d0AR FYRIR L\u00d3\u00d0 \u00cd LAUGARDAL\"}]},{\"@type\":\"WebSite\",\"@id\":\"https:\/\/eirikurjonsson.is\/#website\",\"url\":\"https:\/\/eirikurjonsson.is\/\",\"name\":\"Eir\u00edkur J\u00f3nsson\",\"description\":\"Eir\u00edkur J\u00f3nsson | EIR eirikurjonsson.is\",\"potentialAction\":[{\"@type\":\"SearchAction\",\"target\":{\"@type\":\"EntryPoint\",\"urlTemplate\":\"https:\/\/eirikurjonsson.is\/?s={search_term_string}\"},\"query-input\":\"required name=search_term_string\"}],\"inLanguage\":\"is\"},{\"@type\":\"Person\",\"@id\":\"https:\/\/eirikurjonsson.is\/#\/schema\/person\/308afa1d0e201918034e31b1da4f07a5\",\"name\":\"eir\",\"image\":{\"@type\":\"ImageObject\",\"inLanguage\":\"is\",\"@id\":\"https:\/\/eirikurjonsson.is\/#\/schema\/person\/image\/\",\"url\":\"https:\/\/secure.gravatar.com\/avatar\/b6748316a4400053a1fa9f4694b38d294dc5da6f4bacc727742bd8f3e689f87c?s=96&d=mm&r=g\",\"contentUrl\":\"https:\/\/secure.gravatar.com\/avatar\/b6748316a4400053a1fa9f4694b38d294dc5da6f4bacc727742bd8f3e689f87c?s=96&d=mm&r=g\",\"caption\":\"eir\"},\"url\":\"https:\/\/eirikurjonsson.is\/index.php\/author\/eir\/\"}]}<\/script>\n<!-- \/ Yoast SEO plugin. -->","yoast_head_json":{"title":"TVEIR MILLJAR\u00d0AR FYRIR L\u00d3\u00d0 \u00cd LAUGARDAL &#8211; Eir\u00edkur J\u00f3nsson","robots":{"index":"index","follow":"follow","max-snippet":"max-snippet:-1","max-image-preview":"max-image-preview:large","max-video-preview":"max-video-preview:-1"},"canonical":"https:\/\/eirikurjonsson.is\/index.php\/2025\/01\/17\/tveir-milljardar-fyrir-lod-i-laugardal\/","og_locale":"is_IS","og_type":"article","og_title":"TVEIR MILLJAR\u00d0AR FYRIR L\u00d3\u00d0 \u00cd LAUGARDAL &#8211; Eir\u00edkur J\u00f3nsson","og_description":"Borgarr\u00e1\u00f0 hefur sam\u00feykkt a\u00f0 \u00fathluta \u00dej\u00f3\u00f0arh\u00f6ll ehf. byggingar\u00e9tt \u00e1 l\u00f3\u00f0 Laugardalshallar vi\u00f0 Engjaveg. Heildargrei\u00f0sla fyrir byggingarr\u00e9tt og gatnager\u00f0argj\u00f6ld eru r\u00famir tveir milljar\u00f0ar kr\u00f3na &#8211; pl\u00fas 500 millj\u00f3nir \u00ed gatnager\u00f0argj\u00f6ld. L\u00f3\u00f0 Laugardalshallar er st\u00e6kku\u00f0 til a\u00f0 r\u00fama \u00dej\u00f3\u00f0arh\u00f6llina milli Laugardalshallar og stofnst\u00edga me\u00f0fram Su\u00f0urlandbraut. L\u00f3\u00f0in st\u00e6kkar til su\u00f0urs \u00ed \u00e1tt a\u00f0 Su\u00f0urlandsbraut og a\u00f0 st\u00edg sem [&hellip;]","og_url":"https:\/\/eirikurjonsson.is\/index.php\/2025\/01\/17\/tveir-milljardar-fyrir-lod-i-laugardal\/","og_site_name":"Eir\u00edkur J\u00f3nsson","article_published_time":"2025-01-17T15:20:30+00:00","article_modified_time":"2025-01-17T15:25:15+00:00","og_image":[{"width":1920,"height":1280,"url":"https:\/\/eirikurjonsson.is\/wp-content\/uploads\/2025\/01\/stukur-ithrottir-Island-ss-lr.jpg","type":"image\/jpeg"}],"author":"eir","twitter_card":"summary_large_image","twitter_misc":{"Written by":"eir","Est. reading time":"1 minute"},"schema":{"@context":"https:\/\/schema.org","@graph":[{"@type":"WebPage","@id":"https:\/\/eirikurjonsson.is\/index.php\/2025\/01\/17\/tveir-milljardar-fyrir-lod-i-laugardal\/","url":"https:\/\/eirikurjonsson.is\/index.php\/2025\/01\/17\/tveir-milljardar-fyrir-lod-i-laugardal\/","name":"TVEIR MILLJAR\u00d0AR FYRIR L\u00d3\u00d0 \u00cd LAUGARDAL &#8211; Eir\u00edkur J\u00f3nsson","isPartOf":{"@id":"https:\/\/eirikurjonsson.is\/#website"},"datePublished":"2025-01-17T15:20:30+00:00","dateModified":"2025-01-17T15:25:15+00:00","author":{"@id":"https:\/\/eirikurjonsson.is\/#\/schema\/person\/308afa1d0e201918034e31b1da4f07a5"},"breadcrumb":{"@id":"https:\/\/eirikurjonsson.is\/index.php\/2025\/01\/17\/tveir-milljardar-fyrir-lod-i-laugardal\/#breadcrumb"},"inLanguage":"is","potentialAction":[{"@type":"ReadAction","target":["https:\/\/eirikurjonsson.is\/index.php\/2025\/01\/17\/tveir-milljardar-fyrir-lod-i-laugardal\/"]}]},{"@type":"BreadcrumbList","@id":"https:\/\/eirikurjonsson.is\/index.php\/2025\/01\/17\/tveir-milljardar-fyrir-lod-i-laugardal\/#breadcrumb","itemListElement":[{"@type":"ListItem","position":1,"name":"Home","item":"https:\/\/eirikurjonsson.is\/"},{"@type":"ListItem","position":2,"name":"TVEIR MILLJAR\u00d0AR FYRIR L\u00d3\u00d0 \u00cd LAUGARDAL"}]},{"@type":"WebSite","@id":"https:\/\/eirikurjonsson.is\/#website","url":"https:\/\/eirikurjonsson.is\/","name":"Eir\u00edkur J\u00f3nsson","description":"Eir\u00edkur J\u00f3nsson | EIR eirikurjonsson.is","potentialAction":[{"@type":"SearchAction","target":{"@type":"EntryPoint","urlTemplate":"https:\/\/eirikurjonsson.is\/?s={search_term_string}"},"query-input":"required name=search_term_string"}],"inLanguage":"is"},{"@type":"Person","@id":"https:\/\/eirikurjonsson.is\/#\/schema\/person\/308afa1d0e201918034e31b1da4f07a5","name":"eir","image":{"@type":"ImageObject","inLanguage":"is","@id":"https:\/\/eirikurjonsson.is\/#\/schema\/person\/image\/","url":"https:\/\/secure.gravatar.com\/avatar\/b6748316a4400053a1fa9f4694b38d294dc5da6f4bacc727742bd8f3e689f87c?s=96&d=mm&r=g","contentUrl":"https:\/\/secure.gravatar.com\/avatar\/b6748316a4400053a1fa9f4694b38d294dc5da6f4bacc727742bd8f3e689f87c?s=96&d=mm&r=g","caption":"eir"},"url":"https:\/\/eirikurjonsson.is\/index.php\/author\/eir\/"}]}},"_links":{"self":[{"href":"https:\/\/eirikurjonsson.is\/index.php\/wp-json\/wp\/v2\/posts\/5081","targetHints":{"allow":["GET"]}}],"collection":[{"href":"https:\/\/eirikurjonsson.is\/index.php\/wp-json\/wp\/v2\/posts"}],"about":[{"href":"https:\/\/eirikurjonsson.is\/index.php\/wp-json\/wp\/v2\/types\/post"}],"author":[{"embeddable":true,"href":"https:\/\/eirikurjonsson.is\/index.php\/wp-json\/wp\/v2\/users\/2"}],"replies":[{"embeddable":true,"href":"https:\/\/eirikurjonsson.is\/index.php\/wp-json\/wp\/v2\/comments?post=5081"}],"version-history":[{"count":3,"href":"https:\/\/eirikurjonsson.is\/index.php\/wp-json\/wp\/v2\/posts\/5081\/revisions"}],"predecessor-version":[{"id":5085,"href":"https:\/\/eirikurjonsson.is\/index.php\/wp-json\/wp\/v2\/posts\/5081\/revisions\/5085"}],"wp:featuredmedia":[{"embeddable":true,"href":"https:\/\/eirikurjonsson.is\/index.php\/wp-json\/wp\/v2\/media\/5082"}],"wp:attachment":[{"href":"https:\/\/eirikurjonsson.is\/index.php\/wp-json\/wp\/v2\/media?parent=5081"}],"wp:term":[{"taxonomy":"category","embeddable":true,"href":"https:\/\/eirikurjonsson.is\/index.php\/wp-json\/wp\/v2\/categories?post=5081"},{"taxonomy":"post_tag","embeddable":true,"href":"https:\/\/eirikurjonsson.is\/index.php\/wp-json\/wp\/v2\/tags?post=5081"}],"curies":[{"name":"wp","href":"https:\/\/api.w.org\/{rel}","templated":true}]}}