{"id":5066,"date":"2025-01-16T14:56:04","date_gmt":"2025-01-16T14:56:04","guid":{"rendered":"https:\/\/eirikurjonsson.is\/?p=5066"},"modified":"2025-01-16T14:56:21","modified_gmt":"2025-01-16T14:56:21","slug":"vidbygging-gleypir-hus-bjarkar-a-grettisgotu","status":"publish","type":"post","link":"https:\/\/eirikurjonsson.is\/index.php\/2025\/01\/16\/vidbygging-gleypir-hus-bjarkar-a-grettisgotu\/","title":{"rendered":"VI\u00d0BYGGING GLEYPIR H\u00daS BJARKAR \u00c1 GRETTISG\u00d6TU"},"content":{"rendered":"<figure id=\"attachment_5067\" aria-describedby=\"caption-attachment-5067\" style=\"width: 300px\" class=\"wp-caption alignleft\"><img loading=\"lazy\" decoding=\"async\" class=\"wp-image-5067 size-medium\" src=\"https:\/\/eirikurjonsson.is\/wp-content\/uploads\/2025\/01\/bjorkhus-2-300x284.jpg\" alt=\"S\u00e9\u00f0 fr\u00e1 g\u00f6tu.\" width=\"300\" height=\"284\" srcset=\"https:\/\/eirikurjonsson.is\/wp-content\/uploads\/2025\/01\/bjorkhus-2-300x284.jpg 300w, https:\/\/eirikurjonsson.is\/wp-content\/uploads\/2025\/01\/bjorkhus-2-1024x969.jpg 1024w, https:\/\/eirikurjonsson.is\/wp-content\/uploads\/2025\/01\/bjorkhus-2-768x727.jpg 768w, https:\/\/eirikurjonsson.is\/wp-content\/uploads\/2025\/01\/bjorkhus-2-1536x1454.jpg 1536w, https:\/\/eirikurjonsson.is\/wp-content\/uploads\/2025\/01\/bjorkhus-2-2048x1939.jpg 2048w, https:\/\/eirikurjonsson.is\/wp-content\/uploads\/2025\/01\/bjorkhus-2-696x659.jpg 696w, https:\/\/eirikurjonsson.is\/wp-content\/uploads\/2025\/01\/bjorkhus-2-1068x1011.jpg 1068w, https:\/\/eirikurjonsson.is\/wp-content\/uploads\/2025\/01\/bjorkhus-2-1920x1818.jpg 1920w\" sizes=\"auto, (max-width: 300px) 100vw, 300px\" \/><figcaption id=\"caption-attachment-5067\" class=\"wp-caption-text\">S\u00e9\u00f0 fr\u00e1 g\u00f6tu.<\/figcaption><\/figure>\n<p>Engu er l\u00edkara en vi\u00f0bygging vi\u00f0 gamalt timburh\u00fas \u00e1 Grettisg\u00f6tu 40 s\u00e9 hreinlega a\u00f0 gleypa \u00fea\u00f0 fr\u00e1 g\u00f6tu s\u00e9\u00f0. Gamla h\u00fasi\u00f0 var eitt sinn \u00ed eigu s\u00faperstj\u00f6rnunnar Bjarkar Gu\u00f0mundsd\u00f3ttur en h\u00fan seldi \u00fea\u00f0 fyrir nokkrum \u00e1rum &#8211; <a href=\"https:\/\/www.mbl.is\/smartland\/heimili\/2020\/02\/27\/einbyli_bjarkar_gudmundsdottur_til_solu\/\">sj\u00e1 h\u00e9r.<\/a><\/p>\n<p>St\u00f3r l\u00f3\u00f0 fylgdi gamla h\u00fasinu og \u00fear hafa n\u00fdir eigendur fengi\u00f0 leyfi til a\u00f0 byggja myndarlega og b\u00edlsk\u00far a\u00f0 auki. Gamla h\u00fasi\u00f0 er ekki svipur a\u00f0 sj\u00e1 eftir me\u00f0fer\u00f0ina en n\u00fdst\u00e1rlegt er \u00feetta.<\/p>\n","protected":false},"excerpt":{"rendered":"<p>Engu er l\u00edkara en vi\u00f0bygging vi\u00f0 gamalt timburh\u00fas \u00e1 Grettisg\u00f6tu 40 s\u00e9 hreinlega a\u00f0 gleypa \u00fea\u00f0 fr\u00e1 g\u00f6tu s\u00e9\u00f0. Gamla h\u00fasi\u00f0 var eitt sinn \u00ed eigu s\u00faperstj\u00f6rnunnar Bjarkar Gu\u00f0mundsd\u00f3ttur en h\u00fan seldi \u00fea\u00f0 fyrir nokkrum \u00e1rum &#8211; sj\u00e1 h\u00e9r. St\u00f3r l\u00f3\u00f0 fylgdi gamla h\u00fasinu og \u00fear hafa n\u00fdir eigendur fengi\u00f0 leyfi til a\u00f0 byggja myndarlega [&hellip;]<\/p>\n","protected":false},"author":2,"featured_media":5068,"comment_status":"open","ping_status":"open","sticky":false,"template":"","format":"standard","meta":{"_monsterinsights_skip_tracking":false,"_monsterinsights_sitenote_active":false,"_monsterinsights_sitenote_note":"","_monsterinsights_sitenote_category":0,"footnotes":""},"categories":[31],"tags":[],"class_list":{"0":"post-5066","1":"post","2":"type-post","3":"status-publish","4":"format-standard","5":"has-post-thumbnail","7":"category-greinar"},"yoast_head":"<!-- This site is optimized with the Yoast SEO plugin v22.0 - https:\/\/yoast.com\/wordpress\/plugins\/seo\/ -->\n<title>VI\u00d0BYGGING GLEYPIR H\u00daS BJARKAR \u00c1 GRETTISG\u00d6TU &#8211; Eir\u00edkur J\u00f3nsson<\/title>\n<meta name=\"robots\" content=\"index, follow, max-snippet:-1, max-image-preview:large, max-video-preview:-1\" \/>\n<link rel=\"canonical\" href=\"https:\/\/eirikurjonsson.is\/index.php\/2025\/01\/16\/vidbygging-gleypir-hus-bjarkar-a-grettisgotu\/\" \/>\n<meta property=\"og:locale\" content=\"is_IS\" \/>\n<meta property=\"og:type\" content=\"article\" \/>\n<meta property=\"og:title\" content=\"VI\u00d0BYGGING GLEYPIR H\u00daS BJARKAR \u00c1 GRETTISG\u00d6TU &#8211; Eir\u00edkur J\u00f3nsson\" \/>\n<meta property=\"og:description\" content=\"Engu er l\u00edkara en vi\u00f0bygging vi\u00f0 gamalt timburh\u00fas \u00e1 Grettisg\u00f6tu 40 s\u00e9 hreinlega a\u00f0 gleypa \u00fea\u00f0 fr\u00e1 g\u00f6tu s\u00e9\u00f0. Gamla h\u00fasi\u00f0 var eitt sinn \u00ed eigu s\u00faperstj\u00f6rnunnar Bjarkar Gu\u00f0mundsd\u00f3ttur en h\u00fan seldi \u00fea\u00f0 fyrir nokkrum \u00e1rum &#8211; sj\u00e1 h\u00e9r. St\u00f3r l\u00f3\u00f0 fylgdi gamla h\u00fasinu og \u00fear hafa n\u00fdir eigendur fengi\u00f0 leyfi til a\u00f0 byggja myndarlega [&hellip;]\" \/>\n<meta property=\"og:url\" content=\"https:\/\/eirikurjonsson.is\/index.php\/2025\/01\/16\/vidbygging-gleypir-hus-bjarkar-a-grettisgotu\/\" \/>\n<meta property=\"og:site_name\" content=\"Eir\u00edkur J\u00f3nsson\" \/>\n<meta property=\"article:published_time\" content=\"2025-01-16T14:56:04+00:00\" \/>\n<meta property=\"article:modified_time\" content=\"2025-01-16T14:56:21+00:00\" \/>\n<meta property=\"og:image\" content=\"https:\/\/eirikurjonsson.is\/wp-content\/uploads\/2025\/01\/bjork-hus-1-scaled.jpg\" \/>\n\t<meta property=\"og:image:width\" content=\"2539\" \/>\n\t<meta property=\"og:image:height\" content=\"2560\" \/>\n\t<meta property=\"og:image:type\" content=\"image\/jpeg\" \/>\n<meta name=\"author\" content=\"eir\" \/>\n<meta name=\"twitter:card\" content=\"summary_large_image\" \/>\n<meta name=\"twitter:label1\" content=\"Written by\" \/>\n\t<meta name=\"twitter:data1\" content=\"eir\" \/>\n\t<meta name=\"twitter:label2\" content=\"Est. reading time\" \/>\n\t<meta name=\"twitter:data2\" content=\"1 minute\" \/>\n<script type=\"application\/ld+json\" class=\"yoast-schema-graph\">{\"@context\":\"https:\/\/schema.org\",\"@graph\":[{\"@type\":\"WebPage\",\"@id\":\"https:\/\/eirikurjonsson.is\/index.php\/2025\/01\/16\/vidbygging-gleypir-hus-bjarkar-a-grettisgotu\/\",\"url\":\"https:\/\/eirikurjonsson.is\/index.php\/2025\/01\/16\/vidbygging-gleypir-hus-bjarkar-a-grettisgotu\/\",\"name\":\"VI\u00d0BYGGING GLEYPIR H\u00daS BJARKAR \u00c1 GRETTISG\u00d6TU &#8211; Eir\u00edkur J\u00f3nsson\",\"isPartOf\":{\"@id\":\"https:\/\/eirikurjonsson.is\/#website\"},\"datePublished\":\"2025-01-16T14:56:04+00:00\",\"dateModified\":\"2025-01-16T14:56:21+00:00\",\"author\":{\"@id\":\"https:\/\/eirikurjonsson.is\/#\/schema\/person\/308afa1d0e201918034e31b1da4f07a5\"},\"breadcrumb\":{\"@id\":\"https:\/\/eirikurjonsson.is\/index.php\/2025\/01\/16\/vidbygging-gleypir-hus-bjarkar-a-grettisgotu\/#breadcrumb\"},\"inLanguage\":\"is\",\"potentialAction\":[{\"@type\":\"ReadAction\",\"target\":[\"https:\/\/eirikurjonsson.is\/index.php\/2025\/01\/16\/vidbygging-gleypir-hus-bjarkar-a-grettisgotu\/\"]}]},{\"@type\":\"BreadcrumbList\",\"@id\":\"https:\/\/eirikurjonsson.is\/index.php\/2025\/01\/16\/vidbygging-gleypir-hus-bjarkar-a-grettisgotu\/#breadcrumb\",\"itemListElement\":[{\"@type\":\"ListItem\",\"position\":1,\"name\":\"Home\",\"item\":\"https:\/\/eirikurjonsson.is\/\"},{\"@type\":\"ListItem\",\"position\":2,\"name\":\"VI\u00d0BYGGING GLEYPIR H\u00daS BJARKAR \u00c1 GRETTISG\u00d6TU\"}]},{\"@type\":\"WebSite\",\"@id\":\"https:\/\/eirikurjonsson.is\/#website\",\"url\":\"https:\/\/eirikurjonsson.is\/\",\"name\":\"Eir\u00edkur J\u00f3nsson\",\"description\":\"Eir\u00edkur J\u00f3nsson | EIR eirikurjonsson.is\",\"potentialAction\":[{\"@type\":\"SearchAction\",\"target\":{\"@type\":\"EntryPoint\",\"urlTemplate\":\"https:\/\/eirikurjonsson.is\/?s={search_term_string}\"},\"query-input\":\"required name=search_term_string\"}],\"inLanguage\":\"is\"},{\"@type\":\"Person\",\"@id\":\"https:\/\/eirikurjonsson.is\/#\/schema\/person\/308afa1d0e201918034e31b1da4f07a5\",\"name\":\"eir\",\"image\":{\"@type\":\"ImageObject\",\"inLanguage\":\"is\",\"@id\":\"https:\/\/eirikurjonsson.is\/#\/schema\/person\/image\/\",\"url\":\"https:\/\/secure.gravatar.com\/avatar\/b6748316a4400053a1fa9f4694b38d294dc5da6f4bacc727742bd8f3e689f87c?s=96&d=mm&r=g\",\"contentUrl\":\"https:\/\/secure.gravatar.com\/avatar\/b6748316a4400053a1fa9f4694b38d294dc5da6f4bacc727742bd8f3e689f87c?s=96&d=mm&r=g\",\"caption\":\"eir\"},\"url\":\"https:\/\/eirikurjonsson.is\/index.php\/author\/eir\/\"}]}<\/script>\n<!-- \/ Yoast SEO plugin. -->","yoast_head_json":{"title":"VI\u00d0BYGGING GLEYPIR H\u00daS BJARKAR \u00c1 GRETTISG\u00d6TU &#8211; Eir\u00edkur J\u00f3nsson","robots":{"index":"index","follow":"follow","max-snippet":"max-snippet:-1","max-image-preview":"max-image-preview:large","max-video-preview":"max-video-preview:-1"},"canonical":"https:\/\/eirikurjonsson.is\/index.php\/2025\/01\/16\/vidbygging-gleypir-hus-bjarkar-a-grettisgotu\/","og_locale":"is_IS","og_type":"article","og_title":"VI\u00d0BYGGING GLEYPIR H\u00daS BJARKAR \u00c1 GRETTISG\u00d6TU &#8211; Eir\u00edkur J\u00f3nsson","og_description":"Engu er l\u00edkara en vi\u00f0bygging vi\u00f0 gamalt timburh\u00fas \u00e1 Grettisg\u00f6tu 40 s\u00e9 hreinlega a\u00f0 gleypa \u00fea\u00f0 fr\u00e1 g\u00f6tu s\u00e9\u00f0. Gamla h\u00fasi\u00f0 var eitt sinn \u00ed eigu s\u00faperstj\u00f6rnunnar Bjarkar Gu\u00f0mundsd\u00f3ttur en h\u00fan seldi \u00fea\u00f0 fyrir nokkrum \u00e1rum &#8211; sj\u00e1 h\u00e9r. St\u00f3r l\u00f3\u00f0 fylgdi gamla h\u00fasinu og \u00fear hafa n\u00fdir eigendur fengi\u00f0 leyfi til a\u00f0 byggja myndarlega [&hellip;]","og_url":"https:\/\/eirikurjonsson.is\/index.php\/2025\/01\/16\/vidbygging-gleypir-hus-bjarkar-a-grettisgotu\/","og_site_name":"Eir\u00edkur J\u00f3nsson","article_published_time":"2025-01-16T14:56:04+00:00","article_modified_time":"2025-01-16T14:56:21+00:00","og_image":[{"width":2539,"height":2560,"url":"https:\/\/eirikurjonsson.is\/wp-content\/uploads\/2025\/01\/bjork-hus-1-scaled.jpg","type":"image\/jpeg"}],"author":"eir","twitter_card":"summary_large_image","twitter_misc":{"Written by":"eir","Est. reading time":"1 minute"},"schema":{"@context":"https:\/\/schema.org","@graph":[{"@type":"WebPage","@id":"https:\/\/eirikurjonsson.is\/index.php\/2025\/01\/16\/vidbygging-gleypir-hus-bjarkar-a-grettisgotu\/","url":"https:\/\/eirikurjonsson.is\/index.php\/2025\/01\/16\/vidbygging-gleypir-hus-bjarkar-a-grettisgotu\/","name":"VI\u00d0BYGGING GLEYPIR H\u00daS BJARKAR \u00c1 GRETTISG\u00d6TU &#8211; Eir\u00edkur J\u00f3nsson","isPartOf":{"@id":"https:\/\/eirikurjonsson.is\/#website"},"datePublished":"2025-01-16T14:56:04+00:00","dateModified":"2025-01-16T14:56:21+00:00","author":{"@id":"https:\/\/eirikurjonsson.is\/#\/schema\/person\/308afa1d0e201918034e31b1da4f07a5"},"breadcrumb":{"@id":"https:\/\/eirikurjonsson.is\/index.php\/2025\/01\/16\/vidbygging-gleypir-hus-bjarkar-a-grettisgotu\/#breadcrumb"},"inLanguage":"is","potentialAction":[{"@type":"ReadAction","target":["https:\/\/eirikurjonsson.is\/index.php\/2025\/01\/16\/vidbygging-gleypir-hus-bjarkar-a-grettisgotu\/"]}]},{"@type":"BreadcrumbList","@id":"https:\/\/eirikurjonsson.is\/index.php\/2025\/01\/16\/vidbygging-gleypir-hus-bjarkar-a-grettisgotu\/#breadcrumb","itemListElement":[{"@type":"ListItem","position":1,"name":"Home","item":"https:\/\/eirikurjonsson.is\/"},{"@type":"ListItem","position":2,"name":"VI\u00d0BYGGING GLEYPIR H\u00daS BJARKAR \u00c1 GRETTISG\u00d6TU"}]},{"@type":"WebSite","@id":"https:\/\/eirikurjonsson.is\/#website","url":"https:\/\/eirikurjonsson.is\/","name":"Eir\u00edkur J\u00f3nsson","description":"Eir\u00edkur J\u00f3nsson | EIR eirikurjonsson.is","potentialAction":[{"@type":"SearchAction","target":{"@type":"EntryPoint","urlTemplate":"https:\/\/eirikurjonsson.is\/?s={search_term_string}"},"query-input":"required name=search_term_string"}],"inLanguage":"is"},{"@type":"Person","@id":"https:\/\/eirikurjonsson.is\/#\/schema\/person\/308afa1d0e201918034e31b1da4f07a5","name":"eir","image":{"@type":"ImageObject","inLanguage":"is","@id":"https:\/\/eirikurjonsson.is\/#\/schema\/person\/image\/","url":"https:\/\/secure.gravatar.com\/avatar\/b6748316a4400053a1fa9f4694b38d294dc5da6f4bacc727742bd8f3e689f87c?s=96&d=mm&r=g","contentUrl":"https:\/\/secure.gravatar.com\/avatar\/b6748316a4400053a1fa9f4694b38d294dc5da6f4bacc727742bd8f3e689f87c?s=96&d=mm&r=g","caption":"eir"},"url":"https:\/\/eirikurjonsson.is\/index.php\/author\/eir\/"}]}},"_links":{"self":[{"href":"https:\/\/eirikurjonsson.is\/index.php\/wp-json\/wp\/v2\/posts\/5066","targetHints":{"allow":["GET"]}}],"collection":[{"href":"https:\/\/eirikurjonsson.is\/index.php\/wp-json\/wp\/v2\/posts"}],"about":[{"href":"https:\/\/eirikurjonsson.is\/index.php\/wp-json\/wp\/v2\/types\/post"}],"author":[{"embeddable":true,"href":"https:\/\/eirikurjonsson.is\/index.php\/wp-json\/wp\/v2\/users\/2"}],"replies":[{"embeddable":true,"href":"https:\/\/eirikurjonsson.is\/index.php\/wp-json\/wp\/v2\/comments?post=5066"}],"version-history":[{"count":1,"href":"https:\/\/eirikurjonsson.is\/index.php\/wp-json\/wp\/v2\/posts\/5066\/revisions"}],"predecessor-version":[{"id":5069,"href":"https:\/\/eirikurjonsson.is\/index.php\/wp-json\/wp\/v2\/posts\/5066\/revisions\/5069"}],"wp:featuredmedia":[{"embeddable":true,"href":"https:\/\/eirikurjonsson.is\/index.php\/wp-json\/wp\/v2\/media\/5068"}],"wp:attachment":[{"href":"https:\/\/eirikurjonsson.is\/index.php\/wp-json\/wp\/v2\/media?parent=5066"}],"wp:term":[{"taxonomy":"category","embeddable":true,"href":"https:\/\/eirikurjonsson.is\/index.php\/wp-json\/wp\/v2\/categories?post=5066"},{"taxonomy":"post_tag","embeddable":true,"href":"https:\/\/eirikurjonsson.is\/index.php\/wp-json\/wp\/v2\/tags?post=5066"}],"curies":[{"name":"wp","href":"https:\/\/api.w.org\/{rel}","templated":true}]}}