{"id":5040,"date":"2025-01-15T11:01:46","date_gmt":"2025-01-15T11:01:46","guid":{"rendered":"https:\/\/eirikurjonsson.is\/?p=5040"},"modified":"2025-01-15T11:57:29","modified_gmt":"2025-01-15T11:57:29","slug":"valkyrjurnar-komnr-i-lundabudirnar","status":"publish","type":"post","link":"https:\/\/eirikurjonsson.is\/index.php\/2025\/01\/15\/valkyrjurnar-komnr-i-lundabudirnar\/","title":{"rendered":"VALKYRJURNAR KOMNAR \u00cd LUNDAB\u00da\u00d0IRNAR"},"content":{"rendered":"<p>Valkyrjurnar \u00ferj\u00e1r sem slegi\u00f0 hafa \u00ed gegn \u00ed \u00edslenskri p\u00f3lit\u00edk eru komnar \u00ed lundab\u00fa\u00f0irnar \u00ed Reykjav\u00edk. Ekki er h\u00e6gt a\u00f0 f\u00e1 \u00fe\u00e6r \u00ferj\u00e1r \u00ed pakka eins og \u00ed veruleikanum heldur ver\u00f0ur a\u00f0 kaupa \u00fe\u00e6r stakar.<\/p>\n<figure id=\"attachment_5041\" aria-describedby=\"caption-attachment-5041\" style=\"width: 300px\" class=\"wp-caption aligncenter\"><img loading=\"lazy\" decoding=\"async\" class=\"wp-image-5041 size-medium\" src=\"https:\/\/eirikurjonsson.is\/wp-content\/uploads\/2025\/01\/valkyrjur1-300x163.png\" alt=\"Valkyrjan me\u00f0 sver\u00f0 og skj\u00f6ld lengst til vinstri, klass\u00edskur lundi \u00ed lopapeysu \u00ed mi\u00f0i\u00f0 og loks v\u00edkingur \u00ed lopapeysu me\u00f0 rj\u00f3ma\u00eds.\" width=\"300\" height=\"163\" srcset=\"https:\/\/eirikurjonsson.is\/wp-content\/uploads\/2025\/01\/valkyrjur1-300x163.png 300w, https:\/\/eirikurjonsson.is\/wp-content\/uploads\/2025\/01\/valkyrjur1-1024x558.png 1024w, https:\/\/eirikurjonsson.is\/wp-content\/uploads\/2025\/01\/valkyrjur1-768x418.png 768w, https:\/\/eirikurjonsson.is\/wp-content\/uploads\/2025\/01\/valkyrjur1-696x379.png 696w, https:\/\/eirikurjonsson.is\/wp-content\/uploads\/2025\/01\/valkyrjur1-1068x582.png 1068w, https:\/\/eirikurjonsson.is\/wp-content\/uploads\/2025\/01\/valkyrjur1.png 1191w\" sizes=\"auto, (max-width: 300px) 100vw, 300px\" \/><figcaption id=\"caption-attachment-5041\" class=\"wp-caption-text\">Valkyrjan me\u00f0 sver\u00f0 og skj\u00f6ld lengst til vinstri, klass\u00edskur lundi \u00ed lopapeysu \u00ed mi\u00f0i\u00f0 og loks v\u00edkingur \u00ed lopapeysu me\u00f0 rj\u00f3ma\u00eds.<\/figcaption><\/figure>\n","protected":false},"excerpt":{"rendered":"<p>Valkyrjurnar \u00ferj\u00e1r sem slegi\u00f0 hafa \u00ed gegn \u00ed \u00edslenskri p\u00f3lit\u00edk eru komnar \u00ed lundab\u00fa\u00f0irnar \u00ed Reykjav\u00edk. Ekki er h\u00e6gt a\u00f0 f\u00e1 \u00fe\u00e6r \u00ferj\u00e1r \u00ed pakka eins og \u00ed veruleikanum heldur ver\u00f0ur a\u00f0 kaupa \u00fe\u00e6r stakar.<\/p>\n","protected":false},"author":2,"featured_media":5042,"comment_status":"open","ping_status":"open","sticky":false,"template":"","format":"standard","meta":{"_monsterinsights_skip_tracking":false,"_monsterinsights_sitenote_active":false,"_monsterinsights_sitenote_note":"","_monsterinsights_sitenote_category":0,"footnotes":""},"categories":[31],"tags":[],"class_list":{"0":"post-5040","1":"post","2":"type-post","3":"status-publish","4":"format-standard","5":"has-post-thumbnail","7":"category-greinar"},"yoast_head":"<!-- This site is optimized with the Yoast SEO plugin v22.0 - https:\/\/yoast.com\/wordpress\/plugins\/seo\/ -->\n<title>VALKYRJURNAR KOMNAR \u00cd LUNDAB\u00da\u00d0IRNAR &#8211; Eir\u00edkur J\u00f3nsson<\/title>\n<meta name=\"robots\" content=\"index, follow, max-snippet:-1, max-image-preview:large, max-video-preview:-1\" \/>\n<link rel=\"canonical\" href=\"https:\/\/eirikurjonsson.is\/index.php\/2025\/01\/15\/valkyrjurnar-komnr-i-lundabudirnar\/\" \/>\n<meta property=\"og:locale\" content=\"is_IS\" \/>\n<meta property=\"og:type\" content=\"article\" \/>\n<meta property=\"og:title\" content=\"VALKYRJURNAR KOMNAR \u00cd LUNDAB\u00da\u00d0IRNAR &#8211; Eir\u00edkur J\u00f3nsson\" \/>\n<meta property=\"og:description\" content=\"Valkyrjurnar \u00ferj\u00e1r sem slegi\u00f0 hafa \u00ed gegn \u00ed \u00edslenskri p\u00f3lit\u00edk eru komnar \u00ed lundab\u00fa\u00f0irnar \u00ed Reykjav\u00edk. Ekki er h\u00e6gt a\u00f0 f\u00e1 \u00fe\u00e6r \u00ferj\u00e1r \u00ed pakka eins og \u00ed veruleikanum heldur ver\u00f0ur a\u00f0 kaupa \u00fe\u00e6r stakar.\" \/>\n<meta property=\"og:url\" content=\"https:\/\/eirikurjonsson.is\/index.php\/2025\/01\/15\/valkyrjurnar-komnr-i-lundabudirnar\/\" \/>\n<meta property=\"og:site_name\" content=\"Eir\u00edkur J\u00f3nsson\" \/>\n<meta property=\"article:published_time\" content=\"2025-01-15T11:01:46+00:00\" \/>\n<meta property=\"article:modified_time\" content=\"2025-01-15T11:57:29+00:00\" \/>\n<meta property=\"og:image\" content=\"https:\/\/eirikurjonsson.is\/wp-content\/uploads\/2025\/01\/valkyrjur-3.webp\" \/>\n\t<meta property=\"og:image:width\" content=\"2048\" \/>\n\t<meta property=\"og:image:height\" content=\"2048\" \/>\n\t<meta property=\"og:image:type\" content=\"image\/webp\" \/>\n<meta name=\"author\" content=\"eir\" \/>\n<meta name=\"twitter:card\" content=\"summary_large_image\" \/>\n<meta name=\"twitter:label1\" content=\"Written by\" \/>\n\t<meta name=\"twitter:data1\" content=\"eir\" \/>\n\t<meta name=\"twitter:label2\" content=\"Est. reading time\" \/>\n\t<meta name=\"twitter:data2\" content=\"1 minute\" \/>\n<script type=\"application\/ld+json\" class=\"yoast-schema-graph\">{\"@context\":\"https:\/\/schema.org\",\"@graph\":[{\"@type\":\"WebPage\",\"@id\":\"https:\/\/eirikurjonsson.is\/index.php\/2025\/01\/15\/valkyrjurnar-komnr-i-lundabudirnar\/\",\"url\":\"https:\/\/eirikurjonsson.is\/index.php\/2025\/01\/15\/valkyrjurnar-komnr-i-lundabudirnar\/\",\"name\":\"VALKYRJURNAR KOMNAR \u00cd LUNDAB\u00da\u00d0IRNAR &#8211; Eir\u00edkur J\u00f3nsson\",\"isPartOf\":{\"@id\":\"https:\/\/eirikurjonsson.is\/#website\"},\"datePublished\":\"2025-01-15T11:01:46+00:00\",\"dateModified\":\"2025-01-15T11:57:29+00:00\",\"author\":{\"@id\":\"https:\/\/eirikurjonsson.is\/#\/schema\/person\/308afa1d0e201918034e31b1da4f07a5\"},\"breadcrumb\":{\"@id\":\"https:\/\/eirikurjonsson.is\/index.php\/2025\/01\/15\/valkyrjurnar-komnr-i-lundabudirnar\/#breadcrumb\"},\"inLanguage\":\"is\",\"potentialAction\":[{\"@type\":\"ReadAction\",\"target\":[\"https:\/\/eirikurjonsson.is\/index.php\/2025\/01\/15\/valkyrjurnar-komnr-i-lundabudirnar\/\"]}]},{\"@type\":\"BreadcrumbList\",\"@id\":\"https:\/\/eirikurjonsson.is\/index.php\/2025\/01\/15\/valkyrjurnar-komnr-i-lundabudirnar\/#breadcrumb\",\"itemListElement\":[{\"@type\":\"ListItem\",\"position\":1,\"name\":\"Home\",\"item\":\"https:\/\/eirikurjonsson.is\/\"},{\"@type\":\"ListItem\",\"position\":2,\"name\":\"VALKYRJURNAR KOMNAR \u00cd LUNDAB\u00da\u00d0IRNAR\"}]},{\"@type\":\"WebSite\",\"@id\":\"https:\/\/eirikurjonsson.is\/#website\",\"url\":\"https:\/\/eirikurjonsson.is\/\",\"name\":\"Eir\u00edkur J\u00f3nsson\",\"description\":\"Eir\u00edkur J\u00f3nsson | EIR eirikurjonsson.is\",\"potentialAction\":[{\"@type\":\"SearchAction\",\"target\":{\"@type\":\"EntryPoint\",\"urlTemplate\":\"https:\/\/eirikurjonsson.is\/?s={search_term_string}\"},\"query-input\":\"required name=search_term_string\"}],\"inLanguage\":\"is\"},{\"@type\":\"Person\",\"@id\":\"https:\/\/eirikurjonsson.is\/#\/schema\/person\/308afa1d0e201918034e31b1da4f07a5\",\"name\":\"eir\",\"image\":{\"@type\":\"ImageObject\",\"inLanguage\":\"is\",\"@id\":\"https:\/\/eirikurjonsson.is\/#\/schema\/person\/image\/\",\"url\":\"https:\/\/secure.gravatar.com\/avatar\/b6748316a4400053a1fa9f4694b38d294dc5da6f4bacc727742bd8f3e689f87c?s=96&d=mm&r=g\",\"contentUrl\":\"https:\/\/secure.gravatar.com\/avatar\/b6748316a4400053a1fa9f4694b38d294dc5da6f4bacc727742bd8f3e689f87c?s=96&d=mm&r=g\",\"caption\":\"eir\"},\"url\":\"https:\/\/eirikurjonsson.is\/index.php\/author\/eir\/\"}]}<\/script>\n<!-- \/ Yoast SEO plugin. -->","yoast_head_json":{"title":"VALKYRJURNAR KOMNAR \u00cd LUNDAB\u00da\u00d0IRNAR &#8211; Eir\u00edkur J\u00f3nsson","robots":{"index":"index","follow":"follow","max-snippet":"max-snippet:-1","max-image-preview":"max-image-preview:large","max-video-preview":"max-video-preview:-1"},"canonical":"https:\/\/eirikurjonsson.is\/index.php\/2025\/01\/15\/valkyrjurnar-komnr-i-lundabudirnar\/","og_locale":"is_IS","og_type":"article","og_title":"VALKYRJURNAR KOMNAR \u00cd LUNDAB\u00da\u00d0IRNAR &#8211; Eir\u00edkur J\u00f3nsson","og_description":"Valkyrjurnar \u00ferj\u00e1r sem slegi\u00f0 hafa \u00ed gegn \u00ed \u00edslenskri p\u00f3lit\u00edk eru komnar \u00ed lundab\u00fa\u00f0irnar \u00ed Reykjav\u00edk. Ekki er h\u00e6gt a\u00f0 f\u00e1 \u00fe\u00e6r \u00ferj\u00e1r \u00ed pakka eins og \u00ed veruleikanum heldur ver\u00f0ur a\u00f0 kaupa \u00fe\u00e6r stakar.","og_url":"https:\/\/eirikurjonsson.is\/index.php\/2025\/01\/15\/valkyrjurnar-komnr-i-lundabudirnar\/","og_site_name":"Eir\u00edkur J\u00f3nsson","article_published_time":"2025-01-15T11:01:46+00:00","article_modified_time":"2025-01-15T11:57:29+00:00","og_image":[{"width":2048,"height":2048,"url":"https:\/\/eirikurjonsson.is\/wp-content\/uploads\/2025\/01\/valkyrjur-3.webp","type":"image\/webp"}],"author":"eir","twitter_card":"summary_large_image","twitter_misc":{"Written by":"eir","Est. reading time":"1 minute"},"schema":{"@context":"https:\/\/schema.org","@graph":[{"@type":"WebPage","@id":"https:\/\/eirikurjonsson.is\/index.php\/2025\/01\/15\/valkyrjurnar-komnr-i-lundabudirnar\/","url":"https:\/\/eirikurjonsson.is\/index.php\/2025\/01\/15\/valkyrjurnar-komnr-i-lundabudirnar\/","name":"VALKYRJURNAR KOMNAR \u00cd LUNDAB\u00da\u00d0IRNAR &#8211; Eir\u00edkur J\u00f3nsson","isPartOf":{"@id":"https:\/\/eirikurjonsson.is\/#website"},"datePublished":"2025-01-15T11:01:46+00:00","dateModified":"2025-01-15T11:57:29+00:00","author":{"@id":"https:\/\/eirikurjonsson.is\/#\/schema\/person\/308afa1d0e201918034e31b1da4f07a5"},"breadcrumb":{"@id":"https:\/\/eirikurjonsson.is\/index.php\/2025\/01\/15\/valkyrjurnar-komnr-i-lundabudirnar\/#breadcrumb"},"inLanguage":"is","potentialAction":[{"@type":"ReadAction","target":["https:\/\/eirikurjonsson.is\/index.php\/2025\/01\/15\/valkyrjurnar-komnr-i-lundabudirnar\/"]}]},{"@type":"BreadcrumbList","@id":"https:\/\/eirikurjonsson.is\/index.php\/2025\/01\/15\/valkyrjurnar-komnr-i-lundabudirnar\/#breadcrumb","itemListElement":[{"@type":"ListItem","position":1,"name":"Home","item":"https:\/\/eirikurjonsson.is\/"},{"@type":"ListItem","position":2,"name":"VALKYRJURNAR KOMNAR \u00cd LUNDAB\u00da\u00d0IRNAR"}]},{"@type":"WebSite","@id":"https:\/\/eirikurjonsson.is\/#website","url":"https:\/\/eirikurjonsson.is\/","name":"Eir\u00edkur J\u00f3nsson","description":"Eir\u00edkur J\u00f3nsson | EIR eirikurjonsson.is","potentialAction":[{"@type":"SearchAction","target":{"@type":"EntryPoint","urlTemplate":"https:\/\/eirikurjonsson.is\/?s={search_term_string}"},"query-input":"required name=search_term_string"}],"inLanguage":"is"},{"@type":"Person","@id":"https:\/\/eirikurjonsson.is\/#\/schema\/person\/308afa1d0e201918034e31b1da4f07a5","name":"eir","image":{"@type":"ImageObject","inLanguage":"is","@id":"https:\/\/eirikurjonsson.is\/#\/schema\/person\/image\/","url":"https:\/\/secure.gravatar.com\/avatar\/b6748316a4400053a1fa9f4694b38d294dc5da6f4bacc727742bd8f3e689f87c?s=96&d=mm&r=g","contentUrl":"https:\/\/secure.gravatar.com\/avatar\/b6748316a4400053a1fa9f4694b38d294dc5da6f4bacc727742bd8f3e689f87c?s=96&d=mm&r=g","caption":"eir"},"url":"https:\/\/eirikurjonsson.is\/index.php\/author\/eir\/"}]}},"_links":{"self":[{"href":"https:\/\/eirikurjonsson.is\/index.php\/wp-json\/wp\/v2\/posts\/5040","targetHints":{"allow":["GET"]}}],"collection":[{"href":"https:\/\/eirikurjonsson.is\/index.php\/wp-json\/wp\/v2\/posts"}],"about":[{"href":"https:\/\/eirikurjonsson.is\/index.php\/wp-json\/wp\/v2\/types\/post"}],"author":[{"embeddable":true,"href":"https:\/\/eirikurjonsson.is\/index.php\/wp-json\/wp\/v2\/users\/2"}],"replies":[{"embeddable":true,"href":"https:\/\/eirikurjonsson.is\/index.php\/wp-json\/wp\/v2\/comments?post=5040"}],"version-history":[{"count":2,"href":"https:\/\/eirikurjonsson.is\/index.php\/wp-json\/wp\/v2\/posts\/5040\/revisions"}],"predecessor-version":[{"id":5052,"href":"https:\/\/eirikurjonsson.is\/index.php\/wp-json\/wp\/v2\/posts\/5040\/revisions\/5052"}],"wp:featuredmedia":[{"embeddable":true,"href":"https:\/\/eirikurjonsson.is\/index.php\/wp-json\/wp\/v2\/media\/5042"}],"wp:attachment":[{"href":"https:\/\/eirikurjonsson.is\/index.php\/wp-json\/wp\/v2\/media?parent=5040"}],"wp:term":[{"taxonomy":"category","embeddable":true,"href":"https:\/\/eirikurjonsson.is\/index.php\/wp-json\/wp\/v2\/categories?post=5040"},{"taxonomy":"post_tag","embeddable":true,"href":"https:\/\/eirikurjonsson.is\/index.php\/wp-json\/wp\/v2\/tags?post=5040"}],"curies":[{"name":"wp","href":"https:\/\/api.w.org\/{rel}","templated":true}]}}