{"id":4994,"date":"2025-01-11T13:07:10","date_gmt":"2025-01-11T13:07:10","guid":{"rendered":"https:\/\/eirikurjonsson.is\/?p=4994"},"modified":"2025-01-11T13:07:34","modified_gmt":"2025-01-11T13:07:34","slug":"agseir-kolbeins-50","status":"publish","type":"post","link":"https:\/\/eirikurjonsson.is\/index.php\/2025\/01\/11\/agseir-kolbeins-50\/","title":{"rendered":"\u00c1GSEIR KOLBEINS (50)"},"content":{"rendered":"<p>Athafnama\u00f0urinn, d\u00e6gurstjarnan og eitt sinn allt a\u00f0 \u00fev\u00ed barnastjarna, \u00c1sgeir Kolbeins, er fimmtugur \u00ed dag. Ungur var hann rau\u00f0h\u00e6r\u00f0ur svo eftir var teki\u00f0 en n\u00fa er hann svarth\u00e6r\u00f0ur. \u00cd fr\u00e9ttum fyrir skemmstu var \u00feetta helst:<\/p>\n<p><em>&#8222;N\u00fa stefn\u00adir hann \u00e1 a\u00f0 halda gl\u00e6si\u00adlegt fimm\u00adtugsaf\u00adm\u00e6li \u00e1 Teneri\u00adfe \u00ed jan\u00fa\u00adar \u00ed 2.600 fermetra villu. \u00c1sgeir b\u00fd\u00f0ur \u00f6ll\u00adum helstu vin\u00adum og vanda\u00adm\u00f6nn\u00adum til \u00feess a\u00f0 taka \u00fe\u00e1tt \u00ed gle\u00f0inni. Af\u00adm\u00e6li\u00f0 ver\u00f0ur haldi\u00f0 me\u00f0 pompi og prakt en gestalist\u00adinn n\u00e6r yfir ein\u00adhver \u00feekkt\u00adustu n\u00f6fn lands\u00adins. \u00dear m\u00e1 finna allt fr\u00e1 st\u00f3r\u00adt\u00e6k\u00adum fj\u00e1r\u00adfest\u00adum og l\u00f6g\u00adfr\u00e6\u00f0ing\u00adum yfir \u00ed \u00e1hrifa\u00advalda og skemmtikrafta.&#8220;<\/em><\/p>\n<p>Afm\u00e6lisbarni\u00f0 f\u00e6r \u00f3skalagi\u00f0 Disk\u00f3 Frisk\u00f3:<\/p>\n<div class=\"youtube-embed\" data-video_id=\"GahgGJJTr5Q\"><iframe loading=\"lazy\" title=\"Heimsins mikilv\u00e6gasta kv\u00f6ld 2022 - Disco Frisco upphafsatri\u00f0i\" width=\"696\" height=\"392\" src=\"https:\/\/www.youtube.com\/embed\/GahgGJJTr5Q?feature=oembed&#038;enablejsapi=1\" frameborder=\"0\" allow=\"accelerometer; autoplay; clipboard-write; encrypted-media; gyroscope; picture-in-picture; web-share\" referrerpolicy=\"strict-origin-when-cross-origin\" allowfullscreen><\/iframe><\/div>\n","protected":false},"excerpt":{"rendered":"<p>Athafnama\u00f0urinn, d\u00e6gurstjarnan og eitt sinn allt a\u00f0 \u00fev\u00ed barnastjarna, \u00c1sgeir Kolbeins, er fimmtugur \u00ed dag. Ungur var hann rau\u00f0h\u00e6r\u00f0ur svo eftir var teki\u00f0 en n\u00fa er hann svarth\u00e6r\u00f0ur. \u00cd fr\u00e9ttum fyrir skemmstu var \u00feetta helst: &#8222;N\u00fa stefn\u00adir hann \u00e1 a\u00f0 halda gl\u00e6si\u00adlegt fimm\u00adtugsaf\u00adm\u00e6li \u00e1 Teneri\u00adfe \u00ed jan\u00fa\u00adar \u00ed 2.600 fermetra villu. \u00c1sgeir b\u00fd\u00f0ur \u00f6ll\u00adum helstu [&hellip;]<\/p>\n","protected":false},"author":2,"featured_media":4996,"comment_status":"open","ping_status":"open","sticky":false,"template":"","format":"standard","meta":{"_monsterinsights_skip_tracking":false,"_monsterinsights_sitenote_active":false,"_monsterinsights_sitenote_note":"","_monsterinsights_sitenote_category":0,"footnotes":""},"categories":[32],"tags":[],"class_list":{"0":"post-4994","1":"post","2":"type-post","3":"status-publish","4":"format-standard","5":"has-post-thumbnail","7":"category-lag-dagsins"},"yoast_head":"<!-- This site is optimized with the Yoast SEO plugin v22.0 - https:\/\/yoast.com\/wordpress\/plugins\/seo\/ -->\n<title>\u00c1GSEIR KOLBEINS (50) &#8211; Eir\u00edkur J\u00f3nsson<\/title>\n<meta name=\"robots\" content=\"index, follow, max-snippet:-1, max-image-preview:large, max-video-preview:-1\" \/>\n<link rel=\"canonical\" href=\"https:\/\/eirikurjonsson.is\/index.php\/2025\/01\/11\/agseir-kolbeins-50\/\" \/>\n<meta property=\"og:locale\" content=\"is_IS\" \/>\n<meta property=\"og:type\" content=\"article\" \/>\n<meta property=\"og:title\" content=\"\u00c1GSEIR KOLBEINS (50) &#8211; Eir\u00edkur J\u00f3nsson\" \/>\n<meta property=\"og:description\" content=\"Athafnama\u00f0urinn, d\u00e6gurstjarnan og eitt sinn allt a\u00f0 \u00fev\u00ed barnastjarna, \u00c1sgeir Kolbeins, er fimmtugur \u00ed dag. Ungur var hann rau\u00f0h\u00e6r\u00f0ur svo eftir var teki\u00f0 en n\u00fa er hann svarth\u00e6r\u00f0ur. \u00cd fr\u00e9ttum fyrir skemmstu var \u00feetta helst: &#8222;N\u00fa stefn\u00adir hann \u00e1 a\u00f0 halda gl\u00e6si\u00adlegt fimm\u00adtugsaf\u00adm\u00e6li \u00e1 Teneri\u00adfe \u00ed jan\u00fa\u00adar \u00ed 2.600 fermetra villu. \u00c1sgeir b\u00fd\u00f0ur \u00f6ll\u00adum helstu [&hellip;]\" \/>\n<meta property=\"og:url\" content=\"https:\/\/eirikurjonsson.is\/index.php\/2025\/01\/11\/agseir-kolbeins-50\/\" \/>\n<meta property=\"og:site_name\" content=\"Eir\u00edkur J\u00f3nsson\" \/>\n<meta property=\"article:published_time\" content=\"2025-01-11T13:07:10+00:00\" \/>\n<meta property=\"article:modified_time\" content=\"2025-01-11T13:07:34+00:00\" \/>\n<meta property=\"og:image\" content=\"https:\/\/eirikurjonsson.is\/wp-content\/uploads\/2025\/01\/asgeir-2.jpg\" \/>\n\t<meta property=\"og:image:width\" content=\"410\" \/>\n\t<meta property=\"og:image:height\" content=\"357\" \/>\n\t<meta property=\"og:image:type\" content=\"image\/jpeg\" \/>\n<meta name=\"author\" content=\"eir\" \/>\n<meta name=\"twitter:card\" content=\"summary_large_image\" \/>\n<meta name=\"twitter:label1\" content=\"Written by\" \/>\n\t<meta name=\"twitter:data1\" content=\"eir\" \/>\n\t<meta name=\"twitter:label2\" content=\"Est. reading time\" \/>\n\t<meta name=\"twitter:data2\" content=\"1 minute\" \/>\n<script type=\"application\/ld+json\" class=\"yoast-schema-graph\">{\"@context\":\"https:\/\/schema.org\",\"@graph\":[{\"@type\":\"WebPage\",\"@id\":\"https:\/\/eirikurjonsson.is\/index.php\/2025\/01\/11\/agseir-kolbeins-50\/\",\"url\":\"https:\/\/eirikurjonsson.is\/index.php\/2025\/01\/11\/agseir-kolbeins-50\/\",\"name\":\"\u00c1GSEIR KOLBEINS (50) &#8211; Eir\u00edkur J\u00f3nsson\",\"isPartOf\":{\"@id\":\"https:\/\/eirikurjonsson.is\/#website\"},\"datePublished\":\"2025-01-11T13:07:10+00:00\",\"dateModified\":\"2025-01-11T13:07:34+00:00\",\"author\":{\"@id\":\"https:\/\/eirikurjonsson.is\/#\/schema\/person\/308afa1d0e201918034e31b1da4f07a5\"},\"breadcrumb\":{\"@id\":\"https:\/\/eirikurjonsson.is\/index.php\/2025\/01\/11\/agseir-kolbeins-50\/#breadcrumb\"},\"inLanguage\":\"is\",\"potentialAction\":[{\"@type\":\"ReadAction\",\"target\":[\"https:\/\/eirikurjonsson.is\/index.php\/2025\/01\/11\/agseir-kolbeins-50\/\"]}]},{\"@type\":\"BreadcrumbList\",\"@id\":\"https:\/\/eirikurjonsson.is\/index.php\/2025\/01\/11\/agseir-kolbeins-50\/#breadcrumb\",\"itemListElement\":[{\"@type\":\"ListItem\",\"position\":1,\"name\":\"Home\",\"item\":\"https:\/\/eirikurjonsson.is\/\"},{\"@type\":\"ListItem\",\"position\":2,\"name\":\"\u00c1GSEIR KOLBEINS (50)\"}]},{\"@type\":\"WebSite\",\"@id\":\"https:\/\/eirikurjonsson.is\/#website\",\"url\":\"https:\/\/eirikurjonsson.is\/\",\"name\":\"Eir\u00edkur J\u00f3nsson\",\"description\":\"Eir\u00edkur J\u00f3nsson | EIR eirikurjonsson.is\",\"potentialAction\":[{\"@type\":\"SearchAction\",\"target\":{\"@type\":\"EntryPoint\",\"urlTemplate\":\"https:\/\/eirikurjonsson.is\/?s={search_term_string}\"},\"query-input\":\"required name=search_term_string\"}],\"inLanguage\":\"is\"},{\"@type\":\"Person\",\"@id\":\"https:\/\/eirikurjonsson.is\/#\/schema\/person\/308afa1d0e201918034e31b1da4f07a5\",\"name\":\"eir\",\"image\":{\"@type\":\"ImageObject\",\"inLanguage\":\"is\",\"@id\":\"https:\/\/eirikurjonsson.is\/#\/schema\/person\/image\/\",\"url\":\"https:\/\/secure.gravatar.com\/avatar\/b6748316a4400053a1fa9f4694b38d294dc5da6f4bacc727742bd8f3e689f87c?s=96&d=mm&r=g\",\"contentUrl\":\"https:\/\/secure.gravatar.com\/avatar\/b6748316a4400053a1fa9f4694b38d294dc5da6f4bacc727742bd8f3e689f87c?s=96&d=mm&r=g\",\"caption\":\"eir\"},\"url\":\"https:\/\/eirikurjonsson.is\/index.php\/author\/eir\/\"}]}<\/script>\n<!-- \/ Yoast SEO plugin. -->","yoast_head_json":{"title":"\u00c1GSEIR KOLBEINS (50) &#8211; Eir\u00edkur J\u00f3nsson","robots":{"index":"index","follow":"follow","max-snippet":"max-snippet:-1","max-image-preview":"max-image-preview:large","max-video-preview":"max-video-preview:-1"},"canonical":"https:\/\/eirikurjonsson.is\/index.php\/2025\/01\/11\/agseir-kolbeins-50\/","og_locale":"is_IS","og_type":"article","og_title":"\u00c1GSEIR KOLBEINS (50) &#8211; Eir\u00edkur J\u00f3nsson","og_description":"Athafnama\u00f0urinn, d\u00e6gurstjarnan og eitt sinn allt a\u00f0 \u00fev\u00ed barnastjarna, \u00c1sgeir Kolbeins, er fimmtugur \u00ed dag. Ungur var hann rau\u00f0h\u00e6r\u00f0ur svo eftir var teki\u00f0 en n\u00fa er hann svarth\u00e6r\u00f0ur. \u00cd fr\u00e9ttum fyrir skemmstu var \u00feetta helst: &#8222;N\u00fa stefn\u00adir hann \u00e1 a\u00f0 halda gl\u00e6si\u00adlegt fimm\u00adtugsaf\u00adm\u00e6li \u00e1 Teneri\u00adfe \u00ed jan\u00fa\u00adar \u00ed 2.600 fermetra villu. \u00c1sgeir b\u00fd\u00f0ur \u00f6ll\u00adum helstu [&hellip;]","og_url":"https:\/\/eirikurjonsson.is\/index.php\/2025\/01\/11\/agseir-kolbeins-50\/","og_site_name":"Eir\u00edkur J\u00f3nsson","article_published_time":"2025-01-11T13:07:10+00:00","article_modified_time":"2025-01-11T13:07:34+00:00","og_image":[{"width":410,"height":357,"url":"https:\/\/eirikurjonsson.is\/wp-content\/uploads\/2025\/01\/asgeir-2.jpg","type":"image\/jpeg"}],"author":"eir","twitter_card":"summary_large_image","twitter_misc":{"Written by":"eir","Est. reading time":"1 minute"},"schema":{"@context":"https:\/\/schema.org","@graph":[{"@type":"WebPage","@id":"https:\/\/eirikurjonsson.is\/index.php\/2025\/01\/11\/agseir-kolbeins-50\/","url":"https:\/\/eirikurjonsson.is\/index.php\/2025\/01\/11\/agseir-kolbeins-50\/","name":"\u00c1GSEIR KOLBEINS (50) &#8211; Eir\u00edkur J\u00f3nsson","isPartOf":{"@id":"https:\/\/eirikurjonsson.is\/#website"},"datePublished":"2025-01-11T13:07:10+00:00","dateModified":"2025-01-11T13:07:34+00:00","author":{"@id":"https:\/\/eirikurjonsson.is\/#\/schema\/person\/308afa1d0e201918034e31b1da4f07a5"},"breadcrumb":{"@id":"https:\/\/eirikurjonsson.is\/index.php\/2025\/01\/11\/agseir-kolbeins-50\/#breadcrumb"},"inLanguage":"is","potentialAction":[{"@type":"ReadAction","target":["https:\/\/eirikurjonsson.is\/index.php\/2025\/01\/11\/agseir-kolbeins-50\/"]}]},{"@type":"BreadcrumbList","@id":"https:\/\/eirikurjonsson.is\/index.php\/2025\/01\/11\/agseir-kolbeins-50\/#breadcrumb","itemListElement":[{"@type":"ListItem","position":1,"name":"Home","item":"https:\/\/eirikurjonsson.is\/"},{"@type":"ListItem","position":2,"name":"\u00c1GSEIR KOLBEINS (50)"}]},{"@type":"WebSite","@id":"https:\/\/eirikurjonsson.is\/#website","url":"https:\/\/eirikurjonsson.is\/","name":"Eir\u00edkur J\u00f3nsson","description":"Eir\u00edkur J\u00f3nsson | EIR eirikurjonsson.is","potentialAction":[{"@type":"SearchAction","target":{"@type":"EntryPoint","urlTemplate":"https:\/\/eirikurjonsson.is\/?s={search_term_string}"},"query-input":"required name=search_term_string"}],"inLanguage":"is"},{"@type":"Person","@id":"https:\/\/eirikurjonsson.is\/#\/schema\/person\/308afa1d0e201918034e31b1da4f07a5","name":"eir","image":{"@type":"ImageObject","inLanguage":"is","@id":"https:\/\/eirikurjonsson.is\/#\/schema\/person\/image\/","url":"https:\/\/secure.gravatar.com\/avatar\/b6748316a4400053a1fa9f4694b38d294dc5da6f4bacc727742bd8f3e689f87c?s=96&d=mm&r=g","contentUrl":"https:\/\/secure.gravatar.com\/avatar\/b6748316a4400053a1fa9f4694b38d294dc5da6f4bacc727742bd8f3e689f87c?s=96&d=mm&r=g","caption":"eir"},"url":"https:\/\/eirikurjonsson.is\/index.php\/author\/eir\/"}]}},"_links":{"self":[{"href":"https:\/\/eirikurjonsson.is\/index.php\/wp-json\/wp\/v2\/posts\/4994","targetHints":{"allow":["GET"]}}],"collection":[{"href":"https:\/\/eirikurjonsson.is\/index.php\/wp-json\/wp\/v2\/posts"}],"about":[{"href":"https:\/\/eirikurjonsson.is\/index.php\/wp-json\/wp\/v2\/types\/post"}],"author":[{"embeddable":true,"href":"https:\/\/eirikurjonsson.is\/index.php\/wp-json\/wp\/v2\/users\/2"}],"replies":[{"embeddable":true,"href":"https:\/\/eirikurjonsson.is\/index.php\/wp-json\/wp\/v2\/comments?post=4994"}],"version-history":[{"count":1,"href":"https:\/\/eirikurjonsson.is\/index.php\/wp-json\/wp\/v2\/posts\/4994\/revisions"}],"predecessor-version":[{"id":4997,"href":"https:\/\/eirikurjonsson.is\/index.php\/wp-json\/wp\/v2\/posts\/4994\/revisions\/4997"}],"wp:featuredmedia":[{"embeddable":true,"href":"https:\/\/eirikurjonsson.is\/index.php\/wp-json\/wp\/v2\/media\/4996"}],"wp:attachment":[{"href":"https:\/\/eirikurjonsson.is\/index.php\/wp-json\/wp\/v2\/media?parent=4994"}],"wp:term":[{"taxonomy":"category","embeddable":true,"href":"https:\/\/eirikurjonsson.is\/index.php\/wp-json\/wp\/v2\/categories?post=4994"},{"taxonomy":"post_tag","embeddable":true,"href":"https:\/\/eirikurjonsson.is\/index.php\/wp-json\/wp\/v2\/tags?post=4994"}],"curies":[{"name":"wp","href":"https:\/\/api.w.org\/{rel}","templated":true}]}}