{"id":4990,"date":"2025-01-11T09:48:05","date_gmt":"2025-01-11T09:48:05","guid":{"rendered":"https:\/\/eirikurjonsson.is\/?p=4990"},"modified":"2025-01-11T09:48:28","modified_gmt":"2025-01-11T09:48:28","slug":"blindrafelagid-med-hundadagatal-2025","status":"publish","type":"post","link":"https:\/\/eirikurjonsson.is\/index.php\/2025\/01\/11\/blindrafelagid-med-hundadagatal-2025\/","title":{"rendered":"BLINDRAF\u00c9LAGI\u00d0 ME\u00d0 HUNDADAGATAL 2025"},"content":{"rendered":"<p>Blindrad\u00e9lagi\u00f0 hefur gefi\u00f0 \u00fat lei\u00f0s\u00f6guhundadagatali\u00f0 2025. Dagatali\u00f0 f\u00e6st \u00ed \u00f6lum helstu verslunum B\u00f3nus og Nett\u00f3 v\u00ed\u00f0svegar um landi\u00f0 og kostar 2.600 kr\u00f3nur.<\/p>\n<p style=\"text-align: center;\">&#8211;<\/p>\n<p>Me\u00f0 styrkjum og kaupum \u00e1 v\u00f6rum Blindraf\u00e9lagsins ert \u00fe\u00fa a\u00f0 hj\u00e1lpa<br \/>\nf\u00e9laginu a\u00f0 berjast fyrir \u00fev\u00ed a\u00f0 blindir og sj\u00f3nskertir<br \/>\neinstaklingar geti lifa\u00f0 sj\u00e1lfst\u00e6\u00f0u og innihaldsr\u00edku l\u00edfi og a\u00f0<br \/>\n\u00feeim s\u00e9 trygg\u00f0ur jafn r\u00e9ttur og t\u00e6kif\u00e6ri til \u00e1byrgar, virkrar og<br \/>\nvi\u00f0urkenndar \u00fe\u00e1ttt\u00f6ku \u00ed \u00f6llum \u00fe\u00e1ttum samf\u00e9lagsins.<\/p>\n","protected":false},"excerpt":{"rendered":"<p>Blindrad\u00e9lagi\u00f0 hefur gefi\u00f0 \u00fat lei\u00f0s\u00f6guhundadagatali\u00f0 2025. Dagatali\u00f0 f\u00e6st \u00ed \u00f6lum helstu verslunum B\u00f3nus og Nett\u00f3 v\u00ed\u00f0svegar um landi\u00f0 og kostar 2.600 kr\u00f3nur. &#8211; Me\u00f0 styrkjum og kaupum \u00e1 v\u00f6rum Blindraf\u00e9lagsins ert \u00fe\u00fa a\u00f0 hj\u00e1lpa f\u00e9laginu a\u00f0 berjast fyrir \u00fev\u00ed a\u00f0 blindir og sj\u00f3nskertir einstaklingar geti lifa\u00f0 sj\u00e1lfst\u00e6\u00f0u og innihaldsr\u00edku l\u00edfi og a\u00f0 \u00feeim s\u00e9 trygg\u00f0ur [&hellip;]<\/p>\n","protected":false},"author":2,"featured_media":4991,"comment_status":"open","ping_status":"open","sticky":false,"template":"","format":"standard","meta":{"_monsterinsights_skip_tracking":false,"_monsterinsights_sitenote_active":false,"_monsterinsights_sitenote_note":"","_monsterinsights_sitenote_category":0,"footnotes":""},"categories":[31],"tags":[],"class_list":{"0":"post-4990","1":"post","2":"type-post","3":"status-publish","4":"format-standard","5":"has-post-thumbnail","7":"category-greinar"},"yoast_head":"<!-- This site is optimized with the Yoast SEO plugin v22.0 - https:\/\/yoast.com\/wordpress\/plugins\/seo\/ -->\n<title>BLINDRAF\u00c9LAGI\u00d0 ME\u00d0 HUNDADAGATAL 2025 &#8211; Eir\u00edkur J\u00f3nsson<\/title>\n<meta name=\"robots\" content=\"index, follow, max-snippet:-1, max-image-preview:large, max-video-preview:-1\" \/>\n<link rel=\"canonical\" href=\"https:\/\/eirikurjonsson.is\/index.php\/2025\/01\/11\/blindrafelagid-med-hundadagatal-2025\/\" \/>\n<meta property=\"og:locale\" content=\"is_IS\" \/>\n<meta property=\"og:type\" content=\"article\" \/>\n<meta property=\"og:title\" content=\"BLINDRAF\u00c9LAGI\u00d0 ME\u00d0 HUNDADAGATAL 2025 &#8211; Eir\u00edkur J\u00f3nsson\" \/>\n<meta property=\"og:description\" content=\"Blindrad\u00e9lagi\u00f0 hefur gefi\u00f0 \u00fat lei\u00f0s\u00f6guhundadagatali\u00f0 2025. Dagatali\u00f0 f\u00e6st \u00ed \u00f6lum helstu verslunum B\u00f3nus og Nett\u00f3 v\u00ed\u00f0svegar um landi\u00f0 og kostar 2.600 kr\u00f3nur. &#8211; Me\u00f0 styrkjum og kaupum \u00e1 v\u00f6rum Blindraf\u00e9lagsins ert \u00fe\u00fa a\u00f0 hj\u00e1lpa f\u00e9laginu a\u00f0 berjast fyrir \u00fev\u00ed a\u00f0 blindir og sj\u00f3nskertir einstaklingar geti lifa\u00f0 sj\u00e1lfst\u00e6\u00f0u og innihaldsr\u00edku l\u00edfi og a\u00f0 \u00feeim s\u00e9 trygg\u00f0ur [&hellip;]\" \/>\n<meta property=\"og:url\" content=\"https:\/\/eirikurjonsson.is\/index.php\/2025\/01\/11\/blindrafelagid-med-hundadagatal-2025\/\" \/>\n<meta property=\"og:site_name\" content=\"Eir\u00edkur J\u00f3nsson\" \/>\n<meta property=\"article:published_time\" content=\"2025-01-11T09:48:05+00:00\" \/>\n<meta property=\"article:modified_time\" content=\"2025-01-11T09:48:28+00:00\" \/>\n<meta property=\"og:image\" content=\"https:\/\/eirikurjonsson.is\/wp-content\/uploads\/2025\/01\/DAGATAL.jpg\" \/>\n\t<meta property=\"og:image:width\" content=\"660\" \/>\n\t<meta property=\"og:image:height\" content=\"518\" \/>\n\t<meta property=\"og:image:type\" content=\"image\/jpeg\" \/>\n<meta name=\"author\" content=\"eir\" \/>\n<meta name=\"twitter:card\" content=\"summary_large_image\" \/>\n<meta name=\"twitter:label1\" content=\"Written by\" \/>\n\t<meta name=\"twitter:data1\" content=\"eir\" \/>\n\t<meta name=\"twitter:label2\" content=\"Est. reading time\" \/>\n\t<meta name=\"twitter:data2\" content=\"1 minute\" \/>\n<script type=\"application\/ld+json\" class=\"yoast-schema-graph\">{\"@context\":\"https:\/\/schema.org\",\"@graph\":[{\"@type\":\"WebPage\",\"@id\":\"https:\/\/eirikurjonsson.is\/index.php\/2025\/01\/11\/blindrafelagid-med-hundadagatal-2025\/\",\"url\":\"https:\/\/eirikurjonsson.is\/index.php\/2025\/01\/11\/blindrafelagid-med-hundadagatal-2025\/\",\"name\":\"BLINDRAF\u00c9LAGI\u00d0 ME\u00d0 HUNDADAGATAL 2025 &#8211; Eir\u00edkur J\u00f3nsson\",\"isPartOf\":{\"@id\":\"https:\/\/eirikurjonsson.is\/#website\"},\"datePublished\":\"2025-01-11T09:48:05+00:00\",\"dateModified\":\"2025-01-11T09:48:28+00:00\",\"author\":{\"@id\":\"https:\/\/eirikurjonsson.is\/#\/schema\/person\/308afa1d0e201918034e31b1da4f07a5\"},\"breadcrumb\":{\"@id\":\"https:\/\/eirikurjonsson.is\/index.php\/2025\/01\/11\/blindrafelagid-med-hundadagatal-2025\/#breadcrumb\"},\"inLanguage\":\"is\",\"potentialAction\":[{\"@type\":\"ReadAction\",\"target\":[\"https:\/\/eirikurjonsson.is\/index.php\/2025\/01\/11\/blindrafelagid-med-hundadagatal-2025\/\"]}]},{\"@type\":\"BreadcrumbList\",\"@id\":\"https:\/\/eirikurjonsson.is\/index.php\/2025\/01\/11\/blindrafelagid-med-hundadagatal-2025\/#breadcrumb\",\"itemListElement\":[{\"@type\":\"ListItem\",\"position\":1,\"name\":\"Home\",\"item\":\"https:\/\/eirikurjonsson.is\/\"},{\"@type\":\"ListItem\",\"position\":2,\"name\":\"BLINDRAF\u00c9LAGI\u00d0 ME\u00d0 HUNDADAGATAL 2025\"}]},{\"@type\":\"WebSite\",\"@id\":\"https:\/\/eirikurjonsson.is\/#website\",\"url\":\"https:\/\/eirikurjonsson.is\/\",\"name\":\"Eir\u00edkur J\u00f3nsson\",\"description\":\"Eir\u00edkur J\u00f3nsson | EIR eirikurjonsson.is\",\"potentialAction\":[{\"@type\":\"SearchAction\",\"target\":{\"@type\":\"EntryPoint\",\"urlTemplate\":\"https:\/\/eirikurjonsson.is\/?s={search_term_string}\"},\"query-input\":\"required name=search_term_string\"}],\"inLanguage\":\"is\"},{\"@type\":\"Person\",\"@id\":\"https:\/\/eirikurjonsson.is\/#\/schema\/person\/308afa1d0e201918034e31b1da4f07a5\",\"name\":\"eir\",\"image\":{\"@type\":\"ImageObject\",\"inLanguage\":\"is\",\"@id\":\"https:\/\/eirikurjonsson.is\/#\/schema\/person\/image\/\",\"url\":\"https:\/\/secure.gravatar.com\/avatar\/b6748316a4400053a1fa9f4694b38d294dc5da6f4bacc727742bd8f3e689f87c?s=96&d=mm&r=g\",\"contentUrl\":\"https:\/\/secure.gravatar.com\/avatar\/b6748316a4400053a1fa9f4694b38d294dc5da6f4bacc727742bd8f3e689f87c?s=96&d=mm&r=g\",\"caption\":\"eir\"},\"url\":\"https:\/\/eirikurjonsson.is\/index.php\/author\/eir\/\"}]}<\/script>\n<!-- \/ Yoast SEO plugin. -->","yoast_head_json":{"title":"BLINDRAF\u00c9LAGI\u00d0 ME\u00d0 HUNDADAGATAL 2025 &#8211; Eir\u00edkur J\u00f3nsson","robots":{"index":"index","follow":"follow","max-snippet":"max-snippet:-1","max-image-preview":"max-image-preview:large","max-video-preview":"max-video-preview:-1"},"canonical":"https:\/\/eirikurjonsson.is\/index.php\/2025\/01\/11\/blindrafelagid-med-hundadagatal-2025\/","og_locale":"is_IS","og_type":"article","og_title":"BLINDRAF\u00c9LAGI\u00d0 ME\u00d0 HUNDADAGATAL 2025 &#8211; Eir\u00edkur J\u00f3nsson","og_description":"Blindrad\u00e9lagi\u00f0 hefur gefi\u00f0 \u00fat lei\u00f0s\u00f6guhundadagatali\u00f0 2025. Dagatali\u00f0 f\u00e6st \u00ed \u00f6lum helstu verslunum B\u00f3nus og Nett\u00f3 v\u00ed\u00f0svegar um landi\u00f0 og kostar 2.600 kr\u00f3nur. &#8211; Me\u00f0 styrkjum og kaupum \u00e1 v\u00f6rum Blindraf\u00e9lagsins ert \u00fe\u00fa a\u00f0 hj\u00e1lpa f\u00e9laginu a\u00f0 berjast fyrir \u00fev\u00ed a\u00f0 blindir og sj\u00f3nskertir einstaklingar geti lifa\u00f0 sj\u00e1lfst\u00e6\u00f0u og innihaldsr\u00edku l\u00edfi og a\u00f0 \u00feeim s\u00e9 trygg\u00f0ur [&hellip;]","og_url":"https:\/\/eirikurjonsson.is\/index.php\/2025\/01\/11\/blindrafelagid-med-hundadagatal-2025\/","og_site_name":"Eir\u00edkur J\u00f3nsson","article_published_time":"2025-01-11T09:48:05+00:00","article_modified_time":"2025-01-11T09:48:28+00:00","og_image":[{"width":660,"height":518,"url":"https:\/\/eirikurjonsson.is\/wp-content\/uploads\/2025\/01\/DAGATAL.jpg","type":"image\/jpeg"}],"author":"eir","twitter_card":"summary_large_image","twitter_misc":{"Written by":"eir","Est. reading time":"1 minute"},"schema":{"@context":"https:\/\/schema.org","@graph":[{"@type":"WebPage","@id":"https:\/\/eirikurjonsson.is\/index.php\/2025\/01\/11\/blindrafelagid-med-hundadagatal-2025\/","url":"https:\/\/eirikurjonsson.is\/index.php\/2025\/01\/11\/blindrafelagid-med-hundadagatal-2025\/","name":"BLINDRAF\u00c9LAGI\u00d0 ME\u00d0 HUNDADAGATAL 2025 &#8211; Eir\u00edkur J\u00f3nsson","isPartOf":{"@id":"https:\/\/eirikurjonsson.is\/#website"},"datePublished":"2025-01-11T09:48:05+00:00","dateModified":"2025-01-11T09:48:28+00:00","author":{"@id":"https:\/\/eirikurjonsson.is\/#\/schema\/person\/308afa1d0e201918034e31b1da4f07a5"},"breadcrumb":{"@id":"https:\/\/eirikurjonsson.is\/index.php\/2025\/01\/11\/blindrafelagid-med-hundadagatal-2025\/#breadcrumb"},"inLanguage":"is","potentialAction":[{"@type":"ReadAction","target":["https:\/\/eirikurjonsson.is\/index.php\/2025\/01\/11\/blindrafelagid-med-hundadagatal-2025\/"]}]},{"@type":"BreadcrumbList","@id":"https:\/\/eirikurjonsson.is\/index.php\/2025\/01\/11\/blindrafelagid-med-hundadagatal-2025\/#breadcrumb","itemListElement":[{"@type":"ListItem","position":1,"name":"Home","item":"https:\/\/eirikurjonsson.is\/"},{"@type":"ListItem","position":2,"name":"BLINDRAF\u00c9LAGI\u00d0 ME\u00d0 HUNDADAGATAL 2025"}]},{"@type":"WebSite","@id":"https:\/\/eirikurjonsson.is\/#website","url":"https:\/\/eirikurjonsson.is\/","name":"Eir\u00edkur J\u00f3nsson","description":"Eir\u00edkur J\u00f3nsson | EIR eirikurjonsson.is","potentialAction":[{"@type":"SearchAction","target":{"@type":"EntryPoint","urlTemplate":"https:\/\/eirikurjonsson.is\/?s={search_term_string}"},"query-input":"required name=search_term_string"}],"inLanguage":"is"},{"@type":"Person","@id":"https:\/\/eirikurjonsson.is\/#\/schema\/person\/308afa1d0e201918034e31b1da4f07a5","name":"eir","image":{"@type":"ImageObject","inLanguage":"is","@id":"https:\/\/eirikurjonsson.is\/#\/schema\/person\/image\/","url":"https:\/\/secure.gravatar.com\/avatar\/b6748316a4400053a1fa9f4694b38d294dc5da6f4bacc727742bd8f3e689f87c?s=96&d=mm&r=g","contentUrl":"https:\/\/secure.gravatar.com\/avatar\/b6748316a4400053a1fa9f4694b38d294dc5da6f4bacc727742bd8f3e689f87c?s=96&d=mm&r=g","caption":"eir"},"url":"https:\/\/eirikurjonsson.is\/index.php\/author\/eir\/"}]}},"_links":{"self":[{"href":"https:\/\/eirikurjonsson.is\/index.php\/wp-json\/wp\/v2\/posts\/4990","targetHints":{"allow":["GET"]}}],"collection":[{"href":"https:\/\/eirikurjonsson.is\/index.php\/wp-json\/wp\/v2\/posts"}],"about":[{"href":"https:\/\/eirikurjonsson.is\/index.php\/wp-json\/wp\/v2\/types\/post"}],"author":[{"embeddable":true,"href":"https:\/\/eirikurjonsson.is\/index.php\/wp-json\/wp\/v2\/users\/2"}],"replies":[{"embeddable":true,"href":"https:\/\/eirikurjonsson.is\/index.php\/wp-json\/wp\/v2\/comments?post=4990"}],"version-history":[{"count":1,"href":"https:\/\/eirikurjonsson.is\/index.php\/wp-json\/wp\/v2\/posts\/4990\/revisions"}],"predecessor-version":[{"id":4992,"href":"https:\/\/eirikurjonsson.is\/index.php\/wp-json\/wp\/v2\/posts\/4990\/revisions\/4992"}],"wp:featuredmedia":[{"embeddable":true,"href":"https:\/\/eirikurjonsson.is\/index.php\/wp-json\/wp\/v2\/media\/4991"}],"wp:attachment":[{"href":"https:\/\/eirikurjonsson.is\/index.php\/wp-json\/wp\/v2\/media?parent=4990"}],"wp:term":[{"taxonomy":"category","embeddable":true,"href":"https:\/\/eirikurjonsson.is\/index.php\/wp-json\/wp\/v2\/categories?post=4990"},{"taxonomy":"post_tag","embeddable":true,"href":"https:\/\/eirikurjonsson.is\/index.php\/wp-json\/wp\/v2\/tags?post=4990"}],"curies":[{"name":"wp","href":"https:\/\/api.w.org\/{rel}","templated":true}]}}