{"id":4959,"date":"2025-01-09T13:59:20","date_gmt":"2025-01-09T13:59:20","guid":{"rendered":"https:\/\/eirikurjonsson.is\/?p=4959"},"modified":"2025-01-09T13:59:20","modified_gmt":"2025-01-09T13:59:20","slug":"bjarni-bjargadi-saa","status":"publish","type":"post","link":"https:\/\/eirikurjonsson.is\/index.php\/2025\/01\/09\/bjarni-bjargadi-saa\/","title":{"rendered":"BJARNI BJARGA\u00d0I S\u00c1\u00c1"},"content":{"rendered":"<div class=\"xdj266r x11i5rnm xat24cr x1mh8g0r x1vvkbs x126k92a\">\n<div dir=\"auto\">\n<figure id=\"attachment_4962\" aria-describedby=\"caption-attachment-4962\" style=\"width: 186px\" class=\"wp-caption alignleft\"><img loading=\"lazy\" decoding=\"async\" class=\"wp-image-4962 size-full\" src=\"https:\/\/eirikurjonsson.is\/wp-content\/uploads\/2025\/01\/bjarni-ben22.jpg\" alt=\"Arn\u00fe\u00f3r J\u00f3nsson fyrrum forma\u00f0ur S\u00c1\u00c1.\" width=\"186\" height=\"301\" \/><figcaption id=\"caption-attachment-4962\" class=\"wp-caption-text\">Arn\u00fe\u00f3r J\u00f3nsson fyrrum forma\u00f0ur S\u00c1\u00c1.<\/figcaption><\/figure>\n<p>&#8222;\u00dea\u00f0 er me\u00f0 hreinum \u00f3l\u00edkindum hvernig hatramir andst\u00e6\u00f0ingar Bjarna Benediktsson hafa tala\u00f0 um manninn, s\u00e9rstaklega n\u00fana \u00feegar hann v\u00edkur af \u00feingi og h\u00e6ttir sem forma\u00f0ur Sj\u00e1lfst\u00e6\u00f0isflokksins,&#8220; segir Arn\u00fe\u00f3r J\u00f3nsson sell\u00f3leikari sem var forma\u00f0ur S\u00c1\u00c1 um sj\u00f6 \u00e1ra skei\u00f0:<\/p><\/div>\n<div dir=\"auto\"><\/div>\n<\/div>\n<div class=\"x11i5rnm xat24cr x1mh8g0r x1vvkbs xtlvy1s x126k92a\">\n<div dir=\"auto\">&#8222;Nokkrir p\u00f3lit\u00edkusar hafa \u00e1 undanf\u00f6rnum \u00e1rum veri\u00f0 me\u00f0 mikinn gauragang \u00e1 \u00feingi og reynt a\u00f0 sl\u00e1 sj\u00e1lfa sig til riddara sem eindregna stu\u00f0ningsmenn S\u00c1\u00c1. Oftast hefur \u00feetta veri\u00f0 \u00f3ttalegt su\u00f0 \u00ed f\u00f3lkinu, g\u00f6fgi\u00fer\u00e1 og sj\u00e1lfhverf gagnslaus tilfinningavella.<\/div>\n<\/div>\n<div class=\"x11i5rnm xat24cr x1mh8g0r x1vvkbs xtlvy1s x126k92a\">\n<div dir=\"auto\">Sta\u00f0reyndin er s\u00fa a\u00f0 enginn stj\u00f3rnm\u00e1lama\u00f0ur ger\u00f0i jafn miki\u00f0 fyrir S\u00c1\u00c1 og Bjarni Benediktsson. Segja m\u00e1 a\u00f0 \u00e1 s\u00ednum t\u00edma, \u00feegar hann var n\u00fdor\u00f0inn fj\u00e1rm\u00e1lar\u00e1\u00f0herra 2014, hafi hann hreinlega bjarga\u00f0 fj\u00e1rhag S\u00c1\u00c1 og gert samt\u00f6kin rekstrarh\u00e6f.<\/div>\n<\/div>\n<div class=\"x11i5rnm xat24cr x1mh8g0r x1vvkbs xtlvy1s x126k92a\">\n<div dir=\"auto\">\u00dea\u00f0 ger\u00f0i hann me\u00f0 \u00fev\u00ed a\u00f0 leysa \u00e1ralangar deilur um uppsafna\u00f0ar l\u00edfeyrissj\u00f3\u00f0sskuldbindingar \u00far svok\u00f6llu\u00f0um b-hluta LSR. Skuldin var sligandi \u00ed b\u00f3khaldinu, um \u00e1tta hundru\u00f0 millj\u00f3nir og t\u00f6ldu endursko\u00f0endur a\u00f0 samt\u00f6kin v\u00e6ru \u00ed raun ekki rekstrarh\u00e6f.<\/div>\n<\/div>\n<div class=\"x11i5rnm xat24cr x1mh8g0r x1vvkbs xtlvy1s x126k92a\">\n<div dir=\"auto\">En Bjarni hj\u00f3 \u00e1 \u00feennan hn\u00fat flj\u00f3tlega eftir a\u00f0 hann t\u00f3k vi\u00f0 fj\u00e1rm\u00e1lar\u00e1\u00f0uneytinu, nokku\u00f0 sem enginn fyrirrennara hans haf\u00f0i haft vilja e\u00f0a getu til a\u00f0 gera, og leysti S\u00c1\u00c1 \u00far \u00feessum b\u00f3khaldsfj\u00f6trum.&#8220;<\/div>\n<\/div>\n<div class=\"x11i5rnm xat24cr x1mh8g0r x1vvkbs xtlvy1s x126k92a\"><\/div>\n<div class=\"x11i5rnm xat24cr x1mh8g0r x1vvkbs xtlvy1s x126k92a\">\n<div dir=\"auto\"><\/div>\n<\/div>\n","protected":false},"excerpt":{"rendered":"<p>&#8222;\u00dea\u00f0 er me\u00f0 hreinum \u00f3l\u00edkindum hvernig hatramir andst\u00e6\u00f0ingar Bjarna Benediktsson hafa tala\u00f0 um manninn, s\u00e9rstaklega n\u00fana \u00feegar hann v\u00edkur af \u00feingi og h\u00e6ttir sem forma\u00f0ur Sj\u00e1lfst\u00e6\u00f0isflokksins,&#8220; segir Arn\u00fe\u00f3r J\u00f3nsson sell\u00f3leikari sem var forma\u00f0ur S\u00c1\u00c1 um sj\u00f6 \u00e1ra skei\u00f0: &#8222;Nokkrir p\u00f3lit\u00edkusar hafa \u00e1 undanf\u00f6rnum \u00e1rum veri\u00f0 me\u00f0 mikinn gauragang \u00e1 \u00feingi og reynt a\u00f0 sl\u00e1 sj\u00e1lfa [&hellip;]<\/p>\n","protected":false},"author":2,"featured_media":4961,"comment_status":"open","ping_status":"open","sticky":false,"template":"","format":"standard","meta":{"_monsterinsights_skip_tracking":false,"_monsterinsights_sitenote_active":false,"_monsterinsights_sitenote_note":"","_monsterinsights_sitenote_category":0,"footnotes":""},"categories":[31],"tags":[],"class_list":{"0":"post-4959","1":"post","2":"type-post","3":"status-publish","4":"format-standard","5":"has-post-thumbnail","7":"category-greinar"},"yoast_head":"<!-- This site is optimized with the Yoast SEO plugin v22.0 - https:\/\/yoast.com\/wordpress\/plugins\/seo\/ -->\n<title>BJARNI BJARGA\u00d0I S\u00c1\u00c1 &#8211; Eir\u00edkur J\u00f3nsson<\/title>\n<meta name=\"robots\" content=\"index, follow, max-snippet:-1, max-image-preview:large, max-video-preview:-1\" \/>\n<link rel=\"canonical\" href=\"https:\/\/eirikurjonsson.is\/index.php\/2025\/01\/09\/bjarni-bjargadi-saa\/\" \/>\n<meta property=\"og:locale\" content=\"is_IS\" \/>\n<meta property=\"og:type\" content=\"article\" \/>\n<meta property=\"og:title\" content=\"BJARNI BJARGA\u00d0I S\u00c1\u00c1 &#8211; Eir\u00edkur J\u00f3nsson\" \/>\n<meta property=\"og:description\" content=\"&#8222;\u00dea\u00f0 er me\u00f0 hreinum \u00f3l\u00edkindum hvernig hatramir andst\u00e6\u00f0ingar Bjarna Benediktsson hafa tala\u00f0 um manninn, s\u00e9rstaklega n\u00fana \u00feegar hann v\u00edkur af \u00feingi og h\u00e6ttir sem forma\u00f0ur Sj\u00e1lfst\u00e6\u00f0isflokksins,&#8220; segir Arn\u00fe\u00f3r J\u00f3nsson sell\u00f3leikari sem var forma\u00f0ur S\u00c1\u00c1 um sj\u00f6 \u00e1ra skei\u00f0: &#8222;Nokkrir p\u00f3lit\u00edkusar hafa \u00e1 undanf\u00f6rnum \u00e1rum veri\u00f0 me\u00f0 mikinn gauragang \u00e1 \u00feingi og reynt a\u00f0 sl\u00e1 sj\u00e1lfa [&hellip;]\" \/>\n<meta property=\"og:url\" content=\"https:\/\/eirikurjonsson.is\/index.php\/2025\/01\/09\/bjarni-bjargadi-saa\/\" \/>\n<meta property=\"og:site_name\" content=\"Eir\u00edkur J\u00f3nsson\" \/>\n<meta property=\"article:published_time\" content=\"2025-01-09T13:59:20+00:00\" \/>\n<meta property=\"og:image\" content=\"https:\/\/eirikurjonsson.is\/wp-content\/uploads\/2025\/01\/bjarni-ben-1.jpg\" \/>\n\t<meta property=\"og:image:width\" content=\"705\" \/>\n\t<meta property=\"og:image:height\" content=\"401\" \/>\n\t<meta property=\"og:image:type\" content=\"image\/jpeg\" \/>\n<meta name=\"author\" content=\"eir\" \/>\n<meta name=\"twitter:card\" content=\"summary_large_image\" \/>\n<meta name=\"twitter:label1\" content=\"Written by\" \/>\n\t<meta name=\"twitter:data1\" content=\"eir\" \/>\n\t<meta name=\"twitter:label2\" content=\"Est. reading time\" \/>\n\t<meta name=\"twitter:data2\" content=\"2 minutes\" \/>\n<script type=\"application\/ld+json\" class=\"yoast-schema-graph\">{\"@context\":\"https:\/\/schema.org\",\"@graph\":[{\"@type\":\"WebPage\",\"@id\":\"https:\/\/eirikurjonsson.is\/index.php\/2025\/01\/09\/bjarni-bjargadi-saa\/\",\"url\":\"https:\/\/eirikurjonsson.is\/index.php\/2025\/01\/09\/bjarni-bjargadi-saa\/\",\"name\":\"BJARNI BJARGA\u00d0I S\u00c1\u00c1 &#8211; Eir\u00edkur J\u00f3nsson\",\"isPartOf\":{\"@id\":\"https:\/\/eirikurjonsson.is\/#website\"},\"datePublished\":\"2025-01-09T13:59:20+00:00\",\"dateModified\":\"2025-01-09T13:59:20+00:00\",\"author\":{\"@id\":\"https:\/\/eirikurjonsson.is\/#\/schema\/person\/308afa1d0e201918034e31b1da4f07a5\"},\"breadcrumb\":{\"@id\":\"https:\/\/eirikurjonsson.is\/index.php\/2025\/01\/09\/bjarni-bjargadi-saa\/#breadcrumb\"},\"inLanguage\":\"is\",\"potentialAction\":[{\"@type\":\"ReadAction\",\"target\":[\"https:\/\/eirikurjonsson.is\/index.php\/2025\/01\/09\/bjarni-bjargadi-saa\/\"]}]},{\"@type\":\"BreadcrumbList\",\"@id\":\"https:\/\/eirikurjonsson.is\/index.php\/2025\/01\/09\/bjarni-bjargadi-saa\/#breadcrumb\",\"itemListElement\":[{\"@type\":\"ListItem\",\"position\":1,\"name\":\"Home\",\"item\":\"https:\/\/eirikurjonsson.is\/\"},{\"@type\":\"ListItem\",\"position\":2,\"name\":\"BJARNI BJARGA\u00d0I S\u00c1\u00c1\"}]},{\"@type\":\"WebSite\",\"@id\":\"https:\/\/eirikurjonsson.is\/#website\",\"url\":\"https:\/\/eirikurjonsson.is\/\",\"name\":\"Eir\u00edkur J\u00f3nsson\",\"description\":\"Eir\u00edkur J\u00f3nsson | EIR eirikurjonsson.is\",\"potentialAction\":[{\"@type\":\"SearchAction\",\"target\":{\"@type\":\"EntryPoint\",\"urlTemplate\":\"https:\/\/eirikurjonsson.is\/?s={search_term_string}\"},\"query-input\":\"required name=search_term_string\"}],\"inLanguage\":\"is\"},{\"@type\":\"Person\",\"@id\":\"https:\/\/eirikurjonsson.is\/#\/schema\/person\/308afa1d0e201918034e31b1da4f07a5\",\"name\":\"eir\",\"image\":{\"@type\":\"ImageObject\",\"inLanguage\":\"is\",\"@id\":\"https:\/\/eirikurjonsson.is\/#\/schema\/person\/image\/\",\"url\":\"https:\/\/secure.gravatar.com\/avatar\/b6748316a4400053a1fa9f4694b38d294dc5da6f4bacc727742bd8f3e689f87c?s=96&d=mm&r=g\",\"contentUrl\":\"https:\/\/secure.gravatar.com\/avatar\/b6748316a4400053a1fa9f4694b38d294dc5da6f4bacc727742bd8f3e689f87c?s=96&d=mm&r=g\",\"caption\":\"eir\"},\"url\":\"https:\/\/eirikurjonsson.is\/index.php\/author\/eir\/\"}]}<\/script>\n<!-- \/ Yoast SEO plugin. -->","yoast_head_json":{"title":"BJARNI BJARGA\u00d0I S\u00c1\u00c1 &#8211; Eir\u00edkur J\u00f3nsson","robots":{"index":"index","follow":"follow","max-snippet":"max-snippet:-1","max-image-preview":"max-image-preview:large","max-video-preview":"max-video-preview:-1"},"canonical":"https:\/\/eirikurjonsson.is\/index.php\/2025\/01\/09\/bjarni-bjargadi-saa\/","og_locale":"is_IS","og_type":"article","og_title":"BJARNI BJARGA\u00d0I S\u00c1\u00c1 &#8211; Eir\u00edkur J\u00f3nsson","og_description":"&#8222;\u00dea\u00f0 er me\u00f0 hreinum \u00f3l\u00edkindum hvernig hatramir andst\u00e6\u00f0ingar Bjarna Benediktsson hafa tala\u00f0 um manninn, s\u00e9rstaklega n\u00fana \u00feegar hann v\u00edkur af \u00feingi og h\u00e6ttir sem forma\u00f0ur Sj\u00e1lfst\u00e6\u00f0isflokksins,&#8220; segir Arn\u00fe\u00f3r J\u00f3nsson sell\u00f3leikari sem var forma\u00f0ur S\u00c1\u00c1 um sj\u00f6 \u00e1ra skei\u00f0: &#8222;Nokkrir p\u00f3lit\u00edkusar hafa \u00e1 undanf\u00f6rnum \u00e1rum veri\u00f0 me\u00f0 mikinn gauragang \u00e1 \u00feingi og reynt a\u00f0 sl\u00e1 sj\u00e1lfa [&hellip;]","og_url":"https:\/\/eirikurjonsson.is\/index.php\/2025\/01\/09\/bjarni-bjargadi-saa\/","og_site_name":"Eir\u00edkur J\u00f3nsson","article_published_time":"2025-01-09T13:59:20+00:00","og_image":[{"width":705,"height":401,"url":"https:\/\/eirikurjonsson.is\/wp-content\/uploads\/2025\/01\/bjarni-ben-1.jpg","type":"image\/jpeg"}],"author":"eir","twitter_card":"summary_large_image","twitter_misc":{"Written by":"eir","Est. reading time":"2 minutes"},"schema":{"@context":"https:\/\/schema.org","@graph":[{"@type":"WebPage","@id":"https:\/\/eirikurjonsson.is\/index.php\/2025\/01\/09\/bjarni-bjargadi-saa\/","url":"https:\/\/eirikurjonsson.is\/index.php\/2025\/01\/09\/bjarni-bjargadi-saa\/","name":"BJARNI BJARGA\u00d0I S\u00c1\u00c1 &#8211; Eir\u00edkur J\u00f3nsson","isPartOf":{"@id":"https:\/\/eirikurjonsson.is\/#website"},"datePublished":"2025-01-09T13:59:20+00:00","dateModified":"2025-01-09T13:59:20+00:00","author":{"@id":"https:\/\/eirikurjonsson.is\/#\/schema\/person\/308afa1d0e201918034e31b1da4f07a5"},"breadcrumb":{"@id":"https:\/\/eirikurjonsson.is\/index.php\/2025\/01\/09\/bjarni-bjargadi-saa\/#breadcrumb"},"inLanguage":"is","potentialAction":[{"@type":"ReadAction","target":["https:\/\/eirikurjonsson.is\/index.php\/2025\/01\/09\/bjarni-bjargadi-saa\/"]}]},{"@type":"BreadcrumbList","@id":"https:\/\/eirikurjonsson.is\/index.php\/2025\/01\/09\/bjarni-bjargadi-saa\/#breadcrumb","itemListElement":[{"@type":"ListItem","position":1,"name":"Home","item":"https:\/\/eirikurjonsson.is\/"},{"@type":"ListItem","position":2,"name":"BJARNI BJARGA\u00d0I S\u00c1\u00c1"}]},{"@type":"WebSite","@id":"https:\/\/eirikurjonsson.is\/#website","url":"https:\/\/eirikurjonsson.is\/","name":"Eir\u00edkur J\u00f3nsson","description":"Eir\u00edkur J\u00f3nsson | EIR eirikurjonsson.is","potentialAction":[{"@type":"SearchAction","target":{"@type":"EntryPoint","urlTemplate":"https:\/\/eirikurjonsson.is\/?s={search_term_string}"},"query-input":"required name=search_term_string"}],"inLanguage":"is"},{"@type":"Person","@id":"https:\/\/eirikurjonsson.is\/#\/schema\/person\/308afa1d0e201918034e31b1da4f07a5","name":"eir","image":{"@type":"ImageObject","inLanguage":"is","@id":"https:\/\/eirikurjonsson.is\/#\/schema\/person\/image\/","url":"https:\/\/secure.gravatar.com\/avatar\/b6748316a4400053a1fa9f4694b38d294dc5da6f4bacc727742bd8f3e689f87c?s=96&d=mm&r=g","contentUrl":"https:\/\/secure.gravatar.com\/avatar\/b6748316a4400053a1fa9f4694b38d294dc5da6f4bacc727742bd8f3e689f87c?s=96&d=mm&r=g","caption":"eir"},"url":"https:\/\/eirikurjonsson.is\/index.php\/author\/eir\/"}]}},"_links":{"self":[{"href":"https:\/\/eirikurjonsson.is\/index.php\/wp-json\/wp\/v2\/posts\/4959","targetHints":{"allow":["GET"]}}],"collection":[{"href":"https:\/\/eirikurjonsson.is\/index.php\/wp-json\/wp\/v2\/posts"}],"about":[{"href":"https:\/\/eirikurjonsson.is\/index.php\/wp-json\/wp\/v2\/types\/post"}],"author":[{"embeddable":true,"href":"https:\/\/eirikurjonsson.is\/index.php\/wp-json\/wp\/v2\/users\/2"}],"replies":[{"embeddable":true,"href":"https:\/\/eirikurjonsson.is\/index.php\/wp-json\/wp\/v2\/comments?post=4959"}],"version-history":[{"count":2,"href":"https:\/\/eirikurjonsson.is\/index.php\/wp-json\/wp\/v2\/posts\/4959\/revisions"}],"predecessor-version":[{"id":4963,"href":"https:\/\/eirikurjonsson.is\/index.php\/wp-json\/wp\/v2\/posts\/4959\/revisions\/4963"}],"wp:featuredmedia":[{"embeddable":true,"href":"https:\/\/eirikurjonsson.is\/index.php\/wp-json\/wp\/v2\/media\/4961"}],"wp:attachment":[{"href":"https:\/\/eirikurjonsson.is\/index.php\/wp-json\/wp\/v2\/media?parent=4959"}],"wp:term":[{"taxonomy":"category","embeddable":true,"href":"https:\/\/eirikurjonsson.is\/index.php\/wp-json\/wp\/v2\/categories?post=4959"},{"taxonomy":"post_tag","embeddable":true,"href":"https:\/\/eirikurjonsson.is\/index.php\/wp-json\/wp\/v2\/tags?post=4959"}],"curies":[{"name":"wp","href":"https:\/\/api.w.org\/{rel}","templated":true}]}}