{"id":4945,"date":"2025-01-09T12:26:12","date_gmt":"2025-01-09T12:26:12","guid":{"rendered":"https:\/\/eirikurjonsson.is\/?p=4945"},"modified":"2025-01-09T12:30:06","modified_gmt":"2025-01-09T12:30:06","slug":"sigurdur-elskar-kuldakastid","status":"publish","type":"post","link":"https:\/\/eirikurjonsson.is\/index.php\/2025\/01\/09\/sigurdur-elskar-kuldakastid\/","title":{"rendered":"SIGUR\u00d0UR ELSKAR KULDAKASTI\u00d0"},"content":{"rendered":"<p>&#8222;N\u00fa fer \u00feessu &#8222;bjarta og fallega vetrarve\u00f0ri&#8220; a\u00f0 lj\u00faka! \u00c1rans!&#8220; segir Sigur\u00f0ur \u00de\u00f3r Gu\u00f0j\u00f3nsson rith\u00f6fundur sem er mikill \u00e1hugama\u00f0ur um ve\u00f0urfar \u00e1 landinu og fylgist grannt me\u00f0:<\/p>\n<p>&#8222;\u00cd n\u00f3tt f\u00f3r frosti\u00f0 \u00e1 \u00deingv\u00f6llum \u00ed -25.8 stig sem er meira en \u00fear hefur m\u00e6lst \u00ed \u00f6llum m\u00e1nu\u00f0um \u00e1 sj\u00e1lfvirku st\u00f6\u00f0inni sem m\u00e6lt hefur fr\u00e1 1996. \u00c1 eldri m\u00f6nnu\u00f0u st\u00f6\u00f0inni vi\u00f0 \u00deingvallab\u00e6inn f\u00f3r frosti\u00f0 \u00ed -26,1 stig \u00ed jan\u00faarlok 1971 \u00feegar m\u00e6ldust -19,7 stig vi\u00f0 Ve\u00f0urstofuna \u00ed Reykjav\u00edk, mesti kuldi \u00fear s\u00ed\u00f0an 1918. \u00deetta kuldakast n\u00fana, \u00fe\u00f3 langt s\u00e9, n\u00e1lgast ekki nein hei\u00f0arleg met \u00ed langtima samhengi \u00ed m\u00ednu \u00fangd\u00e6mi. Mesti kuldi \u00e1 Reykjav\u00edkurst\u00f6\u00f0inni, sem veri\u00f0 hefur, er &#8211; 10,9 stig \u00ed \u00feessu kasti en ein hj\u00e1t\u00f3ra m\u00e6ling \u00e1 H\u00e1uhl\u00ed\u00f0arst\u00f6\u00f0inni, sem f\u00f3r a\u00f0 m\u00e6la 2021, er me\u00f0 -12,4 stig. \u00de\u00e6r l\u00fara \u00fearna hli\u00f0 vi\u00f0 hli\u00f0 st\u00f6\u00f0varnar. Gu\u00f0 m\u00e1 vita hvor st\u00f6\u00f0in er n\u00fa eiginlega hin opinbera ve\u00f0urst\u00f6\u00f0 \u00ed Reykjav\u00edk en \u00fea\u00f0 hefur bara ekki veri\u00f0 opinbera\u00f0. \u00c9g held mig alltaf vi\u00f0 g\u00f6mlu st\u00f6\u00f0ina en hef H\u00e1uhl\u00ed\u00f0 til hli\u00f0sj\u00f3nar.&#8220;<\/p>\n<div>\n<div class=\"xabvvm4 xeyy32k x1ia1hqs x1a2w583 x6ikm8r x10wlt62\" data-visualcompletion=\"ignore-dynamic\">\n<div class=\"x1n2onr6\">\n<div class=\"x6s0dn4 xi81zsa x78zum5 x6prxxf x13a6bvl xvq8zen xdj266r xat24cr x1d52u69 xktsk01 x889kno x1a8lsjc xkhd6sd x4uap5 x80vd3b x1q0q8m5 xso031l\">\n<div class=\"x9f619 x1ja2u2z x78zum5 x2lah0s x1n2onr6 x1qughib x1qjc9v5 xozqiw3 x1q0g3np xykv574 xbmpl8g x4cne27 xifccgj\"><\/div>\n<\/div>\n<\/div>\n<\/div>\n<\/div>\n","protected":false},"excerpt":{"rendered":"<p>&#8222;N\u00fa fer \u00feessu &#8222;bjarta og fallega vetrarve\u00f0ri&#8220; a\u00f0 lj\u00faka! \u00c1rans!&#8220; segir Sigur\u00f0ur \u00de\u00f3r Gu\u00f0j\u00f3nsson rith\u00f6fundur sem er mikill \u00e1hugama\u00f0ur um ve\u00f0urfar \u00e1 landinu og fylgist grannt me\u00f0: &#8222;\u00cd n\u00f3tt f\u00f3r frosti\u00f0 \u00e1 \u00deingv\u00f6llum \u00ed -25.8 stig sem er meira en \u00fear hefur m\u00e6lst \u00ed \u00f6llum m\u00e1nu\u00f0um \u00e1 sj\u00e1lfvirku st\u00f6\u00f0inni sem m\u00e6lt hefur fr\u00e1 1996. \u00c1 [&hellip;]<\/p>\n","protected":false},"author":2,"featured_media":4947,"comment_status":"open","ping_status":"open","sticky":false,"template":"","format":"standard","meta":{"_monsterinsights_skip_tracking":false,"_monsterinsights_sitenote_active":false,"_monsterinsights_sitenote_note":"","_monsterinsights_sitenote_category":0,"footnotes":""},"categories":[31],"tags":[],"class_list":{"0":"post-4945","1":"post","2":"type-post","3":"status-publish","4":"format-standard","5":"has-post-thumbnail","7":"category-greinar"},"yoast_head":"<!-- This site is optimized with the Yoast SEO plugin v22.0 - https:\/\/yoast.com\/wordpress\/plugins\/seo\/ -->\n<title>SIGUR\u00d0UR ELSKAR KULDAKASTI\u00d0 &#8211; Eir\u00edkur J\u00f3nsson<\/title>\n<meta name=\"robots\" content=\"index, follow, max-snippet:-1, max-image-preview:large, max-video-preview:-1\" \/>\n<link rel=\"canonical\" href=\"https:\/\/eirikurjonsson.is\/index.php\/2025\/01\/09\/sigurdur-elskar-kuldakastid\/\" \/>\n<meta property=\"og:locale\" content=\"is_IS\" \/>\n<meta property=\"og:type\" content=\"article\" \/>\n<meta property=\"og:title\" content=\"SIGUR\u00d0UR ELSKAR KULDAKASTI\u00d0 &#8211; Eir\u00edkur J\u00f3nsson\" \/>\n<meta property=\"og:description\" content=\"&#8222;N\u00fa fer \u00feessu &#8222;bjarta og fallega vetrarve\u00f0ri&#8220; a\u00f0 lj\u00faka! \u00c1rans!&#8220; segir Sigur\u00f0ur \u00de\u00f3r Gu\u00f0j\u00f3nsson rith\u00f6fundur sem er mikill \u00e1hugama\u00f0ur um ve\u00f0urfar \u00e1 landinu og fylgist grannt me\u00f0: &#8222;\u00cd n\u00f3tt f\u00f3r frosti\u00f0 \u00e1 \u00deingv\u00f6llum \u00ed -25.8 stig sem er meira en \u00fear hefur m\u00e6lst \u00ed \u00f6llum m\u00e1nu\u00f0um \u00e1 sj\u00e1lfvirku st\u00f6\u00f0inni sem m\u00e6lt hefur fr\u00e1 1996. \u00c1 [&hellip;]\" \/>\n<meta property=\"og:url\" content=\"https:\/\/eirikurjonsson.is\/index.php\/2025\/01\/09\/sigurdur-elskar-kuldakastid\/\" \/>\n<meta property=\"og:site_name\" content=\"Eir\u00edkur J\u00f3nsson\" \/>\n<meta property=\"article:published_time\" content=\"2025-01-09T12:26:12+00:00\" \/>\n<meta property=\"article:modified_time\" content=\"2025-01-09T12:30:06+00:00\" \/>\n<meta property=\"og:image\" content=\"https:\/\/eirikurjonsson.is\/wp-content\/uploads\/2025\/01\/kuldi.jpg\" \/>\n\t<meta property=\"og:image:width\" content=\"717\" \/>\n\t<meta property=\"og:image:height\" content=\"445\" \/>\n\t<meta property=\"og:image:type\" content=\"image\/jpeg\" \/>\n<meta name=\"author\" content=\"eir\" \/>\n<meta name=\"twitter:card\" content=\"summary_large_image\" \/>\n<meta name=\"twitter:label1\" content=\"Written by\" \/>\n\t<meta name=\"twitter:data1\" content=\"eir\" \/>\n\t<meta name=\"twitter:label2\" content=\"Est. reading time\" \/>\n\t<meta name=\"twitter:data2\" content=\"2 minutes\" \/>\n<script type=\"application\/ld+json\" class=\"yoast-schema-graph\">{\"@context\":\"https:\/\/schema.org\",\"@graph\":[{\"@type\":\"WebPage\",\"@id\":\"https:\/\/eirikurjonsson.is\/index.php\/2025\/01\/09\/sigurdur-elskar-kuldakastid\/\",\"url\":\"https:\/\/eirikurjonsson.is\/index.php\/2025\/01\/09\/sigurdur-elskar-kuldakastid\/\",\"name\":\"SIGUR\u00d0UR ELSKAR KULDAKASTI\u00d0 &#8211; Eir\u00edkur J\u00f3nsson\",\"isPartOf\":{\"@id\":\"https:\/\/eirikurjonsson.is\/#website\"},\"datePublished\":\"2025-01-09T12:26:12+00:00\",\"dateModified\":\"2025-01-09T12:30:06+00:00\",\"author\":{\"@id\":\"https:\/\/eirikurjonsson.is\/#\/schema\/person\/308afa1d0e201918034e31b1da4f07a5\"},\"breadcrumb\":{\"@id\":\"https:\/\/eirikurjonsson.is\/index.php\/2025\/01\/09\/sigurdur-elskar-kuldakastid\/#breadcrumb\"},\"inLanguage\":\"is\",\"potentialAction\":[{\"@type\":\"ReadAction\",\"target\":[\"https:\/\/eirikurjonsson.is\/index.php\/2025\/01\/09\/sigurdur-elskar-kuldakastid\/\"]}]},{\"@type\":\"BreadcrumbList\",\"@id\":\"https:\/\/eirikurjonsson.is\/index.php\/2025\/01\/09\/sigurdur-elskar-kuldakastid\/#breadcrumb\",\"itemListElement\":[{\"@type\":\"ListItem\",\"position\":1,\"name\":\"Home\",\"item\":\"https:\/\/eirikurjonsson.is\/\"},{\"@type\":\"ListItem\",\"position\":2,\"name\":\"SIGUR\u00d0UR ELSKAR KULDAKASTI\u00d0\"}]},{\"@type\":\"WebSite\",\"@id\":\"https:\/\/eirikurjonsson.is\/#website\",\"url\":\"https:\/\/eirikurjonsson.is\/\",\"name\":\"Eir\u00edkur J\u00f3nsson\",\"description\":\"Eir\u00edkur J\u00f3nsson | EIR eirikurjonsson.is\",\"potentialAction\":[{\"@type\":\"SearchAction\",\"target\":{\"@type\":\"EntryPoint\",\"urlTemplate\":\"https:\/\/eirikurjonsson.is\/?s={search_term_string}\"},\"query-input\":\"required name=search_term_string\"}],\"inLanguage\":\"is\"},{\"@type\":\"Person\",\"@id\":\"https:\/\/eirikurjonsson.is\/#\/schema\/person\/308afa1d0e201918034e31b1da4f07a5\",\"name\":\"eir\",\"image\":{\"@type\":\"ImageObject\",\"inLanguage\":\"is\",\"@id\":\"https:\/\/eirikurjonsson.is\/#\/schema\/person\/image\/\",\"url\":\"https:\/\/secure.gravatar.com\/avatar\/b6748316a4400053a1fa9f4694b38d294dc5da6f4bacc727742bd8f3e689f87c?s=96&d=mm&r=g\",\"contentUrl\":\"https:\/\/secure.gravatar.com\/avatar\/b6748316a4400053a1fa9f4694b38d294dc5da6f4bacc727742bd8f3e689f87c?s=96&d=mm&r=g\",\"caption\":\"eir\"},\"url\":\"https:\/\/eirikurjonsson.is\/index.php\/author\/eir\/\"}]}<\/script>\n<!-- \/ Yoast SEO plugin. -->","yoast_head_json":{"title":"SIGUR\u00d0UR ELSKAR KULDAKASTI\u00d0 &#8211; Eir\u00edkur J\u00f3nsson","robots":{"index":"index","follow":"follow","max-snippet":"max-snippet:-1","max-image-preview":"max-image-preview:large","max-video-preview":"max-video-preview:-1"},"canonical":"https:\/\/eirikurjonsson.is\/index.php\/2025\/01\/09\/sigurdur-elskar-kuldakastid\/","og_locale":"is_IS","og_type":"article","og_title":"SIGUR\u00d0UR ELSKAR KULDAKASTI\u00d0 &#8211; Eir\u00edkur J\u00f3nsson","og_description":"&#8222;N\u00fa fer \u00feessu &#8222;bjarta og fallega vetrarve\u00f0ri&#8220; a\u00f0 lj\u00faka! \u00c1rans!&#8220; segir Sigur\u00f0ur \u00de\u00f3r Gu\u00f0j\u00f3nsson rith\u00f6fundur sem er mikill \u00e1hugama\u00f0ur um ve\u00f0urfar \u00e1 landinu og fylgist grannt me\u00f0: &#8222;\u00cd n\u00f3tt f\u00f3r frosti\u00f0 \u00e1 \u00deingv\u00f6llum \u00ed -25.8 stig sem er meira en \u00fear hefur m\u00e6lst \u00ed \u00f6llum m\u00e1nu\u00f0um \u00e1 sj\u00e1lfvirku st\u00f6\u00f0inni sem m\u00e6lt hefur fr\u00e1 1996. \u00c1 [&hellip;]","og_url":"https:\/\/eirikurjonsson.is\/index.php\/2025\/01\/09\/sigurdur-elskar-kuldakastid\/","og_site_name":"Eir\u00edkur J\u00f3nsson","article_published_time":"2025-01-09T12:26:12+00:00","article_modified_time":"2025-01-09T12:30:06+00:00","og_image":[{"width":717,"height":445,"url":"https:\/\/eirikurjonsson.is\/wp-content\/uploads\/2025\/01\/kuldi.jpg","type":"image\/jpeg"}],"author":"eir","twitter_card":"summary_large_image","twitter_misc":{"Written by":"eir","Est. reading time":"2 minutes"},"schema":{"@context":"https:\/\/schema.org","@graph":[{"@type":"WebPage","@id":"https:\/\/eirikurjonsson.is\/index.php\/2025\/01\/09\/sigurdur-elskar-kuldakastid\/","url":"https:\/\/eirikurjonsson.is\/index.php\/2025\/01\/09\/sigurdur-elskar-kuldakastid\/","name":"SIGUR\u00d0UR ELSKAR KULDAKASTI\u00d0 &#8211; Eir\u00edkur J\u00f3nsson","isPartOf":{"@id":"https:\/\/eirikurjonsson.is\/#website"},"datePublished":"2025-01-09T12:26:12+00:00","dateModified":"2025-01-09T12:30:06+00:00","author":{"@id":"https:\/\/eirikurjonsson.is\/#\/schema\/person\/308afa1d0e201918034e31b1da4f07a5"},"breadcrumb":{"@id":"https:\/\/eirikurjonsson.is\/index.php\/2025\/01\/09\/sigurdur-elskar-kuldakastid\/#breadcrumb"},"inLanguage":"is","potentialAction":[{"@type":"ReadAction","target":["https:\/\/eirikurjonsson.is\/index.php\/2025\/01\/09\/sigurdur-elskar-kuldakastid\/"]}]},{"@type":"BreadcrumbList","@id":"https:\/\/eirikurjonsson.is\/index.php\/2025\/01\/09\/sigurdur-elskar-kuldakastid\/#breadcrumb","itemListElement":[{"@type":"ListItem","position":1,"name":"Home","item":"https:\/\/eirikurjonsson.is\/"},{"@type":"ListItem","position":2,"name":"SIGUR\u00d0UR ELSKAR KULDAKASTI\u00d0"}]},{"@type":"WebSite","@id":"https:\/\/eirikurjonsson.is\/#website","url":"https:\/\/eirikurjonsson.is\/","name":"Eir\u00edkur J\u00f3nsson","description":"Eir\u00edkur J\u00f3nsson | EIR eirikurjonsson.is","potentialAction":[{"@type":"SearchAction","target":{"@type":"EntryPoint","urlTemplate":"https:\/\/eirikurjonsson.is\/?s={search_term_string}"},"query-input":"required name=search_term_string"}],"inLanguage":"is"},{"@type":"Person","@id":"https:\/\/eirikurjonsson.is\/#\/schema\/person\/308afa1d0e201918034e31b1da4f07a5","name":"eir","image":{"@type":"ImageObject","inLanguage":"is","@id":"https:\/\/eirikurjonsson.is\/#\/schema\/person\/image\/","url":"https:\/\/secure.gravatar.com\/avatar\/b6748316a4400053a1fa9f4694b38d294dc5da6f4bacc727742bd8f3e689f87c?s=96&d=mm&r=g","contentUrl":"https:\/\/secure.gravatar.com\/avatar\/b6748316a4400053a1fa9f4694b38d294dc5da6f4bacc727742bd8f3e689f87c?s=96&d=mm&r=g","caption":"eir"},"url":"https:\/\/eirikurjonsson.is\/index.php\/author\/eir\/"}]}},"_links":{"self":[{"href":"https:\/\/eirikurjonsson.is\/index.php\/wp-json\/wp\/v2\/posts\/4945","targetHints":{"allow":["GET"]}}],"collection":[{"href":"https:\/\/eirikurjonsson.is\/index.php\/wp-json\/wp\/v2\/posts"}],"about":[{"href":"https:\/\/eirikurjonsson.is\/index.php\/wp-json\/wp\/v2\/types\/post"}],"author":[{"embeddable":true,"href":"https:\/\/eirikurjonsson.is\/index.php\/wp-json\/wp\/v2\/users\/2"}],"replies":[{"embeddable":true,"href":"https:\/\/eirikurjonsson.is\/index.php\/wp-json\/wp\/v2\/comments?post=4945"}],"version-history":[{"count":1,"href":"https:\/\/eirikurjonsson.is\/index.php\/wp-json\/wp\/v2\/posts\/4945\/revisions"}],"predecessor-version":[{"id":4946,"href":"https:\/\/eirikurjonsson.is\/index.php\/wp-json\/wp\/v2\/posts\/4945\/revisions\/4946"}],"wp:featuredmedia":[{"embeddable":true,"href":"https:\/\/eirikurjonsson.is\/index.php\/wp-json\/wp\/v2\/media\/4947"}],"wp:attachment":[{"href":"https:\/\/eirikurjonsson.is\/index.php\/wp-json\/wp\/v2\/media?parent=4945"}],"wp:term":[{"taxonomy":"category","embeddable":true,"href":"https:\/\/eirikurjonsson.is\/index.php\/wp-json\/wp\/v2\/categories?post=4945"},{"taxonomy":"post_tag","embeddable":true,"href":"https:\/\/eirikurjonsson.is\/index.php\/wp-json\/wp\/v2\/tags?post=4945"}],"curies":[{"name":"wp","href":"https:\/\/api.w.org\/{rel}","templated":true}]}}