{"id":4913,"date":"2025-01-07T12:03:08","date_gmt":"2025-01-07T12:03:08","guid":{"rendered":"https:\/\/eirikurjonsson.is\/?p=4913"},"modified":"2025-01-07T14:57:43","modified_gmt":"2025-01-07T14:57:43","slug":"vrdur-bjarni-ben-klappadur-upp-aftur","status":"publish","type":"post","link":"https:\/\/eirikurjonsson.is\/index.php\/2025\/01\/07\/vrdur-bjarni-ben-klappadur-upp-aftur\/","title":{"rendered":"VER\u00d0UR BJARNI BEN KLAPPA\u00d0UR UPP &#8211; AFTUR?"},"content":{"rendered":"<p style=\"text-align: center;\">Borist hefur p\u00f3stur:<\/p>\n<p style=\"text-align: center;\">&#8211;<\/p>\n<p style=\"text-align: left;\"><em>Sagt er a\u00f0 ekki s\u00e9 allt sem s\u00fdnist var\u00f0andi brotthvarf Bjarna Ben \u00far \u00edslenskri p\u00f3lit\u00edk.<\/em><\/p>\n<p><em>Bjarni hefur tilkynnt a\u00f0 hann taki s\u00e9r n\u00fa nokkurra vikna fr\u00ed og m\u00e6ti svo \u00e1 landsfund Sj\u00e1lfst\u00e6\u00f0isflokksins til a\u00f0 ganga fr\u00e1 s\u00ednum m\u00e1lum en landsfundurinn ver\u00f0ur einmitt haldin eftir nokkrar vikur.<\/em><\/p>\n<p><em>Sagt er a\u00f0 \u00e1 me\u00f0an muni v\u00e6ntanlegir frambj\u00f3\u00f0endur, l\u00edklega allir hinir r\u00e1\u00f0herrar sj\u00e1lfst\u00e6\u00f0ismanna sem voru, berjast um hnossi\u00f0 sem formannss\u00e6ti\u00f0 er, og s\u00e1 slagur getur or\u00f0i\u00f0 bl\u00f3\u00f0ugur \u00fear sem \u00feeir sem nefndir hafa veri\u00f0 eru allir har\u00f0ir \u00ed horn a\u00f0 taka \u00feegar \u00e1 reynir. \u00dearna ver\u00f0ur kl\u00f3ra\u00f0 og slegist.\u00a0<\/em><\/p>\n<p><em>Sagt er a\u00f0 \u00fe\u00e1 m\u00e6ti Bjarni \u00e1 landsfundinn og ver\u00f0i klappa\u00f0ur upp \u00fev\u00ed anna\u00f0 s\u00e9 ekki \u00ed bo\u00f0i eftir \u00e1t\u00f6k framj\u00f3\u00f0endanna sem eftir liggja tvist og bast og vita ekki \u00ed hvorn f\u00f3tinn \u00feeir eiga a\u00f0 st\u00edga. Og landsfundarfulltr\u00faar ekki heldur.<\/em><\/p>\n<p><em>Sagt er a\u00f0 eina lausnin s\u00e9 \u00fev\u00ed: Bjarni Ben!<\/em><\/p>\n","protected":false},"excerpt":{"rendered":"<p>Borist hefur p\u00f3stur: &#8211; Sagt er a\u00f0 ekki s\u00e9 allt sem s\u00fdnist var\u00f0andi brotthvarf Bjarna Ben \u00far \u00edslenskri p\u00f3lit\u00edk. Bjarni hefur tilkynnt a\u00f0 hann taki s\u00e9r n\u00fa nokkurra vikna fr\u00ed og m\u00e6ti svo \u00e1 landsfund Sj\u00e1lfst\u00e6\u00f0isflokksins til a\u00f0 ganga fr\u00e1 s\u00ednum m\u00e1lum en landsfundurinn ver\u00f0ur einmitt haldin eftir nokkrar vikur. Sagt er a\u00f0 \u00e1 me\u00f0an [&hellip;]<\/p>\n","protected":false},"author":2,"featured_media":4914,"comment_status":"open","ping_status":"open","sticky":false,"template":"","format":"standard","meta":{"_monsterinsights_skip_tracking":false,"_monsterinsights_sitenote_active":false,"_monsterinsights_sitenote_note":"","_monsterinsights_sitenote_category":0,"footnotes":""},"categories":[31],"tags":[],"class_list":{"0":"post-4913","1":"post","2":"type-post","3":"status-publish","4":"format-standard","5":"has-post-thumbnail","7":"category-greinar"},"yoast_head":"<!-- This site is optimized with the Yoast SEO plugin v22.0 - https:\/\/yoast.com\/wordpress\/plugins\/seo\/ -->\n<title>VER\u00d0UR BJARNI BEN KLAPPA\u00d0UR UPP - AFTUR? &#8211; Eir\u00edkur J\u00f3nsson<\/title>\n<meta name=\"robots\" content=\"index, follow, max-snippet:-1, max-image-preview:large, max-video-preview:-1\" \/>\n<link rel=\"canonical\" href=\"https:\/\/eirikurjonsson.is\/index.php\/2025\/01\/07\/vrdur-bjarni-ben-klappadur-upp-aftur\/\" \/>\n<meta property=\"og:locale\" content=\"is_IS\" \/>\n<meta property=\"og:type\" content=\"article\" \/>\n<meta property=\"og:title\" content=\"VER\u00d0UR BJARNI BEN KLAPPA\u00d0UR UPP - AFTUR? &#8211; Eir\u00edkur J\u00f3nsson\" \/>\n<meta property=\"og:description\" content=\"Borist hefur p\u00f3stur: &#8211; Sagt er a\u00f0 ekki s\u00e9 allt sem s\u00fdnist var\u00f0andi brotthvarf Bjarna Ben \u00far \u00edslenskri p\u00f3lit\u00edk. Bjarni hefur tilkynnt a\u00f0 hann taki s\u00e9r n\u00fa nokkurra vikna fr\u00ed og m\u00e6ti svo \u00e1 landsfund Sj\u00e1lfst\u00e6\u00f0isflokksins til a\u00f0 ganga fr\u00e1 s\u00ednum m\u00e1lum en landsfundurinn ver\u00f0ur einmitt haldin eftir nokkrar vikur. Sagt er a\u00f0 \u00e1 me\u00f0an [&hellip;]\" \/>\n<meta property=\"og:url\" content=\"https:\/\/eirikurjonsson.is\/index.php\/2025\/01\/07\/vrdur-bjarni-ben-klappadur-upp-aftur\/\" \/>\n<meta property=\"og:site_name\" content=\"Eir\u00edkur J\u00f3nsson\" \/>\n<meta property=\"article:published_time\" content=\"2025-01-07T12:03:08+00:00\" \/>\n<meta property=\"article:modified_time\" content=\"2025-01-07T14:57:43+00:00\" \/>\n<meta property=\"og:image\" content=\"https:\/\/eirikurjonsson.is\/wp-content\/uploads\/2025\/01\/bjarni-ben.jpg\" \/>\n\t<meta property=\"og:image:width\" content=\"960\" \/>\n\t<meta property=\"og:image:height\" content=\"720\" \/>\n\t<meta property=\"og:image:type\" content=\"image\/jpeg\" \/>\n<meta name=\"author\" content=\"eir\" \/>\n<meta name=\"twitter:card\" content=\"summary_large_image\" \/>\n<meta name=\"twitter:label1\" content=\"Written by\" \/>\n\t<meta name=\"twitter:data1\" content=\"eir\" \/>\n\t<meta name=\"twitter:label2\" content=\"Est. reading time\" \/>\n\t<meta name=\"twitter:data2\" content=\"2 minutes\" \/>\n<script type=\"application\/ld+json\" class=\"yoast-schema-graph\">{\"@context\":\"https:\/\/schema.org\",\"@graph\":[{\"@type\":\"WebPage\",\"@id\":\"https:\/\/eirikurjonsson.is\/index.php\/2025\/01\/07\/vrdur-bjarni-ben-klappadur-upp-aftur\/\",\"url\":\"https:\/\/eirikurjonsson.is\/index.php\/2025\/01\/07\/vrdur-bjarni-ben-klappadur-upp-aftur\/\",\"name\":\"VER\u00d0UR BJARNI BEN KLAPPA\u00d0UR UPP - AFTUR? &#8211; Eir\u00edkur J\u00f3nsson\",\"isPartOf\":{\"@id\":\"https:\/\/eirikurjonsson.is\/#website\"},\"datePublished\":\"2025-01-07T12:03:08+00:00\",\"dateModified\":\"2025-01-07T14:57:43+00:00\",\"author\":{\"@id\":\"https:\/\/eirikurjonsson.is\/#\/schema\/person\/308afa1d0e201918034e31b1da4f07a5\"},\"breadcrumb\":{\"@id\":\"https:\/\/eirikurjonsson.is\/index.php\/2025\/01\/07\/vrdur-bjarni-ben-klappadur-upp-aftur\/#breadcrumb\"},\"inLanguage\":\"is\",\"potentialAction\":[{\"@type\":\"ReadAction\",\"target\":[\"https:\/\/eirikurjonsson.is\/index.php\/2025\/01\/07\/vrdur-bjarni-ben-klappadur-upp-aftur\/\"]}]},{\"@type\":\"BreadcrumbList\",\"@id\":\"https:\/\/eirikurjonsson.is\/index.php\/2025\/01\/07\/vrdur-bjarni-ben-klappadur-upp-aftur\/#breadcrumb\",\"itemListElement\":[{\"@type\":\"ListItem\",\"position\":1,\"name\":\"Home\",\"item\":\"https:\/\/eirikurjonsson.is\/\"},{\"@type\":\"ListItem\",\"position\":2,\"name\":\"VER\u00d0UR BJARNI BEN KLAPPA\u00d0UR UPP &#8211; AFTUR?\"}]},{\"@type\":\"WebSite\",\"@id\":\"https:\/\/eirikurjonsson.is\/#website\",\"url\":\"https:\/\/eirikurjonsson.is\/\",\"name\":\"Eir\u00edkur J\u00f3nsson\",\"description\":\"Eir\u00edkur J\u00f3nsson | EIR eirikurjonsson.is\",\"potentialAction\":[{\"@type\":\"SearchAction\",\"target\":{\"@type\":\"EntryPoint\",\"urlTemplate\":\"https:\/\/eirikurjonsson.is\/?s={search_term_string}\"},\"query-input\":\"required name=search_term_string\"}],\"inLanguage\":\"is\"},{\"@type\":\"Person\",\"@id\":\"https:\/\/eirikurjonsson.is\/#\/schema\/person\/308afa1d0e201918034e31b1da4f07a5\",\"name\":\"eir\",\"image\":{\"@type\":\"ImageObject\",\"inLanguage\":\"is\",\"@id\":\"https:\/\/eirikurjonsson.is\/#\/schema\/person\/image\/\",\"url\":\"https:\/\/secure.gravatar.com\/avatar\/b6748316a4400053a1fa9f4694b38d294dc5da6f4bacc727742bd8f3e689f87c?s=96&d=mm&r=g\",\"contentUrl\":\"https:\/\/secure.gravatar.com\/avatar\/b6748316a4400053a1fa9f4694b38d294dc5da6f4bacc727742bd8f3e689f87c?s=96&d=mm&r=g\",\"caption\":\"eir\"},\"url\":\"https:\/\/eirikurjonsson.is\/index.php\/author\/eir\/\"}]}<\/script>\n<!-- \/ Yoast SEO plugin. -->","yoast_head_json":{"title":"VER\u00d0UR BJARNI BEN KLAPPA\u00d0UR UPP - AFTUR? &#8211; Eir\u00edkur J\u00f3nsson","robots":{"index":"index","follow":"follow","max-snippet":"max-snippet:-1","max-image-preview":"max-image-preview:large","max-video-preview":"max-video-preview:-1"},"canonical":"https:\/\/eirikurjonsson.is\/index.php\/2025\/01\/07\/vrdur-bjarni-ben-klappadur-upp-aftur\/","og_locale":"is_IS","og_type":"article","og_title":"VER\u00d0UR BJARNI BEN KLAPPA\u00d0UR UPP - AFTUR? &#8211; Eir\u00edkur J\u00f3nsson","og_description":"Borist hefur p\u00f3stur: &#8211; Sagt er a\u00f0 ekki s\u00e9 allt sem s\u00fdnist var\u00f0andi brotthvarf Bjarna Ben \u00far \u00edslenskri p\u00f3lit\u00edk. Bjarni hefur tilkynnt a\u00f0 hann taki s\u00e9r n\u00fa nokkurra vikna fr\u00ed og m\u00e6ti svo \u00e1 landsfund Sj\u00e1lfst\u00e6\u00f0isflokksins til a\u00f0 ganga fr\u00e1 s\u00ednum m\u00e1lum en landsfundurinn ver\u00f0ur einmitt haldin eftir nokkrar vikur. Sagt er a\u00f0 \u00e1 me\u00f0an [&hellip;]","og_url":"https:\/\/eirikurjonsson.is\/index.php\/2025\/01\/07\/vrdur-bjarni-ben-klappadur-upp-aftur\/","og_site_name":"Eir\u00edkur J\u00f3nsson","article_published_time":"2025-01-07T12:03:08+00:00","article_modified_time":"2025-01-07T14:57:43+00:00","og_image":[{"width":960,"height":720,"url":"https:\/\/eirikurjonsson.is\/wp-content\/uploads\/2025\/01\/bjarni-ben.jpg","type":"image\/jpeg"}],"author":"eir","twitter_card":"summary_large_image","twitter_misc":{"Written by":"eir","Est. reading time":"2 minutes"},"schema":{"@context":"https:\/\/schema.org","@graph":[{"@type":"WebPage","@id":"https:\/\/eirikurjonsson.is\/index.php\/2025\/01\/07\/vrdur-bjarni-ben-klappadur-upp-aftur\/","url":"https:\/\/eirikurjonsson.is\/index.php\/2025\/01\/07\/vrdur-bjarni-ben-klappadur-upp-aftur\/","name":"VER\u00d0UR BJARNI BEN KLAPPA\u00d0UR UPP - AFTUR? &#8211; Eir\u00edkur J\u00f3nsson","isPartOf":{"@id":"https:\/\/eirikurjonsson.is\/#website"},"datePublished":"2025-01-07T12:03:08+00:00","dateModified":"2025-01-07T14:57:43+00:00","author":{"@id":"https:\/\/eirikurjonsson.is\/#\/schema\/person\/308afa1d0e201918034e31b1da4f07a5"},"breadcrumb":{"@id":"https:\/\/eirikurjonsson.is\/index.php\/2025\/01\/07\/vrdur-bjarni-ben-klappadur-upp-aftur\/#breadcrumb"},"inLanguage":"is","potentialAction":[{"@type":"ReadAction","target":["https:\/\/eirikurjonsson.is\/index.php\/2025\/01\/07\/vrdur-bjarni-ben-klappadur-upp-aftur\/"]}]},{"@type":"BreadcrumbList","@id":"https:\/\/eirikurjonsson.is\/index.php\/2025\/01\/07\/vrdur-bjarni-ben-klappadur-upp-aftur\/#breadcrumb","itemListElement":[{"@type":"ListItem","position":1,"name":"Home","item":"https:\/\/eirikurjonsson.is\/"},{"@type":"ListItem","position":2,"name":"VER\u00d0UR BJARNI BEN KLAPPA\u00d0UR UPP &#8211; AFTUR?"}]},{"@type":"WebSite","@id":"https:\/\/eirikurjonsson.is\/#website","url":"https:\/\/eirikurjonsson.is\/","name":"Eir\u00edkur J\u00f3nsson","description":"Eir\u00edkur J\u00f3nsson | EIR eirikurjonsson.is","potentialAction":[{"@type":"SearchAction","target":{"@type":"EntryPoint","urlTemplate":"https:\/\/eirikurjonsson.is\/?s={search_term_string}"},"query-input":"required name=search_term_string"}],"inLanguage":"is"},{"@type":"Person","@id":"https:\/\/eirikurjonsson.is\/#\/schema\/person\/308afa1d0e201918034e31b1da4f07a5","name":"eir","image":{"@type":"ImageObject","inLanguage":"is","@id":"https:\/\/eirikurjonsson.is\/#\/schema\/person\/image\/","url":"https:\/\/secure.gravatar.com\/avatar\/b6748316a4400053a1fa9f4694b38d294dc5da6f4bacc727742bd8f3e689f87c?s=96&d=mm&r=g","contentUrl":"https:\/\/secure.gravatar.com\/avatar\/b6748316a4400053a1fa9f4694b38d294dc5da6f4bacc727742bd8f3e689f87c?s=96&d=mm&r=g","caption":"eir"},"url":"https:\/\/eirikurjonsson.is\/index.php\/author\/eir\/"}]}},"_links":{"self":[{"href":"https:\/\/eirikurjonsson.is\/index.php\/wp-json\/wp\/v2\/posts\/4913","targetHints":{"allow":["GET"]}}],"collection":[{"href":"https:\/\/eirikurjonsson.is\/index.php\/wp-json\/wp\/v2\/posts"}],"about":[{"href":"https:\/\/eirikurjonsson.is\/index.php\/wp-json\/wp\/v2\/types\/post"}],"author":[{"embeddable":true,"href":"https:\/\/eirikurjonsson.is\/index.php\/wp-json\/wp\/v2\/users\/2"}],"replies":[{"embeddable":true,"href":"https:\/\/eirikurjonsson.is\/index.php\/wp-json\/wp\/v2\/comments?post=4913"}],"version-history":[{"count":5,"href":"https:\/\/eirikurjonsson.is\/index.php\/wp-json\/wp\/v2\/posts\/4913\/revisions"}],"predecessor-version":[{"id":4920,"href":"https:\/\/eirikurjonsson.is\/index.php\/wp-json\/wp\/v2\/posts\/4913\/revisions\/4920"}],"wp:featuredmedia":[{"embeddable":true,"href":"https:\/\/eirikurjonsson.is\/index.php\/wp-json\/wp\/v2\/media\/4914"}],"wp:attachment":[{"href":"https:\/\/eirikurjonsson.is\/index.php\/wp-json\/wp\/v2\/media?parent=4913"}],"wp:term":[{"taxonomy":"category","embeddable":true,"href":"https:\/\/eirikurjonsson.is\/index.php\/wp-json\/wp\/v2\/categories?post=4913"},{"taxonomy":"post_tag","embeddable":true,"href":"https:\/\/eirikurjonsson.is\/index.php\/wp-json\/wp\/v2\/tags?post=4913"}],"curies":[{"name":"wp","href":"https:\/\/api.w.org\/{rel}","templated":true}]}}