{"id":4855,"date":"2025-01-02T13:35:37","date_gmt":"2025-01-02T13:35:37","guid":{"rendered":"https:\/\/eirikurjonsson.is\/?p=4855"},"modified":"2025-01-02T13:35:37","modified_gmt":"2025-01-02T13:35:37","slug":"laerid-ad-hnyta-forsetaklut-myndband","status":"publish","type":"post","link":"https:\/\/eirikurjonsson.is\/index.php\/2025\/01\/02\/laerid-ad-hnyta-forsetaklut-myndband\/","title":{"rendered":"L\u00c6RI\u00d0 A\u00d0 HN\u00ddTA FORSETAKL\u00daT &#8211; MYNDBAND"},"content":{"rendered":"<p>Halla T\u00f3masd\u00f3ttir forseti \u00cdslands sl\u00f3 fyrst \u00ed gegn \u00ed kosningabar\u00e1ttu sinni \u00feegar h\u00fan m\u00e6tti me\u00f0 kl\u00fat \u00ed sj\u00f3nvarpi\u00f0. Halla haf\u00f0i veri\u00f0 h\u00e1s og n\u00e1nast a\u00f0 missa r\u00f6ddinan \u00feegar forsetaslagurinn st\u00f3\u00f0 sem h\u00e6st og \u00fe\u00e1 setti h\u00fan upp kl\u00fatinn.<\/p>\n<p>Kl\u00faturinn vakti landsathygli og kl\u00fatahn\u00fdting var\u00f0 vins\u00e6l hj\u00e1 b\u00e1\u00f0um kynjum og \u00fe\u00e1 ekki s\u00edst sem t\u00f3mstundagaman \u00e1 elliheimilum.<\/p>\n<p>H\u00e9r geti\u00f0 \u00fei\u00f0 l\u00e6rt a\u00f0 binda h\u00e1lskl\u00fata eins og forsetinn:<\/p>\n<div class=\"youtube-embed\" data-video_id=\"e7bXbHysnk8\"><iframe loading=\"lazy\" title=\"How to Tia A Scarf Around Your Neck. Different and Beautiful Styles to Wear a Scarf for Women.\" width=\"696\" height=\"522\" src=\"https:\/\/www.youtube.com\/embed\/e7bXbHysnk8?start=18&#038;feature=oembed\" frameborder=\"0\" allow=\"accelerometer; autoplay; clipboard-write; encrypted-media; gyroscope; picture-in-picture; web-share\" referrerpolicy=\"strict-origin-when-cross-origin\" allowfullscreen><\/iframe><\/div>\n","protected":false},"excerpt":{"rendered":"<p>Halla T\u00f3masd\u00f3ttir forseti \u00cdslands sl\u00f3 fyrst \u00ed gegn \u00ed kosningabar\u00e1ttu sinni \u00feegar h\u00fan m\u00e6tti me\u00f0 kl\u00fat \u00ed sj\u00f3nvarpi\u00f0. Halla haf\u00f0i veri\u00f0 h\u00e1s og n\u00e1nast a\u00f0 missa r\u00f6ddinan \u00feegar forsetaslagurinn st\u00f3\u00f0 sem h\u00e6st og \u00fe\u00e1 setti h\u00fan upp kl\u00fatinn. Kl\u00faturinn vakti landsathygli og kl\u00fatahn\u00fdting var\u00f0 vins\u00e6l hj\u00e1 b\u00e1\u00f0um kynjum og \u00fe\u00e1 ekki s\u00edst sem t\u00f3mstundagaman \u00e1 [&hellip;]<\/p>\n","protected":false},"author":2,"featured_media":4857,"comment_status":"open","ping_status":"open","sticky":false,"template":"","format":"standard","meta":{"_monsterinsights_skip_tracking":false,"_monsterinsights_sitenote_active":false,"_monsterinsights_sitenote_note":"","_monsterinsights_sitenote_category":0,"footnotes":""},"categories":[31],"tags":[],"class_list":{"0":"post-4855","1":"post","2":"type-post","3":"status-publish","4":"format-standard","5":"has-post-thumbnail","7":"category-greinar"},"yoast_head":"<!-- This site is optimized with the Yoast SEO plugin v22.0 - https:\/\/yoast.com\/wordpress\/plugins\/seo\/ -->\n<title>L\u00c6RI\u00d0 A\u00d0 HN\u00ddTA FORSETAKL\u00daT - MYNDBAND &#8211; Eir\u00edkur J\u00f3nsson<\/title>\n<meta name=\"robots\" content=\"index, follow, max-snippet:-1, max-image-preview:large, max-video-preview:-1\" \/>\n<link rel=\"canonical\" href=\"https:\/\/eirikurjonsson.is\/index.php\/2025\/01\/02\/laerid-ad-hnyta-forsetaklut-myndband\/\" \/>\n<meta property=\"og:locale\" content=\"is_IS\" \/>\n<meta property=\"og:type\" content=\"article\" \/>\n<meta property=\"og:title\" content=\"L\u00c6RI\u00d0 A\u00d0 HN\u00ddTA FORSETAKL\u00daT - MYNDBAND &#8211; Eir\u00edkur J\u00f3nsson\" \/>\n<meta property=\"og:description\" content=\"Halla T\u00f3masd\u00f3ttir forseti \u00cdslands sl\u00f3 fyrst \u00ed gegn \u00ed kosningabar\u00e1ttu sinni \u00feegar h\u00fan m\u00e6tti me\u00f0 kl\u00fat \u00ed sj\u00f3nvarpi\u00f0. Halla haf\u00f0i veri\u00f0 h\u00e1s og n\u00e1nast a\u00f0 missa r\u00f6ddinan \u00feegar forsetaslagurinn st\u00f3\u00f0 sem h\u00e6st og \u00fe\u00e1 setti h\u00fan upp kl\u00fatinn. Kl\u00faturinn vakti landsathygli og kl\u00fatahn\u00fdting var\u00f0 vins\u00e6l hj\u00e1 b\u00e1\u00f0um kynjum og \u00fe\u00e1 ekki s\u00edst sem t\u00f3mstundagaman \u00e1 [&hellip;]\" \/>\n<meta property=\"og:url\" content=\"https:\/\/eirikurjonsson.is\/index.php\/2025\/01\/02\/laerid-ad-hnyta-forsetaklut-myndband\/\" \/>\n<meta property=\"og:site_name\" content=\"Eir\u00edkur J\u00f3nsson\" \/>\n<meta property=\"article:published_time\" content=\"2025-01-02T13:35:37+00:00\" \/>\n<meta property=\"og:image\" content=\"https:\/\/eirikurjonsson.is\/wp-content\/uploads\/2025\/01\/KLUTUR.jpg\" \/>\n\t<meta property=\"og:image:width\" content=\"642\" \/>\n\t<meta property=\"og:image:height\" content=\"459\" \/>\n\t<meta property=\"og:image:type\" content=\"image\/jpeg\" \/>\n<meta name=\"author\" content=\"eir\" \/>\n<meta name=\"twitter:card\" content=\"summary_large_image\" \/>\n<meta name=\"twitter:label1\" content=\"Written by\" \/>\n\t<meta name=\"twitter:data1\" content=\"eir\" \/>\n\t<meta name=\"twitter:label2\" content=\"Est. reading time\" \/>\n\t<meta name=\"twitter:data2\" content=\"1 minute\" \/>\n<script type=\"application\/ld+json\" class=\"yoast-schema-graph\">{\"@context\":\"https:\/\/schema.org\",\"@graph\":[{\"@type\":\"WebPage\",\"@id\":\"https:\/\/eirikurjonsson.is\/index.php\/2025\/01\/02\/laerid-ad-hnyta-forsetaklut-myndband\/\",\"url\":\"https:\/\/eirikurjonsson.is\/index.php\/2025\/01\/02\/laerid-ad-hnyta-forsetaklut-myndband\/\",\"name\":\"L\u00c6RI\u00d0 A\u00d0 HN\u00ddTA FORSETAKL\u00daT - MYNDBAND &#8211; Eir\u00edkur J\u00f3nsson\",\"isPartOf\":{\"@id\":\"https:\/\/eirikurjonsson.is\/#website\"},\"datePublished\":\"2025-01-02T13:35:37+00:00\",\"dateModified\":\"2025-01-02T13:35:37+00:00\",\"author\":{\"@id\":\"https:\/\/eirikurjonsson.is\/#\/schema\/person\/308afa1d0e201918034e31b1da4f07a5\"},\"breadcrumb\":{\"@id\":\"https:\/\/eirikurjonsson.is\/index.php\/2025\/01\/02\/laerid-ad-hnyta-forsetaklut-myndband\/#breadcrumb\"},\"inLanguage\":\"is\",\"potentialAction\":[{\"@type\":\"ReadAction\",\"target\":[\"https:\/\/eirikurjonsson.is\/index.php\/2025\/01\/02\/laerid-ad-hnyta-forsetaklut-myndband\/\"]}]},{\"@type\":\"BreadcrumbList\",\"@id\":\"https:\/\/eirikurjonsson.is\/index.php\/2025\/01\/02\/laerid-ad-hnyta-forsetaklut-myndband\/#breadcrumb\",\"itemListElement\":[{\"@type\":\"ListItem\",\"position\":1,\"name\":\"Home\",\"item\":\"https:\/\/eirikurjonsson.is\/\"},{\"@type\":\"ListItem\",\"position\":2,\"name\":\"L\u00c6RI\u00d0 A\u00d0 HN\u00ddTA FORSETAKL\u00daT &#8211; MYNDBAND\"}]},{\"@type\":\"WebSite\",\"@id\":\"https:\/\/eirikurjonsson.is\/#website\",\"url\":\"https:\/\/eirikurjonsson.is\/\",\"name\":\"Eir\u00edkur J\u00f3nsson\",\"description\":\"Eir\u00edkur J\u00f3nsson | EIR eirikurjonsson.is\",\"potentialAction\":[{\"@type\":\"SearchAction\",\"target\":{\"@type\":\"EntryPoint\",\"urlTemplate\":\"https:\/\/eirikurjonsson.is\/?s={search_term_string}\"},\"query-input\":\"required name=search_term_string\"}],\"inLanguage\":\"is\"},{\"@type\":\"Person\",\"@id\":\"https:\/\/eirikurjonsson.is\/#\/schema\/person\/308afa1d0e201918034e31b1da4f07a5\",\"name\":\"eir\",\"image\":{\"@type\":\"ImageObject\",\"inLanguage\":\"is\",\"@id\":\"https:\/\/eirikurjonsson.is\/#\/schema\/person\/image\/\",\"url\":\"https:\/\/secure.gravatar.com\/avatar\/b6748316a4400053a1fa9f4694b38d294dc5da6f4bacc727742bd8f3e689f87c?s=96&d=mm&r=g\",\"contentUrl\":\"https:\/\/secure.gravatar.com\/avatar\/b6748316a4400053a1fa9f4694b38d294dc5da6f4bacc727742bd8f3e689f87c?s=96&d=mm&r=g\",\"caption\":\"eir\"},\"url\":\"https:\/\/eirikurjonsson.is\/index.php\/author\/eir\/\"}]}<\/script>\n<!-- \/ Yoast SEO plugin. -->","yoast_head_json":{"title":"L\u00c6RI\u00d0 A\u00d0 HN\u00ddTA FORSETAKL\u00daT - MYNDBAND &#8211; Eir\u00edkur J\u00f3nsson","robots":{"index":"index","follow":"follow","max-snippet":"max-snippet:-1","max-image-preview":"max-image-preview:large","max-video-preview":"max-video-preview:-1"},"canonical":"https:\/\/eirikurjonsson.is\/index.php\/2025\/01\/02\/laerid-ad-hnyta-forsetaklut-myndband\/","og_locale":"is_IS","og_type":"article","og_title":"L\u00c6RI\u00d0 A\u00d0 HN\u00ddTA FORSETAKL\u00daT - MYNDBAND &#8211; Eir\u00edkur J\u00f3nsson","og_description":"Halla T\u00f3masd\u00f3ttir forseti \u00cdslands sl\u00f3 fyrst \u00ed gegn \u00ed kosningabar\u00e1ttu sinni \u00feegar h\u00fan m\u00e6tti me\u00f0 kl\u00fat \u00ed sj\u00f3nvarpi\u00f0. Halla haf\u00f0i veri\u00f0 h\u00e1s og n\u00e1nast a\u00f0 missa r\u00f6ddinan \u00feegar forsetaslagurinn st\u00f3\u00f0 sem h\u00e6st og \u00fe\u00e1 setti h\u00fan upp kl\u00fatinn. Kl\u00faturinn vakti landsathygli og kl\u00fatahn\u00fdting var\u00f0 vins\u00e6l hj\u00e1 b\u00e1\u00f0um kynjum og \u00fe\u00e1 ekki s\u00edst sem t\u00f3mstundagaman \u00e1 [&hellip;]","og_url":"https:\/\/eirikurjonsson.is\/index.php\/2025\/01\/02\/laerid-ad-hnyta-forsetaklut-myndband\/","og_site_name":"Eir\u00edkur J\u00f3nsson","article_published_time":"2025-01-02T13:35:37+00:00","og_image":[{"width":642,"height":459,"url":"https:\/\/eirikurjonsson.is\/wp-content\/uploads\/2025\/01\/KLUTUR.jpg","type":"image\/jpeg"}],"author":"eir","twitter_card":"summary_large_image","twitter_misc":{"Written by":"eir","Est. reading time":"1 minute"},"schema":{"@context":"https:\/\/schema.org","@graph":[{"@type":"WebPage","@id":"https:\/\/eirikurjonsson.is\/index.php\/2025\/01\/02\/laerid-ad-hnyta-forsetaklut-myndband\/","url":"https:\/\/eirikurjonsson.is\/index.php\/2025\/01\/02\/laerid-ad-hnyta-forsetaklut-myndband\/","name":"L\u00c6RI\u00d0 A\u00d0 HN\u00ddTA FORSETAKL\u00daT - MYNDBAND &#8211; Eir\u00edkur J\u00f3nsson","isPartOf":{"@id":"https:\/\/eirikurjonsson.is\/#website"},"datePublished":"2025-01-02T13:35:37+00:00","dateModified":"2025-01-02T13:35:37+00:00","author":{"@id":"https:\/\/eirikurjonsson.is\/#\/schema\/person\/308afa1d0e201918034e31b1da4f07a5"},"breadcrumb":{"@id":"https:\/\/eirikurjonsson.is\/index.php\/2025\/01\/02\/laerid-ad-hnyta-forsetaklut-myndband\/#breadcrumb"},"inLanguage":"is","potentialAction":[{"@type":"ReadAction","target":["https:\/\/eirikurjonsson.is\/index.php\/2025\/01\/02\/laerid-ad-hnyta-forsetaklut-myndband\/"]}]},{"@type":"BreadcrumbList","@id":"https:\/\/eirikurjonsson.is\/index.php\/2025\/01\/02\/laerid-ad-hnyta-forsetaklut-myndband\/#breadcrumb","itemListElement":[{"@type":"ListItem","position":1,"name":"Home","item":"https:\/\/eirikurjonsson.is\/"},{"@type":"ListItem","position":2,"name":"L\u00c6RI\u00d0 A\u00d0 HN\u00ddTA FORSETAKL\u00daT &#8211; MYNDBAND"}]},{"@type":"WebSite","@id":"https:\/\/eirikurjonsson.is\/#website","url":"https:\/\/eirikurjonsson.is\/","name":"Eir\u00edkur J\u00f3nsson","description":"Eir\u00edkur J\u00f3nsson | EIR eirikurjonsson.is","potentialAction":[{"@type":"SearchAction","target":{"@type":"EntryPoint","urlTemplate":"https:\/\/eirikurjonsson.is\/?s={search_term_string}"},"query-input":"required name=search_term_string"}],"inLanguage":"is"},{"@type":"Person","@id":"https:\/\/eirikurjonsson.is\/#\/schema\/person\/308afa1d0e201918034e31b1da4f07a5","name":"eir","image":{"@type":"ImageObject","inLanguage":"is","@id":"https:\/\/eirikurjonsson.is\/#\/schema\/person\/image\/","url":"https:\/\/secure.gravatar.com\/avatar\/b6748316a4400053a1fa9f4694b38d294dc5da6f4bacc727742bd8f3e689f87c?s=96&d=mm&r=g","contentUrl":"https:\/\/secure.gravatar.com\/avatar\/b6748316a4400053a1fa9f4694b38d294dc5da6f4bacc727742bd8f3e689f87c?s=96&d=mm&r=g","caption":"eir"},"url":"https:\/\/eirikurjonsson.is\/index.php\/author\/eir\/"}]}},"_links":{"self":[{"href":"https:\/\/eirikurjonsson.is\/index.php\/wp-json\/wp\/v2\/posts\/4855","targetHints":{"allow":["GET"]}}],"collection":[{"href":"https:\/\/eirikurjonsson.is\/index.php\/wp-json\/wp\/v2\/posts"}],"about":[{"href":"https:\/\/eirikurjonsson.is\/index.php\/wp-json\/wp\/v2\/types\/post"}],"author":[{"embeddable":true,"href":"https:\/\/eirikurjonsson.is\/index.php\/wp-json\/wp\/v2\/users\/2"}],"replies":[{"embeddable":true,"href":"https:\/\/eirikurjonsson.is\/index.php\/wp-json\/wp\/v2\/comments?post=4855"}],"version-history":[{"count":2,"href":"https:\/\/eirikurjonsson.is\/index.php\/wp-json\/wp\/v2\/posts\/4855\/revisions"}],"predecessor-version":[{"id":4858,"href":"https:\/\/eirikurjonsson.is\/index.php\/wp-json\/wp\/v2\/posts\/4855\/revisions\/4858"}],"wp:featuredmedia":[{"embeddable":true,"href":"https:\/\/eirikurjonsson.is\/index.php\/wp-json\/wp\/v2\/media\/4857"}],"wp:attachment":[{"href":"https:\/\/eirikurjonsson.is\/index.php\/wp-json\/wp\/v2\/media?parent=4855"}],"wp:term":[{"taxonomy":"category","embeddable":true,"href":"https:\/\/eirikurjonsson.is\/index.php\/wp-json\/wp\/v2\/categories?post=4855"},{"taxonomy":"post_tag","embeddable":true,"href":"https:\/\/eirikurjonsson.is\/index.php\/wp-json\/wp\/v2\/tags?post=4855"}],"curies":[{"name":"wp","href":"https:\/\/api.w.org\/{rel}","templated":true}]}}