{"id":480,"date":"2024-01-31T21:34:13","date_gmt":"2024-01-31T21:34:13","guid":{"rendered":"https:\/\/eirikurjonsson.is\/?p=480"},"modified":"2024-01-31T21:34:13","modified_gmt":"2024-01-31T21:34:13","slug":"varud-brjalad-vedur-siddegis","status":"publish","type":"post","link":"https:\/\/eirikurjonsson.is\/index.php\/2024\/01\/31\/varud-brjalad-vedur-siddegis\/","title":{"rendered":"VAR\u00da\u00d0! BRJ\u00c1LA\u00d0 VE\u00d0UR S\u00cd\u00d0DEGIS"},"content":{"rendered":"<p>31. jan\u00faar: Gul vi\u00f0v\u00f6run \u00ed Reykjav\u00edk kl. 12:30 -17:30 : Vestan hvassvi\u00f0ri e\u00f0a stormur, dimm \u00e9l og skafrenningur me\u00f0 l\u00e9legu skyggni. L\u00edkur \u00e1 samg\u00f6ngutruflunum. Snj\u00f3koma en \u00fea\u00f0 skefur miki\u00f0 \u00feannig a\u00f0 f\u00e6ri mun spillast og blint ver\u00f0ur \u00ed hry\u00f0jum.<\/p>\n<div>\n<p>Vetrar\u00fej\u00f3nustan \u00ed Reykjav\u00edk mun leitast vi\u00f0 a\u00f0 halda a\u00f0allei\u00f0um opnum \u00e1 me\u00f0an \u00feessu stendur en gott er a\u00f0 skipuleggja fer\u00f0ir s\u00ednar \u00ed dag til a\u00f0 s\u00ed\u00f0degisumfer\u00f0in ver\u00f0i ekki veruleg. Meti\u00f0 ver\u00f0ur hvernig sta\u00f0an ver\u00f0ur \u00ed h\u00fasag\u00f6tum og hven\u00e6r a\u00f0al snj\u00f3moksturinn fer fram \u00fear.<\/p>\n<p>\u00deegar gul vi\u00f0v\u00f6run stendur yfir, \u00fe\u00e1 eiga foreldrar og starfsf\u00f3lk sk\u00f3la a\u00f0 meta st\u00f6\u00f0una, samkv\u00e6mt r\u00e1\u00f0leggingum almannavarna. Almenna r\u00e1\u00f0leggingin er a\u00f0 vera ekki \u00e1 fer\u00f0inni \u00e1 me\u00f0an vi\u00f0v\u00f6runin stendur yfir. Fari\u00f0 varlega.<\/p>\n<\/div>\n","protected":false},"excerpt":{"rendered":"<p>31. jan\u00faar: Gul vi\u00f0v\u00f6run \u00ed Reykjav\u00edk kl. 12:30 -17:30 : Vestan hvassvi\u00f0ri e\u00f0a stormur, dimm \u00e9l og skafrenningur me\u00f0 l\u00e9legu skyggni. L\u00edkur \u00e1 samg\u00f6ngutruflunum. Snj\u00f3koma en \u00fea\u00f0 skefur miki\u00f0 \u00feannig a\u00f0 f\u00e6ri mun spillast og blint ver\u00f0ur \u00ed hry\u00f0jum. Vetrar\u00fej\u00f3nustan \u00ed Reykjav\u00edk mun leitast vi\u00f0 a\u00f0 halda a\u00f0allei\u00f0um opnum \u00e1 me\u00f0an \u00feessu stendur en gott [&hellip;]<\/p>\n","protected":false},"author":1,"featured_media":481,"comment_status":"open","ping_status":"open","sticky":false,"template":"","format":"standard","meta":{"_monsterinsights_skip_tracking":false,"_monsterinsights_sitenote_active":false,"_monsterinsights_sitenote_note":"","_monsterinsights_sitenote_category":0,"footnotes":""},"categories":[31],"tags":[],"class_list":{"0":"post-480","1":"post","2":"type-post","3":"status-publish","4":"format-standard","5":"has-post-thumbnail","7":"category-greinar"},"yoast_head":"<!-- This site is optimized with the Yoast SEO plugin v22.0 - https:\/\/yoast.com\/wordpress\/plugins\/seo\/ -->\n<title>VAR\u00da\u00d0! BRJ\u00c1LA\u00d0 VE\u00d0UR S\u00cd\u00d0DEGIS &#8211; Eir\u00edkur J\u00f3nsson<\/title>\n<meta name=\"robots\" content=\"index, follow, max-snippet:-1, max-image-preview:large, max-video-preview:-1\" \/>\n<link rel=\"canonical\" href=\"https:\/\/eirikurjonsson.is\/index.php\/2024\/01\/31\/varud-brjalad-vedur-siddegis\/\" \/>\n<meta property=\"og:locale\" content=\"is_IS\" \/>\n<meta property=\"og:type\" content=\"article\" \/>\n<meta property=\"og:title\" content=\"VAR\u00da\u00d0! BRJ\u00c1LA\u00d0 VE\u00d0UR S\u00cd\u00d0DEGIS &#8211; Eir\u00edkur J\u00f3nsson\" \/>\n<meta property=\"og:description\" content=\"31. jan\u00faar: Gul vi\u00f0v\u00f6run \u00ed Reykjav\u00edk kl. 12:30 -17:30 : Vestan hvassvi\u00f0ri e\u00f0a stormur, dimm \u00e9l og skafrenningur me\u00f0 l\u00e9legu skyggni. L\u00edkur \u00e1 samg\u00f6ngutruflunum. Snj\u00f3koma en \u00fea\u00f0 skefur miki\u00f0 \u00feannig a\u00f0 f\u00e6ri mun spillast og blint ver\u00f0ur \u00ed hry\u00f0jum. Vetrar\u00fej\u00f3nustan \u00ed Reykjav\u00edk mun leitast vi\u00f0 a\u00f0 halda a\u00f0allei\u00f0um opnum \u00e1 me\u00f0an \u00feessu stendur en gott [&hellip;]\" \/>\n<meta property=\"og:url\" content=\"https:\/\/eirikurjonsson.is\/index.php\/2024\/01\/31\/varud-brjalad-vedur-siddegis\/\" \/>\n<meta property=\"og:site_name\" content=\"Eir\u00edkur J\u00f3nsson\" \/>\n<meta property=\"article:published_time\" content=\"2024-01-31T21:34:13+00:00\" \/>\n<meta property=\"og:image\" content=\"https:\/\/eirikurjonsson.is\/wp-content\/uploads\/2024\/01\/SNJOR555-629x420-1.png\" \/>\n\t<meta property=\"og:image:width\" content=\"629\" \/>\n\t<meta property=\"og:image:height\" content=\"420\" \/>\n\t<meta property=\"og:image:type\" content=\"image\/png\" \/>\n<meta name=\"author\" content=\"stjori\" \/>\n<meta name=\"twitter:card\" content=\"summary_large_image\" \/>\n<meta name=\"twitter:label1\" content=\"Written by\" \/>\n\t<meta name=\"twitter:data1\" content=\"stjori\" \/>\n\t<meta name=\"twitter:label2\" content=\"Est. reading time\" \/>\n\t<meta name=\"twitter:data2\" content=\"1 minute\" \/>\n<script type=\"application\/ld+json\" class=\"yoast-schema-graph\">{\"@context\":\"https:\/\/schema.org\",\"@graph\":[{\"@type\":\"WebPage\",\"@id\":\"https:\/\/eirikurjonsson.is\/index.php\/2024\/01\/31\/varud-brjalad-vedur-siddegis\/\",\"url\":\"https:\/\/eirikurjonsson.is\/index.php\/2024\/01\/31\/varud-brjalad-vedur-siddegis\/\",\"name\":\"VAR\u00da\u00d0! BRJ\u00c1LA\u00d0 VE\u00d0UR S\u00cd\u00d0DEGIS &#8211; Eir\u00edkur J\u00f3nsson\",\"isPartOf\":{\"@id\":\"https:\/\/eirikurjonsson.is\/#website\"},\"datePublished\":\"2024-01-31T21:34:13+00:00\",\"dateModified\":\"2024-01-31T21:34:13+00:00\",\"author\":{\"@id\":\"https:\/\/eirikurjonsson.is\/#\/schema\/person\/36357868956acbe1cb9bd2bb9e8a2842\"},\"breadcrumb\":{\"@id\":\"https:\/\/eirikurjonsson.is\/index.php\/2024\/01\/31\/varud-brjalad-vedur-siddegis\/#breadcrumb\"},\"inLanguage\":\"is\",\"potentialAction\":[{\"@type\":\"ReadAction\",\"target\":[\"https:\/\/eirikurjonsson.is\/index.php\/2024\/01\/31\/varud-brjalad-vedur-siddegis\/\"]}]},{\"@type\":\"BreadcrumbList\",\"@id\":\"https:\/\/eirikurjonsson.is\/index.php\/2024\/01\/31\/varud-brjalad-vedur-siddegis\/#breadcrumb\",\"itemListElement\":[{\"@type\":\"ListItem\",\"position\":1,\"name\":\"Home\",\"item\":\"https:\/\/eirikurjonsson.is\/\"},{\"@type\":\"ListItem\",\"position\":2,\"name\":\"VAR\u00da\u00d0! BRJ\u00c1LA\u00d0 VE\u00d0UR S\u00cd\u00d0DEGIS\"}]},{\"@type\":\"WebSite\",\"@id\":\"https:\/\/eirikurjonsson.is\/#website\",\"url\":\"https:\/\/eirikurjonsson.is\/\",\"name\":\"Eir\u00edkur J\u00f3nsson\",\"description\":\"Eir\u00edkur J\u00f3nsson | EIR eirikurjonsson.is\",\"potentialAction\":[{\"@type\":\"SearchAction\",\"target\":{\"@type\":\"EntryPoint\",\"urlTemplate\":\"https:\/\/eirikurjonsson.is\/?s={search_term_string}\"},\"query-input\":\"required name=search_term_string\"}],\"inLanguage\":\"is\"},{\"@type\":\"Person\",\"@id\":\"https:\/\/eirikurjonsson.is\/#\/schema\/person\/36357868956acbe1cb9bd2bb9e8a2842\",\"name\":\"stjori\",\"image\":{\"@type\":\"ImageObject\",\"inLanguage\":\"is\",\"@id\":\"https:\/\/eirikurjonsson.is\/#\/schema\/person\/image\/\",\"url\":\"https:\/\/secure.gravatar.com\/avatar\/3ffddeb80b37eb697cfdd3d3f197cc33e270033ea29f9f5328322a184cb48c4a?s=96&d=mm&r=g\",\"contentUrl\":\"https:\/\/secure.gravatar.com\/avatar\/3ffddeb80b37eb697cfdd3d3f197cc33e270033ea29f9f5328322a184cb48c4a?s=96&d=mm&r=g\",\"caption\":\"stjori\"},\"sameAs\":[\"https:\/\/eirikurjonsson.is\"],\"url\":\"https:\/\/eirikurjonsson.is\/index.php\/author\/stjori\/\"}]}<\/script>\n<!-- \/ Yoast SEO plugin. -->","yoast_head_json":{"title":"VAR\u00da\u00d0! BRJ\u00c1LA\u00d0 VE\u00d0UR S\u00cd\u00d0DEGIS &#8211; Eir\u00edkur J\u00f3nsson","robots":{"index":"index","follow":"follow","max-snippet":"max-snippet:-1","max-image-preview":"max-image-preview:large","max-video-preview":"max-video-preview:-1"},"canonical":"https:\/\/eirikurjonsson.is\/index.php\/2024\/01\/31\/varud-brjalad-vedur-siddegis\/","og_locale":"is_IS","og_type":"article","og_title":"VAR\u00da\u00d0! BRJ\u00c1LA\u00d0 VE\u00d0UR S\u00cd\u00d0DEGIS &#8211; Eir\u00edkur J\u00f3nsson","og_description":"31. jan\u00faar: Gul vi\u00f0v\u00f6run \u00ed Reykjav\u00edk kl. 12:30 -17:30 : Vestan hvassvi\u00f0ri e\u00f0a stormur, dimm \u00e9l og skafrenningur me\u00f0 l\u00e9legu skyggni. L\u00edkur \u00e1 samg\u00f6ngutruflunum. Snj\u00f3koma en \u00fea\u00f0 skefur miki\u00f0 \u00feannig a\u00f0 f\u00e6ri mun spillast og blint ver\u00f0ur \u00ed hry\u00f0jum. Vetrar\u00fej\u00f3nustan \u00ed Reykjav\u00edk mun leitast vi\u00f0 a\u00f0 halda a\u00f0allei\u00f0um opnum \u00e1 me\u00f0an \u00feessu stendur en gott [&hellip;]","og_url":"https:\/\/eirikurjonsson.is\/index.php\/2024\/01\/31\/varud-brjalad-vedur-siddegis\/","og_site_name":"Eir\u00edkur J\u00f3nsson","article_published_time":"2024-01-31T21:34:13+00:00","og_image":[{"width":629,"height":420,"url":"https:\/\/eirikurjonsson.is\/wp-content\/uploads\/2024\/01\/SNJOR555-629x420-1.png","type":"image\/png"}],"author":"stjori","twitter_card":"summary_large_image","twitter_misc":{"Written by":"stjori","Est. reading time":"1 minute"},"schema":{"@context":"https:\/\/schema.org","@graph":[{"@type":"WebPage","@id":"https:\/\/eirikurjonsson.is\/index.php\/2024\/01\/31\/varud-brjalad-vedur-siddegis\/","url":"https:\/\/eirikurjonsson.is\/index.php\/2024\/01\/31\/varud-brjalad-vedur-siddegis\/","name":"VAR\u00da\u00d0! BRJ\u00c1LA\u00d0 VE\u00d0UR S\u00cd\u00d0DEGIS &#8211; Eir\u00edkur J\u00f3nsson","isPartOf":{"@id":"https:\/\/eirikurjonsson.is\/#website"},"datePublished":"2024-01-31T21:34:13+00:00","dateModified":"2024-01-31T21:34:13+00:00","author":{"@id":"https:\/\/eirikurjonsson.is\/#\/schema\/person\/36357868956acbe1cb9bd2bb9e8a2842"},"breadcrumb":{"@id":"https:\/\/eirikurjonsson.is\/index.php\/2024\/01\/31\/varud-brjalad-vedur-siddegis\/#breadcrumb"},"inLanguage":"is","potentialAction":[{"@type":"ReadAction","target":["https:\/\/eirikurjonsson.is\/index.php\/2024\/01\/31\/varud-brjalad-vedur-siddegis\/"]}]},{"@type":"BreadcrumbList","@id":"https:\/\/eirikurjonsson.is\/index.php\/2024\/01\/31\/varud-brjalad-vedur-siddegis\/#breadcrumb","itemListElement":[{"@type":"ListItem","position":1,"name":"Home","item":"https:\/\/eirikurjonsson.is\/"},{"@type":"ListItem","position":2,"name":"VAR\u00da\u00d0! BRJ\u00c1LA\u00d0 VE\u00d0UR S\u00cd\u00d0DEGIS"}]},{"@type":"WebSite","@id":"https:\/\/eirikurjonsson.is\/#website","url":"https:\/\/eirikurjonsson.is\/","name":"Eir\u00edkur J\u00f3nsson","description":"Eir\u00edkur J\u00f3nsson | EIR eirikurjonsson.is","potentialAction":[{"@type":"SearchAction","target":{"@type":"EntryPoint","urlTemplate":"https:\/\/eirikurjonsson.is\/?s={search_term_string}"},"query-input":"required name=search_term_string"}],"inLanguage":"is"},{"@type":"Person","@id":"https:\/\/eirikurjonsson.is\/#\/schema\/person\/36357868956acbe1cb9bd2bb9e8a2842","name":"stjori","image":{"@type":"ImageObject","inLanguage":"is","@id":"https:\/\/eirikurjonsson.is\/#\/schema\/person\/image\/","url":"https:\/\/secure.gravatar.com\/avatar\/3ffddeb80b37eb697cfdd3d3f197cc33e270033ea29f9f5328322a184cb48c4a?s=96&d=mm&r=g","contentUrl":"https:\/\/secure.gravatar.com\/avatar\/3ffddeb80b37eb697cfdd3d3f197cc33e270033ea29f9f5328322a184cb48c4a?s=96&d=mm&r=g","caption":"stjori"},"sameAs":["https:\/\/eirikurjonsson.is"],"url":"https:\/\/eirikurjonsson.is\/index.php\/author\/stjori\/"}]}},"_links":{"self":[{"href":"https:\/\/eirikurjonsson.is\/index.php\/wp-json\/wp\/v2\/posts\/480","targetHints":{"allow":["GET"]}}],"collection":[{"href":"https:\/\/eirikurjonsson.is\/index.php\/wp-json\/wp\/v2\/posts"}],"about":[{"href":"https:\/\/eirikurjonsson.is\/index.php\/wp-json\/wp\/v2\/types\/post"}],"author":[{"embeddable":true,"href":"https:\/\/eirikurjonsson.is\/index.php\/wp-json\/wp\/v2\/users\/1"}],"replies":[{"embeddable":true,"href":"https:\/\/eirikurjonsson.is\/index.php\/wp-json\/wp\/v2\/comments?post=480"}],"version-history":[{"count":1,"href":"https:\/\/eirikurjonsson.is\/index.php\/wp-json\/wp\/v2\/posts\/480\/revisions"}],"predecessor-version":[{"id":482,"href":"https:\/\/eirikurjonsson.is\/index.php\/wp-json\/wp\/v2\/posts\/480\/revisions\/482"}],"wp:featuredmedia":[{"embeddable":true,"href":"https:\/\/eirikurjonsson.is\/index.php\/wp-json\/wp\/v2\/media\/481"}],"wp:attachment":[{"href":"https:\/\/eirikurjonsson.is\/index.php\/wp-json\/wp\/v2\/media?parent=480"}],"wp:term":[{"taxonomy":"category","embeddable":true,"href":"https:\/\/eirikurjonsson.is\/index.php\/wp-json\/wp\/v2\/categories?post=480"},{"taxonomy":"post_tag","embeddable":true,"href":"https:\/\/eirikurjonsson.is\/index.php\/wp-json\/wp\/v2\/tags?post=480"}],"curies":[{"name":"wp","href":"https:\/\/api.w.org\/{rel}","templated":true}]}}