{"id":4774,"date":"2024-12-28T10:48:39","date_gmt":"2024-12-28T10:48:39","guid":{"rendered":"https:\/\/eirikurjonsson.is\/?p=4774"},"modified":"2024-12-28T11:28:41","modified_gmt":"2024-12-28T11:28:41","slug":"600-tonn-af-flugeldum-skotid-til-himins","status":"publish","type":"post","link":"https:\/\/eirikurjonsson.is\/index.php\/2024\/12\/28\/600-tonn-af-flugeldum-skotid-til-himins\/","title":{"rendered":"600 TONN AF FLUGELDUM SKOTI\u00d0 TIL HIMINS"},"content":{"rendered":"<p>Nokkrar l\u00edkur eru \u00e1 svifryksmengun fyrstu klukkustundir \u00e1rsins 2025 vegna mengunar fr\u00e1 flugeldum og b\u00faast m\u00e1 vi\u00f0 \u00fev\u00ed a\u00f0 styrkurinn ver\u00f0i yfir heilsuverndarm\u00f6rkum. Svifryksmengun vegna flugelda er b\u00e6\u00f0i varas\u00f6m og heilsuspillandi. Flugeldum fylgir l\u00edka rusl, sem \u00fearf a\u00f0 koma \u00e1 r\u00e9ttan sta\u00f0. Reykjav\u00edkurborg \u00e6tlar a\u00f0 bj\u00f3\u00f0a upp \u00e1 g\u00e1ma fyrir flugeldarusl \u00e1 t\u00edu grenndarst\u00f6\u00f0vum um alla borg. Alls ver\u00f0a haldnar t\u00edu \u00e1ram\u00f3tabrennur \u00ed Reykjav\u00edk \u00e1 gaml\u00e1rskv\u00f6ld:<\/p>\n<p>&#8211;<\/p>\n<ul>\n<li>Vi\u00f0\u00a0\u00c6gis\u00ed\u00f0u,\u00a0l\u00edtil\u00a0brenna,\u00a0klukkan\u00a020:30.<\/li>\n<li>\u00cd\u00a0Skerjafir\u00f0i\u00a0gegnt Skildinganesi 48-52, l\u00edtil brenna, klukkan 21:00.<\/li>\n<li>Vi\u00f0 Su\u00f0urhl\u00ed\u00f0ar, ne\u00f0an vi\u00f0 Fossvogskirkjugar\u00f0, l\u00edtil brenna, kl. 20:30.<\/li>\n<li>Laugardalur, fyrir ne\u00f0an Laugar\u00e1sveg 18, l\u00edtil brenna, klukkan 20:30.<\/li>\n<li>Geirsnef, \u00e1 nor\u00f0anver\u00f0u Geirsnefi, st\u00f3r brenna,\u00a0klukkan 20:30.<\/li>\n<li>Vi\u00f0 Stekkjarbakka, l\u00edtil brenna,\u00a0klukkan 20:30.<\/li>\n<li>Vi\u00f0 Rau\u00f0avatn a\u00f0 nor\u00f0anver\u00f0u, l\u00edtil brenna,\u00a0klukkan 20:30.<\/li>\n<li>Gufunes vi\u00f0 Gufunesb\u00e6, st\u00f3r brenna, klukkan 20:30.<\/li>\n<li>Vi\u00f0 Kl\u00e9berg \u00e1 Kjalarnesi, l\u00edtil brenna,\u00a0klukkan 20:30.<\/li>\n<li>\u00dalfarsfell \u00e1 athafnasv\u00e6\u00f0i Fisf\u00e9lagsins ofan vi\u00f0 Lambhagaveg, l\u00edtil brenna klukkan 20:30.<\/li>\n<\/ul>\n<figure id=\"attachment_4780\" aria-describedby=\"caption-attachment-4780\" style=\"width: 219px\" class=\"wp-caption aligncenter\"><img loading=\"lazy\" decoding=\"async\" class=\"wp-image-4780 size-medium\" src=\"https:\/\/eirikurjonsson.is\/wp-content\/uploads\/2024\/12\/ARAMOT-GAMALT-219x300.jpg\" alt=\"Fyrir 65 \u00e1rum vi\u00f0 Kaplaskj\u00f3lsveg. \u00deegar \u00e1ram\u00f3tabrennur \u00ed Reykjav\u00edk voru 60-70 talsins og byrja\u00f0 var a\u00f0 safna \u00ed n\u00f3vember.\" width=\"219\" height=\"300\" srcset=\"https:\/\/eirikurjonsson.is\/wp-content\/uploads\/2024\/12\/ARAMOT-GAMALT-219x300.jpg 219w, https:\/\/eirikurjonsson.is\/wp-content\/uploads\/2024\/12\/ARAMOT-GAMALT-746x1024.jpg 746w, https:\/\/eirikurjonsson.is\/wp-content\/uploads\/2024\/12\/ARAMOT-GAMALT-768x1054.jpg 768w, https:\/\/eirikurjonsson.is\/wp-content\/uploads\/2024\/12\/ARAMOT-GAMALT-1119x1536.jpg 1119w, https:\/\/eirikurjonsson.is\/wp-content\/uploads\/2024\/12\/ARAMOT-GAMALT-696x955.jpg 696w, https:\/\/eirikurjonsson.is\/wp-content\/uploads\/2024\/12\/ARAMOT-GAMALT-1068x1466.jpg 1068w, https:\/\/eirikurjonsson.is\/wp-content\/uploads\/2024\/12\/ARAMOT-GAMALT.jpg 1492w\" sizes=\"auto, (max-width: 219px) 100vw, 219px\" \/><figcaption id=\"caption-attachment-4780\" class=\"wp-caption-text\">Fyrir 65 \u00e1rum vi\u00f0 Kaplaskj\u00f3lsveg. \u00deegar \u00e1ram\u00f3tabrennur \u00ed Reykjav\u00edk voru 60-70 talsins og byrja\u00f0 var a\u00f0 safna \u00ed n\u00f3vember.<\/figcaption><\/figure>\n<p>Vakin er athygli \u00e1 \u00fev\u00ed a\u00f0 \u00f3heimilt er a\u00f0 vera me\u00f0 flugelda og skotblys vi\u00f0 brennur en leyfilegt a\u00f0 vera me\u00f0 stj\u00f6rnulj\u00f3s og blys \u00f6nnur en skotblys.<\/p>\n<p>&#8211;<\/p>\n<p>\u00c1 undanf\u00f6rnum \u00e1rum hafa veri\u00f0 flutt inn um 600 tonn af skoteldum \u00e1 hverju \u00e1ri og er \u00e1ri\u00f0 \u00ed \u00e1r engin undantekning.<\/p>\n","protected":false},"excerpt":{"rendered":"<p>Nokkrar l\u00edkur eru \u00e1 svifryksmengun fyrstu klukkustundir \u00e1rsins 2025 vegna mengunar fr\u00e1 flugeldum og b\u00faast m\u00e1 vi\u00f0 \u00fev\u00ed a\u00f0 styrkurinn ver\u00f0i yfir heilsuverndarm\u00f6rkum. Svifryksmengun vegna flugelda er b\u00e6\u00f0i varas\u00f6m og heilsuspillandi. Flugeldum fylgir l\u00edka rusl, sem \u00fearf a\u00f0 koma \u00e1 r\u00e9ttan sta\u00f0. Reykjav\u00edkurborg \u00e6tlar a\u00f0 bj\u00f3\u00f0a upp \u00e1 g\u00e1ma fyrir flugeldarusl \u00e1 t\u00edu grenndarst\u00f6\u00f0vum um [&hellip;]<\/p>\n","protected":false},"author":2,"featured_media":4775,"comment_status":"open","ping_status":"open","sticky":false,"template":"","format":"standard","meta":{"_monsterinsights_skip_tracking":false,"_monsterinsights_sitenote_active":false,"_monsterinsights_sitenote_note":"","_monsterinsights_sitenote_category":0,"footnotes":""},"categories":[31],"tags":[],"class_list":{"0":"post-4774","1":"post","2":"type-post","3":"status-publish","4":"format-standard","5":"has-post-thumbnail","7":"category-greinar"},"yoast_head":"<!-- This site is optimized with the Yoast SEO plugin v22.0 - https:\/\/yoast.com\/wordpress\/plugins\/seo\/ -->\n<title>600 TONN AF FLUGELDUM SKOTI\u00d0 TIL HIMINS &#8211; Eir\u00edkur J\u00f3nsson<\/title>\n<meta name=\"robots\" content=\"index, follow, max-snippet:-1, max-image-preview:large, max-video-preview:-1\" \/>\n<link rel=\"canonical\" href=\"https:\/\/eirikurjonsson.is\/index.php\/2024\/12\/28\/600-tonn-af-flugeldum-skotid-til-himins\/\" \/>\n<meta property=\"og:locale\" content=\"is_IS\" \/>\n<meta property=\"og:type\" content=\"article\" \/>\n<meta property=\"og:title\" content=\"600 TONN AF FLUGELDUM SKOTI\u00d0 TIL HIMINS &#8211; Eir\u00edkur J\u00f3nsson\" \/>\n<meta property=\"og:description\" content=\"Nokkrar l\u00edkur eru \u00e1 svifryksmengun fyrstu klukkustundir \u00e1rsins 2025 vegna mengunar fr\u00e1 flugeldum og b\u00faast m\u00e1 vi\u00f0 \u00fev\u00ed a\u00f0 styrkurinn ver\u00f0i yfir heilsuverndarm\u00f6rkum. Svifryksmengun vegna flugelda er b\u00e6\u00f0i varas\u00f6m og heilsuspillandi. Flugeldum fylgir l\u00edka rusl, sem \u00fearf a\u00f0 koma \u00e1 r\u00e9ttan sta\u00f0. Reykjav\u00edkurborg \u00e6tlar a\u00f0 bj\u00f3\u00f0a upp \u00e1 g\u00e1ma fyrir flugeldarusl \u00e1 t\u00edu grenndarst\u00f6\u00f0vum um [&hellip;]\" \/>\n<meta property=\"og:url\" content=\"https:\/\/eirikurjonsson.is\/index.php\/2024\/12\/28\/600-tonn-af-flugeldum-skotid-til-himins\/\" \/>\n<meta property=\"og:site_name\" content=\"Eir\u00edkur J\u00f3nsson\" \/>\n<meta property=\"article:published_time\" content=\"2024-12-28T10:48:39+00:00\" \/>\n<meta property=\"article:modified_time\" content=\"2024-12-28T11:28:41+00:00\" \/>\n<meta property=\"og:image\" content=\"https:\/\/eirikurjonsson.is\/wp-content\/uploads\/2024\/12\/aramotamynd.png\" \/>\n\t<meta property=\"og:image:width\" content=\"1024\" \/>\n\t<meta property=\"og:image:height\" content=\"727\" \/>\n\t<meta property=\"og:image:type\" content=\"image\/png\" \/>\n<meta name=\"author\" content=\"eir\" \/>\n<meta name=\"twitter:card\" content=\"summary_large_image\" \/>\n<meta name=\"twitter:label1\" content=\"Written by\" \/>\n\t<meta name=\"twitter:data1\" content=\"eir\" \/>\n\t<meta name=\"twitter:label2\" content=\"Est. reading time\" \/>\n\t<meta name=\"twitter:data2\" content=\"2 minutes\" \/>\n<script type=\"application\/ld+json\" class=\"yoast-schema-graph\">{\"@context\":\"https:\/\/schema.org\",\"@graph\":[{\"@type\":\"WebPage\",\"@id\":\"https:\/\/eirikurjonsson.is\/index.php\/2024\/12\/28\/600-tonn-af-flugeldum-skotid-til-himins\/\",\"url\":\"https:\/\/eirikurjonsson.is\/index.php\/2024\/12\/28\/600-tonn-af-flugeldum-skotid-til-himins\/\",\"name\":\"600 TONN AF FLUGELDUM SKOTI\u00d0 TIL HIMINS &#8211; Eir\u00edkur J\u00f3nsson\",\"isPartOf\":{\"@id\":\"https:\/\/eirikurjonsson.is\/#website\"},\"datePublished\":\"2024-12-28T10:48:39+00:00\",\"dateModified\":\"2024-12-28T11:28:41+00:00\",\"author\":{\"@id\":\"https:\/\/eirikurjonsson.is\/#\/schema\/person\/308afa1d0e201918034e31b1da4f07a5\"},\"breadcrumb\":{\"@id\":\"https:\/\/eirikurjonsson.is\/index.php\/2024\/12\/28\/600-tonn-af-flugeldum-skotid-til-himins\/#breadcrumb\"},\"inLanguage\":\"is\",\"potentialAction\":[{\"@type\":\"ReadAction\",\"target\":[\"https:\/\/eirikurjonsson.is\/index.php\/2024\/12\/28\/600-tonn-af-flugeldum-skotid-til-himins\/\"]}]},{\"@type\":\"BreadcrumbList\",\"@id\":\"https:\/\/eirikurjonsson.is\/index.php\/2024\/12\/28\/600-tonn-af-flugeldum-skotid-til-himins\/#breadcrumb\",\"itemListElement\":[{\"@type\":\"ListItem\",\"position\":1,\"name\":\"Home\",\"item\":\"https:\/\/eirikurjonsson.is\/\"},{\"@type\":\"ListItem\",\"position\":2,\"name\":\"600 TONN AF FLUGELDUM SKOTI\u00d0 TIL HIMINS\"}]},{\"@type\":\"WebSite\",\"@id\":\"https:\/\/eirikurjonsson.is\/#website\",\"url\":\"https:\/\/eirikurjonsson.is\/\",\"name\":\"Eir\u00edkur J\u00f3nsson\",\"description\":\"Eir\u00edkur J\u00f3nsson | EIR eirikurjonsson.is\",\"potentialAction\":[{\"@type\":\"SearchAction\",\"target\":{\"@type\":\"EntryPoint\",\"urlTemplate\":\"https:\/\/eirikurjonsson.is\/?s={search_term_string}\"},\"query-input\":\"required name=search_term_string\"}],\"inLanguage\":\"is\"},{\"@type\":\"Person\",\"@id\":\"https:\/\/eirikurjonsson.is\/#\/schema\/person\/308afa1d0e201918034e31b1da4f07a5\",\"name\":\"eir\",\"image\":{\"@type\":\"ImageObject\",\"inLanguage\":\"is\",\"@id\":\"https:\/\/eirikurjonsson.is\/#\/schema\/person\/image\/\",\"url\":\"https:\/\/secure.gravatar.com\/avatar\/b6748316a4400053a1fa9f4694b38d294dc5da6f4bacc727742bd8f3e689f87c?s=96&d=mm&r=g\",\"contentUrl\":\"https:\/\/secure.gravatar.com\/avatar\/b6748316a4400053a1fa9f4694b38d294dc5da6f4bacc727742bd8f3e689f87c?s=96&d=mm&r=g\",\"caption\":\"eir\"},\"url\":\"https:\/\/eirikurjonsson.is\/index.php\/author\/eir\/\"}]}<\/script>\n<!-- \/ Yoast SEO plugin. -->","yoast_head_json":{"title":"600 TONN AF FLUGELDUM SKOTI\u00d0 TIL HIMINS &#8211; Eir\u00edkur J\u00f3nsson","robots":{"index":"index","follow":"follow","max-snippet":"max-snippet:-1","max-image-preview":"max-image-preview:large","max-video-preview":"max-video-preview:-1"},"canonical":"https:\/\/eirikurjonsson.is\/index.php\/2024\/12\/28\/600-tonn-af-flugeldum-skotid-til-himins\/","og_locale":"is_IS","og_type":"article","og_title":"600 TONN AF FLUGELDUM SKOTI\u00d0 TIL HIMINS &#8211; Eir\u00edkur J\u00f3nsson","og_description":"Nokkrar l\u00edkur eru \u00e1 svifryksmengun fyrstu klukkustundir \u00e1rsins 2025 vegna mengunar fr\u00e1 flugeldum og b\u00faast m\u00e1 vi\u00f0 \u00fev\u00ed a\u00f0 styrkurinn ver\u00f0i yfir heilsuverndarm\u00f6rkum. Svifryksmengun vegna flugelda er b\u00e6\u00f0i varas\u00f6m og heilsuspillandi. Flugeldum fylgir l\u00edka rusl, sem \u00fearf a\u00f0 koma \u00e1 r\u00e9ttan sta\u00f0. Reykjav\u00edkurborg \u00e6tlar a\u00f0 bj\u00f3\u00f0a upp \u00e1 g\u00e1ma fyrir flugeldarusl \u00e1 t\u00edu grenndarst\u00f6\u00f0vum um [&hellip;]","og_url":"https:\/\/eirikurjonsson.is\/index.php\/2024\/12\/28\/600-tonn-af-flugeldum-skotid-til-himins\/","og_site_name":"Eir\u00edkur J\u00f3nsson","article_published_time":"2024-12-28T10:48:39+00:00","article_modified_time":"2024-12-28T11:28:41+00:00","og_image":[{"width":1024,"height":727,"url":"https:\/\/eirikurjonsson.is\/wp-content\/uploads\/2024\/12\/aramotamynd.png","type":"image\/png"}],"author":"eir","twitter_card":"summary_large_image","twitter_misc":{"Written by":"eir","Est. reading time":"2 minutes"},"schema":{"@context":"https:\/\/schema.org","@graph":[{"@type":"WebPage","@id":"https:\/\/eirikurjonsson.is\/index.php\/2024\/12\/28\/600-tonn-af-flugeldum-skotid-til-himins\/","url":"https:\/\/eirikurjonsson.is\/index.php\/2024\/12\/28\/600-tonn-af-flugeldum-skotid-til-himins\/","name":"600 TONN AF FLUGELDUM SKOTI\u00d0 TIL HIMINS &#8211; Eir\u00edkur J\u00f3nsson","isPartOf":{"@id":"https:\/\/eirikurjonsson.is\/#website"},"datePublished":"2024-12-28T10:48:39+00:00","dateModified":"2024-12-28T11:28:41+00:00","author":{"@id":"https:\/\/eirikurjonsson.is\/#\/schema\/person\/308afa1d0e201918034e31b1da4f07a5"},"breadcrumb":{"@id":"https:\/\/eirikurjonsson.is\/index.php\/2024\/12\/28\/600-tonn-af-flugeldum-skotid-til-himins\/#breadcrumb"},"inLanguage":"is","potentialAction":[{"@type":"ReadAction","target":["https:\/\/eirikurjonsson.is\/index.php\/2024\/12\/28\/600-tonn-af-flugeldum-skotid-til-himins\/"]}]},{"@type":"BreadcrumbList","@id":"https:\/\/eirikurjonsson.is\/index.php\/2024\/12\/28\/600-tonn-af-flugeldum-skotid-til-himins\/#breadcrumb","itemListElement":[{"@type":"ListItem","position":1,"name":"Home","item":"https:\/\/eirikurjonsson.is\/"},{"@type":"ListItem","position":2,"name":"600 TONN AF FLUGELDUM SKOTI\u00d0 TIL HIMINS"}]},{"@type":"WebSite","@id":"https:\/\/eirikurjonsson.is\/#website","url":"https:\/\/eirikurjonsson.is\/","name":"Eir\u00edkur J\u00f3nsson","description":"Eir\u00edkur J\u00f3nsson | EIR eirikurjonsson.is","potentialAction":[{"@type":"SearchAction","target":{"@type":"EntryPoint","urlTemplate":"https:\/\/eirikurjonsson.is\/?s={search_term_string}"},"query-input":"required name=search_term_string"}],"inLanguage":"is"},{"@type":"Person","@id":"https:\/\/eirikurjonsson.is\/#\/schema\/person\/308afa1d0e201918034e31b1da4f07a5","name":"eir","image":{"@type":"ImageObject","inLanguage":"is","@id":"https:\/\/eirikurjonsson.is\/#\/schema\/person\/image\/","url":"https:\/\/secure.gravatar.com\/avatar\/b6748316a4400053a1fa9f4694b38d294dc5da6f4bacc727742bd8f3e689f87c?s=96&d=mm&r=g","contentUrl":"https:\/\/secure.gravatar.com\/avatar\/b6748316a4400053a1fa9f4694b38d294dc5da6f4bacc727742bd8f3e689f87c?s=96&d=mm&r=g","caption":"eir"},"url":"https:\/\/eirikurjonsson.is\/index.php\/author\/eir\/"}]}},"_links":{"self":[{"href":"https:\/\/eirikurjonsson.is\/index.php\/wp-json\/wp\/v2\/posts\/4774","targetHints":{"allow":["GET"]}}],"collection":[{"href":"https:\/\/eirikurjonsson.is\/index.php\/wp-json\/wp\/v2\/posts"}],"about":[{"href":"https:\/\/eirikurjonsson.is\/index.php\/wp-json\/wp\/v2\/types\/post"}],"author":[{"embeddable":true,"href":"https:\/\/eirikurjonsson.is\/index.php\/wp-json\/wp\/v2\/users\/2"}],"replies":[{"embeddable":true,"href":"https:\/\/eirikurjonsson.is\/index.php\/wp-json\/wp\/v2\/comments?post=4774"}],"version-history":[{"count":4,"href":"https:\/\/eirikurjonsson.is\/index.php\/wp-json\/wp\/v2\/posts\/4774\/revisions"}],"predecessor-version":[{"id":4783,"href":"https:\/\/eirikurjonsson.is\/index.php\/wp-json\/wp\/v2\/posts\/4774\/revisions\/4783"}],"wp:featuredmedia":[{"embeddable":true,"href":"https:\/\/eirikurjonsson.is\/index.php\/wp-json\/wp\/v2\/media\/4775"}],"wp:attachment":[{"href":"https:\/\/eirikurjonsson.is\/index.php\/wp-json\/wp\/v2\/media?parent=4774"}],"wp:term":[{"taxonomy":"category","embeddable":true,"href":"https:\/\/eirikurjonsson.is\/index.php\/wp-json\/wp\/v2\/categories?post=4774"},{"taxonomy":"post_tag","embeddable":true,"href":"https:\/\/eirikurjonsson.is\/index.php\/wp-json\/wp\/v2\/tags?post=4774"}],"curies":[{"name":"wp","href":"https:\/\/api.w.org\/{rel}","templated":true}]}}