{"id":4758,"date":"2024-12-26T09:05:45","date_gmt":"2024-12-26T09:05:45","guid":{"rendered":"https:\/\/eirikurjonsson.is\/?p=4758"},"modified":"2024-12-26T09:06:01","modified_gmt":"2024-12-26T09:06:01","slug":"rauda-slaufan-slaer-i-gegn","status":"publish","type":"post","link":"https:\/\/eirikurjonsson.is\/index.php\/2024\/12\/26\/rauda-slaufan-slaer-i-gegn\/","title":{"rendered":"RAU\u00d0A SLAUFAN SL\u00c6R \u00cd GEGN"},"content":{"rendered":"<div>Rau\u00f0a slaufan kom sterk inn um j\u00f3lin og \u00e1 eftir a\u00f0 sl\u00e1 enn betur \u00ed gegn \u00e1 n\u00fdju \u00e1ri. H\u00f6fundar eru stelpurnar \u00ed Handverksk\u00fanst www.garn.is:<\/div>\n<div>&#8211;<\/div>\n<p><em>Stykki\u00f0 er fyrst prj\u00f3na\u00f0 fram og til baka sem ein lengja \u00ed klukkuprj\u00f3ni me\u00f0 i-cord \u00ed hvorri hli\u00f0. S\u00ed\u00f0an er uppfitjunarkanturinn sauma\u00f0ur vi\u00f0 affellingarkantinn. S\u00ed\u00f0an er prj\u00f3na\u00f0 mi\u00f0juband \u00ed tv\u00f6f\u00f6ldu prj\u00f3ni \u2013 mi\u00f0jubandi\u00f0 er fest utan um sj\u00e1lfa slaufuna. \u00cd lokin er saumu\u00f0 ni\u00f0ur n\u00e6la e\u00f0a sn\u00fara \u00fer\u00e6dd \u00ed gegnum mi\u00f0jubandi\u00f0 \u00e1 bakhli\u00f0 \u00e1 slaufunni \u00feannig a\u00f0 h\u00e6gt s\u00e9 a\u00f0 festa slaufuna e\u00f0a hn\u00fdta hana fasta.<\/em><\/p>\n","protected":false},"excerpt":{"rendered":"<p>Rau\u00f0a slaufan kom sterk inn um j\u00f3lin og \u00e1 eftir a\u00f0 sl\u00e1 enn betur \u00ed gegn \u00e1 n\u00fdju \u00e1ri. H\u00f6fundar eru stelpurnar \u00ed Handverksk\u00fanst www.garn.is: &#8211; Stykki\u00f0 er fyrst prj\u00f3na\u00f0 fram og til baka sem ein lengja \u00ed klukkuprj\u00f3ni me\u00f0 i-cord \u00ed hvorri hli\u00f0. S\u00ed\u00f0an er uppfitjunarkanturinn sauma\u00f0ur vi\u00f0 affellingarkantinn. S\u00ed\u00f0an er prj\u00f3na\u00f0 mi\u00f0juband \u00ed [&hellip;]<\/p>\n","protected":false},"author":2,"featured_media":4759,"comment_status":"open","ping_status":"open","sticky":false,"template":"","format":"standard","meta":{"_monsterinsights_skip_tracking":false,"_monsterinsights_sitenote_active":false,"_monsterinsights_sitenote_note":"","_monsterinsights_sitenote_category":0,"footnotes":""},"categories":[31],"tags":[],"class_list":{"0":"post-4758","1":"post","2":"type-post","3":"status-publish","4":"format-standard","5":"has-post-thumbnail","7":"category-greinar"},"yoast_head":"<!-- This site is optimized with the Yoast SEO plugin v22.0 - https:\/\/yoast.com\/wordpress\/plugins\/seo\/ -->\n<title>RAU\u00d0A SLAUFAN SL\u00c6R \u00cd GEGN &#8211; Eir\u00edkur J\u00f3nsson<\/title>\n<meta name=\"robots\" content=\"index, follow, max-snippet:-1, max-image-preview:large, max-video-preview:-1\" \/>\n<link rel=\"canonical\" href=\"https:\/\/eirikurjonsson.is\/index.php\/2024\/12\/26\/rauda-slaufan-slaer-i-gegn\/\" \/>\n<meta property=\"og:locale\" content=\"is_IS\" \/>\n<meta property=\"og:type\" content=\"article\" \/>\n<meta property=\"og:title\" content=\"RAU\u00d0A SLAUFAN SL\u00c6R \u00cd GEGN &#8211; Eir\u00edkur J\u00f3nsson\" \/>\n<meta property=\"og:description\" content=\"Rau\u00f0a slaufan kom sterk inn um j\u00f3lin og \u00e1 eftir a\u00f0 sl\u00e1 enn betur \u00ed gegn \u00e1 n\u00fdju \u00e1ri. H\u00f6fundar eru stelpurnar \u00ed Handverksk\u00fanst www.garn.is: &#8211; Stykki\u00f0 er fyrst prj\u00f3na\u00f0 fram og til baka sem ein lengja \u00ed klukkuprj\u00f3ni me\u00f0 i-cord \u00ed hvorri hli\u00f0. S\u00ed\u00f0an er uppfitjunarkanturinn sauma\u00f0ur vi\u00f0 affellingarkantinn. S\u00ed\u00f0an er prj\u00f3na\u00f0 mi\u00f0juband \u00ed [&hellip;]\" \/>\n<meta property=\"og:url\" content=\"https:\/\/eirikurjonsson.is\/index.php\/2024\/12\/26\/rauda-slaufan-slaer-i-gegn\/\" \/>\n<meta property=\"og:site_name\" content=\"Eir\u00edkur J\u00f3nsson\" \/>\n<meta property=\"article:published_time\" content=\"2024-12-26T09:05:45+00:00\" \/>\n<meta property=\"article:modified_time\" content=\"2024-12-26T09:06:01+00:00\" \/>\n<meta property=\"og:image\" content=\"https:\/\/eirikurjonsson.is\/wp-content\/uploads\/2024\/12\/raudaslauafan.png\" \/>\n\t<meta property=\"og:image:width\" content=\"900\" \/>\n\t<meta property=\"og:image:height\" content=\"736\" \/>\n\t<meta property=\"og:image:type\" content=\"image\/png\" \/>\n<meta name=\"author\" content=\"eir\" \/>\n<meta name=\"twitter:card\" content=\"summary_large_image\" \/>\n<meta name=\"twitter:label1\" content=\"Written by\" \/>\n\t<meta name=\"twitter:data1\" content=\"eir\" \/>\n\t<meta name=\"twitter:label2\" content=\"Est. reading time\" \/>\n\t<meta name=\"twitter:data2\" content=\"1 minute\" \/>\n<script type=\"application\/ld+json\" class=\"yoast-schema-graph\">{\"@context\":\"https:\/\/schema.org\",\"@graph\":[{\"@type\":\"WebPage\",\"@id\":\"https:\/\/eirikurjonsson.is\/index.php\/2024\/12\/26\/rauda-slaufan-slaer-i-gegn\/\",\"url\":\"https:\/\/eirikurjonsson.is\/index.php\/2024\/12\/26\/rauda-slaufan-slaer-i-gegn\/\",\"name\":\"RAU\u00d0A SLAUFAN SL\u00c6R \u00cd GEGN &#8211; Eir\u00edkur J\u00f3nsson\",\"isPartOf\":{\"@id\":\"https:\/\/eirikurjonsson.is\/#website\"},\"datePublished\":\"2024-12-26T09:05:45+00:00\",\"dateModified\":\"2024-12-26T09:06:01+00:00\",\"author\":{\"@id\":\"https:\/\/eirikurjonsson.is\/#\/schema\/person\/308afa1d0e201918034e31b1da4f07a5\"},\"breadcrumb\":{\"@id\":\"https:\/\/eirikurjonsson.is\/index.php\/2024\/12\/26\/rauda-slaufan-slaer-i-gegn\/#breadcrumb\"},\"inLanguage\":\"is\",\"potentialAction\":[{\"@type\":\"ReadAction\",\"target\":[\"https:\/\/eirikurjonsson.is\/index.php\/2024\/12\/26\/rauda-slaufan-slaer-i-gegn\/\"]}]},{\"@type\":\"BreadcrumbList\",\"@id\":\"https:\/\/eirikurjonsson.is\/index.php\/2024\/12\/26\/rauda-slaufan-slaer-i-gegn\/#breadcrumb\",\"itemListElement\":[{\"@type\":\"ListItem\",\"position\":1,\"name\":\"Home\",\"item\":\"https:\/\/eirikurjonsson.is\/\"},{\"@type\":\"ListItem\",\"position\":2,\"name\":\"RAU\u00d0A SLAUFAN SL\u00c6R \u00cd GEGN\"}]},{\"@type\":\"WebSite\",\"@id\":\"https:\/\/eirikurjonsson.is\/#website\",\"url\":\"https:\/\/eirikurjonsson.is\/\",\"name\":\"Eir\u00edkur J\u00f3nsson\",\"description\":\"Eir\u00edkur J\u00f3nsson | EIR eirikurjonsson.is\",\"potentialAction\":[{\"@type\":\"SearchAction\",\"target\":{\"@type\":\"EntryPoint\",\"urlTemplate\":\"https:\/\/eirikurjonsson.is\/?s={search_term_string}\"},\"query-input\":\"required name=search_term_string\"}],\"inLanguage\":\"is\"},{\"@type\":\"Person\",\"@id\":\"https:\/\/eirikurjonsson.is\/#\/schema\/person\/308afa1d0e201918034e31b1da4f07a5\",\"name\":\"eir\",\"image\":{\"@type\":\"ImageObject\",\"inLanguage\":\"is\",\"@id\":\"https:\/\/eirikurjonsson.is\/#\/schema\/person\/image\/\",\"url\":\"https:\/\/secure.gravatar.com\/avatar\/b6748316a4400053a1fa9f4694b38d294dc5da6f4bacc727742bd8f3e689f87c?s=96&d=mm&r=g\",\"contentUrl\":\"https:\/\/secure.gravatar.com\/avatar\/b6748316a4400053a1fa9f4694b38d294dc5da6f4bacc727742bd8f3e689f87c?s=96&d=mm&r=g\",\"caption\":\"eir\"},\"url\":\"https:\/\/eirikurjonsson.is\/index.php\/author\/eir\/\"}]}<\/script>\n<!-- \/ Yoast SEO plugin. -->","yoast_head_json":{"title":"RAU\u00d0A SLAUFAN SL\u00c6R \u00cd GEGN &#8211; Eir\u00edkur J\u00f3nsson","robots":{"index":"index","follow":"follow","max-snippet":"max-snippet:-1","max-image-preview":"max-image-preview:large","max-video-preview":"max-video-preview:-1"},"canonical":"https:\/\/eirikurjonsson.is\/index.php\/2024\/12\/26\/rauda-slaufan-slaer-i-gegn\/","og_locale":"is_IS","og_type":"article","og_title":"RAU\u00d0A SLAUFAN SL\u00c6R \u00cd GEGN &#8211; Eir\u00edkur J\u00f3nsson","og_description":"Rau\u00f0a slaufan kom sterk inn um j\u00f3lin og \u00e1 eftir a\u00f0 sl\u00e1 enn betur \u00ed gegn \u00e1 n\u00fdju \u00e1ri. H\u00f6fundar eru stelpurnar \u00ed Handverksk\u00fanst www.garn.is: &#8211; Stykki\u00f0 er fyrst prj\u00f3na\u00f0 fram og til baka sem ein lengja \u00ed klukkuprj\u00f3ni me\u00f0 i-cord \u00ed hvorri hli\u00f0. S\u00ed\u00f0an er uppfitjunarkanturinn sauma\u00f0ur vi\u00f0 affellingarkantinn. S\u00ed\u00f0an er prj\u00f3na\u00f0 mi\u00f0juband \u00ed [&hellip;]","og_url":"https:\/\/eirikurjonsson.is\/index.php\/2024\/12\/26\/rauda-slaufan-slaer-i-gegn\/","og_site_name":"Eir\u00edkur J\u00f3nsson","article_published_time":"2024-12-26T09:05:45+00:00","article_modified_time":"2024-12-26T09:06:01+00:00","og_image":[{"width":900,"height":736,"url":"https:\/\/eirikurjonsson.is\/wp-content\/uploads\/2024\/12\/raudaslauafan.png","type":"image\/png"}],"author":"eir","twitter_card":"summary_large_image","twitter_misc":{"Written by":"eir","Est. reading time":"1 minute"},"schema":{"@context":"https:\/\/schema.org","@graph":[{"@type":"WebPage","@id":"https:\/\/eirikurjonsson.is\/index.php\/2024\/12\/26\/rauda-slaufan-slaer-i-gegn\/","url":"https:\/\/eirikurjonsson.is\/index.php\/2024\/12\/26\/rauda-slaufan-slaer-i-gegn\/","name":"RAU\u00d0A SLAUFAN SL\u00c6R \u00cd GEGN &#8211; Eir\u00edkur J\u00f3nsson","isPartOf":{"@id":"https:\/\/eirikurjonsson.is\/#website"},"datePublished":"2024-12-26T09:05:45+00:00","dateModified":"2024-12-26T09:06:01+00:00","author":{"@id":"https:\/\/eirikurjonsson.is\/#\/schema\/person\/308afa1d0e201918034e31b1da4f07a5"},"breadcrumb":{"@id":"https:\/\/eirikurjonsson.is\/index.php\/2024\/12\/26\/rauda-slaufan-slaer-i-gegn\/#breadcrumb"},"inLanguage":"is","potentialAction":[{"@type":"ReadAction","target":["https:\/\/eirikurjonsson.is\/index.php\/2024\/12\/26\/rauda-slaufan-slaer-i-gegn\/"]}]},{"@type":"BreadcrumbList","@id":"https:\/\/eirikurjonsson.is\/index.php\/2024\/12\/26\/rauda-slaufan-slaer-i-gegn\/#breadcrumb","itemListElement":[{"@type":"ListItem","position":1,"name":"Home","item":"https:\/\/eirikurjonsson.is\/"},{"@type":"ListItem","position":2,"name":"RAU\u00d0A SLAUFAN SL\u00c6R \u00cd GEGN"}]},{"@type":"WebSite","@id":"https:\/\/eirikurjonsson.is\/#website","url":"https:\/\/eirikurjonsson.is\/","name":"Eir\u00edkur J\u00f3nsson","description":"Eir\u00edkur J\u00f3nsson | EIR eirikurjonsson.is","potentialAction":[{"@type":"SearchAction","target":{"@type":"EntryPoint","urlTemplate":"https:\/\/eirikurjonsson.is\/?s={search_term_string}"},"query-input":"required name=search_term_string"}],"inLanguage":"is"},{"@type":"Person","@id":"https:\/\/eirikurjonsson.is\/#\/schema\/person\/308afa1d0e201918034e31b1da4f07a5","name":"eir","image":{"@type":"ImageObject","inLanguage":"is","@id":"https:\/\/eirikurjonsson.is\/#\/schema\/person\/image\/","url":"https:\/\/secure.gravatar.com\/avatar\/b6748316a4400053a1fa9f4694b38d294dc5da6f4bacc727742bd8f3e689f87c?s=96&d=mm&r=g","contentUrl":"https:\/\/secure.gravatar.com\/avatar\/b6748316a4400053a1fa9f4694b38d294dc5da6f4bacc727742bd8f3e689f87c?s=96&d=mm&r=g","caption":"eir"},"url":"https:\/\/eirikurjonsson.is\/index.php\/author\/eir\/"}]}},"_links":{"self":[{"href":"https:\/\/eirikurjonsson.is\/index.php\/wp-json\/wp\/v2\/posts\/4758","targetHints":{"allow":["GET"]}}],"collection":[{"href":"https:\/\/eirikurjonsson.is\/index.php\/wp-json\/wp\/v2\/posts"}],"about":[{"href":"https:\/\/eirikurjonsson.is\/index.php\/wp-json\/wp\/v2\/types\/post"}],"author":[{"embeddable":true,"href":"https:\/\/eirikurjonsson.is\/index.php\/wp-json\/wp\/v2\/users\/2"}],"replies":[{"embeddable":true,"href":"https:\/\/eirikurjonsson.is\/index.php\/wp-json\/wp\/v2\/comments?post=4758"}],"version-history":[{"count":1,"href":"https:\/\/eirikurjonsson.is\/index.php\/wp-json\/wp\/v2\/posts\/4758\/revisions"}],"predecessor-version":[{"id":4760,"href":"https:\/\/eirikurjonsson.is\/index.php\/wp-json\/wp\/v2\/posts\/4758\/revisions\/4760"}],"wp:featuredmedia":[{"embeddable":true,"href":"https:\/\/eirikurjonsson.is\/index.php\/wp-json\/wp\/v2\/media\/4759"}],"wp:attachment":[{"href":"https:\/\/eirikurjonsson.is\/index.php\/wp-json\/wp\/v2\/media?parent=4758"}],"wp:term":[{"taxonomy":"category","embeddable":true,"href":"https:\/\/eirikurjonsson.is\/index.php\/wp-json\/wp\/v2\/categories?post=4758"},{"taxonomy":"post_tag","embeddable":true,"href":"https:\/\/eirikurjonsson.is\/index.php\/wp-json\/wp\/v2\/tags?post=4758"}],"curies":[{"name":"wp","href":"https:\/\/api.w.org\/{rel}","templated":true}]}}