{"id":4720,"date":"2025-12-21T11:33:10","date_gmt":"2025-12-21T11:33:10","guid":{"rendered":"https:\/\/eirikurjonsson.is\/?p=4720"},"modified":"2025-12-21T11:32:55","modified_gmt":"2025-12-21T11:32:55","slug":"jane-fonda-87","status":"publish","type":"post","link":"https:\/\/eirikurjonsson.is\/index.php\/2025\/12\/21\/jane-fonda-87\/","title":{"rendered":"JANE FONDA (88)"},"content":{"rendered":"<p>S\u00faperstjarnan Jane Fonda er afm\u00e6lisbarn dagsins, 88 \u00e1ra og enn \u00ed fullu fj\u00f6ri. Kvikmyndaferill hennar spannar r\u00famlega sex \u00e1ratugi og me\u00f0 hefur fylgt heimsfr\u00e6gt l\u00edkamsr\u00e6ktarkerfi sem var\u00f0 ofurvins\u00e6lt \u00ed sj\u00f3nvarpi og \u00e1 vide\u00f3i og gallh\u00f6r\u00f0 kvennr\u00e9ttindabr\u00e1tta sem s\u00ed\u00f0ar f\u00e9kk nafni\u00f0 fem\u00ednismi. H\u00e9r syngur h\u00fan me\u00f0 vinkonu sinni \u00ed sj\u00f3nvarps\u00fe\u00e6tti:<\/p>\n<div class=\"youtube-embed\" data-video_id=\"W8O851PXKWw\"><iframe loading=\"lazy\" title=\"Helen Reddy, Jane  Fonda--1979 TV Song Medley\" width=\"696\" height=\"522\" src=\"https:\/\/www.youtube.com\/embed\/W8O851PXKWw?feature=oembed&#038;enablejsapi=1\" frameborder=\"0\" allow=\"accelerometer; autoplay; clipboard-write; encrypted-media; gyroscope; picture-in-picture; web-share\" referrerpolicy=\"strict-origin-when-cross-origin\" allowfullscreen><\/iframe><\/div>\n<p>&nbsp;<\/p>\n","protected":false},"excerpt":{"rendered":"<p>S\u00faperstjarnan Jane Fonda er afm\u00e6lisbarn dagsins, 88 \u00e1ra og enn \u00ed fullu fj\u00f6ri. Kvikmyndaferill hennar spannar r\u00famlega sex \u00e1ratugi og me\u00f0 hefur fylgt heimsfr\u00e6gt l\u00edkamsr\u00e6ktarkerfi sem var\u00f0 ofurvins\u00e6lt \u00ed sj\u00f3nvarpi og \u00e1 vide\u00f3i og gallh\u00f6r\u00f0 kvennr\u00e9ttindabr\u00e1tta sem s\u00ed\u00f0ar f\u00e9kk nafni\u00f0 fem\u00ednismi. H\u00e9r syngur h\u00fan me\u00f0 vinkonu sinni \u00ed sj\u00f3nvarps\u00fe\u00e6tti: &nbsp;<\/p>\n","protected":false},"author":2,"featured_media":4721,"comment_status":"open","ping_status":"open","sticky":false,"template":"","format":"standard","meta":{"_monsterinsights_skip_tracking":false,"_monsterinsights_sitenote_active":false,"_monsterinsights_sitenote_note":"","_monsterinsights_sitenote_category":0,"footnotes":""},"categories":[32],"tags":[],"class_list":{"0":"post-4720","1":"post","2":"type-post","3":"status-publish","4":"format-standard","5":"has-post-thumbnail","7":"category-lag-dagsins"},"yoast_head":"<!-- This site is optimized with the Yoast SEO plugin v22.0 - https:\/\/yoast.com\/wordpress\/plugins\/seo\/ -->\n<title>JANE FONDA (88) &#8211; Eir\u00edkur J\u00f3nsson<\/title>\n<meta name=\"robots\" content=\"index, follow, max-snippet:-1, max-image-preview:large, max-video-preview:-1\" \/>\n<link rel=\"canonical\" href=\"https:\/\/eirikurjonsson.is\/index.php\/2025\/12\/21\/jane-fonda-87\/\" \/>\n<meta property=\"og:locale\" content=\"is_IS\" \/>\n<meta property=\"og:type\" content=\"article\" \/>\n<meta property=\"og:title\" content=\"JANE FONDA (88) &#8211; Eir\u00edkur J\u00f3nsson\" \/>\n<meta property=\"og:description\" content=\"S\u00faperstjarnan Jane Fonda er afm\u00e6lisbarn dagsins, 88 \u00e1ra og enn \u00ed fullu fj\u00f6ri. Kvikmyndaferill hennar spannar r\u00famlega sex \u00e1ratugi og me\u00f0 hefur fylgt heimsfr\u00e6gt l\u00edkamsr\u00e6ktarkerfi sem var\u00f0 ofurvins\u00e6lt \u00ed sj\u00f3nvarpi og \u00e1 vide\u00f3i og gallh\u00f6r\u00f0 kvennr\u00e9ttindabr\u00e1tta sem s\u00ed\u00f0ar f\u00e9kk nafni\u00f0 fem\u00ednismi. H\u00e9r syngur h\u00fan me\u00f0 vinkonu sinni \u00ed sj\u00f3nvarps\u00fe\u00e6tti: &nbsp;\" \/>\n<meta property=\"og:url\" content=\"https:\/\/eirikurjonsson.is\/index.php\/2025\/12\/21\/jane-fonda-87\/\" \/>\n<meta property=\"og:site_name\" content=\"Eir\u00edkur J\u00f3nsson\" \/>\n<meta property=\"article:published_time\" content=\"2025-12-21T11:33:10+00:00\" \/>\n<meta property=\"article:modified_time\" content=\"2025-12-21T11:32:55+00:00\" \/>\n<meta property=\"og:image\" content=\"https:\/\/eirikurjonsson.is\/wp-content\/uploads\/2024\/12\/janes-fonda.jpg\" \/>\n\t<meta property=\"og:image:width\" content=\"686\" \/>\n\t<meta property=\"og:image:height\" content=\"386\" \/>\n\t<meta property=\"og:image:type\" content=\"image\/jpeg\" \/>\n<meta name=\"author\" content=\"eir\" \/>\n<meta name=\"twitter:card\" content=\"summary_large_image\" \/>\n<meta name=\"twitter:label1\" content=\"Written by\" \/>\n\t<meta name=\"twitter:data1\" content=\"eir\" \/>\n\t<meta name=\"twitter:label2\" content=\"Est. reading time\" \/>\n\t<meta name=\"twitter:data2\" content=\"1 minute\" \/>\n<script type=\"application\/ld+json\" class=\"yoast-schema-graph\">{\"@context\":\"https:\/\/schema.org\",\"@graph\":[{\"@type\":\"WebPage\",\"@id\":\"https:\/\/eirikurjonsson.is\/index.php\/2025\/12\/21\/jane-fonda-87\/\",\"url\":\"https:\/\/eirikurjonsson.is\/index.php\/2025\/12\/21\/jane-fonda-87\/\",\"name\":\"JANE FONDA (88) &#8211; Eir\u00edkur J\u00f3nsson\",\"isPartOf\":{\"@id\":\"https:\/\/eirikurjonsson.is\/#website\"},\"datePublished\":\"2025-12-21T11:33:10+00:00\",\"dateModified\":\"2025-12-21T11:32:55+00:00\",\"author\":{\"@id\":\"https:\/\/eirikurjonsson.is\/#\/schema\/person\/308afa1d0e201918034e31b1da4f07a5\"},\"breadcrumb\":{\"@id\":\"https:\/\/eirikurjonsson.is\/index.php\/2025\/12\/21\/jane-fonda-87\/#breadcrumb\"},\"inLanguage\":\"is\",\"potentialAction\":[{\"@type\":\"ReadAction\",\"target\":[\"https:\/\/eirikurjonsson.is\/index.php\/2025\/12\/21\/jane-fonda-87\/\"]}]},{\"@type\":\"BreadcrumbList\",\"@id\":\"https:\/\/eirikurjonsson.is\/index.php\/2025\/12\/21\/jane-fonda-87\/#breadcrumb\",\"itemListElement\":[{\"@type\":\"ListItem\",\"position\":1,\"name\":\"Home\",\"item\":\"https:\/\/eirikurjonsson.is\/\"},{\"@type\":\"ListItem\",\"position\":2,\"name\":\"JANE FONDA (88)\"}]},{\"@type\":\"WebSite\",\"@id\":\"https:\/\/eirikurjonsson.is\/#website\",\"url\":\"https:\/\/eirikurjonsson.is\/\",\"name\":\"Eir\u00edkur J\u00f3nsson\",\"description\":\"Eir\u00edkur J\u00f3nsson | EIR eirikurjonsson.is\",\"potentialAction\":[{\"@type\":\"SearchAction\",\"target\":{\"@type\":\"EntryPoint\",\"urlTemplate\":\"https:\/\/eirikurjonsson.is\/?s={search_term_string}\"},\"query-input\":\"required name=search_term_string\"}],\"inLanguage\":\"is\"},{\"@type\":\"Person\",\"@id\":\"https:\/\/eirikurjonsson.is\/#\/schema\/person\/308afa1d0e201918034e31b1da4f07a5\",\"name\":\"eir\",\"image\":{\"@type\":\"ImageObject\",\"inLanguage\":\"is\",\"@id\":\"https:\/\/eirikurjonsson.is\/#\/schema\/person\/image\/\",\"url\":\"https:\/\/secure.gravatar.com\/avatar\/b6748316a4400053a1fa9f4694b38d294dc5da6f4bacc727742bd8f3e689f87c?s=96&d=mm&r=g\",\"contentUrl\":\"https:\/\/secure.gravatar.com\/avatar\/b6748316a4400053a1fa9f4694b38d294dc5da6f4bacc727742bd8f3e689f87c?s=96&d=mm&r=g\",\"caption\":\"eir\"},\"url\":\"https:\/\/eirikurjonsson.is\/index.php\/author\/eir\/\"}]}<\/script>\n<!-- \/ Yoast SEO plugin. -->","yoast_head_json":{"title":"JANE FONDA (88) &#8211; Eir\u00edkur J\u00f3nsson","robots":{"index":"index","follow":"follow","max-snippet":"max-snippet:-1","max-image-preview":"max-image-preview:large","max-video-preview":"max-video-preview:-1"},"canonical":"https:\/\/eirikurjonsson.is\/index.php\/2025\/12\/21\/jane-fonda-87\/","og_locale":"is_IS","og_type":"article","og_title":"JANE FONDA (88) &#8211; Eir\u00edkur J\u00f3nsson","og_description":"S\u00faperstjarnan Jane Fonda er afm\u00e6lisbarn dagsins, 88 \u00e1ra og enn \u00ed fullu fj\u00f6ri. Kvikmyndaferill hennar spannar r\u00famlega sex \u00e1ratugi og me\u00f0 hefur fylgt heimsfr\u00e6gt l\u00edkamsr\u00e6ktarkerfi sem var\u00f0 ofurvins\u00e6lt \u00ed sj\u00f3nvarpi og \u00e1 vide\u00f3i og gallh\u00f6r\u00f0 kvennr\u00e9ttindabr\u00e1tta sem s\u00ed\u00f0ar f\u00e9kk nafni\u00f0 fem\u00ednismi. H\u00e9r syngur h\u00fan me\u00f0 vinkonu sinni \u00ed sj\u00f3nvarps\u00fe\u00e6tti: &nbsp;","og_url":"https:\/\/eirikurjonsson.is\/index.php\/2025\/12\/21\/jane-fonda-87\/","og_site_name":"Eir\u00edkur J\u00f3nsson","article_published_time":"2025-12-21T11:33:10+00:00","article_modified_time":"2025-12-21T11:32:55+00:00","og_image":[{"width":686,"height":386,"url":"https:\/\/eirikurjonsson.is\/wp-content\/uploads\/2024\/12\/janes-fonda.jpg","type":"image\/jpeg"}],"author":"eir","twitter_card":"summary_large_image","twitter_misc":{"Written by":"eir","Est. reading time":"1 minute"},"schema":{"@context":"https:\/\/schema.org","@graph":[{"@type":"WebPage","@id":"https:\/\/eirikurjonsson.is\/index.php\/2025\/12\/21\/jane-fonda-87\/","url":"https:\/\/eirikurjonsson.is\/index.php\/2025\/12\/21\/jane-fonda-87\/","name":"JANE FONDA (88) &#8211; Eir\u00edkur J\u00f3nsson","isPartOf":{"@id":"https:\/\/eirikurjonsson.is\/#website"},"datePublished":"2025-12-21T11:33:10+00:00","dateModified":"2025-12-21T11:32:55+00:00","author":{"@id":"https:\/\/eirikurjonsson.is\/#\/schema\/person\/308afa1d0e201918034e31b1da4f07a5"},"breadcrumb":{"@id":"https:\/\/eirikurjonsson.is\/index.php\/2025\/12\/21\/jane-fonda-87\/#breadcrumb"},"inLanguage":"is","potentialAction":[{"@type":"ReadAction","target":["https:\/\/eirikurjonsson.is\/index.php\/2025\/12\/21\/jane-fonda-87\/"]}]},{"@type":"BreadcrumbList","@id":"https:\/\/eirikurjonsson.is\/index.php\/2025\/12\/21\/jane-fonda-87\/#breadcrumb","itemListElement":[{"@type":"ListItem","position":1,"name":"Home","item":"https:\/\/eirikurjonsson.is\/"},{"@type":"ListItem","position":2,"name":"JANE FONDA (88)"}]},{"@type":"WebSite","@id":"https:\/\/eirikurjonsson.is\/#website","url":"https:\/\/eirikurjonsson.is\/","name":"Eir\u00edkur J\u00f3nsson","description":"Eir\u00edkur J\u00f3nsson | EIR eirikurjonsson.is","potentialAction":[{"@type":"SearchAction","target":{"@type":"EntryPoint","urlTemplate":"https:\/\/eirikurjonsson.is\/?s={search_term_string}"},"query-input":"required name=search_term_string"}],"inLanguage":"is"},{"@type":"Person","@id":"https:\/\/eirikurjonsson.is\/#\/schema\/person\/308afa1d0e201918034e31b1da4f07a5","name":"eir","image":{"@type":"ImageObject","inLanguage":"is","@id":"https:\/\/eirikurjonsson.is\/#\/schema\/person\/image\/","url":"https:\/\/secure.gravatar.com\/avatar\/b6748316a4400053a1fa9f4694b38d294dc5da6f4bacc727742bd8f3e689f87c?s=96&d=mm&r=g","contentUrl":"https:\/\/secure.gravatar.com\/avatar\/b6748316a4400053a1fa9f4694b38d294dc5da6f4bacc727742bd8f3e689f87c?s=96&d=mm&r=g","caption":"eir"},"url":"https:\/\/eirikurjonsson.is\/index.php\/author\/eir\/"}]}},"_links":{"self":[{"href":"https:\/\/eirikurjonsson.is\/index.php\/wp-json\/wp\/v2\/posts\/4720","targetHints":{"allow":["GET"]}}],"collection":[{"href":"https:\/\/eirikurjonsson.is\/index.php\/wp-json\/wp\/v2\/posts"}],"about":[{"href":"https:\/\/eirikurjonsson.is\/index.php\/wp-json\/wp\/v2\/types\/post"}],"author":[{"embeddable":true,"href":"https:\/\/eirikurjonsson.is\/index.php\/wp-json\/wp\/v2\/users\/2"}],"replies":[{"embeddable":true,"href":"https:\/\/eirikurjonsson.is\/index.php\/wp-json\/wp\/v2\/comments?post=4720"}],"version-history":[{"count":3,"href":"https:\/\/eirikurjonsson.is\/index.php\/wp-json\/wp\/v2\/posts\/4720\/revisions"}],"predecessor-version":[{"id":9851,"href":"https:\/\/eirikurjonsson.is\/index.php\/wp-json\/wp\/v2\/posts\/4720\/revisions\/9851"}],"wp:featuredmedia":[{"embeddable":true,"href":"https:\/\/eirikurjonsson.is\/index.php\/wp-json\/wp\/v2\/media\/4721"}],"wp:attachment":[{"href":"https:\/\/eirikurjonsson.is\/index.php\/wp-json\/wp\/v2\/media?parent=4720"}],"wp:term":[{"taxonomy":"category","embeddable":true,"href":"https:\/\/eirikurjonsson.is\/index.php\/wp-json\/wp\/v2\/categories?post=4720"},{"taxonomy":"post_tag","embeddable":true,"href":"https:\/\/eirikurjonsson.is\/index.php\/wp-json\/wp\/v2\/tags?post=4720"}],"curies":[{"name":"wp","href":"https:\/\/api.w.org\/{rel}","templated":true}]}}