{"id":4705,"date":"2024-12-19T15:27:35","date_gmt":"2024-12-19T15:27:35","guid":{"rendered":"https:\/\/eirikurjonsson.is\/?p=4705"},"modified":"2024-12-19T15:29:18","modified_gmt":"2024-12-19T15:29:18","slug":"4705","status":"publish","type":"post","link":"https:\/\/eirikurjonsson.is\/index.php\/2024\/12\/19\/4705\/","title":{"rendered":"J\u00d3LAGJ\u00d6FIN FYRIR \u00de\u00c1 SEM VILJA EKKERT"},"content":{"rendered":"<p>Sumir segjast ekki vilja neitt \u00ed j\u00f3lagj\u00f6f en f\u00e1 svo alltaf eitthva\u00f0. \u00dev\u00ed allir ver\u00f0a a\u00f0 f\u00e1 eitthva\u00f0.<\/p>\n<p>\u00de\u00e1 er gj\u00f6fin h\u00e9r \u00ed fallegu hv\u00edtu boxi. \u00deegar h\u00fan er opnu\u00f0 kemur \u00ed lj\u00f3s a\u00f0 \u00fear er ekkert &#8211; eins og sumir vildu!<\/p>\n","protected":false},"excerpt":{"rendered":"<p>Sumir segjast ekki vilja neitt \u00ed j\u00f3lagj\u00f6f en f\u00e1 svo alltaf eitthva\u00f0. \u00dev\u00ed allir ver\u00f0a a\u00f0 f\u00e1 eitthva\u00f0. \u00de\u00e1 er gj\u00f6fin h\u00e9r \u00ed fallegu hv\u00edtu boxi. \u00deegar h\u00fan er opnu\u00f0 kemur \u00ed lj\u00f3s a\u00f0 \u00fear er ekkert &#8211; eins og sumir vildu!<\/p>\n","protected":false},"author":2,"featured_media":4706,"comment_status":"open","ping_status":"open","sticky":false,"template":"","format":"standard","meta":{"_monsterinsights_skip_tracking":false,"_monsterinsights_sitenote_active":false,"_monsterinsights_sitenote_note":"","_monsterinsights_sitenote_category":0,"footnotes":""},"categories":[31],"tags":[],"class_list":{"0":"post-4705","1":"post","2":"type-post","3":"status-publish","4":"format-standard","5":"has-post-thumbnail","7":"category-greinar"},"yoast_head":"<!-- This site is optimized with the Yoast SEO plugin v22.0 - https:\/\/yoast.com\/wordpress\/plugins\/seo\/ -->\n<title>J\u00d3LAGJ\u00d6FIN FYRIR \u00de\u00c1 SEM VILJA EKKERT &#8211; Eir\u00edkur J\u00f3nsson<\/title>\n<meta name=\"robots\" content=\"index, follow, max-snippet:-1, max-image-preview:large, max-video-preview:-1\" \/>\n<link rel=\"canonical\" href=\"https:\/\/eirikurjonsson.is\/index.php\/2024\/12\/19\/4705\/\" \/>\n<meta property=\"og:locale\" content=\"is_IS\" \/>\n<meta property=\"og:type\" content=\"article\" \/>\n<meta property=\"og:title\" content=\"J\u00d3LAGJ\u00d6FIN FYRIR \u00de\u00c1 SEM VILJA EKKERT &#8211; Eir\u00edkur J\u00f3nsson\" \/>\n<meta property=\"og:description\" content=\"Sumir segjast ekki vilja neitt \u00ed j\u00f3lagj\u00f6f en f\u00e1 svo alltaf eitthva\u00f0. \u00dev\u00ed allir ver\u00f0a a\u00f0 f\u00e1 eitthva\u00f0. \u00de\u00e1 er gj\u00f6fin h\u00e9r \u00ed fallegu hv\u00edtu boxi. \u00deegar h\u00fan er opnu\u00f0 kemur \u00ed lj\u00f3s a\u00f0 \u00fear er ekkert &#8211; eins og sumir vildu!\" \/>\n<meta property=\"og:url\" content=\"https:\/\/eirikurjonsson.is\/index.php\/2024\/12\/19\/4705\/\" \/>\n<meta property=\"og:site_name\" content=\"Eir\u00edkur J\u00f3nsson\" \/>\n<meta property=\"article:published_time\" content=\"2024-12-19T15:27:35+00:00\" \/>\n<meta property=\"article:modified_time\" content=\"2024-12-19T15:29:18+00:00\" \/>\n<meta property=\"og:image\" content=\"https:\/\/eirikurjonsson.is\/wp-content\/uploads\/2024\/12\/gjof.jpg\" \/>\n\t<meta property=\"og:image:width\" content=\"894\" \/>\n\t<meta property=\"og:image:height\" content=\"938\" \/>\n\t<meta property=\"og:image:type\" content=\"image\/jpeg\" \/>\n<meta name=\"author\" content=\"eir\" \/>\n<meta name=\"twitter:card\" content=\"summary_large_image\" \/>\n<meta name=\"twitter:label1\" content=\"Written by\" \/>\n\t<meta name=\"twitter:data1\" content=\"eir\" \/>\n\t<meta name=\"twitter:label2\" content=\"Est. reading time\" \/>\n\t<meta name=\"twitter:data2\" content=\"1 minute\" \/>\n<script type=\"application\/ld+json\" class=\"yoast-schema-graph\">{\"@context\":\"https:\/\/schema.org\",\"@graph\":[{\"@type\":\"WebPage\",\"@id\":\"https:\/\/eirikurjonsson.is\/index.php\/2024\/12\/19\/4705\/\",\"url\":\"https:\/\/eirikurjonsson.is\/index.php\/2024\/12\/19\/4705\/\",\"name\":\"J\u00d3LAGJ\u00d6FIN FYRIR \u00de\u00c1 SEM VILJA EKKERT &#8211; Eir\u00edkur J\u00f3nsson\",\"isPartOf\":{\"@id\":\"https:\/\/eirikurjonsson.is\/#website\"},\"datePublished\":\"2024-12-19T15:27:35+00:00\",\"dateModified\":\"2024-12-19T15:29:18+00:00\",\"author\":{\"@id\":\"https:\/\/eirikurjonsson.is\/#\/schema\/person\/308afa1d0e201918034e31b1da4f07a5\"},\"breadcrumb\":{\"@id\":\"https:\/\/eirikurjonsson.is\/index.php\/2024\/12\/19\/4705\/#breadcrumb\"},\"inLanguage\":\"is\",\"potentialAction\":[{\"@type\":\"ReadAction\",\"target\":[\"https:\/\/eirikurjonsson.is\/index.php\/2024\/12\/19\/4705\/\"]}]},{\"@type\":\"BreadcrumbList\",\"@id\":\"https:\/\/eirikurjonsson.is\/index.php\/2024\/12\/19\/4705\/#breadcrumb\",\"itemListElement\":[{\"@type\":\"ListItem\",\"position\":1,\"name\":\"Home\",\"item\":\"https:\/\/eirikurjonsson.is\/\"},{\"@type\":\"ListItem\",\"position\":2,\"name\":\"J\u00d3LAGJ\u00d6FIN FYRIR \u00de\u00c1 SEM VILJA EKKERT\"}]},{\"@type\":\"WebSite\",\"@id\":\"https:\/\/eirikurjonsson.is\/#website\",\"url\":\"https:\/\/eirikurjonsson.is\/\",\"name\":\"Eir\u00edkur J\u00f3nsson\",\"description\":\"Eir\u00edkur J\u00f3nsson | EIR eirikurjonsson.is\",\"potentialAction\":[{\"@type\":\"SearchAction\",\"target\":{\"@type\":\"EntryPoint\",\"urlTemplate\":\"https:\/\/eirikurjonsson.is\/?s={search_term_string}\"},\"query-input\":\"required name=search_term_string\"}],\"inLanguage\":\"is\"},{\"@type\":\"Person\",\"@id\":\"https:\/\/eirikurjonsson.is\/#\/schema\/person\/308afa1d0e201918034e31b1da4f07a5\",\"name\":\"eir\",\"image\":{\"@type\":\"ImageObject\",\"inLanguage\":\"is\",\"@id\":\"https:\/\/eirikurjonsson.is\/#\/schema\/person\/image\/\",\"url\":\"https:\/\/secure.gravatar.com\/avatar\/b6748316a4400053a1fa9f4694b38d294dc5da6f4bacc727742bd8f3e689f87c?s=96&d=mm&r=g\",\"contentUrl\":\"https:\/\/secure.gravatar.com\/avatar\/b6748316a4400053a1fa9f4694b38d294dc5da6f4bacc727742bd8f3e689f87c?s=96&d=mm&r=g\",\"caption\":\"eir\"},\"url\":\"https:\/\/eirikurjonsson.is\/index.php\/author\/eir\/\"}]}<\/script>\n<!-- \/ Yoast SEO plugin. -->","yoast_head_json":{"title":"J\u00d3LAGJ\u00d6FIN FYRIR \u00de\u00c1 SEM VILJA EKKERT &#8211; Eir\u00edkur J\u00f3nsson","robots":{"index":"index","follow":"follow","max-snippet":"max-snippet:-1","max-image-preview":"max-image-preview:large","max-video-preview":"max-video-preview:-1"},"canonical":"https:\/\/eirikurjonsson.is\/index.php\/2024\/12\/19\/4705\/","og_locale":"is_IS","og_type":"article","og_title":"J\u00d3LAGJ\u00d6FIN FYRIR \u00de\u00c1 SEM VILJA EKKERT &#8211; Eir\u00edkur J\u00f3nsson","og_description":"Sumir segjast ekki vilja neitt \u00ed j\u00f3lagj\u00f6f en f\u00e1 svo alltaf eitthva\u00f0. \u00dev\u00ed allir ver\u00f0a a\u00f0 f\u00e1 eitthva\u00f0. \u00de\u00e1 er gj\u00f6fin h\u00e9r \u00ed fallegu hv\u00edtu boxi. \u00deegar h\u00fan er opnu\u00f0 kemur \u00ed lj\u00f3s a\u00f0 \u00fear er ekkert &#8211; eins og sumir vildu!","og_url":"https:\/\/eirikurjonsson.is\/index.php\/2024\/12\/19\/4705\/","og_site_name":"Eir\u00edkur J\u00f3nsson","article_published_time":"2024-12-19T15:27:35+00:00","article_modified_time":"2024-12-19T15:29:18+00:00","og_image":[{"width":894,"height":938,"url":"https:\/\/eirikurjonsson.is\/wp-content\/uploads\/2024\/12\/gjof.jpg","type":"image\/jpeg"}],"author":"eir","twitter_card":"summary_large_image","twitter_misc":{"Written by":"eir","Est. reading time":"1 minute"},"schema":{"@context":"https:\/\/schema.org","@graph":[{"@type":"WebPage","@id":"https:\/\/eirikurjonsson.is\/index.php\/2024\/12\/19\/4705\/","url":"https:\/\/eirikurjonsson.is\/index.php\/2024\/12\/19\/4705\/","name":"J\u00d3LAGJ\u00d6FIN FYRIR \u00de\u00c1 SEM VILJA EKKERT &#8211; Eir\u00edkur J\u00f3nsson","isPartOf":{"@id":"https:\/\/eirikurjonsson.is\/#website"},"datePublished":"2024-12-19T15:27:35+00:00","dateModified":"2024-12-19T15:29:18+00:00","author":{"@id":"https:\/\/eirikurjonsson.is\/#\/schema\/person\/308afa1d0e201918034e31b1da4f07a5"},"breadcrumb":{"@id":"https:\/\/eirikurjonsson.is\/index.php\/2024\/12\/19\/4705\/#breadcrumb"},"inLanguage":"is","potentialAction":[{"@type":"ReadAction","target":["https:\/\/eirikurjonsson.is\/index.php\/2024\/12\/19\/4705\/"]}]},{"@type":"BreadcrumbList","@id":"https:\/\/eirikurjonsson.is\/index.php\/2024\/12\/19\/4705\/#breadcrumb","itemListElement":[{"@type":"ListItem","position":1,"name":"Home","item":"https:\/\/eirikurjonsson.is\/"},{"@type":"ListItem","position":2,"name":"J\u00d3LAGJ\u00d6FIN FYRIR \u00de\u00c1 SEM VILJA EKKERT"}]},{"@type":"WebSite","@id":"https:\/\/eirikurjonsson.is\/#website","url":"https:\/\/eirikurjonsson.is\/","name":"Eir\u00edkur J\u00f3nsson","description":"Eir\u00edkur J\u00f3nsson | EIR eirikurjonsson.is","potentialAction":[{"@type":"SearchAction","target":{"@type":"EntryPoint","urlTemplate":"https:\/\/eirikurjonsson.is\/?s={search_term_string}"},"query-input":"required name=search_term_string"}],"inLanguage":"is"},{"@type":"Person","@id":"https:\/\/eirikurjonsson.is\/#\/schema\/person\/308afa1d0e201918034e31b1da4f07a5","name":"eir","image":{"@type":"ImageObject","inLanguage":"is","@id":"https:\/\/eirikurjonsson.is\/#\/schema\/person\/image\/","url":"https:\/\/secure.gravatar.com\/avatar\/b6748316a4400053a1fa9f4694b38d294dc5da6f4bacc727742bd8f3e689f87c?s=96&d=mm&r=g","contentUrl":"https:\/\/secure.gravatar.com\/avatar\/b6748316a4400053a1fa9f4694b38d294dc5da6f4bacc727742bd8f3e689f87c?s=96&d=mm&r=g","caption":"eir"},"url":"https:\/\/eirikurjonsson.is\/index.php\/author\/eir\/"}]}},"_links":{"self":[{"href":"https:\/\/eirikurjonsson.is\/index.php\/wp-json\/wp\/v2\/posts\/4705","targetHints":{"allow":["GET"]}}],"collection":[{"href":"https:\/\/eirikurjonsson.is\/index.php\/wp-json\/wp\/v2\/posts"}],"about":[{"href":"https:\/\/eirikurjonsson.is\/index.php\/wp-json\/wp\/v2\/types\/post"}],"author":[{"embeddable":true,"href":"https:\/\/eirikurjonsson.is\/index.php\/wp-json\/wp\/v2\/users\/2"}],"replies":[{"embeddable":true,"href":"https:\/\/eirikurjonsson.is\/index.php\/wp-json\/wp\/v2\/comments?post=4705"}],"version-history":[{"count":3,"href":"https:\/\/eirikurjonsson.is\/index.php\/wp-json\/wp\/v2\/posts\/4705\/revisions"}],"predecessor-version":[{"id":4709,"href":"https:\/\/eirikurjonsson.is\/index.php\/wp-json\/wp\/v2\/posts\/4705\/revisions\/4709"}],"wp:featuredmedia":[{"embeddable":true,"href":"https:\/\/eirikurjonsson.is\/index.php\/wp-json\/wp\/v2\/media\/4706"}],"wp:attachment":[{"href":"https:\/\/eirikurjonsson.is\/index.php\/wp-json\/wp\/v2\/media?parent=4705"}],"wp:term":[{"taxonomy":"category","embeddable":true,"href":"https:\/\/eirikurjonsson.is\/index.php\/wp-json\/wp\/v2\/categories?post=4705"},{"taxonomy":"post_tag","embeddable":true,"href":"https:\/\/eirikurjonsson.is\/index.php\/wp-json\/wp\/v2\/tags?post=4705"}],"curies":[{"name":"wp","href":"https:\/\/api.w.org\/{rel}","templated":true}]}}