{"id":4699,"date":"2024-12-19T15:15:12","date_gmt":"2024-12-19T15:15:12","guid":{"rendered":"https:\/\/eirikurjonsson.is\/?p=4699"},"modified":"2024-12-19T15:19:33","modified_gmt":"2024-12-19T15:19:33","slug":"edith-piaf-109","status":"publish","type":"post","link":"https:\/\/eirikurjonsson.is\/index.php\/2024\/12\/19\/edith-piaf-109\/","title":{"rendered":"EDITH PIAF (109)"},"content":{"rendered":"<p>Franski &#8222;sp\u00f6rfuglinn&#8220; Edith Piaf (1915-1963) hef\u00f0i or\u00f0i\u00f0 109 \u00e1ra \u00ed dag. Eftir a\u00f0 hafa lagt Frakkland a\u00f0 f\u00f3tum s\u00e9 me\u00f0 einst\u00e6\u00f0um s\u00f6ng kom h\u00fan fram v\u00ed\u00f0a \u00ed Evr\u00f3pu, Su\u00f0ur-Amer\u00edku og Bandar\u00edkjunm \u00fear sem h\u00fan heilla\u00f0i \u00e1horfendur \u00e1 sama h\u00e1tt og \u00ed heimalandinu me\u00f0 sterkri r\u00f6dd og tilfinningar\u00edkri svi\u00f0sframkomu. H\u00fan var l\u00edtil og gr\u00f6nn en st\u00e6kka\u00f0i um helming \u00e1 svi\u00f0i.<\/p>\n<div class=\"youtube-embed\" data-video_id=\"rzy2wZSg5ZM\"><iframe loading=\"lazy\" title=\"Edith Piaf - Non, je ne regrette rien (Officiel) [Live Version]\" width=\"696\" height=\"522\" src=\"https:\/\/www.youtube.com\/embed\/rzy2wZSg5ZM?feature=oembed&#038;enablejsapi=1\" frameborder=\"0\" allow=\"accelerometer; autoplay; clipboard-write; encrypted-media; gyroscope; picture-in-picture; web-share\" referrerpolicy=\"strict-origin-when-cross-origin\" allowfullscreen><\/iframe><\/div>\n","protected":false},"excerpt":{"rendered":"<p>Franski &#8222;sp\u00f6rfuglinn&#8220; Edith Piaf (1915-1963) hef\u00f0i or\u00f0i\u00f0 109 \u00e1ra \u00ed dag. Eftir a\u00f0 hafa lagt Frakkland a\u00f0 f\u00f3tum s\u00e9 me\u00f0 einst\u00e6\u00f0um s\u00f6ng kom h\u00fan fram v\u00ed\u00f0a \u00ed Evr\u00f3pu, Su\u00f0ur-Amer\u00edku og Bandar\u00edkjunm \u00fear sem h\u00fan heilla\u00f0i \u00e1horfendur \u00e1 sama h\u00e1tt og \u00ed heimalandinu me\u00f0 sterkri r\u00f6dd og tilfinningar\u00edkri svi\u00f0sframkomu. H\u00fan var l\u00edtil og gr\u00f6nn en st\u00e6kka\u00f0i [&hellip;]<\/p>\n","protected":false},"author":2,"featured_media":4703,"comment_status":"open","ping_status":"open","sticky":false,"template":"","format":"standard","meta":{"_monsterinsights_skip_tracking":false,"_monsterinsights_sitenote_active":false,"_monsterinsights_sitenote_note":"","_monsterinsights_sitenote_category":0,"footnotes":""},"categories":[32],"tags":[],"class_list":{"0":"post-4699","1":"post","2":"type-post","3":"status-publish","4":"format-standard","5":"has-post-thumbnail","7":"category-lag-dagsins"},"yoast_head":"<!-- This site is optimized with the Yoast SEO plugin v22.0 - https:\/\/yoast.com\/wordpress\/plugins\/seo\/ -->\n<title>EDITH PIAF (109) &#8211; Eir\u00edkur J\u00f3nsson<\/title>\n<meta name=\"robots\" content=\"index, follow, max-snippet:-1, max-image-preview:large, max-video-preview:-1\" \/>\n<link rel=\"canonical\" href=\"https:\/\/eirikurjonsson.is\/index.php\/2024\/12\/19\/edith-piaf-109\/\" \/>\n<meta property=\"og:locale\" content=\"is_IS\" \/>\n<meta property=\"og:type\" content=\"article\" \/>\n<meta property=\"og:title\" content=\"EDITH PIAF (109) &#8211; Eir\u00edkur J\u00f3nsson\" \/>\n<meta property=\"og:description\" content=\"Franski &#8222;sp\u00f6rfuglinn&#8220; Edith Piaf (1915-1963) hef\u00f0i or\u00f0i\u00f0 109 \u00e1ra \u00ed dag. Eftir a\u00f0 hafa lagt Frakkland a\u00f0 f\u00f3tum s\u00e9 me\u00f0 einst\u00e6\u00f0um s\u00f6ng kom h\u00fan fram v\u00ed\u00f0a \u00ed Evr\u00f3pu, Su\u00f0ur-Amer\u00edku og Bandar\u00edkjunm \u00fear sem h\u00fan heilla\u00f0i \u00e1horfendur \u00e1 sama h\u00e1tt og \u00ed heimalandinu me\u00f0 sterkri r\u00f6dd og tilfinningar\u00edkri svi\u00f0sframkomu. H\u00fan var l\u00edtil og gr\u00f6nn en st\u00e6kka\u00f0i [&hellip;]\" \/>\n<meta property=\"og:url\" content=\"https:\/\/eirikurjonsson.is\/index.php\/2024\/12\/19\/edith-piaf-109\/\" \/>\n<meta property=\"og:site_name\" content=\"Eir\u00edkur J\u00f3nsson\" \/>\n<meta property=\"article:published_time\" content=\"2024-12-19T15:15:12+00:00\" \/>\n<meta property=\"article:modified_time\" content=\"2024-12-19T15:19:33+00:00\" \/>\n<meta property=\"og:image\" content=\"https:\/\/eirikurjonsson.is\/wp-content\/uploads\/2024\/12\/piaf2.png\" \/>\n\t<meta property=\"og:image:width\" content=\"584\" \/>\n\t<meta property=\"og:image:height\" content=\"416\" \/>\n\t<meta property=\"og:image:type\" content=\"image\/png\" \/>\n<meta name=\"author\" content=\"eir\" \/>\n<meta name=\"twitter:card\" content=\"summary_large_image\" \/>\n<meta name=\"twitter:label1\" content=\"Written by\" \/>\n\t<meta name=\"twitter:data1\" content=\"eir\" \/>\n\t<meta name=\"twitter:label2\" content=\"Est. reading time\" \/>\n\t<meta name=\"twitter:data2\" content=\"1 minute\" \/>\n<script type=\"application\/ld+json\" class=\"yoast-schema-graph\">{\"@context\":\"https:\/\/schema.org\",\"@graph\":[{\"@type\":\"WebPage\",\"@id\":\"https:\/\/eirikurjonsson.is\/index.php\/2024\/12\/19\/edith-piaf-109\/\",\"url\":\"https:\/\/eirikurjonsson.is\/index.php\/2024\/12\/19\/edith-piaf-109\/\",\"name\":\"EDITH PIAF (109) &#8211; Eir\u00edkur J\u00f3nsson\",\"isPartOf\":{\"@id\":\"https:\/\/eirikurjonsson.is\/#website\"},\"datePublished\":\"2024-12-19T15:15:12+00:00\",\"dateModified\":\"2024-12-19T15:19:33+00:00\",\"author\":{\"@id\":\"https:\/\/eirikurjonsson.is\/#\/schema\/person\/308afa1d0e201918034e31b1da4f07a5\"},\"breadcrumb\":{\"@id\":\"https:\/\/eirikurjonsson.is\/index.php\/2024\/12\/19\/edith-piaf-109\/#breadcrumb\"},\"inLanguage\":\"is\",\"potentialAction\":[{\"@type\":\"ReadAction\",\"target\":[\"https:\/\/eirikurjonsson.is\/index.php\/2024\/12\/19\/edith-piaf-109\/\"]}]},{\"@type\":\"BreadcrumbList\",\"@id\":\"https:\/\/eirikurjonsson.is\/index.php\/2024\/12\/19\/edith-piaf-109\/#breadcrumb\",\"itemListElement\":[{\"@type\":\"ListItem\",\"position\":1,\"name\":\"Home\",\"item\":\"https:\/\/eirikurjonsson.is\/\"},{\"@type\":\"ListItem\",\"position\":2,\"name\":\"EDITH PIAF (109)\"}]},{\"@type\":\"WebSite\",\"@id\":\"https:\/\/eirikurjonsson.is\/#website\",\"url\":\"https:\/\/eirikurjonsson.is\/\",\"name\":\"Eir\u00edkur J\u00f3nsson\",\"description\":\"Eir\u00edkur J\u00f3nsson | EIR eirikurjonsson.is\",\"potentialAction\":[{\"@type\":\"SearchAction\",\"target\":{\"@type\":\"EntryPoint\",\"urlTemplate\":\"https:\/\/eirikurjonsson.is\/?s={search_term_string}\"},\"query-input\":\"required name=search_term_string\"}],\"inLanguage\":\"is\"},{\"@type\":\"Person\",\"@id\":\"https:\/\/eirikurjonsson.is\/#\/schema\/person\/308afa1d0e201918034e31b1da4f07a5\",\"name\":\"eir\",\"image\":{\"@type\":\"ImageObject\",\"inLanguage\":\"is\",\"@id\":\"https:\/\/eirikurjonsson.is\/#\/schema\/person\/image\/\",\"url\":\"https:\/\/secure.gravatar.com\/avatar\/b6748316a4400053a1fa9f4694b38d294dc5da6f4bacc727742bd8f3e689f87c?s=96&d=mm&r=g\",\"contentUrl\":\"https:\/\/secure.gravatar.com\/avatar\/b6748316a4400053a1fa9f4694b38d294dc5da6f4bacc727742bd8f3e689f87c?s=96&d=mm&r=g\",\"caption\":\"eir\"},\"url\":\"https:\/\/eirikurjonsson.is\/index.php\/author\/eir\/\"}]}<\/script>\n<!-- \/ Yoast SEO plugin. -->","yoast_head_json":{"title":"EDITH PIAF (109) &#8211; Eir\u00edkur J\u00f3nsson","robots":{"index":"index","follow":"follow","max-snippet":"max-snippet:-1","max-image-preview":"max-image-preview:large","max-video-preview":"max-video-preview:-1"},"canonical":"https:\/\/eirikurjonsson.is\/index.php\/2024\/12\/19\/edith-piaf-109\/","og_locale":"is_IS","og_type":"article","og_title":"EDITH PIAF (109) &#8211; Eir\u00edkur J\u00f3nsson","og_description":"Franski &#8222;sp\u00f6rfuglinn&#8220; Edith Piaf (1915-1963) hef\u00f0i or\u00f0i\u00f0 109 \u00e1ra \u00ed dag. Eftir a\u00f0 hafa lagt Frakkland a\u00f0 f\u00f3tum s\u00e9 me\u00f0 einst\u00e6\u00f0um s\u00f6ng kom h\u00fan fram v\u00ed\u00f0a \u00ed Evr\u00f3pu, Su\u00f0ur-Amer\u00edku og Bandar\u00edkjunm \u00fear sem h\u00fan heilla\u00f0i \u00e1horfendur \u00e1 sama h\u00e1tt og \u00ed heimalandinu me\u00f0 sterkri r\u00f6dd og tilfinningar\u00edkri svi\u00f0sframkomu. H\u00fan var l\u00edtil og gr\u00f6nn en st\u00e6kka\u00f0i [&hellip;]","og_url":"https:\/\/eirikurjonsson.is\/index.php\/2024\/12\/19\/edith-piaf-109\/","og_site_name":"Eir\u00edkur J\u00f3nsson","article_published_time":"2024-12-19T15:15:12+00:00","article_modified_time":"2024-12-19T15:19:33+00:00","og_image":[{"width":584,"height":416,"url":"https:\/\/eirikurjonsson.is\/wp-content\/uploads\/2024\/12\/piaf2.png","type":"image\/png"}],"author":"eir","twitter_card":"summary_large_image","twitter_misc":{"Written by":"eir","Est. reading time":"1 minute"},"schema":{"@context":"https:\/\/schema.org","@graph":[{"@type":"WebPage","@id":"https:\/\/eirikurjonsson.is\/index.php\/2024\/12\/19\/edith-piaf-109\/","url":"https:\/\/eirikurjonsson.is\/index.php\/2024\/12\/19\/edith-piaf-109\/","name":"EDITH PIAF (109) &#8211; Eir\u00edkur J\u00f3nsson","isPartOf":{"@id":"https:\/\/eirikurjonsson.is\/#website"},"datePublished":"2024-12-19T15:15:12+00:00","dateModified":"2024-12-19T15:19:33+00:00","author":{"@id":"https:\/\/eirikurjonsson.is\/#\/schema\/person\/308afa1d0e201918034e31b1da4f07a5"},"breadcrumb":{"@id":"https:\/\/eirikurjonsson.is\/index.php\/2024\/12\/19\/edith-piaf-109\/#breadcrumb"},"inLanguage":"is","potentialAction":[{"@type":"ReadAction","target":["https:\/\/eirikurjonsson.is\/index.php\/2024\/12\/19\/edith-piaf-109\/"]}]},{"@type":"BreadcrumbList","@id":"https:\/\/eirikurjonsson.is\/index.php\/2024\/12\/19\/edith-piaf-109\/#breadcrumb","itemListElement":[{"@type":"ListItem","position":1,"name":"Home","item":"https:\/\/eirikurjonsson.is\/"},{"@type":"ListItem","position":2,"name":"EDITH PIAF (109)"}]},{"@type":"WebSite","@id":"https:\/\/eirikurjonsson.is\/#website","url":"https:\/\/eirikurjonsson.is\/","name":"Eir\u00edkur J\u00f3nsson","description":"Eir\u00edkur J\u00f3nsson | EIR eirikurjonsson.is","potentialAction":[{"@type":"SearchAction","target":{"@type":"EntryPoint","urlTemplate":"https:\/\/eirikurjonsson.is\/?s={search_term_string}"},"query-input":"required name=search_term_string"}],"inLanguage":"is"},{"@type":"Person","@id":"https:\/\/eirikurjonsson.is\/#\/schema\/person\/308afa1d0e201918034e31b1da4f07a5","name":"eir","image":{"@type":"ImageObject","inLanguage":"is","@id":"https:\/\/eirikurjonsson.is\/#\/schema\/person\/image\/","url":"https:\/\/secure.gravatar.com\/avatar\/b6748316a4400053a1fa9f4694b38d294dc5da6f4bacc727742bd8f3e689f87c?s=96&d=mm&r=g","contentUrl":"https:\/\/secure.gravatar.com\/avatar\/b6748316a4400053a1fa9f4694b38d294dc5da6f4bacc727742bd8f3e689f87c?s=96&d=mm&r=g","caption":"eir"},"url":"https:\/\/eirikurjonsson.is\/index.php\/author\/eir\/"}]}},"_links":{"self":[{"href":"https:\/\/eirikurjonsson.is\/index.php\/wp-json\/wp\/v2\/posts\/4699","targetHints":{"allow":["GET"]}}],"collection":[{"href":"https:\/\/eirikurjonsson.is\/index.php\/wp-json\/wp\/v2\/posts"}],"about":[{"href":"https:\/\/eirikurjonsson.is\/index.php\/wp-json\/wp\/v2\/types\/post"}],"author":[{"embeddable":true,"href":"https:\/\/eirikurjonsson.is\/index.php\/wp-json\/wp\/v2\/users\/2"}],"replies":[{"embeddable":true,"href":"https:\/\/eirikurjonsson.is\/index.php\/wp-json\/wp\/v2\/comments?post=4699"}],"version-history":[{"count":2,"href":"https:\/\/eirikurjonsson.is\/index.php\/wp-json\/wp\/v2\/posts\/4699\/revisions"}],"predecessor-version":[{"id":4704,"href":"https:\/\/eirikurjonsson.is\/index.php\/wp-json\/wp\/v2\/posts\/4699\/revisions\/4704"}],"wp:featuredmedia":[{"embeddable":true,"href":"https:\/\/eirikurjonsson.is\/index.php\/wp-json\/wp\/v2\/media\/4703"}],"wp:attachment":[{"href":"https:\/\/eirikurjonsson.is\/index.php\/wp-json\/wp\/v2\/media?parent=4699"}],"wp:term":[{"taxonomy":"category","embeddable":true,"href":"https:\/\/eirikurjonsson.is\/index.php\/wp-json\/wp\/v2\/categories?post=4699"},{"taxonomy":"post_tag","embeddable":true,"href":"https:\/\/eirikurjonsson.is\/index.php\/wp-json\/wp\/v2\/tags?post=4699"}],"curies":[{"name":"wp","href":"https:\/\/api.w.org\/{rel}","templated":true}]}}