{"id":4686,"date":"2024-12-18T13:38:57","date_gmt":"2024-12-18T13:38:57","guid":{"rendered":"https:\/\/eirikurjonsson.is\/?p=4686"},"modified":"2024-12-18T13:39:26","modified_gmt":"2024-12-18T13:39:26","slug":"sundlaugarask-i-reykjavik","status":"publish","type":"post","link":"https:\/\/eirikurjonsson.is\/index.php\/2024\/12\/18\/sundlaugarask-i-reykjavik\/","title":{"rendered":"SUNDLAUGARASK \u00cd REYKJAV\u00cdK"},"content":{"rendered":"<p>Loka \u00fearf \u00c1rb\u00e6jarlaug \u00e1 f\u00f6studaginn, 20. desember, vegna vi\u00f0halds. \u00de\u00e1 er rask \u00e1 opnunart\u00edma \u00ed Vesturb\u00e6jarlaug vegna ni\u00f0urrifs \u00e1 saunaklefum.<\/p>\n<div>\n<div class=\"paragraph-type-text section-0\">\n<div id=\"section-3211214\">\n<p>N\u00fdlega h\u00f3fst fyrsti fasi \u00ed vi\u00f0haldi \u00e1 loftum \u00ed klefum \u00ed \u00c1rb\u00e6jarlaug. Til st\u00f3\u00f0 a\u00f0 byrja \u00e1 ni\u00f0urrifi \u00ed karlaklefa og h\u00f3lfa \u00fe\u00e1 klefann ni\u00f0ur svo gestir g\u00e6tu \u00e1fram s\u00f3tt laugina en \u00fev\u00ed mi\u00f0ur reyndist \u00f3m\u00f6gulegt a\u00f0 r\u00edfa ni\u00f0ur loft \u00ed klefum me\u00f0 gesti \u00e1 sv\u00e6\u00f0inu og \u00fev\u00ed \u00fearf a\u00f0 loka sundlauginni \u00e1 me\u00f0an \u00e1 verkinu stendur. Lokun a\u00f0 \u00feessu sinni stendur a\u00f0eins \u00feennan eina dag og ver\u00f0ur laugin opnu\u00f0 aftur \u00e1 laugardagsmorguninn, 21. desember.<\/p>\n<\/div>\n<\/div>\n<\/div>\n","protected":false},"excerpt":{"rendered":"<p>Loka \u00fearf \u00c1rb\u00e6jarlaug \u00e1 f\u00f6studaginn, 20. desember, vegna vi\u00f0halds. \u00de\u00e1 er rask \u00e1 opnunart\u00edma \u00ed Vesturb\u00e6jarlaug vegna ni\u00f0urrifs \u00e1 saunaklefum. N\u00fdlega h\u00f3fst fyrsti fasi \u00ed vi\u00f0haldi \u00e1 loftum \u00ed klefum \u00ed \u00c1rb\u00e6jarlaug. Til st\u00f3\u00f0 a\u00f0 byrja \u00e1 ni\u00f0urrifi \u00ed karlaklefa og h\u00f3lfa \u00fe\u00e1 klefann ni\u00f0ur svo gestir g\u00e6tu \u00e1fram s\u00f3tt laugina en \u00fev\u00ed mi\u00f0ur reyndist [&hellip;]<\/p>\n","protected":false},"author":2,"featured_media":4687,"comment_status":"open","ping_status":"open","sticky":false,"template":"","format":"standard","meta":{"_monsterinsights_skip_tracking":false,"_monsterinsights_sitenote_active":false,"_monsterinsights_sitenote_note":"","_monsterinsights_sitenote_category":0,"footnotes":""},"categories":[31],"tags":[],"class_list":{"0":"post-4686","1":"post","2":"type-post","3":"status-publish","4":"format-standard","5":"has-post-thumbnail","7":"category-greinar"},"yoast_head":"<!-- This site is optimized with the Yoast SEO plugin v22.0 - https:\/\/yoast.com\/wordpress\/plugins\/seo\/ -->\n<title>SUNDLAUGARASK \u00cd REYKJAV\u00cdK &#8211; Eir\u00edkur J\u00f3nsson<\/title>\n<meta name=\"robots\" content=\"index, follow, max-snippet:-1, max-image-preview:large, max-video-preview:-1\" \/>\n<link rel=\"canonical\" href=\"https:\/\/eirikurjonsson.is\/index.php\/2024\/12\/18\/sundlaugarask-i-reykjavik\/\" \/>\n<meta property=\"og:locale\" content=\"is_IS\" \/>\n<meta property=\"og:type\" content=\"article\" \/>\n<meta property=\"og:title\" content=\"SUNDLAUGARASK \u00cd REYKJAV\u00cdK &#8211; Eir\u00edkur J\u00f3nsson\" \/>\n<meta property=\"og:description\" content=\"Loka \u00fearf \u00c1rb\u00e6jarlaug \u00e1 f\u00f6studaginn, 20. desember, vegna vi\u00f0halds. \u00de\u00e1 er rask \u00e1 opnunart\u00edma \u00ed Vesturb\u00e6jarlaug vegna ni\u00f0urrifs \u00e1 saunaklefum. N\u00fdlega h\u00f3fst fyrsti fasi \u00ed vi\u00f0haldi \u00e1 loftum \u00ed klefum \u00ed \u00c1rb\u00e6jarlaug. Til st\u00f3\u00f0 a\u00f0 byrja \u00e1 ni\u00f0urrifi \u00ed karlaklefa og h\u00f3lfa \u00fe\u00e1 klefann ni\u00f0ur svo gestir g\u00e6tu \u00e1fram s\u00f3tt laugina en \u00fev\u00ed mi\u00f0ur reyndist [&hellip;]\" \/>\n<meta property=\"og:url\" content=\"https:\/\/eirikurjonsson.is\/index.php\/2024\/12\/18\/sundlaugarask-i-reykjavik\/\" \/>\n<meta property=\"og:site_name\" content=\"Eir\u00edkur J\u00f3nsson\" \/>\n<meta property=\"article:published_time\" content=\"2024-12-18T13:38:57+00:00\" \/>\n<meta property=\"article:modified_time\" content=\"2024-12-18T13:39:26+00:00\" \/>\n<meta property=\"og:image\" content=\"https:\/\/eirikurjonsson.is\/wp-content\/uploads\/2024\/12\/SUND22.png\" \/>\n\t<meta property=\"og:image:width\" content=\"589\" \/>\n\t<meta property=\"og:image:height\" content=\"404\" \/>\n\t<meta property=\"og:image:type\" content=\"image\/png\" \/>\n<meta name=\"author\" content=\"eir\" \/>\n<meta name=\"twitter:card\" content=\"summary_large_image\" \/>\n<meta name=\"twitter:label1\" content=\"Written by\" \/>\n\t<meta name=\"twitter:data1\" content=\"eir\" \/>\n\t<meta name=\"twitter:label2\" content=\"Est. reading time\" \/>\n\t<meta name=\"twitter:data2\" content=\"1 minute\" \/>\n<script type=\"application\/ld+json\" class=\"yoast-schema-graph\">{\"@context\":\"https:\/\/schema.org\",\"@graph\":[{\"@type\":\"WebPage\",\"@id\":\"https:\/\/eirikurjonsson.is\/index.php\/2024\/12\/18\/sundlaugarask-i-reykjavik\/\",\"url\":\"https:\/\/eirikurjonsson.is\/index.php\/2024\/12\/18\/sundlaugarask-i-reykjavik\/\",\"name\":\"SUNDLAUGARASK \u00cd REYKJAV\u00cdK &#8211; Eir\u00edkur J\u00f3nsson\",\"isPartOf\":{\"@id\":\"https:\/\/eirikurjonsson.is\/#website\"},\"datePublished\":\"2024-12-18T13:38:57+00:00\",\"dateModified\":\"2024-12-18T13:39:26+00:00\",\"author\":{\"@id\":\"https:\/\/eirikurjonsson.is\/#\/schema\/person\/308afa1d0e201918034e31b1da4f07a5\"},\"breadcrumb\":{\"@id\":\"https:\/\/eirikurjonsson.is\/index.php\/2024\/12\/18\/sundlaugarask-i-reykjavik\/#breadcrumb\"},\"inLanguage\":\"is\",\"potentialAction\":[{\"@type\":\"ReadAction\",\"target\":[\"https:\/\/eirikurjonsson.is\/index.php\/2024\/12\/18\/sundlaugarask-i-reykjavik\/\"]}]},{\"@type\":\"BreadcrumbList\",\"@id\":\"https:\/\/eirikurjonsson.is\/index.php\/2024\/12\/18\/sundlaugarask-i-reykjavik\/#breadcrumb\",\"itemListElement\":[{\"@type\":\"ListItem\",\"position\":1,\"name\":\"Home\",\"item\":\"https:\/\/eirikurjonsson.is\/\"},{\"@type\":\"ListItem\",\"position\":2,\"name\":\"SUNDLAUGARASK \u00cd REYKJAV\u00cdK\"}]},{\"@type\":\"WebSite\",\"@id\":\"https:\/\/eirikurjonsson.is\/#website\",\"url\":\"https:\/\/eirikurjonsson.is\/\",\"name\":\"Eir\u00edkur J\u00f3nsson\",\"description\":\"Eir\u00edkur J\u00f3nsson | EIR eirikurjonsson.is\",\"potentialAction\":[{\"@type\":\"SearchAction\",\"target\":{\"@type\":\"EntryPoint\",\"urlTemplate\":\"https:\/\/eirikurjonsson.is\/?s={search_term_string}\"},\"query-input\":\"required name=search_term_string\"}],\"inLanguage\":\"is\"},{\"@type\":\"Person\",\"@id\":\"https:\/\/eirikurjonsson.is\/#\/schema\/person\/308afa1d0e201918034e31b1da4f07a5\",\"name\":\"eir\",\"image\":{\"@type\":\"ImageObject\",\"inLanguage\":\"is\",\"@id\":\"https:\/\/eirikurjonsson.is\/#\/schema\/person\/image\/\",\"url\":\"https:\/\/secure.gravatar.com\/avatar\/b6748316a4400053a1fa9f4694b38d294dc5da6f4bacc727742bd8f3e689f87c?s=96&d=mm&r=g\",\"contentUrl\":\"https:\/\/secure.gravatar.com\/avatar\/b6748316a4400053a1fa9f4694b38d294dc5da6f4bacc727742bd8f3e689f87c?s=96&d=mm&r=g\",\"caption\":\"eir\"},\"url\":\"https:\/\/eirikurjonsson.is\/index.php\/author\/eir\/\"}]}<\/script>\n<!-- \/ Yoast SEO plugin. -->","yoast_head_json":{"title":"SUNDLAUGARASK \u00cd REYKJAV\u00cdK &#8211; Eir\u00edkur J\u00f3nsson","robots":{"index":"index","follow":"follow","max-snippet":"max-snippet:-1","max-image-preview":"max-image-preview:large","max-video-preview":"max-video-preview:-1"},"canonical":"https:\/\/eirikurjonsson.is\/index.php\/2024\/12\/18\/sundlaugarask-i-reykjavik\/","og_locale":"is_IS","og_type":"article","og_title":"SUNDLAUGARASK \u00cd REYKJAV\u00cdK &#8211; Eir\u00edkur J\u00f3nsson","og_description":"Loka \u00fearf \u00c1rb\u00e6jarlaug \u00e1 f\u00f6studaginn, 20. desember, vegna vi\u00f0halds. \u00de\u00e1 er rask \u00e1 opnunart\u00edma \u00ed Vesturb\u00e6jarlaug vegna ni\u00f0urrifs \u00e1 saunaklefum. N\u00fdlega h\u00f3fst fyrsti fasi \u00ed vi\u00f0haldi \u00e1 loftum \u00ed klefum \u00ed \u00c1rb\u00e6jarlaug. Til st\u00f3\u00f0 a\u00f0 byrja \u00e1 ni\u00f0urrifi \u00ed karlaklefa og h\u00f3lfa \u00fe\u00e1 klefann ni\u00f0ur svo gestir g\u00e6tu \u00e1fram s\u00f3tt laugina en \u00fev\u00ed mi\u00f0ur reyndist [&hellip;]","og_url":"https:\/\/eirikurjonsson.is\/index.php\/2024\/12\/18\/sundlaugarask-i-reykjavik\/","og_site_name":"Eir\u00edkur J\u00f3nsson","article_published_time":"2024-12-18T13:38:57+00:00","article_modified_time":"2024-12-18T13:39:26+00:00","og_image":[{"width":589,"height":404,"url":"https:\/\/eirikurjonsson.is\/wp-content\/uploads\/2024\/12\/SUND22.png","type":"image\/png"}],"author":"eir","twitter_card":"summary_large_image","twitter_misc":{"Written by":"eir","Est. reading time":"1 minute"},"schema":{"@context":"https:\/\/schema.org","@graph":[{"@type":"WebPage","@id":"https:\/\/eirikurjonsson.is\/index.php\/2024\/12\/18\/sundlaugarask-i-reykjavik\/","url":"https:\/\/eirikurjonsson.is\/index.php\/2024\/12\/18\/sundlaugarask-i-reykjavik\/","name":"SUNDLAUGARASK \u00cd REYKJAV\u00cdK &#8211; Eir\u00edkur J\u00f3nsson","isPartOf":{"@id":"https:\/\/eirikurjonsson.is\/#website"},"datePublished":"2024-12-18T13:38:57+00:00","dateModified":"2024-12-18T13:39:26+00:00","author":{"@id":"https:\/\/eirikurjonsson.is\/#\/schema\/person\/308afa1d0e201918034e31b1da4f07a5"},"breadcrumb":{"@id":"https:\/\/eirikurjonsson.is\/index.php\/2024\/12\/18\/sundlaugarask-i-reykjavik\/#breadcrumb"},"inLanguage":"is","potentialAction":[{"@type":"ReadAction","target":["https:\/\/eirikurjonsson.is\/index.php\/2024\/12\/18\/sundlaugarask-i-reykjavik\/"]}]},{"@type":"BreadcrumbList","@id":"https:\/\/eirikurjonsson.is\/index.php\/2024\/12\/18\/sundlaugarask-i-reykjavik\/#breadcrumb","itemListElement":[{"@type":"ListItem","position":1,"name":"Home","item":"https:\/\/eirikurjonsson.is\/"},{"@type":"ListItem","position":2,"name":"SUNDLAUGARASK \u00cd REYKJAV\u00cdK"}]},{"@type":"WebSite","@id":"https:\/\/eirikurjonsson.is\/#website","url":"https:\/\/eirikurjonsson.is\/","name":"Eir\u00edkur J\u00f3nsson","description":"Eir\u00edkur J\u00f3nsson | EIR eirikurjonsson.is","potentialAction":[{"@type":"SearchAction","target":{"@type":"EntryPoint","urlTemplate":"https:\/\/eirikurjonsson.is\/?s={search_term_string}"},"query-input":"required name=search_term_string"}],"inLanguage":"is"},{"@type":"Person","@id":"https:\/\/eirikurjonsson.is\/#\/schema\/person\/308afa1d0e201918034e31b1da4f07a5","name":"eir","image":{"@type":"ImageObject","inLanguage":"is","@id":"https:\/\/eirikurjonsson.is\/#\/schema\/person\/image\/","url":"https:\/\/secure.gravatar.com\/avatar\/b6748316a4400053a1fa9f4694b38d294dc5da6f4bacc727742bd8f3e689f87c?s=96&d=mm&r=g","contentUrl":"https:\/\/secure.gravatar.com\/avatar\/b6748316a4400053a1fa9f4694b38d294dc5da6f4bacc727742bd8f3e689f87c?s=96&d=mm&r=g","caption":"eir"},"url":"https:\/\/eirikurjonsson.is\/index.php\/author\/eir\/"}]}},"_links":{"self":[{"href":"https:\/\/eirikurjonsson.is\/index.php\/wp-json\/wp\/v2\/posts\/4686","targetHints":{"allow":["GET"]}}],"collection":[{"href":"https:\/\/eirikurjonsson.is\/index.php\/wp-json\/wp\/v2\/posts"}],"about":[{"href":"https:\/\/eirikurjonsson.is\/index.php\/wp-json\/wp\/v2\/types\/post"}],"author":[{"embeddable":true,"href":"https:\/\/eirikurjonsson.is\/index.php\/wp-json\/wp\/v2\/users\/2"}],"replies":[{"embeddable":true,"href":"https:\/\/eirikurjonsson.is\/index.php\/wp-json\/wp\/v2\/comments?post=4686"}],"version-history":[{"count":1,"href":"https:\/\/eirikurjonsson.is\/index.php\/wp-json\/wp\/v2\/posts\/4686\/revisions"}],"predecessor-version":[{"id":4688,"href":"https:\/\/eirikurjonsson.is\/index.php\/wp-json\/wp\/v2\/posts\/4686\/revisions\/4688"}],"wp:featuredmedia":[{"embeddable":true,"href":"https:\/\/eirikurjonsson.is\/index.php\/wp-json\/wp\/v2\/media\/4687"}],"wp:attachment":[{"href":"https:\/\/eirikurjonsson.is\/index.php\/wp-json\/wp\/v2\/media?parent=4686"}],"wp:term":[{"taxonomy":"category","embeddable":true,"href":"https:\/\/eirikurjonsson.is\/index.php\/wp-json\/wp\/v2\/categories?post=4686"},{"taxonomy":"post_tag","embeddable":true,"href":"https:\/\/eirikurjonsson.is\/index.php\/wp-json\/wp\/v2\/tags?post=4686"}],"curies":[{"name":"wp","href":"https:\/\/api.w.org\/{rel}","templated":true}]}}