{"id":464,"date":"2024-01-31T16:10:53","date_gmt":"2024-01-31T16:10:53","guid":{"rendered":"https:\/\/eirikurjonsson.is\/?p=464"},"modified":"2024-01-31T21:22:18","modified_gmt":"2024-01-31T21:22:18","slug":"tokum-thetta-godum-sundtokum","status":"publish","type":"post","link":"https:\/\/eirikurjonsson.is\/index.php\/2024\/01\/31\/tokum-thetta-godum-sundtokum\/","title":{"rendered":"T\u00f6kum \u00feetta g\u00f3\u00f0um sundt\u00f6kum!"},"content":{"rendered":"\r\n<p>\u201cMyndirnar eru fr\u00e1 Kl\u00e9bergslaug \u00e1 Kjalarnesi \u00fear sem \u00e9g \u00e1tti gott pottaspjall \u00e1 d\u00f6gunum eftir sundsprett,\u201d segir Gu\u00f0ni forseti sem kann a\u00f0 blanda ger\u00f0i vi\u00f0 almenning og heldur svo \u00e1fram:<\/p>\r\n\r\n\r\n\r\n<p>\u201cSundlaugamenning okkar \u00cdslendinga er einst\u00f6k, sterk sto\u00f0 \u00ed samf\u00e9laginu sem b\u00e6tir l\u00edfsg\u00e6\u00f0i okkar. Lagt er til a\u00f0 h\u00fan ver\u00f0i sett \u00e1 lista Menningarm\u00e1lastofnunar Sameinu\u00f0u \u00dej\u00f3\u00f0anna, UNESCO, yfir \u00f3\u00e1\u00fereifanlegan menningararf um v\u00ed\u00f0a ver\u00f6ld. Ums\u00f3kn um \u00fea\u00f0 eflist ef fj\u00f6ldi f\u00f3lks semur stutta l\u00fdsingu \u00e1 \u00fev\u00ed hva\u00f0a m\u00e1li sundlaugarnar skipta fyrir \u00fea\u00f0 \u00ed dagsins \u00f6nn. Sj\u00e1lfur er \u00e9g b\u00fainn a\u00f0 senda stu\u00f0ningsyfirl\u00fdsingu og segi \u00fear fr\u00e1 \u00fev\u00ed hvernig sund og pottur b\u00e6ta l\u00edkama og s\u00e1l, hvernig vi\u00f0 hittumst \u00ed laugunum, hreyfum okkur og spj\u00f6llum saman. Koma svo, t\u00f6kum \u00feetta g\u00f3\u00f0um sundt\u00f6kum!\u201d<\/p>\r\n\r\n\r\n\r\n<figure class=\"wp-block-image size-large\">\r\n<figure id=\"attachment_467\" aria-describedby=\"caption-attachment-467\" style=\"width: 1024px\" class=\"wp-caption alignnone\"><img loading=\"lazy\" decoding=\"async\" class=\"wp-image-467\" src=\"https:\/\/eirikurjonsson.is\/wp-content\/uploads\/2024\/01\/forseti-sund2-e1706702769616-1024x645.jpg\" alt=\"\" width=\"1024\" height=\"645\" srcset=\"https:\/\/eirikurjonsson.is\/wp-content\/uploads\/2024\/01\/forseti-sund2-e1706702769616-1024x645.jpg 1024w, https:\/\/eirikurjonsson.is\/wp-content\/uploads\/2024\/01\/forseti-sund2-e1706702769616-300x189.jpg 300w, https:\/\/eirikurjonsson.is\/wp-content\/uploads\/2024\/01\/forseti-sund2-e1706702769616-768x483.jpg 768w, https:\/\/eirikurjonsson.is\/wp-content\/uploads\/2024\/01\/forseti-sund2-e1706702769616-696x438.jpg 696w, https:\/\/eirikurjonsson.is\/wp-content\/uploads\/2024\/01\/forseti-sund2-e1706702769616-1068x672.jpg 1068w, https:\/\/eirikurjonsson.is\/wp-content\/uploads\/2024\/01\/forseti-sund2-e1706702769616.jpg 1112w\" sizes=\"auto, (max-width: 1024px) 100vw, 1024px\" \/><figcaption id=\"caption-attachment-467\" class=\"wp-caption-text\">\u201c\u2026sund og pottur b\u00e6ta l\u00edkama og s\u00e1l, hvernig vi\u00f0 hittumst \u00ed laugunum, hreyfum okkur og spj\u00f6llum saman.\u201d<\/figcaption><\/figure>\r\n<\/figure>\r\n","protected":false},"excerpt":{"rendered":"<p>\u201cMyndirnar eru fr\u00e1 Kl\u00e9bergslaug \u00e1 Kjalarnesi \u00fear sem \u00e9g \u00e1tti gott pottaspjall \u00e1 d\u00f6gunum eftir sundsprett,\u201d segir Gu\u00f0ni forseti sem kann a\u00f0 blanda ger\u00f0i vi\u00f0 almenning og heldur svo \u00e1fram: \u201cSundlaugamenning okkar \u00cdslendinga er einst\u00f6k, sterk sto\u00f0 \u00ed samf\u00e9laginu sem b\u00e6tir l\u00edfsg\u00e6\u00f0i okkar. Lagt er til a\u00f0 h\u00fan ver\u00f0i sett \u00e1 lista Menningarm\u00e1lastofnunar Sameinu\u00f0u \u00dej\u00f3\u00f0anna, [&hellip;]<\/p>\n","protected":false},"author":1,"featured_media":465,"comment_status":"open","ping_status":"open","sticky":false,"template":"","format":"standard","meta":{"_monsterinsights_skip_tracking":false,"_monsterinsights_sitenote_active":false,"_monsterinsights_sitenote_note":"","_monsterinsights_sitenote_category":0,"footnotes":""},"categories":[31],"tags":[],"class_list":{"0":"post-464","1":"post","2":"type-post","3":"status-publish","4":"format-standard","5":"has-post-thumbnail","7":"category-greinar"},"yoast_head":"<!-- This site is optimized with the Yoast SEO plugin v22.0 - https:\/\/yoast.com\/wordpress\/plugins\/seo\/ -->\n<title>T\u00f6kum \u00feetta g\u00f3\u00f0um sundt\u00f6kum! &#8211; Eir\u00edkur J\u00f3nsson<\/title>\n<meta name=\"robots\" content=\"index, follow, max-snippet:-1, max-image-preview:large, max-video-preview:-1\" \/>\n<link rel=\"canonical\" href=\"https:\/\/eirikurjonsson.is\/index.php\/2024\/01\/31\/tokum-thetta-godum-sundtokum\/\" \/>\n<meta property=\"og:locale\" content=\"is_IS\" \/>\n<meta property=\"og:type\" content=\"article\" \/>\n<meta property=\"og:title\" content=\"T\u00f6kum \u00feetta g\u00f3\u00f0um sundt\u00f6kum! &#8211; Eir\u00edkur J\u00f3nsson\" \/>\n<meta property=\"og:description\" content=\"\u201cMyndirnar eru fr\u00e1 Kl\u00e9bergslaug \u00e1 Kjalarnesi \u00fear sem \u00e9g \u00e1tti gott pottaspjall \u00e1 d\u00f6gunum eftir sundsprett,\u201d segir Gu\u00f0ni forseti sem kann a\u00f0 blanda ger\u00f0i vi\u00f0 almenning og heldur svo \u00e1fram: \u201cSundlaugamenning okkar \u00cdslendinga er einst\u00f6k, sterk sto\u00f0 \u00ed samf\u00e9laginu sem b\u00e6tir l\u00edfsg\u00e6\u00f0i okkar. Lagt er til a\u00f0 h\u00fan ver\u00f0i sett \u00e1 lista Menningarm\u00e1lastofnunar Sameinu\u00f0u \u00dej\u00f3\u00f0anna, [&hellip;]\" \/>\n<meta property=\"og:url\" content=\"https:\/\/eirikurjonsson.is\/index.php\/2024\/01\/31\/tokum-thetta-godum-sundtokum\/\" \/>\n<meta property=\"og:site_name\" content=\"Eir\u00edkur J\u00f3nsson\" \/>\n<meta property=\"article:published_time\" content=\"2024-01-31T16:10:53+00:00\" \/>\n<meta property=\"article:modified_time\" content=\"2024-01-31T21:22:18+00:00\" \/>\n<meta property=\"og:image\" content=\"https:\/\/eirikurjonsson.is\/wp-content\/uploads\/2024\/01\/forseti-sund-696x471-1.jpg\" \/>\n\t<meta property=\"og:image:width\" content=\"696\" \/>\n\t<meta property=\"og:image:height\" content=\"471\" \/>\n\t<meta property=\"og:image:type\" content=\"image\/jpeg\" \/>\n<meta name=\"author\" content=\"stjori\" \/>\n<meta name=\"twitter:card\" content=\"summary_large_image\" \/>\n<meta name=\"twitter:label1\" content=\"Written by\" \/>\n\t<meta name=\"twitter:data1\" content=\"stjori\" \/>\n\t<meta name=\"twitter:label2\" content=\"Est. reading time\" \/>\n\t<meta name=\"twitter:data2\" content=\"1 minute\" \/>\n<script type=\"application\/ld+json\" class=\"yoast-schema-graph\">{\"@context\":\"https:\/\/schema.org\",\"@graph\":[{\"@type\":\"WebPage\",\"@id\":\"https:\/\/eirikurjonsson.is\/index.php\/2024\/01\/31\/tokum-thetta-godum-sundtokum\/\",\"url\":\"https:\/\/eirikurjonsson.is\/index.php\/2024\/01\/31\/tokum-thetta-godum-sundtokum\/\",\"name\":\"T\u00f6kum \u00feetta g\u00f3\u00f0um sundt\u00f6kum! &#8211; Eir\u00edkur J\u00f3nsson\",\"isPartOf\":{\"@id\":\"https:\/\/eirikurjonsson.is\/#website\"},\"datePublished\":\"2024-01-31T16:10:53+00:00\",\"dateModified\":\"2024-01-31T21:22:18+00:00\",\"author\":{\"@id\":\"https:\/\/eirikurjonsson.is\/#\/schema\/person\/36357868956acbe1cb9bd2bb9e8a2842\"},\"breadcrumb\":{\"@id\":\"https:\/\/eirikurjonsson.is\/index.php\/2024\/01\/31\/tokum-thetta-godum-sundtokum\/#breadcrumb\"},\"inLanguage\":\"is\",\"potentialAction\":[{\"@type\":\"ReadAction\",\"target\":[\"https:\/\/eirikurjonsson.is\/index.php\/2024\/01\/31\/tokum-thetta-godum-sundtokum\/\"]}]},{\"@type\":\"BreadcrumbList\",\"@id\":\"https:\/\/eirikurjonsson.is\/index.php\/2024\/01\/31\/tokum-thetta-godum-sundtokum\/#breadcrumb\",\"itemListElement\":[{\"@type\":\"ListItem\",\"position\":1,\"name\":\"Home\",\"item\":\"https:\/\/eirikurjonsson.is\/\"},{\"@type\":\"ListItem\",\"position\":2,\"name\":\"T\u00f6kum \u00feetta g\u00f3\u00f0um sundt\u00f6kum!\"}]},{\"@type\":\"WebSite\",\"@id\":\"https:\/\/eirikurjonsson.is\/#website\",\"url\":\"https:\/\/eirikurjonsson.is\/\",\"name\":\"Eir\u00edkur J\u00f3nsson\",\"description\":\"Eir\u00edkur J\u00f3nsson | EIR eirikurjonsson.is\",\"potentialAction\":[{\"@type\":\"SearchAction\",\"target\":{\"@type\":\"EntryPoint\",\"urlTemplate\":\"https:\/\/eirikurjonsson.is\/?s={search_term_string}\"},\"query-input\":\"required name=search_term_string\"}],\"inLanguage\":\"is\"},{\"@type\":\"Person\",\"@id\":\"https:\/\/eirikurjonsson.is\/#\/schema\/person\/36357868956acbe1cb9bd2bb9e8a2842\",\"name\":\"stjori\",\"image\":{\"@type\":\"ImageObject\",\"inLanguage\":\"is\",\"@id\":\"https:\/\/eirikurjonsson.is\/#\/schema\/person\/image\/\",\"url\":\"https:\/\/secure.gravatar.com\/avatar\/3ffddeb80b37eb697cfdd3d3f197cc33e270033ea29f9f5328322a184cb48c4a?s=96&d=mm&r=g\",\"contentUrl\":\"https:\/\/secure.gravatar.com\/avatar\/3ffddeb80b37eb697cfdd3d3f197cc33e270033ea29f9f5328322a184cb48c4a?s=96&d=mm&r=g\",\"caption\":\"stjori\"},\"sameAs\":[\"https:\/\/eirikurjonsson.is\"],\"url\":\"https:\/\/eirikurjonsson.is\/index.php\/author\/stjori\/\"}]}<\/script>\n<!-- \/ Yoast SEO plugin. -->","yoast_head_json":{"title":"T\u00f6kum \u00feetta g\u00f3\u00f0um sundt\u00f6kum! &#8211; Eir\u00edkur J\u00f3nsson","robots":{"index":"index","follow":"follow","max-snippet":"max-snippet:-1","max-image-preview":"max-image-preview:large","max-video-preview":"max-video-preview:-1"},"canonical":"https:\/\/eirikurjonsson.is\/index.php\/2024\/01\/31\/tokum-thetta-godum-sundtokum\/","og_locale":"is_IS","og_type":"article","og_title":"T\u00f6kum \u00feetta g\u00f3\u00f0um sundt\u00f6kum! &#8211; Eir\u00edkur J\u00f3nsson","og_description":"\u201cMyndirnar eru fr\u00e1 Kl\u00e9bergslaug \u00e1 Kjalarnesi \u00fear sem \u00e9g \u00e1tti gott pottaspjall \u00e1 d\u00f6gunum eftir sundsprett,\u201d segir Gu\u00f0ni forseti sem kann a\u00f0 blanda ger\u00f0i vi\u00f0 almenning og heldur svo \u00e1fram: \u201cSundlaugamenning okkar \u00cdslendinga er einst\u00f6k, sterk sto\u00f0 \u00ed samf\u00e9laginu sem b\u00e6tir l\u00edfsg\u00e6\u00f0i okkar. Lagt er til a\u00f0 h\u00fan ver\u00f0i sett \u00e1 lista Menningarm\u00e1lastofnunar Sameinu\u00f0u \u00dej\u00f3\u00f0anna, [&hellip;]","og_url":"https:\/\/eirikurjonsson.is\/index.php\/2024\/01\/31\/tokum-thetta-godum-sundtokum\/","og_site_name":"Eir\u00edkur J\u00f3nsson","article_published_time":"2024-01-31T16:10:53+00:00","article_modified_time":"2024-01-31T21:22:18+00:00","og_image":[{"width":696,"height":471,"url":"https:\/\/eirikurjonsson.is\/wp-content\/uploads\/2024\/01\/forseti-sund-696x471-1.jpg","type":"image\/jpeg"}],"author":"stjori","twitter_card":"summary_large_image","twitter_misc":{"Written by":"stjori","Est. reading time":"1 minute"},"schema":{"@context":"https:\/\/schema.org","@graph":[{"@type":"WebPage","@id":"https:\/\/eirikurjonsson.is\/index.php\/2024\/01\/31\/tokum-thetta-godum-sundtokum\/","url":"https:\/\/eirikurjonsson.is\/index.php\/2024\/01\/31\/tokum-thetta-godum-sundtokum\/","name":"T\u00f6kum \u00feetta g\u00f3\u00f0um sundt\u00f6kum! &#8211; Eir\u00edkur J\u00f3nsson","isPartOf":{"@id":"https:\/\/eirikurjonsson.is\/#website"},"datePublished":"2024-01-31T16:10:53+00:00","dateModified":"2024-01-31T21:22:18+00:00","author":{"@id":"https:\/\/eirikurjonsson.is\/#\/schema\/person\/36357868956acbe1cb9bd2bb9e8a2842"},"breadcrumb":{"@id":"https:\/\/eirikurjonsson.is\/index.php\/2024\/01\/31\/tokum-thetta-godum-sundtokum\/#breadcrumb"},"inLanguage":"is","potentialAction":[{"@type":"ReadAction","target":["https:\/\/eirikurjonsson.is\/index.php\/2024\/01\/31\/tokum-thetta-godum-sundtokum\/"]}]},{"@type":"BreadcrumbList","@id":"https:\/\/eirikurjonsson.is\/index.php\/2024\/01\/31\/tokum-thetta-godum-sundtokum\/#breadcrumb","itemListElement":[{"@type":"ListItem","position":1,"name":"Home","item":"https:\/\/eirikurjonsson.is\/"},{"@type":"ListItem","position":2,"name":"T\u00f6kum \u00feetta g\u00f3\u00f0um sundt\u00f6kum!"}]},{"@type":"WebSite","@id":"https:\/\/eirikurjonsson.is\/#website","url":"https:\/\/eirikurjonsson.is\/","name":"Eir\u00edkur J\u00f3nsson","description":"Eir\u00edkur J\u00f3nsson | EIR eirikurjonsson.is","potentialAction":[{"@type":"SearchAction","target":{"@type":"EntryPoint","urlTemplate":"https:\/\/eirikurjonsson.is\/?s={search_term_string}"},"query-input":"required name=search_term_string"}],"inLanguage":"is"},{"@type":"Person","@id":"https:\/\/eirikurjonsson.is\/#\/schema\/person\/36357868956acbe1cb9bd2bb9e8a2842","name":"stjori","image":{"@type":"ImageObject","inLanguage":"is","@id":"https:\/\/eirikurjonsson.is\/#\/schema\/person\/image\/","url":"https:\/\/secure.gravatar.com\/avatar\/3ffddeb80b37eb697cfdd3d3f197cc33e270033ea29f9f5328322a184cb48c4a?s=96&d=mm&r=g","contentUrl":"https:\/\/secure.gravatar.com\/avatar\/3ffddeb80b37eb697cfdd3d3f197cc33e270033ea29f9f5328322a184cb48c4a?s=96&d=mm&r=g","caption":"stjori"},"sameAs":["https:\/\/eirikurjonsson.is"],"url":"https:\/\/eirikurjonsson.is\/index.php\/author\/stjori\/"}]}},"_links":{"self":[{"href":"https:\/\/eirikurjonsson.is\/index.php\/wp-json\/wp\/v2\/posts\/464","targetHints":{"allow":["GET"]}}],"collection":[{"href":"https:\/\/eirikurjonsson.is\/index.php\/wp-json\/wp\/v2\/posts"}],"about":[{"href":"https:\/\/eirikurjonsson.is\/index.php\/wp-json\/wp\/v2\/types\/post"}],"author":[{"embeddable":true,"href":"https:\/\/eirikurjonsson.is\/index.php\/wp-json\/wp\/v2\/users\/1"}],"replies":[{"embeddable":true,"href":"https:\/\/eirikurjonsson.is\/index.php\/wp-json\/wp\/v2\/comments?post=464"}],"version-history":[{"count":3,"href":"https:\/\/eirikurjonsson.is\/index.php\/wp-json\/wp\/v2\/posts\/464\/revisions"}],"predecessor-version":[{"id":476,"href":"https:\/\/eirikurjonsson.is\/index.php\/wp-json\/wp\/v2\/posts\/464\/revisions\/476"}],"wp:featuredmedia":[{"embeddable":true,"href":"https:\/\/eirikurjonsson.is\/index.php\/wp-json\/wp\/v2\/media\/465"}],"wp:attachment":[{"href":"https:\/\/eirikurjonsson.is\/index.php\/wp-json\/wp\/v2\/media?parent=464"}],"wp:term":[{"taxonomy":"category","embeddable":true,"href":"https:\/\/eirikurjonsson.is\/index.php\/wp-json\/wp\/v2\/categories?post=464"},{"taxonomy":"post_tag","embeddable":true,"href":"https:\/\/eirikurjonsson.is\/index.php\/wp-json\/wp\/v2\/tags?post=464"}],"curies":[{"name":"wp","href":"https:\/\/api.w.org\/{rel}","templated":true}]}}