{"id":4596,"date":"2024-12-13T11:44:08","date_gmt":"2024-12-13T11:44:08","guid":{"rendered":"https:\/\/eirikurjonsson.is\/?p=4596"},"modified":"2024-12-13T11:48:47","modified_gmt":"2024-12-13T11:48:47","slug":"teslu-eigandi-afthakkadi-hjalp-i-rafmagnsleysi-i-vik","status":"publish","type":"post","link":"https:\/\/eirikurjonsson.is\/index.php\/2024\/12\/13\/teslu-eigandi-afthakkadi-hjalp-i-rafmagnsleysi-i-vik\/","title":{"rendered":"TESLU EIGANDI AF\u00deAKKA\u00d0I HJ\u00c1LP \u00cd RAFMAGNSLEYSI \u00cd V\u00cdK"},"content":{"rendered":"<p>Teslu eigandi var fastur \u00ed V\u00edk \u00ed M\u00fdrdal \u00e1 d\u00f6gunum \u00feegar straumur f\u00f3r af \u00f6llu og hann alveg stopp. Renndi \u00fe\u00e1 upp a\u00f0 honum b\u00f3ndi \u00e1 jeppa sem bau\u00f0st til a\u00f0 hj\u00e1lpa. Hann \u00e6tti d\u00edselrafst\u00f6\u00f0 og g\u00e6ti komi\u00f0 b\u00edlnum \u00ed gang. Teslu eigandin \u00feverneita\u00f0i, sag\u00f0ist vera \u00e1 rafmagnsb\u00edl og muldra\u00f0i svo \u00fat \u00ed anna\u00f0 munnviki\u00f0: &#8222;\u00dev\u00edl\u00edkir sveitamenn.&#8220;<\/p>\n<figure id=\"attachment_4600\" aria-describedby=\"caption-attachment-4600\" style=\"width: 300px\" class=\"wp-caption aligncenter\"><img loading=\"lazy\" decoding=\"async\" class=\"wp-image-4600 size-medium\" src=\"https:\/\/eirikurjonsson.is\/wp-content\/uploads\/2024\/12\/tesla-2-300x169.jpg\" alt=\"V\u00edk \u00ed M\u00fdrdal\" width=\"300\" height=\"169\" srcset=\"https:\/\/eirikurjonsson.is\/wp-content\/uploads\/2024\/12\/tesla-2-300x169.jpg 300w, https:\/\/eirikurjonsson.is\/wp-content\/uploads\/2024\/12\/tesla-2.jpg 477w\" sizes=\"auto, (max-width: 300px) 100vw, 300px\" \/><figcaption id=\"caption-attachment-4600\" class=\"wp-caption-text\">V\u00edk \u00ed M\u00fdrdal<\/figcaption><\/figure>\n","protected":false},"excerpt":{"rendered":"<p>Teslu eigandi var fastur \u00ed V\u00edk \u00ed M\u00fdrdal \u00e1 d\u00f6gunum \u00feegar straumur f\u00f3r af \u00f6llu og hann alveg stopp. Renndi \u00fe\u00e1 upp a\u00f0 honum b\u00f3ndi \u00e1 jeppa sem bau\u00f0st til a\u00f0 hj\u00e1lpa. Hann \u00e6tti d\u00edselrafst\u00f6\u00f0 og g\u00e6ti komi\u00f0 b\u00edlnum \u00ed gang. Teslu eigandin \u00feverneita\u00f0i, sag\u00f0ist vera \u00e1 rafmagnsb\u00edl og muldra\u00f0i svo \u00fat \u00ed anna\u00f0 munnviki\u00f0: [&hellip;]<\/p>\n","protected":false},"author":2,"featured_media":4598,"comment_status":"open","ping_status":"open","sticky":false,"template":"","format":"standard","meta":{"_monsterinsights_skip_tracking":false,"_monsterinsights_sitenote_active":false,"_monsterinsights_sitenote_note":"","_monsterinsights_sitenote_category":0,"footnotes":""},"categories":[31],"tags":[],"class_list":{"0":"post-4596","1":"post","2":"type-post","3":"status-publish","4":"format-standard","5":"has-post-thumbnail","7":"category-greinar"},"yoast_head":"<!-- This site is optimized with the Yoast SEO plugin v22.0 - https:\/\/yoast.com\/wordpress\/plugins\/seo\/ -->\n<title>TESLU EIGANDI AF\u00deAKKA\u00d0I HJ\u00c1LP \u00cd RAFMAGNSLEYSI \u00cd V\u00cdK &#8211; Eir\u00edkur J\u00f3nsson<\/title>\n<meta name=\"robots\" content=\"index, follow, max-snippet:-1, max-image-preview:large, max-video-preview:-1\" \/>\n<link rel=\"canonical\" href=\"https:\/\/eirikurjonsson.is\/index.php\/2024\/12\/13\/teslu-eigandi-afthakkadi-hjalp-i-rafmagnsleysi-i-vik\/\" \/>\n<meta property=\"og:locale\" content=\"is_IS\" \/>\n<meta property=\"og:type\" content=\"article\" \/>\n<meta property=\"og:title\" content=\"TESLU EIGANDI AF\u00deAKKA\u00d0I HJ\u00c1LP \u00cd RAFMAGNSLEYSI \u00cd V\u00cdK &#8211; Eir\u00edkur J\u00f3nsson\" \/>\n<meta property=\"og:description\" content=\"Teslu eigandi var fastur \u00ed V\u00edk \u00ed M\u00fdrdal \u00e1 d\u00f6gunum \u00feegar straumur f\u00f3r af \u00f6llu og hann alveg stopp. Renndi \u00fe\u00e1 upp a\u00f0 honum b\u00f3ndi \u00e1 jeppa sem bau\u00f0st til a\u00f0 hj\u00e1lpa. Hann \u00e6tti d\u00edselrafst\u00f6\u00f0 og g\u00e6ti komi\u00f0 b\u00edlnum \u00ed gang. Teslu eigandin \u00feverneita\u00f0i, sag\u00f0ist vera \u00e1 rafmagnsb\u00edl og muldra\u00f0i svo \u00fat \u00ed anna\u00f0 munnviki\u00f0: [&hellip;]\" \/>\n<meta property=\"og:url\" content=\"https:\/\/eirikurjonsson.is\/index.php\/2024\/12\/13\/teslu-eigandi-afthakkadi-hjalp-i-rafmagnsleysi-i-vik\/\" \/>\n<meta property=\"og:site_name\" content=\"Eir\u00edkur J\u00f3nsson\" \/>\n<meta property=\"article:published_time\" content=\"2024-12-13T11:44:08+00:00\" \/>\n<meta property=\"article:modified_time\" content=\"2024-12-13T11:48:47+00:00\" \/>\n<meta property=\"og:image\" content=\"https:\/\/eirikurjonsson.is\/wp-content\/uploads\/2024\/12\/tesla.jpg\" \/>\n\t<meta property=\"og:image:width\" content=\"704\" \/>\n\t<meta property=\"og:image:height\" content=\"462\" \/>\n\t<meta property=\"og:image:type\" content=\"image\/jpeg\" \/>\n<meta name=\"author\" content=\"eir\" \/>\n<meta name=\"twitter:card\" content=\"summary_large_image\" \/>\n<meta name=\"twitter:label1\" content=\"Written by\" \/>\n\t<meta name=\"twitter:data1\" content=\"eir\" \/>\n\t<meta name=\"twitter:label2\" content=\"Est. reading time\" \/>\n\t<meta name=\"twitter:data2\" content=\"1 minute\" \/>\n<script type=\"application\/ld+json\" class=\"yoast-schema-graph\">{\"@context\":\"https:\/\/schema.org\",\"@graph\":[{\"@type\":\"WebPage\",\"@id\":\"https:\/\/eirikurjonsson.is\/index.php\/2024\/12\/13\/teslu-eigandi-afthakkadi-hjalp-i-rafmagnsleysi-i-vik\/\",\"url\":\"https:\/\/eirikurjonsson.is\/index.php\/2024\/12\/13\/teslu-eigandi-afthakkadi-hjalp-i-rafmagnsleysi-i-vik\/\",\"name\":\"TESLU EIGANDI AF\u00deAKKA\u00d0I HJ\u00c1LP \u00cd RAFMAGNSLEYSI \u00cd V\u00cdK &#8211; Eir\u00edkur J\u00f3nsson\",\"isPartOf\":{\"@id\":\"https:\/\/eirikurjonsson.is\/#website\"},\"datePublished\":\"2024-12-13T11:44:08+00:00\",\"dateModified\":\"2024-12-13T11:48:47+00:00\",\"author\":{\"@id\":\"https:\/\/eirikurjonsson.is\/#\/schema\/person\/308afa1d0e201918034e31b1da4f07a5\"},\"breadcrumb\":{\"@id\":\"https:\/\/eirikurjonsson.is\/index.php\/2024\/12\/13\/teslu-eigandi-afthakkadi-hjalp-i-rafmagnsleysi-i-vik\/#breadcrumb\"},\"inLanguage\":\"is\",\"potentialAction\":[{\"@type\":\"ReadAction\",\"target\":[\"https:\/\/eirikurjonsson.is\/index.php\/2024\/12\/13\/teslu-eigandi-afthakkadi-hjalp-i-rafmagnsleysi-i-vik\/\"]}]},{\"@type\":\"BreadcrumbList\",\"@id\":\"https:\/\/eirikurjonsson.is\/index.php\/2024\/12\/13\/teslu-eigandi-afthakkadi-hjalp-i-rafmagnsleysi-i-vik\/#breadcrumb\",\"itemListElement\":[{\"@type\":\"ListItem\",\"position\":1,\"name\":\"Home\",\"item\":\"https:\/\/eirikurjonsson.is\/\"},{\"@type\":\"ListItem\",\"position\":2,\"name\":\"TESLU EIGANDI AF\u00deAKKA\u00d0I HJ\u00c1LP \u00cd RAFMAGNSLEYSI \u00cd V\u00cdK\"}]},{\"@type\":\"WebSite\",\"@id\":\"https:\/\/eirikurjonsson.is\/#website\",\"url\":\"https:\/\/eirikurjonsson.is\/\",\"name\":\"Eir\u00edkur J\u00f3nsson\",\"description\":\"Eir\u00edkur J\u00f3nsson | EIR eirikurjonsson.is\",\"potentialAction\":[{\"@type\":\"SearchAction\",\"target\":{\"@type\":\"EntryPoint\",\"urlTemplate\":\"https:\/\/eirikurjonsson.is\/?s={search_term_string}\"},\"query-input\":\"required name=search_term_string\"}],\"inLanguage\":\"is\"},{\"@type\":\"Person\",\"@id\":\"https:\/\/eirikurjonsson.is\/#\/schema\/person\/308afa1d0e201918034e31b1da4f07a5\",\"name\":\"eir\",\"image\":{\"@type\":\"ImageObject\",\"inLanguage\":\"is\",\"@id\":\"https:\/\/eirikurjonsson.is\/#\/schema\/person\/image\/\",\"url\":\"https:\/\/secure.gravatar.com\/avatar\/b6748316a4400053a1fa9f4694b38d294dc5da6f4bacc727742bd8f3e689f87c?s=96&d=mm&r=g\",\"contentUrl\":\"https:\/\/secure.gravatar.com\/avatar\/b6748316a4400053a1fa9f4694b38d294dc5da6f4bacc727742bd8f3e689f87c?s=96&d=mm&r=g\",\"caption\":\"eir\"},\"url\":\"https:\/\/eirikurjonsson.is\/index.php\/author\/eir\/\"}]}<\/script>\n<!-- \/ Yoast SEO plugin. -->","yoast_head_json":{"title":"TESLU EIGANDI AF\u00deAKKA\u00d0I HJ\u00c1LP \u00cd RAFMAGNSLEYSI \u00cd V\u00cdK &#8211; Eir\u00edkur J\u00f3nsson","robots":{"index":"index","follow":"follow","max-snippet":"max-snippet:-1","max-image-preview":"max-image-preview:large","max-video-preview":"max-video-preview:-1"},"canonical":"https:\/\/eirikurjonsson.is\/index.php\/2024\/12\/13\/teslu-eigandi-afthakkadi-hjalp-i-rafmagnsleysi-i-vik\/","og_locale":"is_IS","og_type":"article","og_title":"TESLU EIGANDI AF\u00deAKKA\u00d0I HJ\u00c1LP \u00cd RAFMAGNSLEYSI \u00cd V\u00cdK &#8211; Eir\u00edkur J\u00f3nsson","og_description":"Teslu eigandi var fastur \u00ed V\u00edk \u00ed M\u00fdrdal \u00e1 d\u00f6gunum \u00feegar straumur f\u00f3r af \u00f6llu og hann alveg stopp. Renndi \u00fe\u00e1 upp a\u00f0 honum b\u00f3ndi \u00e1 jeppa sem bau\u00f0st til a\u00f0 hj\u00e1lpa. Hann \u00e6tti d\u00edselrafst\u00f6\u00f0 og g\u00e6ti komi\u00f0 b\u00edlnum \u00ed gang. Teslu eigandin \u00feverneita\u00f0i, sag\u00f0ist vera \u00e1 rafmagnsb\u00edl og muldra\u00f0i svo \u00fat \u00ed anna\u00f0 munnviki\u00f0: [&hellip;]","og_url":"https:\/\/eirikurjonsson.is\/index.php\/2024\/12\/13\/teslu-eigandi-afthakkadi-hjalp-i-rafmagnsleysi-i-vik\/","og_site_name":"Eir\u00edkur J\u00f3nsson","article_published_time":"2024-12-13T11:44:08+00:00","article_modified_time":"2024-12-13T11:48:47+00:00","og_image":[{"width":704,"height":462,"url":"https:\/\/eirikurjonsson.is\/wp-content\/uploads\/2024\/12\/tesla.jpg","type":"image\/jpeg"}],"author":"eir","twitter_card":"summary_large_image","twitter_misc":{"Written by":"eir","Est. reading time":"1 minute"},"schema":{"@context":"https:\/\/schema.org","@graph":[{"@type":"WebPage","@id":"https:\/\/eirikurjonsson.is\/index.php\/2024\/12\/13\/teslu-eigandi-afthakkadi-hjalp-i-rafmagnsleysi-i-vik\/","url":"https:\/\/eirikurjonsson.is\/index.php\/2024\/12\/13\/teslu-eigandi-afthakkadi-hjalp-i-rafmagnsleysi-i-vik\/","name":"TESLU EIGANDI AF\u00deAKKA\u00d0I HJ\u00c1LP \u00cd RAFMAGNSLEYSI \u00cd V\u00cdK &#8211; Eir\u00edkur J\u00f3nsson","isPartOf":{"@id":"https:\/\/eirikurjonsson.is\/#website"},"datePublished":"2024-12-13T11:44:08+00:00","dateModified":"2024-12-13T11:48:47+00:00","author":{"@id":"https:\/\/eirikurjonsson.is\/#\/schema\/person\/308afa1d0e201918034e31b1da4f07a5"},"breadcrumb":{"@id":"https:\/\/eirikurjonsson.is\/index.php\/2024\/12\/13\/teslu-eigandi-afthakkadi-hjalp-i-rafmagnsleysi-i-vik\/#breadcrumb"},"inLanguage":"is","potentialAction":[{"@type":"ReadAction","target":["https:\/\/eirikurjonsson.is\/index.php\/2024\/12\/13\/teslu-eigandi-afthakkadi-hjalp-i-rafmagnsleysi-i-vik\/"]}]},{"@type":"BreadcrumbList","@id":"https:\/\/eirikurjonsson.is\/index.php\/2024\/12\/13\/teslu-eigandi-afthakkadi-hjalp-i-rafmagnsleysi-i-vik\/#breadcrumb","itemListElement":[{"@type":"ListItem","position":1,"name":"Home","item":"https:\/\/eirikurjonsson.is\/"},{"@type":"ListItem","position":2,"name":"TESLU EIGANDI AF\u00deAKKA\u00d0I HJ\u00c1LP \u00cd RAFMAGNSLEYSI \u00cd V\u00cdK"}]},{"@type":"WebSite","@id":"https:\/\/eirikurjonsson.is\/#website","url":"https:\/\/eirikurjonsson.is\/","name":"Eir\u00edkur J\u00f3nsson","description":"Eir\u00edkur J\u00f3nsson | EIR eirikurjonsson.is","potentialAction":[{"@type":"SearchAction","target":{"@type":"EntryPoint","urlTemplate":"https:\/\/eirikurjonsson.is\/?s={search_term_string}"},"query-input":"required name=search_term_string"}],"inLanguage":"is"},{"@type":"Person","@id":"https:\/\/eirikurjonsson.is\/#\/schema\/person\/308afa1d0e201918034e31b1da4f07a5","name":"eir","image":{"@type":"ImageObject","inLanguage":"is","@id":"https:\/\/eirikurjonsson.is\/#\/schema\/person\/image\/","url":"https:\/\/secure.gravatar.com\/avatar\/b6748316a4400053a1fa9f4694b38d294dc5da6f4bacc727742bd8f3e689f87c?s=96&d=mm&r=g","contentUrl":"https:\/\/secure.gravatar.com\/avatar\/b6748316a4400053a1fa9f4694b38d294dc5da6f4bacc727742bd8f3e689f87c?s=96&d=mm&r=g","caption":"eir"},"url":"https:\/\/eirikurjonsson.is\/index.php\/author\/eir\/"}]}},"_links":{"self":[{"href":"https:\/\/eirikurjonsson.is\/index.php\/wp-json\/wp\/v2\/posts\/4596","targetHints":{"allow":["GET"]}}],"collection":[{"href":"https:\/\/eirikurjonsson.is\/index.php\/wp-json\/wp\/v2\/posts"}],"about":[{"href":"https:\/\/eirikurjonsson.is\/index.php\/wp-json\/wp\/v2\/types\/post"}],"author":[{"embeddable":true,"href":"https:\/\/eirikurjonsson.is\/index.php\/wp-json\/wp\/v2\/users\/2"}],"replies":[{"embeddable":true,"href":"https:\/\/eirikurjonsson.is\/index.php\/wp-json\/wp\/v2\/comments?post=4596"}],"version-history":[{"count":4,"href":"https:\/\/eirikurjonsson.is\/index.php\/wp-json\/wp\/v2\/posts\/4596\/revisions"}],"predecessor-version":[{"id":4602,"href":"https:\/\/eirikurjonsson.is\/index.php\/wp-json\/wp\/v2\/posts\/4596\/revisions\/4602"}],"wp:featuredmedia":[{"embeddable":true,"href":"https:\/\/eirikurjonsson.is\/index.php\/wp-json\/wp\/v2\/media\/4598"}],"wp:attachment":[{"href":"https:\/\/eirikurjonsson.is\/index.php\/wp-json\/wp\/v2\/media?parent=4596"}],"wp:term":[{"taxonomy":"category","embeddable":true,"href":"https:\/\/eirikurjonsson.is\/index.php\/wp-json\/wp\/v2\/categories?post=4596"},{"taxonomy":"post_tag","embeddable":true,"href":"https:\/\/eirikurjonsson.is\/index.php\/wp-json\/wp\/v2\/tags?post=4596"}],"curies":[{"name":"wp","href":"https:\/\/api.w.org\/{rel}","templated":true}]}}