{"id":4564,"date":"2024-12-11T13:27:02","date_gmt":"2024-12-11T13:27:02","guid":{"rendered":"https:\/\/eirikurjonsson.is\/?p=4564"},"modified":"2024-12-11T13:29:47","modified_gmt":"2024-12-11T13:29:47","slug":"gryla-sydur-dukkur-i-potti-a-laekjartorgi","status":"publish","type":"post","link":"https:\/\/eirikurjonsson.is\/index.php\/2024\/12\/11\/gryla-sydur-dukkur-i-potti-a-laekjartorgi\/","title":{"rendered":"GR\u00ddLA S\u00dd\u00d0UR D\u00daKKUR \u00cd POTTI \u00c1 L\u00c6KJARTORGI"},"content":{"rendered":"<p style=\"text-align: center;\">J\u00f3labarn sendir myndskeyti:<\/p>\n<p style=\"text-align: center;\">&#8211;<\/p>\n<figure id=\"attachment_4569\" aria-describedby=\"caption-attachment-4569\" style=\"width: 300px\" class=\"wp-caption aligncenter\"><img loading=\"lazy\" decoding=\"async\" class=\"wp-image-4569 size-medium\" src=\"https:\/\/eirikurjonsson.is\/wp-content\/uploads\/2024\/12\/gryla-3-300x182.jpg\" alt=\"D\u00fakkan \u00ed pottinum.\" width=\"300\" height=\"182\" srcset=\"https:\/\/eirikurjonsson.is\/wp-content\/uploads\/2024\/12\/gryla-3-300x182.jpg 300w, https:\/\/eirikurjonsson.is\/wp-content\/uploads\/2024\/12\/gryla-3-1024x620.jpg 1024w, https:\/\/eirikurjonsson.is\/wp-content\/uploads\/2024\/12\/gryla-3-768x465.jpg 768w, https:\/\/eirikurjonsson.is\/wp-content\/uploads\/2024\/12\/gryla-3-1536x930.jpg 1536w, https:\/\/eirikurjonsson.is\/wp-content\/uploads\/2024\/12\/gryla-3-2048x1240.jpg 2048w, https:\/\/eirikurjonsson.is\/wp-content\/uploads\/2024\/12\/gryla-3-696x421.jpg 696w, https:\/\/eirikurjonsson.is\/wp-content\/uploads\/2024\/12\/gryla-3-1068x647.jpg 1068w, https:\/\/eirikurjonsson.is\/wp-content\/uploads\/2024\/12\/gryla-3-1920x1163.jpg 1920w\" sizes=\"auto, (max-width: 300px) 100vw, 300px\" \/><figcaption id=\"caption-attachment-4569\" class=\"wp-caption-text\">D\u00fakkan \u00ed pottinum.<\/figcaption><\/figure>\n<p><em>Vegfarendum br\u00e1 m\u00f6rgum \u00ed br\u00fan er \u00feeir \u00e1ttu lei\u00f0 um L\u00e6kjartorg \u00ed g\u00e6r. \u00dear \u00ed glersk\u00e1la \u00e1 mi\u00f0ju torginu er b\u00fai\u00f0 a\u00f0 koma Gr\u00fdlu og Leppal\u00fa\u00f0a fyrir og \u00feau eru a\u00f0 sj\u00f3\u00f0a d\u00fakkur \u00ed potti \u00e1 eldi. \u00dearna er l\u00edklega veri\u00f0 a\u00f0 v\u00edsa til s\u00f6gunnar g\u00f6mlu um a\u00f0 Gr\u00fdla \u00e9ti b\u00f6rn \u00fe\u00f3 s\u00fa daga s\u00e9 n\u00faor\u00f0i\u00f0 sjaldan s\u00f6g\u00f0.<\/em><\/p>\n<figure id=\"attachment_4566\" aria-describedby=\"caption-attachment-4566\" style=\"width: 192px\" class=\"wp-caption aligncenter\"><img loading=\"lazy\" decoding=\"async\" class=\"wp-image-4566 size-medium\" src=\"https:\/\/eirikurjonsson.is\/wp-content\/uploads\/2024\/12\/gryla-4-192x300.jpg\" alt=\"B\u00f6rnum var brug\u00f0i\u00f0.\" width=\"192\" height=\"300\" srcset=\"https:\/\/eirikurjonsson.is\/wp-content\/uploads\/2024\/12\/gryla-4-192x300.jpg 192w, https:\/\/eirikurjonsson.is\/wp-content\/uploads\/2024\/12\/gryla-4-656x1024.jpg 656w, https:\/\/eirikurjonsson.is\/wp-content\/uploads\/2024\/12\/gryla-4-768x1199.jpg 768w, https:\/\/eirikurjonsson.is\/wp-content\/uploads\/2024\/12\/gryla-4-696x1087.jpg 696w, https:\/\/eirikurjonsson.is\/wp-content\/uploads\/2024\/12\/gryla-4.jpg 892w\" sizes=\"auto, (max-width: 192px) 100vw, 192px\" \/><figcaption id=\"caption-attachment-4566\" class=\"wp-caption-text\">B\u00f6rnum var brug\u00f0i\u00f0.<\/figcaption><\/figure>\n<p><em>Hvers konar smekkleysa er \u00feetta? Og fyrir utan d\u00fakuna \u00ed pottinum voru fleiri d\u00fakkur til taks \u00ed k\u00f6rfu \u00fear vi\u00f0 hli\u00f0ina. Skr\u00fdti\u00f0 a\u00f0 fagna a\u00f0ventunni svona en kannski ekki skr\u00fdti\u00f0 \u00feegar flestar j\u00f3lab\u00e6kur sem n\u00fa eru gefnar \u00fat fjalla um mor\u00f0 og gl\u00e6pamenn.<\/em><\/p>\n<figure id=\"attachment_4567\" aria-describedby=\"caption-attachment-4567\" style=\"width: 225px\" class=\"wp-caption aligncenter\"><img loading=\"lazy\" decoding=\"async\" class=\"wp-image-4567 size-medium\" src=\"https:\/\/eirikurjonsson.is\/wp-content\/uploads\/2024\/12\/gryla-1-225x300.jpg\" alt=\"\u00dearna eru \u00feau \u00e1 torginu mi\u00f0ju.\" width=\"225\" height=\"300\" srcset=\"https:\/\/eirikurjonsson.is\/wp-content\/uploads\/2024\/12\/gryla-1-225x300.jpg 225w, https:\/\/eirikurjonsson.is\/wp-content\/uploads\/2024\/12\/gryla-1-768x1024.jpg 768w, https:\/\/eirikurjonsson.is\/wp-content\/uploads\/2024\/12\/gryla-1-1152x1536.jpg 1152w, https:\/\/eirikurjonsson.is\/wp-content\/uploads\/2024\/12\/gryla-1-1536x2048.jpg 1536w, https:\/\/eirikurjonsson.is\/wp-content\/uploads\/2024\/12\/gryla-1-696x928.jpg 696w, https:\/\/eirikurjonsson.is\/wp-content\/uploads\/2024\/12\/gryla-1-1068x1424.jpg 1068w, https:\/\/eirikurjonsson.is\/wp-content\/uploads\/2024\/12\/gryla-1-scaled.jpg 1920w\" sizes=\"auto, (max-width: 225px) 100vw, 225px\" \/><figcaption id=\"caption-attachment-4567\" class=\"wp-caption-text\">\u00dearna eru \u00feau \u00e1 torginu mi\u00f0ju.<\/figcaption><\/figure>\n","protected":false},"excerpt":{"rendered":"<p>J\u00f3labarn sendir myndskeyti: &#8211; Vegfarendum br\u00e1 m\u00f6rgum \u00ed br\u00fan er \u00feeir \u00e1ttu lei\u00f0 um L\u00e6kjartorg \u00ed g\u00e6r. \u00dear \u00ed glersk\u00e1la \u00e1 mi\u00f0ju torginu er b\u00fai\u00f0 a\u00f0 koma Gr\u00fdlu og Leppal\u00fa\u00f0a fyrir og \u00feau eru a\u00f0 sj\u00f3\u00f0a d\u00fakkur \u00ed potti \u00e1 eldi. \u00dearna er l\u00edklega veri\u00f0 a\u00f0 v\u00edsa til s\u00f6gunnar g\u00f6mlu um a\u00f0 Gr\u00fdla \u00e9ti b\u00f6rn [&hellip;]<\/p>\n","protected":false},"author":2,"featured_media":4568,"comment_status":"open","ping_status":"open","sticky":false,"template":"","format":"standard","meta":{"_monsterinsights_skip_tracking":false,"_monsterinsights_sitenote_active":false,"_monsterinsights_sitenote_note":"","_monsterinsights_sitenote_category":0,"footnotes":""},"categories":[31],"tags":[],"class_list":{"0":"post-4564","1":"post","2":"type-post","3":"status-publish","4":"format-standard","5":"has-post-thumbnail","7":"category-greinar"},"yoast_head":"<!-- This site is optimized with the Yoast SEO plugin v22.0 - https:\/\/yoast.com\/wordpress\/plugins\/seo\/ -->\n<title>GR\u00ddLA S\u00dd\u00d0UR D\u00daKKUR \u00cd POTTI \u00c1 L\u00c6KJARTORGI &#8211; Eir\u00edkur J\u00f3nsson<\/title>\n<meta name=\"robots\" content=\"index, follow, max-snippet:-1, max-image-preview:large, max-video-preview:-1\" \/>\n<link rel=\"canonical\" href=\"https:\/\/eirikurjonsson.is\/index.php\/2024\/12\/11\/gryla-sydur-dukkur-i-potti-a-laekjartorgi\/\" \/>\n<meta property=\"og:locale\" content=\"is_IS\" \/>\n<meta property=\"og:type\" content=\"article\" \/>\n<meta property=\"og:title\" content=\"GR\u00ddLA S\u00dd\u00d0UR D\u00daKKUR \u00cd POTTI \u00c1 L\u00c6KJARTORGI &#8211; Eir\u00edkur J\u00f3nsson\" \/>\n<meta property=\"og:description\" content=\"J\u00f3labarn sendir myndskeyti: &#8211; Vegfarendum br\u00e1 m\u00f6rgum \u00ed br\u00fan er \u00feeir \u00e1ttu lei\u00f0 um L\u00e6kjartorg \u00ed g\u00e6r. \u00dear \u00ed glersk\u00e1la \u00e1 mi\u00f0ju torginu er b\u00fai\u00f0 a\u00f0 koma Gr\u00fdlu og Leppal\u00fa\u00f0a fyrir og \u00feau eru a\u00f0 sj\u00f3\u00f0a d\u00fakkur \u00ed potti \u00e1 eldi. \u00dearna er l\u00edklega veri\u00f0 a\u00f0 v\u00edsa til s\u00f6gunnar g\u00f6mlu um a\u00f0 Gr\u00fdla \u00e9ti b\u00f6rn [&hellip;]\" \/>\n<meta property=\"og:url\" content=\"https:\/\/eirikurjonsson.is\/index.php\/2024\/12\/11\/gryla-sydur-dukkur-i-potti-a-laekjartorgi\/\" \/>\n<meta property=\"og:site_name\" content=\"Eir\u00edkur J\u00f3nsson\" \/>\n<meta property=\"article:published_time\" content=\"2024-12-11T13:27:02+00:00\" \/>\n<meta property=\"article:modified_time\" content=\"2024-12-11T13:29:47+00:00\" \/>\n<meta property=\"og:image\" content=\"https:\/\/eirikurjonsson.is\/wp-content\/uploads\/2024\/12\/gryla-2-scaled.jpg\" \/>\n\t<meta property=\"og:image:width\" content=\"2299\" \/>\n\t<meta property=\"og:image:height\" content=\"2560\" \/>\n\t<meta property=\"og:image:type\" content=\"image\/jpeg\" \/>\n<meta name=\"author\" content=\"eir\" \/>\n<meta name=\"twitter:card\" content=\"summary_large_image\" \/>\n<meta name=\"twitter:label1\" content=\"Written by\" \/>\n\t<meta name=\"twitter:data1\" content=\"eir\" \/>\n\t<meta name=\"twitter:label2\" content=\"Est. reading time\" \/>\n\t<meta name=\"twitter:data2\" content=\"2 minutes\" \/>\n<script type=\"application\/ld+json\" class=\"yoast-schema-graph\">{\"@context\":\"https:\/\/schema.org\",\"@graph\":[{\"@type\":\"WebPage\",\"@id\":\"https:\/\/eirikurjonsson.is\/index.php\/2024\/12\/11\/gryla-sydur-dukkur-i-potti-a-laekjartorgi\/\",\"url\":\"https:\/\/eirikurjonsson.is\/index.php\/2024\/12\/11\/gryla-sydur-dukkur-i-potti-a-laekjartorgi\/\",\"name\":\"GR\u00ddLA S\u00dd\u00d0UR D\u00daKKUR \u00cd POTTI \u00c1 L\u00c6KJARTORGI &#8211; Eir\u00edkur J\u00f3nsson\",\"isPartOf\":{\"@id\":\"https:\/\/eirikurjonsson.is\/#website\"},\"datePublished\":\"2024-12-11T13:27:02+00:00\",\"dateModified\":\"2024-12-11T13:29:47+00:00\",\"author\":{\"@id\":\"https:\/\/eirikurjonsson.is\/#\/schema\/person\/308afa1d0e201918034e31b1da4f07a5\"},\"breadcrumb\":{\"@id\":\"https:\/\/eirikurjonsson.is\/index.php\/2024\/12\/11\/gryla-sydur-dukkur-i-potti-a-laekjartorgi\/#breadcrumb\"},\"inLanguage\":\"is\",\"potentialAction\":[{\"@type\":\"ReadAction\",\"target\":[\"https:\/\/eirikurjonsson.is\/index.php\/2024\/12\/11\/gryla-sydur-dukkur-i-potti-a-laekjartorgi\/\"]}]},{\"@type\":\"BreadcrumbList\",\"@id\":\"https:\/\/eirikurjonsson.is\/index.php\/2024\/12\/11\/gryla-sydur-dukkur-i-potti-a-laekjartorgi\/#breadcrumb\",\"itemListElement\":[{\"@type\":\"ListItem\",\"position\":1,\"name\":\"Home\",\"item\":\"https:\/\/eirikurjonsson.is\/\"},{\"@type\":\"ListItem\",\"position\":2,\"name\":\"GR\u00ddLA S\u00dd\u00d0UR D\u00daKKUR \u00cd POTTI \u00c1 L\u00c6KJARTORGI\"}]},{\"@type\":\"WebSite\",\"@id\":\"https:\/\/eirikurjonsson.is\/#website\",\"url\":\"https:\/\/eirikurjonsson.is\/\",\"name\":\"Eir\u00edkur J\u00f3nsson\",\"description\":\"Eir\u00edkur J\u00f3nsson | EIR eirikurjonsson.is\",\"potentialAction\":[{\"@type\":\"SearchAction\",\"target\":{\"@type\":\"EntryPoint\",\"urlTemplate\":\"https:\/\/eirikurjonsson.is\/?s={search_term_string}\"},\"query-input\":\"required name=search_term_string\"}],\"inLanguage\":\"is\"},{\"@type\":\"Person\",\"@id\":\"https:\/\/eirikurjonsson.is\/#\/schema\/person\/308afa1d0e201918034e31b1da4f07a5\",\"name\":\"eir\",\"image\":{\"@type\":\"ImageObject\",\"inLanguage\":\"is\",\"@id\":\"https:\/\/eirikurjonsson.is\/#\/schema\/person\/image\/\",\"url\":\"https:\/\/secure.gravatar.com\/avatar\/b6748316a4400053a1fa9f4694b38d294dc5da6f4bacc727742bd8f3e689f87c?s=96&d=mm&r=g\",\"contentUrl\":\"https:\/\/secure.gravatar.com\/avatar\/b6748316a4400053a1fa9f4694b38d294dc5da6f4bacc727742bd8f3e689f87c?s=96&d=mm&r=g\",\"caption\":\"eir\"},\"url\":\"https:\/\/eirikurjonsson.is\/index.php\/author\/eir\/\"}]}<\/script>\n<!-- \/ Yoast SEO plugin. -->","yoast_head_json":{"title":"GR\u00ddLA S\u00dd\u00d0UR D\u00daKKUR \u00cd POTTI \u00c1 L\u00c6KJARTORGI &#8211; Eir\u00edkur J\u00f3nsson","robots":{"index":"index","follow":"follow","max-snippet":"max-snippet:-1","max-image-preview":"max-image-preview:large","max-video-preview":"max-video-preview:-1"},"canonical":"https:\/\/eirikurjonsson.is\/index.php\/2024\/12\/11\/gryla-sydur-dukkur-i-potti-a-laekjartorgi\/","og_locale":"is_IS","og_type":"article","og_title":"GR\u00ddLA S\u00dd\u00d0UR D\u00daKKUR \u00cd POTTI \u00c1 L\u00c6KJARTORGI &#8211; Eir\u00edkur J\u00f3nsson","og_description":"J\u00f3labarn sendir myndskeyti: &#8211; Vegfarendum br\u00e1 m\u00f6rgum \u00ed br\u00fan er \u00feeir \u00e1ttu lei\u00f0 um L\u00e6kjartorg \u00ed g\u00e6r. \u00dear \u00ed glersk\u00e1la \u00e1 mi\u00f0ju torginu er b\u00fai\u00f0 a\u00f0 koma Gr\u00fdlu og Leppal\u00fa\u00f0a fyrir og \u00feau eru a\u00f0 sj\u00f3\u00f0a d\u00fakkur \u00ed potti \u00e1 eldi. \u00dearna er l\u00edklega veri\u00f0 a\u00f0 v\u00edsa til s\u00f6gunnar g\u00f6mlu um a\u00f0 Gr\u00fdla \u00e9ti b\u00f6rn [&hellip;]","og_url":"https:\/\/eirikurjonsson.is\/index.php\/2024\/12\/11\/gryla-sydur-dukkur-i-potti-a-laekjartorgi\/","og_site_name":"Eir\u00edkur J\u00f3nsson","article_published_time":"2024-12-11T13:27:02+00:00","article_modified_time":"2024-12-11T13:29:47+00:00","og_image":[{"width":2299,"height":2560,"url":"https:\/\/eirikurjonsson.is\/wp-content\/uploads\/2024\/12\/gryla-2-scaled.jpg","type":"image\/jpeg"}],"author":"eir","twitter_card":"summary_large_image","twitter_misc":{"Written by":"eir","Est. reading time":"2 minutes"},"schema":{"@context":"https:\/\/schema.org","@graph":[{"@type":"WebPage","@id":"https:\/\/eirikurjonsson.is\/index.php\/2024\/12\/11\/gryla-sydur-dukkur-i-potti-a-laekjartorgi\/","url":"https:\/\/eirikurjonsson.is\/index.php\/2024\/12\/11\/gryla-sydur-dukkur-i-potti-a-laekjartorgi\/","name":"GR\u00ddLA S\u00dd\u00d0UR D\u00daKKUR \u00cd POTTI \u00c1 L\u00c6KJARTORGI &#8211; Eir\u00edkur J\u00f3nsson","isPartOf":{"@id":"https:\/\/eirikurjonsson.is\/#website"},"datePublished":"2024-12-11T13:27:02+00:00","dateModified":"2024-12-11T13:29:47+00:00","author":{"@id":"https:\/\/eirikurjonsson.is\/#\/schema\/person\/308afa1d0e201918034e31b1da4f07a5"},"breadcrumb":{"@id":"https:\/\/eirikurjonsson.is\/index.php\/2024\/12\/11\/gryla-sydur-dukkur-i-potti-a-laekjartorgi\/#breadcrumb"},"inLanguage":"is","potentialAction":[{"@type":"ReadAction","target":["https:\/\/eirikurjonsson.is\/index.php\/2024\/12\/11\/gryla-sydur-dukkur-i-potti-a-laekjartorgi\/"]}]},{"@type":"BreadcrumbList","@id":"https:\/\/eirikurjonsson.is\/index.php\/2024\/12\/11\/gryla-sydur-dukkur-i-potti-a-laekjartorgi\/#breadcrumb","itemListElement":[{"@type":"ListItem","position":1,"name":"Home","item":"https:\/\/eirikurjonsson.is\/"},{"@type":"ListItem","position":2,"name":"GR\u00ddLA S\u00dd\u00d0UR D\u00daKKUR \u00cd POTTI \u00c1 L\u00c6KJARTORGI"}]},{"@type":"WebSite","@id":"https:\/\/eirikurjonsson.is\/#website","url":"https:\/\/eirikurjonsson.is\/","name":"Eir\u00edkur J\u00f3nsson","description":"Eir\u00edkur J\u00f3nsson | EIR eirikurjonsson.is","potentialAction":[{"@type":"SearchAction","target":{"@type":"EntryPoint","urlTemplate":"https:\/\/eirikurjonsson.is\/?s={search_term_string}"},"query-input":"required name=search_term_string"}],"inLanguage":"is"},{"@type":"Person","@id":"https:\/\/eirikurjonsson.is\/#\/schema\/person\/308afa1d0e201918034e31b1da4f07a5","name":"eir","image":{"@type":"ImageObject","inLanguage":"is","@id":"https:\/\/eirikurjonsson.is\/#\/schema\/person\/image\/","url":"https:\/\/secure.gravatar.com\/avatar\/b6748316a4400053a1fa9f4694b38d294dc5da6f4bacc727742bd8f3e689f87c?s=96&d=mm&r=g","contentUrl":"https:\/\/secure.gravatar.com\/avatar\/b6748316a4400053a1fa9f4694b38d294dc5da6f4bacc727742bd8f3e689f87c?s=96&d=mm&r=g","caption":"eir"},"url":"https:\/\/eirikurjonsson.is\/index.php\/author\/eir\/"}]}},"_links":{"self":[{"href":"https:\/\/eirikurjonsson.is\/index.php\/wp-json\/wp\/v2\/posts\/4564","targetHints":{"allow":["GET"]}}],"collection":[{"href":"https:\/\/eirikurjonsson.is\/index.php\/wp-json\/wp\/v2\/posts"}],"about":[{"href":"https:\/\/eirikurjonsson.is\/index.php\/wp-json\/wp\/v2\/types\/post"}],"author":[{"embeddable":true,"href":"https:\/\/eirikurjonsson.is\/index.php\/wp-json\/wp\/v2\/users\/2"}],"replies":[{"embeddable":true,"href":"https:\/\/eirikurjonsson.is\/index.php\/wp-json\/wp\/v2\/comments?post=4564"}],"version-history":[{"count":4,"href":"https:\/\/eirikurjonsson.is\/index.php\/wp-json\/wp\/v2\/posts\/4564\/revisions"}],"predecessor-version":[{"id":4572,"href":"https:\/\/eirikurjonsson.is\/index.php\/wp-json\/wp\/v2\/posts\/4564\/revisions\/4572"}],"wp:featuredmedia":[{"embeddable":true,"href":"https:\/\/eirikurjonsson.is\/index.php\/wp-json\/wp\/v2\/media\/4568"}],"wp:attachment":[{"href":"https:\/\/eirikurjonsson.is\/index.php\/wp-json\/wp\/v2\/media?parent=4564"}],"wp:term":[{"taxonomy":"category","embeddable":true,"href":"https:\/\/eirikurjonsson.is\/index.php\/wp-json\/wp\/v2\/categories?post=4564"},{"taxonomy":"post_tag","embeddable":true,"href":"https:\/\/eirikurjonsson.is\/index.php\/wp-json\/wp\/v2\/tags?post=4564"}],"curies":[{"name":"wp","href":"https:\/\/api.w.org\/{rel}","templated":true}]}}