{"id":4499,"date":"2024-12-06T13:18:50","date_gmt":"2024-12-06T13:18:50","guid":{"rendered":"https:\/\/eirikurjonsson.is\/?p=4499"},"modified":"2024-12-06T13:19:09","modified_gmt":"2024-12-06T13:19:09","slug":"margir-hafa-kvefast-nylega","status":"publish","type":"post","link":"https:\/\/eirikurjonsson.is\/index.php\/2024\/12\/06\/margir-hafa-kvefast-nylega\/","title":{"rendered":"&#8222;MARGIR HAFA KVEFAST N\u00ddLEGA&#8230;&#8220;"},"content":{"rendered":"<div class=\"xdj266r x11i5rnm xat24cr x1mh8g0r x1vvkbs x126k92a\">\n<div dir=\"auto\">\n<figure id=\"attachment_4501\" aria-describedby=\"caption-attachment-4501\" style=\"width: 155px\" class=\"wp-caption alignleft\"><img loading=\"lazy\" decoding=\"async\" class=\"wp-image-4501\" src=\"https:\/\/eirikurjonsson.is\/wp-content\/uploads\/2024\/12\/ragnar-210x300.jpg\" alt=\"Ragnar \u00d6.\" width=\"155\" height=\"221\" srcset=\"https:\/\/eirikurjonsson.is\/wp-content\/uploads\/2024\/12\/ragnar-210x300.jpg 210w, https:\/\/eirikurjonsson.is\/wp-content\/uploads\/2024\/12\/ragnar.jpg 449w\" sizes=\"auto, (max-width: 155px) 100vw, 155px\" \/><figcaption id=\"caption-attachment-4501\" class=\"wp-caption-text\">Ragnar \u00d6.<\/figcaption><\/figure>\n<p>&#8222;Margir hafa kvefast n\u00fdlega. \u00dea\u00f0 er \u00feurrafrost \u00ed nor\u00f0an\u00e1ttinni,&#8220; segir Ragnar \u00d6nundarson fyrrverandi bankastj\u00f3ri og n\u00fa \u00f6tull samf\u00e9lagsr\u00fdnir:<\/p><\/div>\n<div dir=\"auto\">&#8211;<\/div>\n<div dir=\"auto\">&#8222;F\u00f3lk kvefast l\u00edka \u00ed flugv\u00e9lum, \u00fear sem rakastigi\u00f0 er 5-7%. Rakastig \u00ed h\u00fasum fer ni\u00f0ur \u00ed 10% en l\u00e6gri m\u00f6rk hins heilsusamlega eru 30%. Ekkert er unni\u00f0 vi\u00f0 a\u00f0 hafa h\u00e6rra rakastig, \u00fe\u00e1 myndast bara d\u00f6gg innan \u00e1 r\u00fa\u00f0um.<\/div>\n<div dir=\"auto\">&#8211;<\/div>\n<\/div>\n<div class=\"x11i5rnm xat24cr x1mh8g0r x1vvkbs xtlvy1s x126k92a\">\n<div dir=\"auto\">Um e\u00f0lisfr\u00e6\u00f0i kvefs: Uppgufun eykst \u00ed \u00feurru lofti. Uppgufun bindur varma og uppgufunarfl\u00f6turinn k\u00f3lnar. \u00deegar vi\u00f0 \u00f6ndum a\u00f0 okkur \u00feurru lofti og rakamettu\u00f0u fr\u00e1 okkur gerist \u00feetta. Lungun k\u00f3lna a\u00f0 innan og vi\u00f0 kvefumst, jafnvel \u00fe\u00f3 hl\u00fdtt s\u00e9 inni. V\u00edrusinn \u00e1 grei\u00f0an a\u00f0gang.<\/div>\n<div dir=\"auto\">&#8211;<\/div>\n<\/div>\n<div class=\"x11i5rnm xat24cr x1mh8g0r x1vvkbs xtlvy1s x126k92a\">\n<div dir=\"auto\">\u00d6ll heimili \u00feurfa a\u00f0 hafa rakam\u00e6li og rakat\u00e6ki. \u00dear sem sm\u00e1b\u00f6rn eru er \u00feetta mikilv\u00e6gast. Miki\u00f0 gagn getur gert a\u00f0 \u00feurrka \u00fevott inni, \u00fe\u00f3 ekki svo mikinn a\u00f0 d\u00f6gg myndist \u00e1 r\u00fa\u00f0um.&#8220;<\/div>\n<\/div>\n","protected":false},"excerpt":{"rendered":"<p>&#8222;Margir hafa kvefast n\u00fdlega. \u00dea\u00f0 er \u00feurrafrost \u00ed nor\u00f0an\u00e1ttinni,&#8220; segir Ragnar \u00d6nundarson fyrrverandi bankastj\u00f3ri og n\u00fa \u00f6tull samf\u00e9lagsr\u00fdnir: &#8211; &#8222;F\u00f3lk kvefast l\u00edka \u00ed flugv\u00e9lum, \u00fear sem rakastigi\u00f0 er 5-7%. Rakastig \u00ed h\u00fasum fer ni\u00f0ur \u00ed 10% en l\u00e6gri m\u00f6rk hins heilsusamlega eru 30%. Ekkert er unni\u00f0 vi\u00f0 a\u00f0 hafa h\u00e6rra rakastig, \u00fe\u00e1 myndast bara d\u00f6gg [&hellip;]<\/p>\n","protected":false},"author":2,"featured_media":4500,"comment_status":"open","ping_status":"open","sticky":false,"template":"","format":"standard","meta":{"_monsterinsights_skip_tracking":false,"_monsterinsights_sitenote_active":false,"_monsterinsights_sitenote_note":"","_monsterinsights_sitenote_category":0,"footnotes":""},"categories":[31],"tags":[],"class_list":{"0":"post-4499","1":"post","2":"type-post","3":"status-publish","4":"format-standard","5":"has-post-thumbnail","7":"category-greinar"},"yoast_head":"<!-- This site is optimized with the Yoast SEO plugin v22.0 - https:\/\/yoast.com\/wordpress\/plugins\/seo\/ -->\n<title>&quot;MARGIR HAFA KVEFAST N\u00ddLEGA...&quot; &#8211; Eir\u00edkur J\u00f3nsson<\/title>\n<meta name=\"robots\" content=\"index, follow, max-snippet:-1, max-image-preview:large, max-video-preview:-1\" \/>\n<link rel=\"canonical\" href=\"https:\/\/eirikurjonsson.is\/index.php\/2024\/12\/06\/margir-hafa-kvefast-nylega\/\" \/>\n<meta property=\"og:locale\" content=\"is_IS\" \/>\n<meta property=\"og:type\" content=\"article\" \/>\n<meta property=\"og:title\" content=\"&quot;MARGIR HAFA KVEFAST N\u00ddLEGA...&quot; &#8211; Eir\u00edkur J\u00f3nsson\" \/>\n<meta property=\"og:description\" content=\"&#8222;Margir hafa kvefast n\u00fdlega. \u00dea\u00f0 er \u00feurrafrost \u00ed nor\u00f0an\u00e1ttinni,&#8220; segir Ragnar \u00d6nundarson fyrrverandi bankastj\u00f3ri og n\u00fa \u00f6tull samf\u00e9lagsr\u00fdnir: &#8211; &#8222;F\u00f3lk kvefast l\u00edka \u00ed flugv\u00e9lum, \u00fear sem rakastigi\u00f0 er 5-7%. Rakastig \u00ed h\u00fasum fer ni\u00f0ur \u00ed 10% en l\u00e6gri m\u00f6rk hins heilsusamlega eru 30%. Ekkert er unni\u00f0 vi\u00f0 a\u00f0 hafa h\u00e6rra rakastig, \u00fe\u00e1 myndast bara d\u00f6gg [&hellip;]\" \/>\n<meta property=\"og:url\" content=\"https:\/\/eirikurjonsson.is\/index.php\/2024\/12\/06\/margir-hafa-kvefast-nylega\/\" \/>\n<meta property=\"og:site_name\" content=\"Eir\u00edkur J\u00f3nsson\" \/>\n<meta property=\"article:published_time\" content=\"2024-12-06T13:18:50+00:00\" \/>\n<meta property=\"article:modified_time\" content=\"2024-12-06T13:19:09+00:00\" \/>\n<meta property=\"og:image\" content=\"https:\/\/eirikurjonsson.is\/wp-content\/uploads\/2024\/12\/flensan1.jpg\" \/>\n\t<meta property=\"og:image:width\" content=\"624\" \/>\n\t<meta property=\"og:image:height\" content=\"716\" \/>\n\t<meta property=\"og:image:type\" content=\"image\/jpeg\" \/>\n<meta name=\"author\" content=\"eir\" \/>\n<meta name=\"twitter:card\" content=\"summary_large_image\" \/>\n<meta name=\"twitter:label1\" content=\"Written by\" \/>\n\t<meta name=\"twitter:data1\" content=\"eir\" \/>\n\t<meta name=\"twitter:label2\" content=\"Est. reading time\" \/>\n\t<meta name=\"twitter:data2\" content=\"2 minutes\" \/>\n<script type=\"application\/ld+json\" class=\"yoast-schema-graph\">{\"@context\":\"https:\/\/schema.org\",\"@graph\":[{\"@type\":\"WebPage\",\"@id\":\"https:\/\/eirikurjonsson.is\/index.php\/2024\/12\/06\/margir-hafa-kvefast-nylega\/\",\"url\":\"https:\/\/eirikurjonsson.is\/index.php\/2024\/12\/06\/margir-hafa-kvefast-nylega\/\",\"name\":\"\\\"MARGIR HAFA KVEFAST N\u00ddLEGA...\\\" &#8211; Eir\u00edkur J\u00f3nsson\",\"isPartOf\":{\"@id\":\"https:\/\/eirikurjonsson.is\/#website\"},\"datePublished\":\"2024-12-06T13:18:50+00:00\",\"dateModified\":\"2024-12-06T13:19:09+00:00\",\"author\":{\"@id\":\"https:\/\/eirikurjonsson.is\/#\/schema\/person\/308afa1d0e201918034e31b1da4f07a5\"},\"breadcrumb\":{\"@id\":\"https:\/\/eirikurjonsson.is\/index.php\/2024\/12\/06\/margir-hafa-kvefast-nylega\/#breadcrumb\"},\"inLanguage\":\"is\",\"potentialAction\":[{\"@type\":\"ReadAction\",\"target\":[\"https:\/\/eirikurjonsson.is\/index.php\/2024\/12\/06\/margir-hafa-kvefast-nylega\/\"]}]},{\"@type\":\"BreadcrumbList\",\"@id\":\"https:\/\/eirikurjonsson.is\/index.php\/2024\/12\/06\/margir-hafa-kvefast-nylega\/#breadcrumb\",\"itemListElement\":[{\"@type\":\"ListItem\",\"position\":1,\"name\":\"Home\",\"item\":\"https:\/\/eirikurjonsson.is\/\"},{\"@type\":\"ListItem\",\"position\":2,\"name\":\"&#8222;MARGIR HAFA KVEFAST N\u00ddLEGA&#8230;&#8220;\"}]},{\"@type\":\"WebSite\",\"@id\":\"https:\/\/eirikurjonsson.is\/#website\",\"url\":\"https:\/\/eirikurjonsson.is\/\",\"name\":\"Eir\u00edkur J\u00f3nsson\",\"description\":\"Eir\u00edkur J\u00f3nsson | EIR eirikurjonsson.is\",\"potentialAction\":[{\"@type\":\"SearchAction\",\"target\":{\"@type\":\"EntryPoint\",\"urlTemplate\":\"https:\/\/eirikurjonsson.is\/?s={search_term_string}\"},\"query-input\":\"required name=search_term_string\"}],\"inLanguage\":\"is\"},{\"@type\":\"Person\",\"@id\":\"https:\/\/eirikurjonsson.is\/#\/schema\/person\/308afa1d0e201918034e31b1da4f07a5\",\"name\":\"eir\",\"image\":{\"@type\":\"ImageObject\",\"inLanguage\":\"is\",\"@id\":\"https:\/\/eirikurjonsson.is\/#\/schema\/person\/image\/\",\"url\":\"https:\/\/secure.gravatar.com\/avatar\/b6748316a4400053a1fa9f4694b38d294dc5da6f4bacc727742bd8f3e689f87c?s=96&d=mm&r=g\",\"contentUrl\":\"https:\/\/secure.gravatar.com\/avatar\/b6748316a4400053a1fa9f4694b38d294dc5da6f4bacc727742bd8f3e689f87c?s=96&d=mm&r=g\",\"caption\":\"eir\"},\"url\":\"https:\/\/eirikurjonsson.is\/index.php\/author\/eir\/\"}]}<\/script>\n<!-- \/ Yoast SEO plugin. -->","yoast_head_json":{"title":"\"MARGIR HAFA KVEFAST N\u00ddLEGA...\" &#8211; Eir\u00edkur J\u00f3nsson","robots":{"index":"index","follow":"follow","max-snippet":"max-snippet:-1","max-image-preview":"max-image-preview:large","max-video-preview":"max-video-preview:-1"},"canonical":"https:\/\/eirikurjonsson.is\/index.php\/2024\/12\/06\/margir-hafa-kvefast-nylega\/","og_locale":"is_IS","og_type":"article","og_title":"\"MARGIR HAFA KVEFAST N\u00ddLEGA...\" &#8211; Eir\u00edkur J\u00f3nsson","og_description":"&#8222;Margir hafa kvefast n\u00fdlega. \u00dea\u00f0 er \u00feurrafrost \u00ed nor\u00f0an\u00e1ttinni,&#8220; segir Ragnar \u00d6nundarson fyrrverandi bankastj\u00f3ri og n\u00fa \u00f6tull samf\u00e9lagsr\u00fdnir: &#8211; &#8222;F\u00f3lk kvefast l\u00edka \u00ed flugv\u00e9lum, \u00fear sem rakastigi\u00f0 er 5-7%. Rakastig \u00ed h\u00fasum fer ni\u00f0ur \u00ed 10% en l\u00e6gri m\u00f6rk hins heilsusamlega eru 30%. Ekkert er unni\u00f0 vi\u00f0 a\u00f0 hafa h\u00e6rra rakastig, \u00fe\u00e1 myndast bara d\u00f6gg [&hellip;]","og_url":"https:\/\/eirikurjonsson.is\/index.php\/2024\/12\/06\/margir-hafa-kvefast-nylega\/","og_site_name":"Eir\u00edkur J\u00f3nsson","article_published_time":"2024-12-06T13:18:50+00:00","article_modified_time":"2024-12-06T13:19:09+00:00","og_image":[{"width":624,"height":716,"url":"https:\/\/eirikurjonsson.is\/wp-content\/uploads\/2024\/12\/flensan1.jpg","type":"image\/jpeg"}],"author":"eir","twitter_card":"summary_large_image","twitter_misc":{"Written by":"eir","Est. reading time":"2 minutes"},"schema":{"@context":"https:\/\/schema.org","@graph":[{"@type":"WebPage","@id":"https:\/\/eirikurjonsson.is\/index.php\/2024\/12\/06\/margir-hafa-kvefast-nylega\/","url":"https:\/\/eirikurjonsson.is\/index.php\/2024\/12\/06\/margir-hafa-kvefast-nylega\/","name":"\"MARGIR HAFA KVEFAST N\u00ddLEGA...\" &#8211; Eir\u00edkur J\u00f3nsson","isPartOf":{"@id":"https:\/\/eirikurjonsson.is\/#website"},"datePublished":"2024-12-06T13:18:50+00:00","dateModified":"2024-12-06T13:19:09+00:00","author":{"@id":"https:\/\/eirikurjonsson.is\/#\/schema\/person\/308afa1d0e201918034e31b1da4f07a5"},"breadcrumb":{"@id":"https:\/\/eirikurjonsson.is\/index.php\/2024\/12\/06\/margir-hafa-kvefast-nylega\/#breadcrumb"},"inLanguage":"is","potentialAction":[{"@type":"ReadAction","target":["https:\/\/eirikurjonsson.is\/index.php\/2024\/12\/06\/margir-hafa-kvefast-nylega\/"]}]},{"@type":"BreadcrumbList","@id":"https:\/\/eirikurjonsson.is\/index.php\/2024\/12\/06\/margir-hafa-kvefast-nylega\/#breadcrumb","itemListElement":[{"@type":"ListItem","position":1,"name":"Home","item":"https:\/\/eirikurjonsson.is\/"},{"@type":"ListItem","position":2,"name":"&#8222;MARGIR HAFA KVEFAST N\u00ddLEGA&#8230;&#8220;"}]},{"@type":"WebSite","@id":"https:\/\/eirikurjonsson.is\/#website","url":"https:\/\/eirikurjonsson.is\/","name":"Eir\u00edkur J\u00f3nsson","description":"Eir\u00edkur J\u00f3nsson | EIR eirikurjonsson.is","potentialAction":[{"@type":"SearchAction","target":{"@type":"EntryPoint","urlTemplate":"https:\/\/eirikurjonsson.is\/?s={search_term_string}"},"query-input":"required name=search_term_string"}],"inLanguage":"is"},{"@type":"Person","@id":"https:\/\/eirikurjonsson.is\/#\/schema\/person\/308afa1d0e201918034e31b1da4f07a5","name":"eir","image":{"@type":"ImageObject","inLanguage":"is","@id":"https:\/\/eirikurjonsson.is\/#\/schema\/person\/image\/","url":"https:\/\/secure.gravatar.com\/avatar\/b6748316a4400053a1fa9f4694b38d294dc5da6f4bacc727742bd8f3e689f87c?s=96&d=mm&r=g","contentUrl":"https:\/\/secure.gravatar.com\/avatar\/b6748316a4400053a1fa9f4694b38d294dc5da6f4bacc727742bd8f3e689f87c?s=96&d=mm&r=g","caption":"eir"},"url":"https:\/\/eirikurjonsson.is\/index.php\/author\/eir\/"}]}},"_links":{"self":[{"href":"https:\/\/eirikurjonsson.is\/index.php\/wp-json\/wp\/v2\/posts\/4499","targetHints":{"allow":["GET"]}}],"collection":[{"href":"https:\/\/eirikurjonsson.is\/index.php\/wp-json\/wp\/v2\/posts"}],"about":[{"href":"https:\/\/eirikurjonsson.is\/index.php\/wp-json\/wp\/v2\/types\/post"}],"author":[{"embeddable":true,"href":"https:\/\/eirikurjonsson.is\/index.php\/wp-json\/wp\/v2\/users\/2"}],"replies":[{"embeddable":true,"href":"https:\/\/eirikurjonsson.is\/index.php\/wp-json\/wp\/v2\/comments?post=4499"}],"version-history":[{"count":1,"href":"https:\/\/eirikurjonsson.is\/index.php\/wp-json\/wp\/v2\/posts\/4499\/revisions"}],"predecessor-version":[{"id":4502,"href":"https:\/\/eirikurjonsson.is\/index.php\/wp-json\/wp\/v2\/posts\/4499\/revisions\/4502"}],"wp:featuredmedia":[{"embeddable":true,"href":"https:\/\/eirikurjonsson.is\/index.php\/wp-json\/wp\/v2\/media\/4500"}],"wp:attachment":[{"href":"https:\/\/eirikurjonsson.is\/index.php\/wp-json\/wp\/v2\/media?parent=4499"}],"wp:term":[{"taxonomy":"category","embeddable":true,"href":"https:\/\/eirikurjonsson.is\/index.php\/wp-json\/wp\/v2\/categories?post=4499"},{"taxonomy":"post_tag","embeddable":true,"href":"https:\/\/eirikurjonsson.is\/index.php\/wp-json\/wp\/v2\/tags?post=4499"}],"curies":[{"name":"wp","href":"https:\/\/api.w.org\/{rel}","templated":true}]}}