{"id":4468,"date":"2024-12-04T11:48:19","date_gmt":"2024-12-04T11:48:19","guid":{"rendered":"https:\/\/eirikurjonsson.is\/?p=4468"},"modified":"2024-12-04T11:48:34","modified_gmt":"2024-12-04T11:48:34","slug":"sanunni-i-vesturbaejarlaug-lokad","status":"publish","type":"post","link":"https:\/\/eirikurjonsson.is\/index.php\/2024\/12\/04\/sanunni-i-vesturbaejarlaug-lokad\/","title":{"rendered":"S\u00c1NUNNI \u00cd VESTURB\u00c6JARLAUG LOKA\u00d0"},"content":{"rendered":"<div class=\"xdj266r x11i5rnm xat24cr x1mh8g0r x1vvkbs x126k92a\">\n<div dir=\"auto\">Fr\u00e1 og me\u00f0 fimmtudeginum 5. desember ver\u00f0ur s\u00e1nunni \u00ed Vesturb\u00e6jarlaug loka\u00f0.<\/div>\n<\/div>\n<div class=\"x11i5rnm xat24cr x1mh8g0r x1vvkbs xtlvy1s x126k92a\">\n<div dir=\"auto\">Veri\u00f0 er a\u00f0 hefja ni\u00f0urrif \u00e1 s\u00e1naklefunum sem er fyrsti li\u00f0ur \u00ed endurb\u00f3tum \u00e1 \u00feessum elsta hluta mannvirkisins. Endanleg h\u00f6nnun \u00e1 \u00fev\u00ed sem kemur \u00ed sta\u00f0inn liggur ekki fyrir en \u00feegar h\u00fan er tilb\u00fain ver\u00f0ur h\u00fan kynnt fyrir gestum.<\/div>\n<\/div>\n<div class=\"x11i5rnm xat24cr x1mh8g0r x1vvkbs xtlvy1s x126k92a\">\n<div dir=\"auto\">Vesturb\u00e6jarlaug bi\u00f0st velvir\u00f0ingar \u00e1 \u00feeim \u00f3\u00fe\u00e6gindum og raski sem ni\u00f0urrifi\u00f0 kann a\u00f0 hafa \u00ed f\u00f6r me\u00f0 s\u00e9r.<\/div>\n<\/div>\n","protected":false},"excerpt":{"rendered":"<p>Fr\u00e1 og me\u00f0 fimmtudeginum 5. desember ver\u00f0ur s\u00e1nunni \u00ed Vesturb\u00e6jarlaug loka\u00f0. Veri\u00f0 er a\u00f0 hefja ni\u00f0urrif \u00e1 s\u00e1naklefunum sem er fyrsti li\u00f0ur \u00ed endurb\u00f3tum \u00e1 \u00feessum elsta hluta mannvirkisins. Endanleg h\u00f6nnun \u00e1 \u00fev\u00ed sem kemur \u00ed sta\u00f0inn liggur ekki fyrir en \u00feegar h\u00fan er tilb\u00fain ver\u00f0ur h\u00fan kynnt fyrir gestum. Vesturb\u00e6jarlaug bi\u00f0st velvir\u00f0ingar \u00e1 \u00feeim [&hellip;]<\/p>\n","protected":false},"author":2,"featured_media":4469,"comment_status":"open","ping_status":"open","sticky":false,"template":"","format":"standard","meta":{"_monsterinsights_skip_tracking":false,"_monsterinsights_sitenote_active":false,"_monsterinsights_sitenote_note":"","_monsterinsights_sitenote_category":0,"footnotes":""},"categories":[31],"tags":[],"class_list":{"0":"post-4468","1":"post","2":"type-post","3":"status-publish","4":"format-standard","5":"has-post-thumbnail","7":"category-greinar"},"yoast_head":"<!-- This site is optimized with the Yoast SEO plugin v22.0 - https:\/\/yoast.com\/wordpress\/plugins\/seo\/ -->\n<title>S\u00c1NUNNI \u00cd VESTURB\u00c6JARLAUG LOKA\u00d0 &#8211; Eir\u00edkur J\u00f3nsson<\/title>\n<meta name=\"robots\" content=\"index, follow, max-snippet:-1, max-image-preview:large, max-video-preview:-1\" \/>\n<link rel=\"canonical\" href=\"https:\/\/eirikurjonsson.is\/index.php\/2024\/12\/04\/sanunni-i-vesturbaejarlaug-lokad\/\" \/>\n<meta property=\"og:locale\" content=\"is_IS\" \/>\n<meta property=\"og:type\" content=\"article\" \/>\n<meta property=\"og:title\" content=\"S\u00c1NUNNI \u00cd VESTURB\u00c6JARLAUG LOKA\u00d0 &#8211; Eir\u00edkur J\u00f3nsson\" \/>\n<meta property=\"og:description\" content=\"Fr\u00e1 og me\u00f0 fimmtudeginum 5. desember ver\u00f0ur s\u00e1nunni \u00ed Vesturb\u00e6jarlaug loka\u00f0. Veri\u00f0 er a\u00f0 hefja ni\u00f0urrif \u00e1 s\u00e1naklefunum sem er fyrsti li\u00f0ur \u00ed endurb\u00f3tum \u00e1 \u00feessum elsta hluta mannvirkisins. Endanleg h\u00f6nnun \u00e1 \u00fev\u00ed sem kemur \u00ed sta\u00f0inn liggur ekki fyrir en \u00feegar h\u00fan er tilb\u00fain ver\u00f0ur h\u00fan kynnt fyrir gestum. Vesturb\u00e6jarlaug bi\u00f0st velvir\u00f0ingar \u00e1 \u00feeim [&hellip;]\" \/>\n<meta property=\"og:url\" content=\"https:\/\/eirikurjonsson.is\/index.php\/2024\/12\/04\/sanunni-i-vesturbaejarlaug-lokad\/\" \/>\n<meta property=\"og:site_name\" content=\"Eir\u00edkur J\u00f3nsson\" \/>\n<meta property=\"article:published_time\" content=\"2024-12-04T11:48:19+00:00\" \/>\n<meta property=\"article:modified_time\" content=\"2024-12-04T11:48:34+00:00\" \/>\n<meta property=\"og:image\" content=\"https:\/\/eirikurjonsson.is\/wp-content\/uploads\/2024\/12\/sauna.jpg\" \/>\n\t<meta property=\"og:image:width\" content=\"330\" \/>\n\t<meta property=\"og:image:height\" content=\"234\" \/>\n\t<meta property=\"og:image:type\" content=\"image\/jpeg\" \/>\n<meta name=\"author\" content=\"eir\" \/>\n<meta name=\"twitter:card\" content=\"summary_large_image\" \/>\n<meta name=\"twitter:label1\" content=\"Written by\" \/>\n\t<meta name=\"twitter:data1\" content=\"eir\" \/>\n\t<meta name=\"twitter:label2\" content=\"Est. reading time\" \/>\n\t<meta name=\"twitter:data2\" content=\"1 minute\" \/>\n<script type=\"application\/ld+json\" class=\"yoast-schema-graph\">{\"@context\":\"https:\/\/schema.org\",\"@graph\":[{\"@type\":\"WebPage\",\"@id\":\"https:\/\/eirikurjonsson.is\/index.php\/2024\/12\/04\/sanunni-i-vesturbaejarlaug-lokad\/\",\"url\":\"https:\/\/eirikurjonsson.is\/index.php\/2024\/12\/04\/sanunni-i-vesturbaejarlaug-lokad\/\",\"name\":\"S\u00c1NUNNI \u00cd VESTURB\u00c6JARLAUG LOKA\u00d0 &#8211; Eir\u00edkur J\u00f3nsson\",\"isPartOf\":{\"@id\":\"https:\/\/eirikurjonsson.is\/#website\"},\"datePublished\":\"2024-12-04T11:48:19+00:00\",\"dateModified\":\"2024-12-04T11:48:34+00:00\",\"author\":{\"@id\":\"https:\/\/eirikurjonsson.is\/#\/schema\/person\/308afa1d0e201918034e31b1da4f07a5\"},\"breadcrumb\":{\"@id\":\"https:\/\/eirikurjonsson.is\/index.php\/2024\/12\/04\/sanunni-i-vesturbaejarlaug-lokad\/#breadcrumb\"},\"inLanguage\":\"is\",\"potentialAction\":[{\"@type\":\"ReadAction\",\"target\":[\"https:\/\/eirikurjonsson.is\/index.php\/2024\/12\/04\/sanunni-i-vesturbaejarlaug-lokad\/\"]}]},{\"@type\":\"BreadcrumbList\",\"@id\":\"https:\/\/eirikurjonsson.is\/index.php\/2024\/12\/04\/sanunni-i-vesturbaejarlaug-lokad\/#breadcrumb\",\"itemListElement\":[{\"@type\":\"ListItem\",\"position\":1,\"name\":\"Home\",\"item\":\"https:\/\/eirikurjonsson.is\/\"},{\"@type\":\"ListItem\",\"position\":2,\"name\":\"S\u00c1NUNNI \u00cd VESTURB\u00c6JARLAUG LOKA\u00d0\"}]},{\"@type\":\"WebSite\",\"@id\":\"https:\/\/eirikurjonsson.is\/#website\",\"url\":\"https:\/\/eirikurjonsson.is\/\",\"name\":\"Eir\u00edkur J\u00f3nsson\",\"description\":\"Eir\u00edkur J\u00f3nsson | EIR eirikurjonsson.is\",\"potentialAction\":[{\"@type\":\"SearchAction\",\"target\":{\"@type\":\"EntryPoint\",\"urlTemplate\":\"https:\/\/eirikurjonsson.is\/?s={search_term_string}\"},\"query-input\":\"required name=search_term_string\"}],\"inLanguage\":\"is\"},{\"@type\":\"Person\",\"@id\":\"https:\/\/eirikurjonsson.is\/#\/schema\/person\/308afa1d0e201918034e31b1da4f07a5\",\"name\":\"eir\",\"image\":{\"@type\":\"ImageObject\",\"inLanguage\":\"is\",\"@id\":\"https:\/\/eirikurjonsson.is\/#\/schema\/person\/image\/\",\"url\":\"https:\/\/secure.gravatar.com\/avatar\/b6748316a4400053a1fa9f4694b38d294dc5da6f4bacc727742bd8f3e689f87c?s=96&d=mm&r=g\",\"contentUrl\":\"https:\/\/secure.gravatar.com\/avatar\/b6748316a4400053a1fa9f4694b38d294dc5da6f4bacc727742bd8f3e689f87c?s=96&d=mm&r=g\",\"caption\":\"eir\"},\"url\":\"https:\/\/eirikurjonsson.is\/index.php\/author\/eir\/\"}]}<\/script>\n<!-- \/ Yoast SEO plugin. -->","yoast_head_json":{"title":"S\u00c1NUNNI \u00cd VESTURB\u00c6JARLAUG LOKA\u00d0 &#8211; Eir\u00edkur J\u00f3nsson","robots":{"index":"index","follow":"follow","max-snippet":"max-snippet:-1","max-image-preview":"max-image-preview:large","max-video-preview":"max-video-preview:-1"},"canonical":"https:\/\/eirikurjonsson.is\/index.php\/2024\/12\/04\/sanunni-i-vesturbaejarlaug-lokad\/","og_locale":"is_IS","og_type":"article","og_title":"S\u00c1NUNNI \u00cd VESTURB\u00c6JARLAUG LOKA\u00d0 &#8211; Eir\u00edkur J\u00f3nsson","og_description":"Fr\u00e1 og me\u00f0 fimmtudeginum 5. desember ver\u00f0ur s\u00e1nunni \u00ed Vesturb\u00e6jarlaug loka\u00f0. Veri\u00f0 er a\u00f0 hefja ni\u00f0urrif \u00e1 s\u00e1naklefunum sem er fyrsti li\u00f0ur \u00ed endurb\u00f3tum \u00e1 \u00feessum elsta hluta mannvirkisins. Endanleg h\u00f6nnun \u00e1 \u00fev\u00ed sem kemur \u00ed sta\u00f0inn liggur ekki fyrir en \u00feegar h\u00fan er tilb\u00fain ver\u00f0ur h\u00fan kynnt fyrir gestum. Vesturb\u00e6jarlaug bi\u00f0st velvir\u00f0ingar \u00e1 \u00feeim [&hellip;]","og_url":"https:\/\/eirikurjonsson.is\/index.php\/2024\/12\/04\/sanunni-i-vesturbaejarlaug-lokad\/","og_site_name":"Eir\u00edkur J\u00f3nsson","article_published_time":"2024-12-04T11:48:19+00:00","article_modified_time":"2024-12-04T11:48:34+00:00","og_image":[{"width":330,"height":234,"url":"https:\/\/eirikurjonsson.is\/wp-content\/uploads\/2024\/12\/sauna.jpg","type":"image\/jpeg"}],"author":"eir","twitter_card":"summary_large_image","twitter_misc":{"Written by":"eir","Est. reading time":"1 minute"},"schema":{"@context":"https:\/\/schema.org","@graph":[{"@type":"WebPage","@id":"https:\/\/eirikurjonsson.is\/index.php\/2024\/12\/04\/sanunni-i-vesturbaejarlaug-lokad\/","url":"https:\/\/eirikurjonsson.is\/index.php\/2024\/12\/04\/sanunni-i-vesturbaejarlaug-lokad\/","name":"S\u00c1NUNNI \u00cd VESTURB\u00c6JARLAUG LOKA\u00d0 &#8211; Eir\u00edkur J\u00f3nsson","isPartOf":{"@id":"https:\/\/eirikurjonsson.is\/#website"},"datePublished":"2024-12-04T11:48:19+00:00","dateModified":"2024-12-04T11:48:34+00:00","author":{"@id":"https:\/\/eirikurjonsson.is\/#\/schema\/person\/308afa1d0e201918034e31b1da4f07a5"},"breadcrumb":{"@id":"https:\/\/eirikurjonsson.is\/index.php\/2024\/12\/04\/sanunni-i-vesturbaejarlaug-lokad\/#breadcrumb"},"inLanguage":"is","potentialAction":[{"@type":"ReadAction","target":["https:\/\/eirikurjonsson.is\/index.php\/2024\/12\/04\/sanunni-i-vesturbaejarlaug-lokad\/"]}]},{"@type":"BreadcrumbList","@id":"https:\/\/eirikurjonsson.is\/index.php\/2024\/12\/04\/sanunni-i-vesturbaejarlaug-lokad\/#breadcrumb","itemListElement":[{"@type":"ListItem","position":1,"name":"Home","item":"https:\/\/eirikurjonsson.is\/"},{"@type":"ListItem","position":2,"name":"S\u00c1NUNNI \u00cd VESTURB\u00c6JARLAUG LOKA\u00d0"}]},{"@type":"WebSite","@id":"https:\/\/eirikurjonsson.is\/#website","url":"https:\/\/eirikurjonsson.is\/","name":"Eir\u00edkur J\u00f3nsson","description":"Eir\u00edkur J\u00f3nsson | EIR eirikurjonsson.is","potentialAction":[{"@type":"SearchAction","target":{"@type":"EntryPoint","urlTemplate":"https:\/\/eirikurjonsson.is\/?s={search_term_string}"},"query-input":"required name=search_term_string"}],"inLanguage":"is"},{"@type":"Person","@id":"https:\/\/eirikurjonsson.is\/#\/schema\/person\/308afa1d0e201918034e31b1da4f07a5","name":"eir","image":{"@type":"ImageObject","inLanguage":"is","@id":"https:\/\/eirikurjonsson.is\/#\/schema\/person\/image\/","url":"https:\/\/secure.gravatar.com\/avatar\/b6748316a4400053a1fa9f4694b38d294dc5da6f4bacc727742bd8f3e689f87c?s=96&d=mm&r=g","contentUrl":"https:\/\/secure.gravatar.com\/avatar\/b6748316a4400053a1fa9f4694b38d294dc5da6f4bacc727742bd8f3e689f87c?s=96&d=mm&r=g","caption":"eir"},"url":"https:\/\/eirikurjonsson.is\/index.php\/author\/eir\/"}]}},"_links":{"self":[{"href":"https:\/\/eirikurjonsson.is\/index.php\/wp-json\/wp\/v2\/posts\/4468","targetHints":{"allow":["GET"]}}],"collection":[{"href":"https:\/\/eirikurjonsson.is\/index.php\/wp-json\/wp\/v2\/posts"}],"about":[{"href":"https:\/\/eirikurjonsson.is\/index.php\/wp-json\/wp\/v2\/types\/post"}],"author":[{"embeddable":true,"href":"https:\/\/eirikurjonsson.is\/index.php\/wp-json\/wp\/v2\/users\/2"}],"replies":[{"embeddable":true,"href":"https:\/\/eirikurjonsson.is\/index.php\/wp-json\/wp\/v2\/comments?post=4468"}],"version-history":[{"count":1,"href":"https:\/\/eirikurjonsson.is\/index.php\/wp-json\/wp\/v2\/posts\/4468\/revisions"}],"predecessor-version":[{"id":4470,"href":"https:\/\/eirikurjonsson.is\/index.php\/wp-json\/wp\/v2\/posts\/4468\/revisions\/4470"}],"wp:featuredmedia":[{"embeddable":true,"href":"https:\/\/eirikurjonsson.is\/index.php\/wp-json\/wp\/v2\/media\/4469"}],"wp:attachment":[{"href":"https:\/\/eirikurjonsson.is\/index.php\/wp-json\/wp\/v2\/media?parent=4468"}],"wp:term":[{"taxonomy":"category","embeddable":true,"href":"https:\/\/eirikurjonsson.is\/index.php\/wp-json\/wp\/v2\/categories?post=4468"},{"taxonomy":"post_tag","embeddable":true,"href":"https:\/\/eirikurjonsson.is\/index.php\/wp-json\/wp\/v2\/tags?post=4468"}],"curies":[{"name":"wp","href":"https:\/\/api.w.org\/{rel}","templated":true}]}}