{"id":4397,"date":"2024-11-29T14:41:07","date_gmt":"2024-11-29T14:41:07","guid":{"rendered":"https:\/\/eirikurjonsson.is\/?p=4397"},"modified":"2024-11-29T14:41:22","modified_gmt":"2024-11-29T14:41:22","slug":"holminn-i-tjorninni-tekinn-i-gegn-a-is","status":"publish","type":"post","link":"https:\/\/eirikurjonsson.is\/index.php\/2024\/11\/29\/holminn-i-tjorninni-tekinn-i-gegn-a-is\/","title":{"rendered":"H\u00d3LMINN \u00cd TJ\u00d6RNINNI TEKINN \u00cd GEGN \u00c1 \u00cdS"},"content":{"rendered":"<p>Stefnt er a\u00f0 \u00fev\u00ed a\u00f0 hefja framkv\u00e6mdir \u00ed st\u00f3ra h\u00f3lmanum \u00ed Tj\u00f6rninni eftir helgi en markmi\u00f0 framkv\u00e6mdanna er a\u00f0 styrkja fuglal\u00edfi\u00f0 \u00e1 Tj\u00f6rninni. Fari\u00f0 ver\u00f0ur \u00ed a\u00f0ger\u00f0ir til \u00feess a\u00f0 b\u00e6ta varpland \u00ed h\u00f3lmanum, fyrir til a\u00f0 mynda endur, og einnig ver\u00f0a bakkavarnir endurn\u00fdja\u00f0ar.\u00a0 \u00c1 me\u00f0an framkv\u00e6mdir standa yfir \u00ed desemberm\u00e1nu\u00f0i \u00fearf a\u00f0 loka fyrir a\u00f0gengi gangandi a\u00f0 Tj\u00f6rninni til m\u00f3ts vi\u00f0 Fr\u00edkirkjuna og ver\u00f0a settar upp hj\u00e1lei\u00f0amerkingar.<\/p>\n<div>\n<div class=\"paragraph-type-text section-0\">\n<div id=\"section-3210886\">\n<p>\u00c1\u00f0ur hefur veri\u00f0 fari\u00f0 \u00ed svipa\u00f0ar framkv\u00e6mdir \u00ed \u00deorfinnstj\u00f6rn me\u00f0 g\u00f3\u00f0um \u00e1rangri \u00fear sem kr\u00eduvarp hefur eflst merkjanlega. Me\u00f0 a\u00f0ger\u00f0unum fylgir Reykjav\u00edkurborg eftir r\u00e1\u00f0leggingum l\u00edffr\u00e6\u00f0inga sem vakta\u00f0 hafa l\u00edfr\u00edki Tjarnarinnar um \u00e1rabil.<\/p>\n<\/div>\n<\/div>\n<\/div>\n<div>\n<div class=\"paragraph-type-text section-0\">\n<div id=\"section-3210886\">\n<p>Fjarl\u00e6gja \u00e1 efsta hluta n\u00faverandi yfirbor\u00f0s af h\u00f3lmanum, leggja \u00fat jar\u00f0vegsd\u00fak, m\u00f6l og jar\u00f0veg. Hluti h\u00f3lmans ver\u00f0ur \u00fe\u00f6kulag\u00f0ur \u00e1 n\u00fd. \u00dea\u00f0 er gert til \u00feess a\u00f0 draga \u00far s\u00f3kn hvannar og annarra st\u00f3rvaxinna tegunda sem draga \u00far g\u00e6\u00f0um varplands \u00ed h\u00f3lmanum. Grj\u00f3tkantur umhverfis h\u00f3lmann ver\u00f0ur endurhla\u00f0inn til \u00feess a\u00f0 draga \u00far rofi.<\/p>\n<h3 style=\"text-align: center;\">Frosti\u00f0 n\u00fdtt til framkv\u00e6mda<\/h3>\n<p>Stefnt er \u00e1 a\u00f0 n\u00fdta frostakafla framundan til \u00feess a\u00f0 fjarl\u00e6gja efsta lagi\u00f0 af h\u00f3lmanum og flytja efni \u00fat \u00ed hann. \u00dea\u00f0 er gert n\u00fa \u00fear sem flytja \u00fearf efni\u00f0 \u00e1 \u00eds. Til \u00feess a\u00f0 lj\u00faka seinasta hluta framkv\u00e6mda \u00fearf a\u00f0 b\u00ed\u00f0a \u00feanga\u00f0 til vorar \u00e1 n\u00fd. \u00de\u00e1 ver\u00f0ur h\u00e6gt ver\u00f0ur a\u00f0 ganga fr\u00e1 hle\u00f0slu umhverfis h\u00f3lmann og tyrfa yfir valin sv\u00e6\u00f0i. Verklok eru \u00e1\u00e6tlu\u00f0 \u00ed lok ma\u00ed 2025.<\/p>\n<\/div>\n<\/div>\n<\/div>\n","protected":false},"excerpt":{"rendered":"<p>Stefnt er a\u00f0 \u00fev\u00ed a\u00f0 hefja framkv\u00e6mdir \u00ed st\u00f3ra h\u00f3lmanum \u00ed Tj\u00f6rninni eftir helgi en markmi\u00f0 framkv\u00e6mdanna er a\u00f0 styrkja fuglal\u00edfi\u00f0 \u00e1 Tj\u00f6rninni. Fari\u00f0 ver\u00f0ur \u00ed a\u00f0ger\u00f0ir til \u00feess a\u00f0 b\u00e6ta varpland \u00ed h\u00f3lmanum, fyrir til a\u00f0 mynda endur, og einnig ver\u00f0a bakkavarnir endurn\u00fdja\u00f0ar.\u00a0 \u00c1 me\u00f0an framkv\u00e6mdir standa yfir \u00ed desemberm\u00e1nu\u00f0i \u00fearf a\u00f0 loka fyrir [&hellip;]<\/p>\n","protected":false},"author":2,"featured_media":4398,"comment_status":"open","ping_status":"open","sticky":false,"template":"","format":"standard","meta":{"_monsterinsights_skip_tracking":false,"_monsterinsights_sitenote_active":false,"_monsterinsights_sitenote_note":"","_monsterinsights_sitenote_category":0,"footnotes":""},"categories":[31],"tags":[],"class_list":{"0":"post-4397","1":"post","2":"type-post","3":"status-publish","4":"format-standard","5":"has-post-thumbnail","7":"category-greinar"},"yoast_head":"<!-- This site is optimized with the Yoast SEO plugin v22.0 - https:\/\/yoast.com\/wordpress\/plugins\/seo\/ -->\n<title>H\u00d3LMINN \u00cd TJ\u00d6RNINNI TEKINN \u00cd GEGN \u00c1 \u00cdS &#8211; Eir\u00edkur J\u00f3nsson<\/title>\n<meta name=\"robots\" content=\"index, follow, max-snippet:-1, max-image-preview:large, max-video-preview:-1\" \/>\n<link rel=\"canonical\" href=\"https:\/\/eirikurjonsson.is\/index.php\/2024\/11\/29\/holminn-i-tjorninni-tekinn-i-gegn-a-is\/\" \/>\n<meta property=\"og:locale\" content=\"is_IS\" \/>\n<meta property=\"og:type\" content=\"article\" \/>\n<meta property=\"og:title\" content=\"H\u00d3LMINN \u00cd TJ\u00d6RNINNI TEKINN \u00cd GEGN \u00c1 \u00cdS &#8211; Eir\u00edkur J\u00f3nsson\" \/>\n<meta property=\"og:description\" content=\"Stefnt er a\u00f0 \u00fev\u00ed a\u00f0 hefja framkv\u00e6mdir \u00ed st\u00f3ra h\u00f3lmanum \u00ed Tj\u00f6rninni eftir helgi en markmi\u00f0 framkv\u00e6mdanna er a\u00f0 styrkja fuglal\u00edfi\u00f0 \u00e1 Tj\u00f6rninni. Fari\u00f0 ver\u00f0ur \u00ed a\u00f0ger\u00f0ir til \u00feess a\u00f0 b\u00e6ta varpland \u00ed h\u00f3lmanum, fyrir til a\u00f0 mynda endur, og einnig ver\u00f0a bakkavarnir endurn\u00fdja\u00f0ar.\u00a0 \u00c1 me\u00f0an framkv\u00e6mdir standa yfir \u00ed desemberm\u00e1nu\u00f0i \u00fearf a\u00f0 loka fyrir [&hellip;]\" \/>\n<meta property=\"og:url\" content=\"https:\/\/eirikurjonsson.is\/index.php\/2024\/11\/29\/holminn-i-tjorninni-tekinn-i-gegn-a-is\/\" \/>\n<meta property=\"og:site_name\" content=\"Eir\u00edkur J\u00f3nsson\" \/>\n<meta property=\"article:published_time\" content=\"2024-11-29T14:41:07+00:00\" \/>\n<meta property=\"article:modified_time\" content=\"2024-11-29T14:41:22+00:00\" \/>\n<meta property=\"og:image\" content=\"https:\/\/eirikurjonsson.is\/wp-content\/uploads\/2024\/11\/HOLMINN-I-FROSTI.jpg\" \/>\n\t<meta property=\"og:image:width\" content=\"1024\" \/>\n\t<meta property=\"og:image:height\" content=\"768\" \/>\n\t<meta property=\"og:image:type\" content=\"image\/jpeg\" \/>\n<meta name=\"author\" content=\"eir\" \/>\n<meta name=\"twitter:card\" content=\"summary_large_image\" \/>\n<meta name=\"twitter:label1\" content=\"Written by\" \/>\n\t<meta name=\"twitter:data1\" content=\"eir\" \/>\n\t<meta name=\"twitter:label2\" content=\"Est. reading time\" \/>\n\t<meta name=\"twitter:data2\" content=\"2 minutes\" \/>\n<script type=\"application\/ld+json\" class=\"yoast-schema-graph\">{\"@context\":\"https:\/\/schema.org\",\"@graph\":[{\"@type\":\"WebPage\",\"@id\":\"https:\/\/eirikurjonsson.is\/index.php\/2024\/11\/29\/holminn-i-tjorninni-tekinn-i-gegn-a-is\/\",\"url\":\"https:\/\/eirikurjonsson.is\/index.php\/2024\/11\/29\/holminn-i-tjorninni-tekinn-i-gegn-a-is\/\",\"name\":\"H\u00d3LMINN \u00cd TJ\u00d6RNINNI TEKINN \u00cd GEGN \u00c1 \u00cdS &#8211; Eir\u00edkur J\u00f3nsson\",\"isPartOf\":{\"@id\":\"https:\/\/eirikurjonsson.is\/#website\"},\"datePublished\":\"2024-11-29T14:41:07+00:00\",\"dateModified\":\"2024-11-29T14:41:22+00:00\",\"author\":{\"@id\":\"https:\/\/eirikurjonsson.is\/#\/schema\/person\/308afa1d0e201918034e31b1da4f07a5\"},\"breadcrumb\":{\"@id\":\"https:\/\/eirikurjonsson.is\/index.php\/2024\/11\/29\/holminn-i-tjorninni-tekinn-i-gegn-a-is\/#breadcrumb\"},\"inLanguage\":\"is\",\"potentialAction\":[{\"@type\":\"ReadAction\",\"target\":[\"https:\/\/eirikurjonsson.is\/index.php\/2024\/11\/29\/holminn-i-tjorninni-tekinn-i-gegn-a-is\/\"]}]},{\"@type\":\"BreadcrumbList\",\"@id\":\"https:\/\/eirikurjonsson.is\/index.php\/2024\/11\/29\/holminn-i-tjorninni-tekinn-i-gegn-a-is\/#breadcrumb\",\"itemListElement\":[{\"@type\":\"ListItem\",\"position\":1,\"name\":\"Home\",\"item\":\"https:\/\/eirikurjonsson.is\/\"},{\"@type\":\"ListItem\",\"position\":2,\"name\":\"H\u00d3LMINN \u00cd TJ\u00d6RNINNI TEKINN \u00cd GEGN \u00c1 \u00cdS\"}]},{\"@type\":\"WebSite\",\"@id\":\"https:\/\/eirikurjonsson.is\/#website\",\"url\":\"https:\/\/eirikurjonsson.is\/\",\"name\":\"Eir\u00edkur J\u00f3nsson\",\"description\":\"Eir\u00edkur J\u00f3nsson | EIR eirikurjonsson.is\",\"potentialAction\":[{\"@type\":\"SearchAction\",\"target\":{\"@type\":\"EntryPoint\",\"urlTemplate\":\"https:\/\/eirikurjonsson.is\/?s={search_term_string}\"},\"query-input\":\"required name=search_term_string\"}],\"inLanguage\":\"is\"},{\"@type\":\"Person\",\"@id\":\"https:\/\/eirikurjonsson.is\/#\/schema\/person\/308afa1d0e201918034e31b1da4f07a5\",\"name\":\"eir\",\"image\":{\"@type\":\"ImageObject\",\"inLanguage\":\"is\",\"@id\":\"https:\/\/eirikurjonsson.is\/#\/schema\/person\/image\/\",\"url\":\"https:\/\/secure.gravatar.com\/avatar\/b6748316a4400053a1fa9f4694b38d294dc5da6f4bacc727742bd8f3e689f87c?s=96&d=mm&r=g\",\"contentUrl\":\"https:\/\/secure.gravatar.com\/avatar\/b6748316a4400053a1fa9f4694b38d294dc5da6f4bacc727742bd8f3e689f87c?s=96&d=mm&r=g\",\"caption\":\"eir\"},\"url\":\"https:\/\/eirikurjonsson.is\/index.php\/author\/eir\/\"}]}<\/script>\n<!-- \/ Yoast SEO plugin. -->","yoast_head_json":{"title":"H\u00d3LMINN \u00cd TJ\u00d6RNINNI TEKINN \u00cd GEGN \u00c1 \u00cdS &#8211; Eir\u00edkur J\u00f3nsson","robots":{"index":"index","follow":"follow","max-snippet":"max-snippet:-1","max-image-preview":"max-image-preview:large","max-video-preview":"max-video-preview:-1"},"canonical":"https:\/\/eirikurjonsson.is\/index.php\/2024\/11\/29\/holminn-i-tjorninni-tekinn-i-gegn-a-is\/","og_locale":"is_IS","og_type":"article","og_title":"H\u00d3LMINN \u00cd TJ\u00d6RNINNI TEKINN \u00cd GEGN \u00c1 \u00cdS &#8211; Eir\u00edkur J\u00f3nsson","og_description":"Stefnt er a\u00f0 \u00fev\u00ed a\u00f0 hefja framkv\u00e6mdir \u00ed st\u00f3ra h\u00f3lmanum \u00ed Tj\u00f6rninni eftir helgi en markmi\u00f0 framkv\u00e6mdanna er a\u00f0 styrkja fuglal\u00edfi\u00f0 \u00e1 Tj\u00f6rninni. Fari\u00f0 ver\u00f0ur \u00ed a\u00f0ger\u00f0ir til \u00feess a\u00f0 b\u00e6ta varpland \u00ed h\u00f3lmanum, fyrir til a\u00f0 mynda endur, og einnig ver\u00f0a bakkavarnir endurn\u00fdja\u00f0ar.\u00a0 \u00c1 me\u00f0an framkv\u00e6mdir standa yfir \u00ed desemberm\u00e1nu\u00f0i \u00fearf a\u00f0 loka fyrir [&hellip;]","og_url":"https:\/\/eirikurjonsson.is\/index.php\/2024\/11\/29\/holminn-i-tjorninni-tekinn-i-gegn-a-is\/","og_site_name":"Eir\u00edkur J\u00f3nsson","article_published_time":"2024-11-29T14:41:07+00:00","article_modified_time":"2024-11-29T14:41:22+00:00","og_image":[{"width":1024,"height":768,"url":"https:\/\/eirikurjonsson.is\/wp-content\/uploads\/2024\/11\/HOLMINN-I-FROSTI.jpg","type":"image\/jpeg"}],"author":"eir","twitter_card":"summary_large_image","twitter_misc":{"Written by":"eir","Est. reading time":"2 minutes"},"schema":{"@context":"https:\/\/schema.org","@graph":[{"@type":"WebPage","@id":"https:\/\/eirikurjonsson.is\/index.php\/2024\/11\/29\/holminn-i-tjorninni-tekinn-i-gegn-a-is\/","url":"https:\/\/eirikurjonsson.is\/index.php\/2024\/11\/29\/holminn-i-tjorninni-tekinn-i-gegn-a-is\/","name":"H\u00d3LMINN \u00cd TJ\u00d6RNINNI TEKINN \u00cd GEGN \u00c1 \u00cdS &#8211; Eir\u00edkur J\u00f3nsson","isPartOf":{"@id":"https:\/\/eirikurjonsson.is\/#website"},"datePublished":"2024-11-29T14:41:07+00:00","dateModified":"2024-11-29T14:41:22+00:00","author":{"@id":"https:\/\/eirikurjonsson.is\/#\/schema\/person\/308afa1d0e201918034e31b1da4f07a5"},"breadcrumb":{"@id":"https:\/\/eirikurjonsson.is\/index.php\/2024\/11\/29\/holminn-i-tjorninni-tekinn-i-gegn-a-is\/#breadcrumb"},"inLanguage":"is","potentialAction":[{"@type":"ReadAction","target":["https:\/\/eirikurjonsson.is\/index.php\/2024\/11\/29\/holminn-i-tjorninni-tekinn-i-gegn-a-is\/"]}]},{"@type":"BreadcrumbList","@id":"https:\/\/eirikurjonsson.is\/index.php\/2024\/11\/29\/holminn-i-tjorninni-tekinn-i-gegn-a-is\/#breadcrumb","itemListElement":[{"@type":"ListItem","position":1,"name":"Home","item":"https:\/\/eirikurjonsson.is\/"},{"@type":"ListItem","position":2,"name":"H\u00d3LMINN \u00cd TJ\u00d6RNINNI TEKINN \u00cd GEGN \u00c1 \u00cdS"}]},{"@type":"WebSite","@id":"https:\/\/eirikurjonsson.is\/#website","url":"https:\/\/eirikurjonsson.is\/","name":"Eir\u00edkur J\u00f3nsson","description":"Eir\u00edkur J\u00f3nsson | EIR eirikurjonsson.is","potentialAction":[{"@type":"SearchAction","target":{"@type":"EntryPoint","urlTemplate":"https:\/\/eirikurjonsson.is\/?s={search_term_string}"},"query-input":"required name=search_term_string"}],"inLanguage":"is"},{"@type":"Person","@id":"https:\/\/eirikurjonsson.is\/#\/schema\/person\/308afa1d0e201918034e31b1da4f07a5","name":"eir","image":{"@type":"ImageObject","inLanguage":"is","@id":"https:\/\/eirikurjonsson.is\/#\/schema\/person\/image\/","url":"https:\/\/secure.gravatar.com\/avatar\/b6748316a4400053a1fa9f4694b38d294dc5da6f4bacc727742bd8f3e689f87c?s=96&d=mm&r=g","contentUrl":"https:\/\/secure.gravatar.com\/avatar\/b6748316a4400053a1fa9f4694b38d294dc5da6f4bacc727742bd8f3e689f87c?s=96&d=mm&r=g","caption":"eir"},"url":"https:\/\/eirikurjonsson.is\/index.php\/author\/eir\/"}]}},"_links":{"self":[{"href":"https:\/\/eirikurjonsson.is\/index.php\/wp-json\/wp\/v2\/posts\/4397","targetHints":{"allow":["GET"]}}],"collection":[{"href":"https:\/\/eirikurjonsson.is\/index.php\/wp-json\/wp\/v2\/posts"}],"about":[{"href":"https:\/\/eirikurjonsson.is\/index.php\/wp-json\/wp\/v2\/types\/post"}],"author":[{"embeddable":true,"href":"https:\/\/eirikurjonsson.is\/index.php\/wp-json\/wp\/v2\/users\/2"}],"replies":[{"embeddable":true,"href":"https:\/\/eirikurjonsson.is\/index.php\/wp-json\/wp\/v2\/comments?post=4397"}],"version-history":[{"count":1,"href":"https:\/\/eirikurjonsson.is\/index.php\/wp-json\/wp\/v2\/posts\/4397\/revisions"}],"predecessor-version":[{"id":4399,"href":"https:\/\/eirikurjonsson.is\/index.php\/wp-json\/wp\/v2\/posts\/4397\/revisions\/4399"}],"wp:featuredmedia":[{"embeddable":true,"href":"https:\/\/eirikurjonsson.is\/index.php\/wp-json\/wp\/v2\/media\/4398"}],"wp:attachment":[{"href":"https:\/\/eirikurjonsson.is\/index.php\/wp-json\/wp\/v2\/media?parent=4397"}],"wp:term":[{"taxonomy":"category","embeddable":true,"href":"https:\/\/eirikurjonsson.is\/index.php\/wp-json\/wp\/v2\/categories?post=4397"},{"taxonomy":"post_tag","embeddable":true,"href":"https:\/\/eirikurjonsson.is\/index.php\/wp-json\/wp\/v2\/tags?post=4397"}],"curies":[{"name":"wp","href":"https:\/\/api.w.org\/{rel}","templated":true}]}}