{"id":4382,"date":"2024-11-27T11:35:22","date_gmt":"2024-11-27T11:35:22","guid":{"rendered":"https:\/\/eirikurjonsson.is\/?p=4382"},"modified":"2024-11-27T11:35:40","modified_gmt":"2024-11-27T11:35:40","slug":"thegar-snaefugl-sokk","status":"publish","type":"post","link":"https:\/\/eirikurjonsson.is\/index.php\/2024\/11\/27\/thegar-snaefugl-sokk\/","title":{"rendered":"\u00deEGAR SN\u00c6FUGL S\u00d6KK"},"content":{"rendered":"<figure id=\"attachment_4384\" aria-describedby=\"caption-attachment-4384\" style=\"width: 148px\" class=\"wp-caption alignleft\"><img loading=\"lazy\" decoding=\"async\" class=\"wp-image-4384\" src=\"https:\/\/eirikurjonsson.is\/wp-content\/uploads\/2024\/11\/margeir-287x300.jpg\" alt=\"Margeir M.\" width=\"148\" height=\"155\" srcset=\"https:\/\/eirikurjonsson.is\/wp-content\/uploads\/2024\/11\/margeir-287x300.jpg 287w, https:\/\/eirikurjonsson.is\/wp-content\/uploads\/2024\/11\/margeir.jpg 384w\" sizes=\"auto, (max-width: 148px) 100vw, 148px\" \/><figcaption id=\"caption-attachment-4384\" class=\"wp-caption-text\">Margeir M.<\/figcaption><\/figure>\n<p>&#8222;\u00deessa mynd t\u00f3k \u00e9g \u00e1 s\u00edldinni 1963 austur af landinu. \u00dearna er Sn\u00e6fugl SU 20 a\u00f0 h\u00e1fa me\u00f0 gott kast,&#8220; segir Margeir Margeirsson veitingama\u00f0ur kenndur vi\u00f0 M\u00f3nak\u00f3 og Keisarann:<\/p>\n<p>&#8222;\u00dea\u00f0 sp\u00e1\u00f0i versnandi ve\u00f0ri \u00fearna og s\u00f6kk Sn\u00e6fugl 30. j\u00fan\u00ed 1963 \u00e1 landlei\u00f0. Allir komust l\u00edfs af sem betur fer. \u00dearna rennir st\u00f3r nossari s\u00e9r hj\u00e1 til a\u00f0 k\u00edkja \u00e1 aflabr\u00f6g\u00f0in.&#8220;<\/p>\n","protected":false},"excerpt":{"rendered":"<p>&#8222;\u00deessa mynd t\u00f3k \u00e9g \u00e1 s\u00edldinni 1963 austur af landinu. \u00dearna er Sn\u00e6fugl SU 20 a\u00f0 h\u00e1fa me\u00f0 gott kast,&#8220; segir Margeir Margeirsson veitingama\u00f0ur kenndur vi\u00f0 M\u00f3nak\u00f3 og Keisarann: &#8222;\u00dea\u00f0 sp\u00e1\u00f0i versnandi ve\u00f0ri \u00fearna og s\u00f6kk Sn\u00e6fugl 30. j\u00fan\u00ed 1963 \u00e1 landlei\u00f0. Allir komust l\u00edfs af sem betur fer. \u00dearna rennir st\u00f3r nossari s\u00e9r hj\u00e1 [&hellip;]<\/p>\n","protected":false},"author":2,"featured_media":4383,"comment_status":"open","ping_status":"open","sticky":false,"template":"","format":"standard","meta":{"_monsterinsights_skip_tracking":false,"_monsterinsights_sitenote_active":false,"_monsterinsights_sitenote_note":"","_monsterinsights_sitenote_category":0,"footnotes":""},"categories":[31],"tags":[],"class_list":{"0":"post-4382","1":"post","2":"type-post","3":"status-publish","4":"format-standard","5":"has-post-thumbnail","7":"category-greinar"},"yoast_head":"<!-- This site is optimized with the Yoast SEO plugin v22.0 - https:\/\/yoast.com\/wordpress\/plugins\/seo\/ -->\n<title>\u00deEGAR SN\u00c6FUGL S\u00d6KK &#8211; Eir\u00edkur J\u00f3nsson<\/title>\n<meta name=\"robots\" content=\"index, follow, max-snippet:-1, max-image-preview:large, max-video-preview:-1\" \/>\n<link rel=\"canonical\" href=\"https:\/\/eirikurjonsson.is\/index.php\/2024\/11\/27\/thegar-snaefugl-sokk\/\" \/>\n<meta property=\"og:locale\" content=\"is_IS\" \/>\n<meta property=\"og:type\" content=\"article\" \/>\n<meta property=\"og:title\" content=\"\u00deEGAR SN\u00c6FUGL S\u00d6KK &#8211; Eir\u00edkur J\u00f3nsson\" \/>\n<meta property=\"og:description\" content=\"&#8222;\u00deessa mynd t\u00f3k \u00e9g \u00e1 s\u00edldinni 1963 austur af landinu. \u00dearna er Sn\u00e6fugl SU 20 a\u00f0 h\u00e1fa me\u00f0 gott kast,&#8220; segir Margeir Margeirsson veitingama\u00f0ur kenndur vi\u00f0 M\u00f3nak\u00f3 og Keisarann: &#8222;\u00dea\u00f0 sp\u00e1\u00f0i versnandi ve\u00f0ri \u00fearna og s\u00f6kk Sn\u00e6fugl 30. j\u00fan\u00ed 1963 \u00e1 landlei\u00f0. Allir komust l\u00edfs af sem betur fer. \u00dearna rennir st\u00f3r nossari s\u00e9r hj\u00e1 [&hellip;]\" \/>\n<meta property=\"og:url\" content=\"https:\/\/eirikurjonsson.is\/index.php\/2024\/11\/27\/thegar-snaefugl-sokk\/\" \/>\n<meta property=\"og:site_name\" content=\"Eir\u00edkur J\u00f3nsson\" \/>\n<meta property=\"article:published_time\" content=\"2024-11-27T11:35:22+00:00\" \/>\n<meta property=\"article:modified_time\" content=\"2024-11-27T11:35:40+00:00\" \/>\n<meta property=\"og:image\" content=\"https:\/\/eirikurjonsson.is\/wp-content\/uploads\/2024\/11\/snaefugl.jpg\" \/>\n\t<meta property=\"og:image:width\" content=\"968\" \/>\n\t<meta property=\"og:image:height\" content=\"586\" \/>\n\t<meta property=\"og:image:type\" content=\"image\/jpeg\" \/>\n<meta name=\"author\" content=\"eir\" \/>\n<meta name=\"twitter:card\" content=\"summary_large_image\" \/>\n<meta name=\"twitter:label1\" content=\"Written by\" \/>\n\t<meta name=\"twitter:data1\" content=\"eir\" \/>\n\t<meta name=\"twitter:label2\" content=\"Est. reading time\" \/>\n\t<meta name=\"twitter:data2\" content=\"1 minute\" \/>\n<script type=\"application\/ld+json\" class=\"yoast-schema-graph\">{\"@context\":\"https:\/\/schema.org\",\"@graph\":[{\"@type\":\"WebPage\",\"@id\":\"https:\/\/eirikurjonsson.is\/index.php\/2024\/11\/27\/thegar-snaefugl-sokk\/\",\"url\":\"https:\/\/eirikurjonsson.is\/index.php\/2024\/11\/27\/thegar-snaefugl-sokk\/\",\"name\":\"\u00deEGAR SN\u00c6FUGL S\u00d6KK &#8211; Eir\u00edkur J\u00f3nsson\",\"isPartOf\":{\"@id\":\"https:\/\/eirikurjonsson.is\/#website\"},\"datePublished\":\"2024-11-27T11:35:22+00:00\",\"dateModified\":\"2024-11-27T11:35:40+00:00\",\"author\":{\"@id\":\"https:\/\/eirikurjonsson.is\/#\/schema\/person\/308afa1d0e201918034e31b1da4f07a5\"},\"breadcrumb\":{\"@id\":\"https:\/\/eirikurjonsson.is\/index.php\/2024\/11\/27\/thegar-snaefugl-sokk\/#breadcrumb\"},\"inLanguage\":\"is\",\"potentialAction\":[{\"@type\":\"ReadAction\",\"target\":[\"https:\/\/eirikurjonsson.is\/index.php\/2024\/11\/27\/thegar-snaefugl-sokk\/\"]}]},{\"@type\":\"BreadcrumbList\",\"@id\":\"https:\/\/eirikurjonsson.is\/index.php\/2024\/11\/27\/thegar-snaefugl-sokk\/#breadcrumb\",\"itemListElement\":[{\"@type\":\"ListItem\",\"position\":1,\"name\":\"Home\",\"item\":\"https:\/\/eirikurjonsson.is\/\"},{\"@type\":\"ListItem\",\"position\":2,\"name\":\"\u00deEGAR SN\u00c6FUGL S\u00d6KK\"}]},{\"@type\":\"WebSite\",\"@id\":\"https:\/\/eirikurjonsson.is\/#website\",\"url\":\"https:\/\/eirikurjonsson.is\/\",\"name\":\"Eir\u00edkur J\u00f3nsson\",\"description\":\"Eir\u00edkur J\u00f3nsson | EIR eirikurjonsson.is\",\"potentialAction\":[{\"@type\":\"SearchAction\",\"target\":{\"@type\":\"EntryPoint\",\"urlTemplate\":\"https:\/\/eirikurjonsson.is\/?s={search_term_string}\"},\"query-input\":\"required name=search_term_string\"}],\"inLanguage\":\"is\"},{\"@type\":\"Person\",\"@id\":\"https:\/\/eirikurjonsson.is\/#\/schema\/person\/308afa1d0e201918034e31b1da4f07a5\",\"name\":\"eir\",\"image\":{\"@type\":\"ImageObject\",\"inLanguage\":\"is\",\"@id\":\"https:\/\/eirikurjonsson.is\/#\/schema\/person\/image\/\",\"url\":\"https:\/\/secure.gravatar.com\/avatar\/b6748316a4400053a1fa9f4694b38d294dc5da6f4bacc727742bd8f3e689f87c?s=96&d=mm&r=g\",\"contentUrl\":\"https:\/\/secure.gravatar.com\/avatar\/b6748316a4400053a1fa9f4694b38d294dc5da6f4bacc727742bd8f3e689f87c?s=96&d=mm&r=g\",\"caption\":\"eir\"},\"url\":\"https:\/\/eirikurjonsson.is\/index.php\/author\/eir\/\"}]}<\/script>\n<!-- \/ Yoast SEO plugin. -->","yoast_head_json":{"title":"\u00deEGAR SN\u00c6FUGL S\u00d6KK &#8211; Eir\u00edkur J\u00f3nsson","robots":{"index":"index","follow":"follow","max-snippet":"max-snippet:-1","max-image-preview":"max-image-preview:large","max-video-preview":"max-video-preview:-1"},"canonical":"https:\/\/eirikurjonsson.is\/index.php\/2024\/11\/27\/thegar-snaefugl-sokk\/","og_locale":"is_IS","og_type":"article","og_title":"\u00deEGAR SN\u00c6FUGL S\u00d6KK &#8211; Eir\u00edkur J\u00f3nsson","og_description":"&#8222;\u00deessa mynd t\u00f3k \u00e9g \u00e1 s\u00edldinni 1963 austur af landinu. \u00dearna er Sn\u00e6fugl SU 20 a\u00f0 h\u00e1fa me\u00f0 gott kast,&#8220; segir Margeir Margeirsson veitingama\u00f0ur kenndur vi\u00f0 M\u00f3nak\u00f3 og Keisarann: &#8222;\u00dea\u00f0 sp\u00e1\u00f0i versnandi ve\u00f0ri \u00fearna og s\u00f6kk Sn\u00e6fugl 30. j\u00fan\u00ed 1963 \u00e1 landlei\u00f0. Allir komust l\u00edfs af sem betur fer. \u00dearna rennir st\u00f3r nossari s\u00e9r hj\u00e1 [&hellip;]","og_url":"https:\/\/eirikurjonsson.is\/index.php\/2024\/11\/27\/thegar-snaefugl-sokk\/","og_site_name":"Eir\u00edkur J\u00f3nsson","article_published_time":"2024-11-27T11:35:22+00:00","article_modified_time":"2024-11-27T11:35:40+00:00","og_image":[{"width":968,"height":586,"url":"https:\/\/eirikurjonsson.is\/wp-content\/uploads\/2024\/11\/snaefugl.jpg","type":"image\/jpeg"}],"author":"eir","twitter_card":"summary_large_image","twitter_misc":{"Written by":"eir","Est. reading time":"1 minute"},"schema":{"@context":"https:\/\/schema.org","@graph":[{"@type":"WebPage","@id":"https:\/\/eirikurjonsson.is\/index.php\/2024\/11\/27\/thegar-snaefugl-sokk\/","url":"https:\/\/eirikurjonsson.is\/index.php\/2024\/11\/27\/thegar-snaefugl-sokk\/","name":"\u00deEGAR SN\u00c6FUGL S\u00d6KK &#8211; Eir\u00edkur J\u00f3nsson","isPartOf":{"@id":"https:\/\/eirikurjonsson.is\/#website"},"datePublished":"2024-11-27T11:35:22+00:00","dateModified":"2024-11-27T11:35:40+00:00","author":{"@id":"https:\/\/eirikurjonsson.is\/#\/schema\/person\/308afa1d0e201918034e31b1da4f07a5"},"breadcrumb":{"@id":"https:\/\/eirikurjonsson.is\/index.php\/2024\/11\/27\/thegar-snaefugl-sokk\/#breadcrumb"},"inLanguage":"is","potentialAction":[{"@type":"ReadAction","target":["https:\/\/eirikurjonsson.is\/index.php\/2024\/11\/27\/thegar-snaefugl-sokk\/"]}]},{"@type":"BreadcrumbList","@id":"https:\/\/eirikurjonsson.is\/index.php\/2024\/11\/27\/thegar-snaefugl-sokk\/#breadcrumb","itemListElement":[{"@type":"ListItem","position":1,"name":"Home","item":"https:\/\/eirikurjonsson.is\/"},{"@type":"ListItem","position":2,"name":"\u00deEGAR SN\u00c6FUGL S\u00d6KK"}]},{"@type":"WebSite","@id":"https:\/\/eirikurjonsson.is\/#website","url":"https:\/\/eirikurjonsson.is\/","name":"Eir\u00edkur J\u00f3nsson","description":"Eir\u00edkur J\u00f3nsson | EIR eirikurjonsson.is","potentialAction":[{"@type":"SearchAction","target":{"@type":"EntryPoint","urlTemplate":"https:\/\/eirikurjonsson.is\/?s={search_term_string}"},"query-input":"required name=search_term_string"}],"inLanguage":"is"},{"@type":"Person","@id":"https:\/\/eirikurjonsson.is\/#\/schema\/person\/308afa1d0e201918034e31b1da4f07a5","name":"eir","image":{"@type":"ImageObject","inLanguage":"is","@id":"https:\/\/eirikurjonsson.is\/#\/schema\/person\/image\/","url":"https:\/\/secure.gravatar.com\/avatar\/b6748316a4400053a1fa9f4694b38d294dc5da6f4bacc727742bd8f3e689f87c?s=96&d=mm&r=g","contentUrl":"https:\/\/secure.gravatar.com\/avatar\/b6748316a4400053a1fa9f4694b38d294dc5da6f4bacc727742bd8f3e689f87c?s=96&d=mm&r=g","caption":"eir"},"url":"https:\/\/eirikurjonsson.is\/index.php\/author\/eir\/"}]}},"_links":{"self":[{"href":"https:\/\/eirikurjonsson.is\/index.php\/wp-json\/wp\/v2\/posts\/4382","targetHints":{"allow":["GET"]}}],"collection":[{"href":"https:\/\/eirikurjonsson.is\/index.php\/wp-json\/wp\/v2\/posts"}],"about":[{"href":"https:\/\/eirikurjonsson.is\/index.php\/wp-json\/wp\/v2\/types\/post"}],"author":[{"embeddable":true,"href":"https:\/\/eirikurjonsson.is\/index.php\/wp-json\/wp\/v2\/users\/2"}],"replies":[{"embeddable":true,"href":"https:\/\/eirikurjonsson.is\/index.php\/wp-json\/wp\/v2\/comments?post=4382"}],"version-history":[{"count":1,"href":"https:\/\/eirikurjonsson.is\/index.php\/wp-json\/wp\/v2\/posts\/4382\/revisions"}],"predecessor-version":[{"id":4385,"href":"https:\/\/eirikurjonsson.is\/index.php\/wp-json\/wp\/v2\/posts\/4382\/revisions\/4385"}],"wp:featuredmedia":[{"embeddable":true,"href":"https:\/\/eirikurjonsson.is\/index.php\/wp-json\/wp\/v2\/media\/4383"}],"wp:attachment":[{"href":"https:\/\/eirikurjonsson.is\/index.php\/wp-json\/wp\/v2\/media?parent=4382"}],"wp:term":[{"taxonomy":"category","embeddable":true,"href":"https:\/\/eirikurjonsson.is\/index.php\/wp-json\/wp\/v2\/categories?post=4382"},{"taxonomy":"post_tag","embeddable":true,"href":"https:\/\/eirikurjonsson.is\/index.php\/wp-json\/wp\/v2\/tags?post=4382"}],"curies":[{"name":"wp","href":"https:\/\/api.w.org\/{rel}","templated":true}]}}