{"id":4340,"date":"2024-11-24T21:34:16","date_gmt":"2024-11-24T21:34:16","guid":{"rendered":"https:\/\/eirikurjonsson.is\/?p=4340"},"modified":"2024-11-24T21:34:33","modified_gmt":"2024-11-24T21:34:33","slug":"tommi-hitti-arftaka-sinn-i-vofflukaffi","status":"publish","type":"post","link":"https:\/\/eirikurjonsson.is\/index.php\/2024\/11\/24\/tommi-hitti-arftaka-sinn-i-vofflukaffi\/","title":{"rendered":"TOMMI HITTI ARFTAKA SINN \u00cd V\u00d6FFLUKAFFI"},"content":{"rendered":"<p>Tommi \u00e1 B\u00fallunni f\u00f3r \u00ed v\u00f6fflukaffi hj\u00e1 Flokki f\u00f3lksins \u00ed dag \u00fear sem hann hitti fyrir arftaka sinn \u00ed fyrsta s\u00e6ti listans \u00ed Reykjav\u00edkurkj\u00f6rd\u00e6mi nor\u00f0ur og sj\u00e1lfa Ingu S\u00e6land formann sem l\u00e9t hann v\u00edkja fyrir formanni Verslunarmannaf\u00e9lagsins vi\u00f0 uppr\u00f6\u00f0un \u00e1 lista:<\/p>\n<p>&#8222;\u00deetta var s\u00ed\u00f0asta v\u00f6fflukaffi flokksins fyrir kosningar. Allir \u00ed stu\u00f0i og \u00fearna f\u00f3r Inga \u00e1 kostum eins og henni er einni lagi\u00f0. \u00dearna var l\u00edka Ragnar \u00de\u00f3r arftaki minn i oddvitas\u00e6ti Reykjavik nor\u00f0ur. G\u00f3\u00f0ur ma\u00f0ur Raggi enda spilar hann \u00e1 trommur. Gaman a\u00f0 fylgjast me\u00f0 \u00e1 hli\u00f0arl\u00ednunni. \u00d3tr\u00faleg mannesja Inga S\u00e6land, \u00fea\u00f0 fara sko ekki margir i sk\u00f3na hennar. F\u00f3lki\u00f0 fyrst svo allt hitt 7-9-13. \u00c1fram Inga og \u00e1fram veginn,&#8220; sag\u00f0i Tommi eftir velheppna\u00f0 v\u00f6fflukaffi.<\/p>\n","protected":false},"excerpt":{"rendered":"<p>Tommi \u00e1 B\u00fallunni f\u00f3r \u00ed v\u00f6fflukaffi hj\u00e1 Flokki f\u00f3lksins \u00ed dag \u00fear sem hann hitti fyrir arftaka sinn \u00ed fyrsta s\u00e6ti listans \u00ed Reykjav\u00edkurkj\u00f6rd\u00e6mi nor\u00f0ur og sj\u00e1lfa Ingu S\u00e6land formann sem l\u00e9t hann v\u00edkja fyrir formanni Verslunarmannaf\u00e9lagsins vi\u00f0 uppr\u00f6\u00f0un \u00e1 lista: &#8222;\u00deetta var s\u00ed\u00f0asta v\u00f6fflukaffi flokksins fyrir kosningar. Allir \u00ed stu\u00f0i og \u00fearna f\u00f3r Inga [&hellip;]<\/p>\n","protected":false},"author":2,"featured_media":4341,"comment_status":"open","ping_status":"open","sticky":false,"template":"","format":"standard","meta":{"_monsterinsights_skip_tracking":false,"_monsterinsights_sitenote_active":false,"_monsterinsights_sitenote_note":"","_monsterinsights_sitenote_category":0,"footnotes":""},"categories":[31],"tags":[],"class_list":{"0":"post-4340","1":"post","2":"type-post","3":"status-publish","4":"format-standard","5":"has-post-thumbnail","7":"category-greinar"},"yoast_head":"<!-- This site is optimized with the Yoast SEO plugin v22.0 - https:\/\/yoast.com\/wordpress\/plugins\/seo\/ -->\n<title>TOMMI HITTI ARFTAKA SINN \u00cd V\u00d6FFLUKAFFI &#8211; Eir\u00edkur J\u00f3nsson<\/title>\n<meta name=\"robots\" content=\"index, follow, max-snippet:-1, max-image-preview:large, max-video-preview:-1\" \/>\n<link rel=\"canonical\" href=\"https:\/\/eirikurjonsson.is\/index.php\/2024\/11\/24\/tommi-hitti-arftaka-sinn-i-vofflukaffi\/\" \/>\n<meta property=\"og:locale\" content=\"is_IS\" \/>\n<meta property=\"og:type\" content=\"article\" \/>\n<meta property=\"og:title\" content=\"TOMMI HITTI ARFTAKA SINN \u00cd V\u00d6FFLUKAFFI &#8211; Eir\u00edkur J\u00f3nsson\" \/>\n<meta property=\"og:description\" content=\"Tommi \u00e1 B\u00fallunni f\u00f3r \u00ed v\u00f6fflukaffi hj\u00e1 Flokki f\u00f3lksins \u00ed dag \u00fear sem hann hitti fyrir arftaka sinn \u00ed fyrsta s\u00e6ti listans \u00ed Reykjav\u00edkurkj\u00f6rd\u00e6mi nor\u00f0ur og sj\u00e1lfa Ingu S\u00e6land formann sem l\u00e9t hann v\u00edkja fyrir formanni Verslunarmannaf\u00e9lagsins vi\u00f0 uppr\u00f6\u00f0un \u00e1 lista: &#8222;\u00deetta var s\u00ed\u00f0asta v\u00f6fflukaffi flokksins fyrir kosningar. Allir \u00ed stu\u00f0i og \u00fearna f\u00f3r Inga [&hellip;]\" \/>\n<meta property=\"og:url\" content=\"https:\/\/eirikurjonsson.is\/index.php\/2024\/11\/24\/tommi-hitti-arftaka-sinn-i-vofflukaffi\/\" \/>\n<meta property=\"og:site_name\" content=\"Eir\u00edkur J\u00f3nsson\" \/>\n<meta property=\"article:published_time\" content=\"2024-11-24T21:34:16+00:00\" \/>\n<meta property=\"article:modified_time\" content=\"2024-11-24T21:34:33+00:00\" \/>\n<meta property=\"og:image\" content=\"https:\/\/eirikurjonsson.is\/wp-content\/uploads\/2024\/11\/tommioginga.jpg\" \/>\n\t<meta property=\"og:image:width\" content=\"1284\" \/>\n\t<meta property=\"og:image:height\" content=\"1163\" \/>\n\t<meta property=\"og:image:type\" content=\"image\/jpeg\" \/>\n<meta name=\"author\" content=\"eir\" \/>\n<meta name=\"twitter:card\" content=\"summary_large_image\" \/>\n<meta name=\"twitter:label1\" content=\"Written by\" \/>\n\t<meta name=\"twitter:data1\" content=\"eir\" \/>\n\t<meta name=\"twitter:label2\" content=\"Est. reading time\" \/>\n\t<meta name=\"twitter:data2\" content=\"1 minute\" \/>\n<script type=\"application\/ld+json\" class=\"yoast-schema-graph\">{\"@context\":\"https:\/\/schema.org\",\"@graph\":[{\"@type\":\"WebPage\",\"@id\":\"https:\/\/eirikurjonsson.is\/index.php\/2024\/11\/24\/tommi-hitti-arftaka-sinn-i-vofflukaffi\/\",\"url\":\"https:\/\/eirikurjonsson.is\/index.php\/2024\/11\/24\/tommi-hitti-arftaka-sinn-i-vofflukaffi\/\",\"name\":\"TOMMI HITTI ARFTAKA SINN \u00cd V\u00d6FFLUKAFFI &#8211; Eir\u00edkur J\u00f3nsson\",\"isPartOf\":{\"@id\":\"https:\/\/eirikurjonsson.is\/#website\"},\"datePublished\":\"2024-11-24T21:34:16+00:00\",\"dateModified\":\"2024-11-24T21:34:33+00:00\",\"author\":{\"@id\":\"https:\/\/eirikurjonsson.is\/#\/schema\/person\/308afa1d0e201918034e31b1da4f07a5\"},\"breadcrumb\":{\"@id\":\"https:\/\/eirikurjonsson.is\/index.php\/2024\/11\/24\/tommi-hitti-arftaka-sinn-i-vofflukaffi\/#breadcrumb\"},\"inLanguage\":\"is\",\"potentialAction\":[{\"@type\":\"ReadAction\",\"target\":[\"https:\/\/eirikurjonsson.is\/index.php\/2024\/11\/24\/tommi-hitti-arftaka-sinn-i-vofflukaffi\/\"]}]},{\"@type\":\"BreadcrumbList\",\"@id\":\"https:\/\/eirikurjonsson.is\/index.php\/2024\/11\/24\/tommi-hitti-arftaka-sinn-i-vofflukaffi\/#breadcrumb\",\"itemListElement\":[{\"@type\":\"ListItem\",\"position\":1,\"name\":\"Home\",\"item\":\"https:\/\/eirikurjonsson.is\/\"},{\"@type\":\"ListItem\",\"position\":2,\"name\":\"TOMMI HITTI ARFTAKA SINN \u00cd V\u00d6FFLUKAFFI\"}]},{\"@type\":\"WebSite\",\"@id\":\"https:\/\/eirikurjonsson.is\/#website\",\"url\":\"https:\/\/eirikurjonsson.is\/\",\"name\":\"Eir\u00edkur J\u00f3nsson\",\"description\":\"Eir\u00edkur J\u00f3nsson | EIR eirikurjonsson.is\",\"potentialAction\":[{\"@type\":\"SearchAction\",\"target\":{\"@type\":\"EntryPoint\",\"urlTemplate\":\"https:\/\/eirikurjonsson.is\/?s={search_term_string}\"},\"query-input\":\"required name=search_term_string\"}],\"inLanguage\":\"is\"},{\"@type\":\"Person\",\"@id\":\"https:\/\/eirikurjonsson.is\/#\/schema\/person\/308afa1d0e201918034e31b1da4f07a5\",\"name\":\"eir\",\"image\":{\"@type\":\"ImageObject\",\"inLanguage\":\"is\",\"@id\":\"https:\/\/eirikurjonsson.is\/#\/schema\/person\/image\/\",\"url\":\"https:\/\/secure.gravatar.com\/avatar\/b6748316a4400053a1fa9f4694b38d294dc5da6f4bacc727742bd8f3e689f87c?s=96&d=mm&r=g\",\"contentUrl\":\"https:\/\/secure.gravatar.com\/avatar\/b6748316a4400053a1fa9f4694b38d294dc5da6f4bacc727742bd8f3e689f87c?s=96&d=mm&r=g\",\"caption\":\"eir\"},\"url\":\"https:\/\/eirikurjonsson.is\/index.php\/author\/eir\/\"}]}<\/script>\n<!-- \/ Yoast SEO plugin. -->","yoast_head_json":{"title":"TOMMI HITTI ARFTAKA SINN \u00cd V\u00d6FFLUKAFFI &#8211; Eir\u00edkur J\u00f3nsson","robots":{"index":"index","follow":"follow","max-snippet":"max-snippet:-1","max-image-preview":"max-image-preview:large","max-video-preview":"max-video-preview:-1"},"canonical":"https:\/\/eirikurjonsson.is\/index.php\/2024\/11\/24\/tommi-hitti-arftaka-sinn-i-vofflukaffi\/","og_locale":"is_IS","og_type":"article","og_title":"TOMMI HITTI ARFTAKA SINN \u00cd V\u00d6FFLUKAFFI &#8211; Eir\u00edkur J\u00f3nsson","og_description":"Tommi \u00e1 B\u00fallunni f\u00f3r \u00ed v\u00f6fflukaffi hj\u00e1 Flokki f\u00f3lksins \u00ed dag \u00fear sem hann hitti fyrir arftaka sinn \u00ed fyrsta s\u00e6ti listans \u00ed Reykjav\u00edkurkj\u00f6rd\u00e6mi nor\u00f0ur og sj\u00e1lfa Ingu S\u00e6land formann sem l\u00e9t hann v\u00edkja fyrir formanni Verslunarmannaf\u00e9lagsins vi\u00f0 uppr\u00f6\u00f0un \u00e1 lista: &#8222;\u00deetta var s\u00ed\u00f0asta v\u00f6fflukaffi flokksins fyrir kosningar. Allir \u00ed stu\u00f0i og \u00fearna f\u00f3r Inga [&hellip;]","og_url":"https:\/\/eirikurjonsson.is\/index.php\/2024\/11\/24\/tommi-hitti-arftaka-sinn-i-vofflukaffi\/","og_site_name":"Eir\u00edkur J\u00f3nsson","article_published_time":"2024-11-24T21:34:16+00:00","article_modified_time":"2024-11-24T21:34:33+00:00","og_image":[{"width":1284,"height":1163,"url":"https:\/\/eirikurjonsson.is\/wp-content\/uploads\/2024\/11\/tommioginga.jpg","type":"image\/jpeg"}],"author":"eir","twitter_card":"summary_large_image","twitter_misc":{"Written by":"eir","Est. reading time":"1 minute"},"schema":{"@context":"https:\/\/schema.org","@graph":[{"@type":"WebPage","@id":"https:\/\/eirikurjonsson.is\/index.php\/2024\/11\/24\/tommi-hitti-arftaka-sinn-i-vofflukaffi\/","url":"https:\/\/eirikurjonsson.is\/index.php\/2024\/11\/24\/tommi-hitti-arftaka-sinn-i-vofflukaffi\/","name":"TOMMI HITTI ARFTAKA SINN \u00cd V\u00d6FFLUKAFFI &#8211; Eir\u00edkur J\u00f3nsson","isPartOf":{"@id":"https:\/\/eirikurjonsson.is\/#website"},"datePublished":"2024-11-24T21:34:16+00:00","dateModified":"2024-11-24T21:34:33+00:00","author":{"@id":"https:\/\/eirikurjonsson.is\/#\/schema\/person\/308afa1d0e201918034e31b1da4f07a5"},"breadcrumb":{"@id":"https:\/\/eirikurjonsson.is\/index.php\/2024\/11\/24\/tommi-hitti-arftaka-sinn-i-vofflukaffi\/#breadcrumb"},"inLanguage":"is","potentialAction":[{"@type":"ReadAction","target":["https:\/\/eirikurjonsson.is\/index.php\/2024\/11\/24\/tommi-hitti-arftaka-sinn-i-vofflukaffi\/"]}]},{"@type":"BreadcrumbList","@id":"https:\/\/eirikurjonsson.is\/index.php\/2024\/11\/24\/tommi-hitti-arftaka-sinn-i-vofflukaffi\/#breadcrumb","itemListElement":[{"@type":"ListItem","position":1,"name":"Home","item":"https:\/\/eirikurjonsson.is\/"},{"@type":"ListItem","position":2,"name":"TOMMI HITTI ARFTAKA SINN \u00cd V\u00d6FFLUKAFFI"}]},{"@type":"WebSite","@id":"https:\/\/eirikurjonsson.is\/#website","url":"https:\/\/eirikurjonsson.is\/","name":"Eir\u00edkur J\u00f3nsson","description":"Eir\u00edkur J\u00f3nsson | EIR eirikurjonsson.is","potentialAction":[{"@type":"SearchAction","target":{"@type":"EntryPoint","urlTemplate":"https:\/\/eirikurjonsson.is\/?s={search_term_string}"},"query-input":"required name=search_term_string"}],"inLanguage":"is"},{"@type":"Person","@id":"https:\/\/eirikurjonsson.is\/#\/schema\/person\/308afa1d0e201918034e31b1da4f07a5","name":"eir","image":{"@type":"ImageObject","inLanguage":"is","@id":"https:\/\/eirikurjonsson.is\/#\/schema\/person\/image\/","url":"https:\/\/secure.gravatar.com\/avatar\/b6748316a4400053a1fa9f4694b38d294dc5da6f4bacc727742bd8f3e689f87c?s=96&d=mm&r=g","contentUrl":"https:\/\/secure.gravatar.com\/avatar\/b6748316a4400053a1fa9f4694b38d294dc5da6f4bacc727742bd8f3e689f87c?s=96&d=mm&r=g","caption":"eir"},"url":"https:\/\/eirikurjonsson.is\/index.php\/author\/eir\/"}]}},"_links":{"self":[{"href":"https:\/\/eirikurjonsson.is\/index.php\/wp-json\/wp\/v2\/posts\/4340","targetHints":{"allow":["GET"]}}],"collection":[{"href":"https:\/\/eirikurjonsson.is\/index.php\/wp-json\/wp\/v2\/posts"}],"about":[{"href":"https:\/\/eirikurjonsson.is\/index.php\/wp-json\/wp\/v2\/types\/post"}],"author":[{"embeddable":true,"href":"https:\/\/eirikurjonsson.is\/index.php\/wp-json\/wp\/v2\/users\/2"}],"replies":[{"embeddable":true,"href":"https:\/\/eirikurjonsson.is\/index.php\/wp-json\/wp\/v2\/comments?post=4340"}],"version-history":[{"count":1,"href":"https:\/\/eirikurjonsson.is\/index.php\/wp-json\/wp\/v2\/posts\/4340\/revisions"}],"predecessor-version":[{"id":4342,"href":"https:\/\/eirikurjonsson.is\/index.php\/wp-json\/wp\/v2\/posts\/4340\/revisions\/4342"}],"wp:featuredmedia":[{"embeddable":true,"href":"https:\/\/eirikurjonsson.is\/index.php\/wp-json\/wp\/v2\/media\/4341"}],"wp:attachment":[{"href":"https:\/\/eirikurjonsson.is\/index.php\/wp-json\/wp\/v2\/media?parent=4340"}],"wp:term":[{"taxonomy":"category","embeddable":true,"href":"https:\/\/eirikurjonsson.is\/index.php\/wp-json\/wp\/v2\/categories?post=4340"},{"taxonomy":"post_tag","embeddable":true,"href":"https:\/\/eirikurjonsson.is\/index.php\/wp-json\/wp\/v2\/tags?post=4340"}],"curies":[{"name":"wp","href":"https:\/\/api.w.org\/{rel}","templated":true}]}}