{"id":4333,"date":"2024-11-24T14:09:51","date_gmt":"2024-11-24T14:09:51","guid":{"rendered":"https:\/\/eirikurjonsson.is\/?p=4333"},"modified":"2024-11-24T14:09:51","modified_gmt":"2024-11-24T14:09:51","slug":"gudmundur-andri-alsaell-i-hvammsvik","status":"publish","type":"post","link":"https:\/\/eirikurjonsson.is\/index.php\/2024\/11\/24\/gudmundur-andri-alsaell-i-hvammsvik\/","title":{"rendered":"GU\u00d0MUNDUR ANDRI ALS\u00c6LL \u00cd HVAMMSV\u00cdK"},"content":{"rendered":"<p>&#8222;\u00cd g\u00e6r n\u00fdttum vi\u00f0 g\u00f6mlu hj\u00f3nin loksins gjafabr\u00e9f sem vi\u00f0 fengum \u00ed j\u00f3lagj\u00f6f \u00ed Hvammsv\u00edk \u00ed Hvalfir\u00f0i,&#8220; segir Gu\u00f0mundur Andri rith\u00f6fundur sem var\u00f0 ekki fyrir vonbrig\u00f0um heldur \u00fevert \u00e1 m\u00f3ti &#8211; als\u00e6ll:<\/p>\n<p>&#8222;\u00deetta var n\u00fa meiri s\u00e6lan! Vatni\u00f0 einkennilega h\u00e1rr\u00e9tt blanda sem manni fannst a\u00f0 mynda gr\u00e6\u00f0a s\u00e9rhvert mein. Allt bar vitni um al\u00fa\u00f0 og vir\u00f0ingu fyrir umhverfi og gestum og engu l\u00edkt a\u00f0 liggja \u00fearna \u00ed vatninu og sj\u00e1 stj\u00f6rnurnar sm\u00e1m saman birtast \u00e1 himinhvolfinu: \u201eEr \u00feetta Karlsvagninn \u00fearna? Sj\u00e1\u00f0u &#8211; Fj\u00f3sakonurnar!\u201c Allt \u00ed kringum okkur vakandi fj\u00f6llin sem \u00fe\u00f6g\u00f0u og f\u00f3lk skvaldrandi \u00e1 \u00f6llum tungum\u00e1lum, \u00fe\u00f3 a\u00f0 ma\u00f0ur heyr\u00f0i n\u00e1tt\u00farlega mest \u00ed Amer\u00edk\u00f6nunum sem tala \u00fej\u00f3\u00f0a h\u00e6st, \u00e1samt \u00cdslendingum. Vi\u00f0 h\u00f6fum \u00fea\u00f0 hins vegar fram yfir \u00fe\u00e1 a\u00f0 vera ekki a\u00f0 farast \u00far blyg\u00f0un. \u00c9g held a\u00f0 \u00e9g hafi veri\u00f0 eini allsberi ma\u00f0urinn \u00ed sturtunni \u2013 n\u00e6stum eins og d\u00f3ninn \u00e1 sv\u00e6\u00f0inu \u2013 tautandi eitthva\u00f0 me\u00f0 sj\u00e1lfum m\u00e9r eum \u201et\u00faristann\u201c sem ekkert kunni og ekkert viti. Svo bor\u00f0u\u00f0um vi\u00f0 afar lj\u00faffengan mat \u00e1 j\u00f3laplatta. Starfsf\u00f3lki\u00f0 var al\u00fa\u00f0legt, r\u00e6\u00f0i\u00f0 og hresst sem ger\u00f0i upplifunina enn \u00e1n\u00e6gjulegri. Og \u00ed dag finnst m\u00e9r eins og \u00e9g hafi n\u00e1\u00f0 af m\u00e9r hr\u00fa\u00f0ri margra \u00e1ra \u00ed \u00feessu undravatni, og svei m\u00e9r ef st\u00f3r hluti af m\u00e9r er ekki aftur sext\u00e1n \u00e1ra.&#8220;<\/p>\n","protected":false},"excerpt":{"rendered":"<p>&#8222;\u00cd g\u00e6r n\u00fdttum vi\u00f0 g\u00f6mlu hj\u00f3nin loksins gjafabr\u00e9f sem vi\u00f0 fengum \u00ed j\u00f3lagj\u00f6f \u00ed Hvammsv\u00edk \u00ed Hvalfir\u00f0i,&#8220; segir Gu\u00f0mundur Andri rith\u00f6fundur sem var\u00f0 ekki fyrir vonbrig\u00f0um heldur \u00fevert \u00e1 m\u00f3ti &#8211; als\u00e6ll: &#8222;\u00deetta var n\u00fa meiri s\u00e6lan! Vatni\u00f0 einkennilega h\u00e1rr\u00e9tt blanda sem manni fannst a\u00f0 mynda gr\u00e6\u00f0a s\u00e9rhvert mein. Allt bar vitni um al\u00fa\u00f0 og [&hellip;]<\/p>\n","protected":false},"author":2,"featured_media":4335,"comment_status":"open","ping_status":"open","sticky":false,"template":"","format":"standard","meta":{"_monsterinsights_skip_tracking":false,"_monsterinsights_sitenote_active":false,"_monsterinsights_sitenote_note":"","_monsterinsights_sitenote_category":0,"footnotes":""},"categories":[31],"tags":[],"class_list":{"0":"post-4333","1":"post","2":"type-post","3":"status-publish","4":"format-standard","5":"has-post-thumbnail","7":"category-greinar"},"yoast_head":"<!-- This site is optimized with the Yoast SEO plugin v22.0 - https:\/\/yoast.com\/wordpress\/plugins\/seo\/ -->\n<title>GU\u00d0MUNDUR ANDRI ALS\u00c6LL \u00cd HVAMMSV\u00cdK &#8211; Eir\u00edkur J\u00f3nsson<\/title>\n<meta name=\"robots\" content=\"index, follow, max-snippet:-1, max-image-preview:large, max-video-preview:-1\" \/>\n<link rel=\"canonical\" href=\"https:\/\/eirikurjonsson.is\/index.php\/2024\/11\/24\/gudmundur-andri-alsaell-i-hvammsvik\/\" \/>\n<meta property=\"og:locale\" content=\"is_IS\" \/>\n<meta property=\"og:type\" content=\"article\" \/>\n<meta property=\"og:title\" content=\"GU\u00d0MUNDUR ANDRI ALS\u00c6LL \u00cd HVAMMSV\u00cdK &#8211; Eir\u00edkur J\u00f3nsson\" \/>\n<meta property=\"og:description\" content=\"&#8222;\u00cd g\u00e6r n\u00fdttum vi\u00f0 g\u00f6mlu hj\u00f3nin loksins gjafabr\u00e9f sem vi\u00f0 fengum \u00ed j\u00f3lagj\u00f6f \u00ed Hvammsv\u00edk \u00ed Hvalfir\u00f0i,&#8220; segir Gu\u00f0mundur Andri rith\u00f6fundur sem var\u00f0 ekki fyrir vonbrig\u00f0um heldur \u00fevert \u00e1 m\u00f3ti &#8211; als\u00e6ll: &#8222;\u00deetta var n\u00fa meiri s\u00e6lan! Vatni\u00f0 einkennilega h\u00e1rr\u00e9tt blanda sem manni fannst a\u00f0 mynda gr\u00e6\u00f0a s\u00e9rhvert mein. Allt bar vitni um al\u00fa\u00f0 og [&hellip;]\" \/>\n<meta property=\"og:url\" content=\"https:\/\/eirikurjonsson.is\/index.php\/2024\/11\/24\/gudmundur-andri-alsaell-i-hvammsvik\/\" \/>\n<meta property=\"og:site_name\" content=\"Eir\u00edkur J\u00f3nsson\" \/>\n<meta property=\"article:published_time\" content=\"2024-11-24T14:09:51+00:00\" \/>\n<meta property=\"og:image\" content=\"https:\/\/eirikurjonsson.is\/wp-content\/uploads\/2024\/11\/gudmundur-andri.jpg\" \/>\n\t<meta property=\"og:image:width\" content=\"584\" \/>\n\t<meta property=\"og:image:height\" content=\"441\" \/>\n\t<meta property=\"og:image:type\" content=\"image\/jpeg\" \/>\n<meta name=\"author\" content=\"eir\" \/>\n<meta name=\"twitter:card\" content=\"summary_large_image\" \/>\n<meta name=\"twitter:label1\" content=\"Written by\" \/>\n\t<meta name=\"twitter:data1\" content=\"eir\" \/>\n\t<meta name=\"twitter:label2\" content=\"Est. reading time\" \/>\n\t<meta name=\"twitter:data2\" content=\"2 minutes\" \/>\n<script type=\"application\/ld+json\" class=\"yoast-schema-graph\">{\"@context\":\"https:\/\/schema.org\",\"@graph\":[{\"@type\":\"WebPage\",\"@id\":\"https:\/\/eirikurjonsson.is\/index.php\/2024\/11\/24\/gudmundur-andri-alsaell-i-hvammsvik\/\",\"url\":\"https:\/\/eirikurjonsson.is\/index.php\/2024\/11\/24\/gudmundur-andri-alsaell-i-hvammsvik\/\",\"name\":\"GU\u00d0MUNDUR ANDRI ALS\u00c6LL \u00cd HVAMMSV\u00cdK &#8211; Eir\u00edkur J\u00f3nsson\",\"isPartOf\":{\"@id\":\"https:\/\/eirikurjonsson.is\/#website\"},\"datePublished\":\"2024-11-24T14:09:51+00:00\",\"dateModified\":\"2024-11-24T14:09:51+00:00\",\"author\":{\"@id\":\"https:\/\/eirikurjonsson.is\/#\/schema\/person\/308afa1d0e201918034e31b1da4f07a5\"},\"breadcrumb\":{\"@id\":\"https:\/\/eirikurjonsson.is\/index.php\/2024\/11\/24\/gudmundur-andri-alsaell-i-hvammsvik\/#breadcrumb\"},\"inLanguage\":\"is\",\"potentialAction\":[{\"@type\":\"ReadAction\",\"target\":[\"https:\/\/eirikurjonsson.is\/index.php\/2024\/11\/24\/gudmundur-andri-alsaell-i-hvammsvik\/\"]}]},{\"@type\":\"BreadcrumbList\",\"@id\":\"https:\/\/eirikurjonsson.is\/index.php\/2024\/11\/24\/gudmundur-andri-alsaell-i-hvammsvik\/#breadcrumb\",\"itemListElement\":[{\"@type\":\"ListItem\",\"position\":1,\"name\":\"Home\",\"item\":\"https:\/\/eirikurjonsson.is\/\"},{\"@type\":\"ListItem\",\"position\":2,\"name\":\"GU\u00d0MUNDUR ANDRI ALS\u00c6LL \u00cd HVAMMSV\u00cdK\"}]},{\"@type\":\"WebSite\",\"@id\":\"https:\/\/eirikurjonsson.is\/#website\",\"url\":\"https:\/\/eirikurjonsson.is\/\",\"name\":\"Eir\u00edkur J\u00f3nsson\",\"description\":\"Eir\u00edkur J\u00f3nsson | EIR eirikurjonsson.is\",\"potentialAction\":[{\"@type\":\"SearchAction\",\"target\":{\"@type\":\"EntryPoint\",\"urlTemplate\":\"https:\/\/eirikurjonsson.is\/?s={search_term_string}\"},\"query-input\":\"required name=search_term_string\"}],\"inLanguage\":\"is\"},{\"@type\":\"Person\",\"@id\":\"https:\/\/eirikurjonsson.is\/#\/schema\/person\/308afa1d0e201918034e31b1da4f07a5\",\"name\":\"eir\",\"image\":{\"@type\":\"ImageObject\",\"inLanguage\":\"is\",\"@id\":\"https:\/\/eirikurjonsson.is\/#\/schema\/person\/image\/\",\"url\":\"https:\/\/secure.gravatar.com\/avatar\/b6748316a4400053a1fa9f4694b38d294dc5da6f4bacc727742bd8f3e689f87c?s=96&d=mm&r=g\",\"contentUrl\":\"https:\/\/secure.gravatar.com\/avatar\/b6748316a4400053a1fa9f4694b38d294dc5da6f4bacc727742bd8f3e689f87c?s=96&d=mm&r=g\",\"caption\":\"eir\"},\"url\":\"https:\/\/eirikurjonsson.is\/index.php\/author\/eir\/\"}]}<\/script>\n<!-- \/ Yoast SEO plugin. -->","yoast_head_json":{"title":"GU\u00d0MUNDUR ANDRI ALS\u00c6LL \u00cd HVAMMSV\u00cdK &#8211; Eir\u00edkur J\u00f3nsson","robots":{"index":"index","follow":"follow","max-snippet":"max-snippet:-1","max-image-preview":"max-image-preview:large","max-video-preview":"max-video-preview:-1"},"canonical":"https:\/\/eirikurjonsson.is\/index.php\/2024\/11\/24\/gudmundur-andri-alsaell-i-hvammsvik\/","og_locale":"is_IS","og_type":"article","og_title":"GU\u00d0MUNDUR ANDRI ALS\u00c6LL \u00cd HVAMMSV\u00cdK &#8211; Eir\u00edkur J\u00f3nsson","og_description":"&#8222;\u00cd g\u00e6r n\u00fdttum vi\u00f0 g\u00f6mlu hj\u00f3nin loksins gjafabr\u00e9f sem vi\u00f0 fengum \u00ed j\u00f3lagj\u00f6f \u00ed Hvammsv\u00edk \u00ed Hvalfir\u00f0i,&#8220; segir Gu\u00f0mundur Andri rith\u00f6fundur sem var\u00f0 ekki fyrir vonbrig\u00f0um heldur \u00fevert \u00e1 m\u00f3ti &#8211; als\u00e6ll: &#8222;\u00deetta var n\u00fa meiri s\u00e6lan! Vatni\u00f0 einkennilega h\u00e1rr\u00e9tt blanda sem manni fannst a\u00f0 mynda gr\u00e6\u00f0a s\u00e9rhvert mein. Allt bar vitni um al\u00fa\u00f0 og [&hellip;]","og_url":"https:\/\/eirikurjonsson.is\/index.php\/2024\/11\/24\/gudmundur-andri-alsaell-i-hvammsvik\/","og_site_name":"Eir\u00edkur J\u00f3nsson","article_published_time":"2024-11-24T14:09:51+00:00","og_image":[{"width":584,"height":441,"url":"https:\/\/eirikurjonsson.is\/wp-content\/uploads\/2024\/11\/gudmundur-andri.jpg","type":"image\/jpeg"}],"author":"eir","twitter_card":"summary_large_image","twitter_misc":{"Written by":"eir","Est. reading time":"2 minutes"},"schema":{"@context":"https:\/\/schema.org","@graph":[{"@type":"WebPage","@id":"https:\/\/eirikurjonsson.is\/index.php\/2024\/11\/24\/gudmundur-andri-alsaell-i-hvammsvik\/","url":"https:\/\/eirikurjonsson.is\/index.php\/2024\/11\/24\/gudmundur-andri-alsaell-i-hvammsvik\/","name":"GU\u00d0MUNDUR ANDRI ALS\u00c6LL \u00cd HVAMMSV\u00cdK &#8211; Eir\u00edkur J\u00f3nsson","isPartOf":{"@id":"https:\/\/eirikurjonsson.is\/#website"},"datePublished":"2024-11-24T14:09:51+00:00","dateModified":"2024-11-24T14:09:51+00:00","author":{"@id":"https:\/\/eirikurjonsson.is\/#\/schema\/person\/308afa1d0e201918034e31b1da4f07a5"},"breadcrumb":{"@id":"https:\/\/eirikurjonsson.is\/index.php\/2024\/11\/24\/gudmundur-andri-alsaell-i-hvammsvik\/#breadcrumb"},"inLanguage":"is","potentialAction":[{"@type":"ReadAction","target":["https:\/\/eirikurjonsson.is\/index.php\/2024\/11\/24\/gudmundur-andri-alsaell-i-hvammsvik\/"]}]},{"@type":"BreadcrumbList","@id":"https:\/\/eirikurjonsson.is\/index.php\/2024\/11\/24\/gudmundur-andri-alsaell-i-hvammsvik\/#breadcrumb","itemListElement":[{"@type":"ListItem","position":1,"name":"Home","item":"https:\/\/eirikurjonsson.is\/"},{"@type":"ListItem","position":2,"name":"GU\u00d0MUNDUR ANDRI ALS\u00c6LL \u00cd HVAMMSV\u00cdK"}]},{"@type":"WebSite","@id":"https:\/\/eirikurjonsson.is\/#website","url":"https:\/\/eirikurjonsson.is\/","name":"Eir\u00edkur J\u00f3nsson","description":"Eir\u00edkur J\u00f3nsson | EIR eirikurjonsson.is","potentialAction":[{"@type":"SearchAction","target":{"@type":"EntryPoint","urlTemplate":"https:\/\/eirikurjonsson.is\/?s={search_term_string}"},"query-input":"required name=search_term_string"}],"inLanguage":"is"},{"@type":"Person","@id":"https:\/\/eirikurjonsson.is\/#\/schema\/person\/308afa1d0e201918034e31b1da4f07a5","name":"eir","image":{"@type":"ImageObject","inLanguage":"is","@id":"https:\/\/eirikurjonsson.is\/#\/schema\/person\/image\/","url":"https:\/\/secure.gravatar.com\/avatar\/b6748316a4400053a1fa9f4694b38d294dc5da6f4bacc727742bd8f3e689f87c?s=96&d=mm&r=g","contentUrl":"https:\/\/secure.gravatar.com\/avatar\/b6748316a4400053a1fa9f4694b38d294dc5da6f4bacc727742bd8f3e689f87c?s=96&d=mm&r=g","caption":"eir"},"url":"https:\/\/eirikurjonsson.is\/index.php\/author\/eir\/"}]}},"_links":{"self":[{"href":"https:\/\/eirikurjonsson.is\/index.php\/wp-json\/wp\/v2\/posts\/4333","targetHints":{"allow":["GET"]}}],"collection":[{"href":"https:\/\/eirikurjonsson.is\/index.php\/wp-json\/wp\/v2\/posts"}],"about":[{"href":"https:\/\/eirikurjonsson.is\/index.php\/wp-json\/wp\/v2\/types\/post"}],"author":[{"embeddable":true,"href":"https:\/\/eirikurjonsson.is\/index.php\/wp-json\/wp\/v2\/users\/2"}],"replies":[{"embeddable":true,"href":"https:\/\/eirikurjonsson.is\/index.php\/wp-json\/wp\/v2\/comments?post=4333"}],"version-history":[{"count":1,"href":"https:\/\/eirikurjonsson.is\/index.php\/wp-json\/wp\/v2\/posts\/4333\/revisions"}],"predecessor-version":[{"id":4334,"href":"https:\/\/eirikurjonsson.is\/index.php\/wp-json\/wp\/v2\/posts\/4333\/revisions\/4334"}],"wp:featuredmedia":[{"embeddable":true,"href":"https:\/\/eirikurjonsson.is\/index.php\/wp-json\/wp\/v2\/media\/4335"}],"wp:attachment":[{"href":"https:\/\/eirikurjonsson.is\/index.php\/wp-json\/wp\/v2\/media?parent=4333"}],"wp:term":[{"taxonomy":"category","embeddable":true,"href":"https:\/\/eirikurjonsson.is\/index.php\/wp-json\/wp\/v2\/categories?post=4333"},{"taxonomy":"post_tag","embeddable":true,"href":"https:\/\/eirikurjonsson.is\/index.php\/wp-json\/wp\/v2\/tags?post=4333"}],"curies":[{"name":"wp","href":"https:\/\/api.w.org\/{rel}","templated":true}]}}