{"id":4281,"date":"2024-11-21T10:39:10","date_gmt":"2024-11-21T10:39:10","guid":{"rendered":"https:\/\/eirikurjonsson.is\/?p=4281"},"modified":"2024-11-21T10:39:32","modified_gmt":"2024-11-21T10:39:32","slug":"veislan-hefst-a-morgun","status":"publish","type":"post","link":"https:\/\/eirikurjonsson.is\/index.php\/2024\/11\/21\/veislan-hefst-a-morgun\/","title":{"rendered":"VEISLAN HEFST \u00c1 MORGUN"},"content":{"rendered":"<p>Afm\u00e6list\u00f3nleikar Helga Bj\u00f6rns eru \u00ed H\u00f6rpu um helgina en Helgi \u00fej\u00f3fstarta\u00f0i afm\u00e6linu \u00ed Hofi fyrr \u00ed haust.<\/p>\n<p>&#8222;Vi\u00f0 erum b\u00fain a\u00f0 vera a\u00f0 undirb\u00faa \u00feessa t\u00f3nleika \u00ed meira en \u00e1r og vi\u00f0t\u00f6kurnar hafa fari\u00f0 fram \u00far v\u00e6ntingum. N\u00fa er bara tilhl\u00f6kkun og eftirv\u00e6nting \u00ed h\u00f3pnum. \u00dea\u00f0 er yndislegt a\u00f0 fagna \u00feessum t\u00edmam\u00f3tum me\u00f0 \u00feessum h\u00e6tti,&#8220; segir Helgi a\u00f0spur\u00f0ur \u00fat \u00ed st\u00f3rt\u00f3nleika helgarinnar en uppselt er \u00e1 \u00ferenna t\u00f3nleika \u00ed H\u00f6rpu a\u00f0 undanskildum nokkrum s\u00e6tum \u00e1 f\u00f6studagst\u00f3nleikanna.<\/p>\n<p style=\"text-align: center;\">&#8211;<\/p>\n<p><em>\u00c1ri\u00f0 1984 birtist Hi\u00f0 helga B\u00e9 sem fullsk\u00f6pu\u00f0 stjarna \u00e1 himnafestingu \u00edslenskrar rokkt\u00f3nlistar. 40 \u00e1rum s\u00ed\u00f0ar hefur Helgi Bj\u00f6rnsson gert heila \u00fej\u00f3\u00f0 a\u00f0 vini s\u00ednum, kynsl\u00f3\u00f0 fram af kynsl\u00f3\u00f0. Jafnvel t\u00edminn er vinur hans, enda hefur t\u00edminn sl\u00edpa\u00f0 \u00feennan gimstein \u00ed \u00e1ranna r\u00e1s me\u00f0an Helgi hefur blyg\u00f0unarlaust l\u00e1ti\u00f0 t\u00edmalausum perlum rigna yfir \u00fej\u00f3\u00f0 sem \u00feyrstir eftir snertingu vi\u00f0 hjarta\u00f0. \u00cdslendingum finnst \u00feessi rigning g\u00f3\u00f0 og \u00fea\u00f0 rignir enn. \u00c1ri\u00f0 2024 f\u00f6gnum vi\u00f0 40 \u00e1ra s\u00edgr\u00e6num ferli sem t\u00edmabundin trend n\u00e1 aldrei a\u00f0 hagga. Ma\u00f0urinn sem fer alla lei\u00f0; jafnv\u00edgur \u00e1 gr\u00e1tur, hl\u00e1tur, \u00f6skur, stans, dans, stendur H\u00f3l\u00ed B\u00ed \u00e1 sk\u00fdi og sk\u00fdtur \u00feig me\u00f0 \u00e1star\u00f6rvum \u00ed hjarta\u00f0. Seg\u00f0u j\u00e1 og vi\u00f0 r\u00ed\u00f0um sem vindurinn \u00ed sumar og haust.<\/em><\/p>\n","protected":false},"excerpt":{"rendered":"<p>Afm\u00e6list\u00f3nleikar Helga Bj\u00f6rns eru \u00ed H\u00f6rpu um helgina en Helgi \u00fej\u00f3fstarta\u00f0i afm\u00e6linu \u00ed Hofi fyrr \u00ed haust. &#8222;Vi\u00f0 erum b\u00fain a\u00f0 vera a\u00f0 undirb\u00faa \u00feessa t\u00f3nleika \u00ed meira en \u00e1r og vi\u00f0t\u00f6kurnar hafa fari\u00f0 fram \u00far v\u00e6ntingum. N\u00fa er bara tilhl\u00f6kkun og eftirv\u00e6nting \u00ed h\u00f3pnum. \u00dea\u00f0 er yndislegt a\u00f0 fagna \u00feessum t\u00edmam\u00f3tum me\u00f0 \u00feessum h\u00e6tti,&#8220; [&hellip;]<\/p>\n","protected":false},"author":2,"featured_media":4282,"comment_status":"open","ping_status":"open","sticky":false,"template":"","format":"standard","meta":{"_monsterinsights_skip_tracking":false,"_monsterinsights_sitenote_active":false,"_monsterinsights_sitenote_note":"","_monsterinsights_sitenote_category":0,"footnotes":""},"categories":[31],"tags":[],"class_list":{"0":"post-4281","1":"post","2":"type-post","3":"status-publish","4":"format-standard","5":"has-post-thumbnail","7":"category-greinar"},"yoast_head":"<!-- This site is optimized with the Yoast SEO plugin v22.0 - https:\/\/yoast.com\/wordpress\/plugins\/seo\/ -->\n<title>VEISLAN HEFST \u00c1 MORGUN &#8211; Eir\u00edkur J\u00f3nsson<\/title>\n<meta name=\"robots\" content=\"index, follow, max-snippet:-1, max-image-preview:large, max-video-preview:-1\" \/>\n<link rel=\"canonical\" href=\"https:\/\/eirikurjonsson.is\/index.php\/2024\/11\/21\/veislan-hefst-a-morgun\/\" \/>\n<meta property=\"og:locale\" content=\"is_IS\" \/>\n<meta property=\"og:type\" content=\"article\" \/>\n<meta property=\"og:title\" content=\"VEISLAN HEFST \u00c1 MORGUN &#8211; Eir\u00edkur J\u00f3nsson\" \/>\n<meta property=\"og:description\" content=\"Afm\u00e6list\u00f3nleikar Helga Bj\u00f6rns eru \u00ed H\u00f6rpu um helgina en Helgi \u00fej\u00f3fstarta\u00f0i afm\u00e6linu \u00ed Hofi fyrr \u00ed haust. &#8222;Vi\u00f0 erum b\u00fain a\u00f0 vera a\u00f0 undirb\u00faa \u00feessa t\u00f3nleika \u00ed meira en \u00e1r og vi\u00f0t\u00f6kurnar hafa fari\u00f0 fram \u00far v\u00e6ntingum. N\u00fa er bara tilhl\u00f6kkun og eftirv\u00e6nting \u00ed h\u00f3pnum. \u00dea\u00f0 er yndislegt a\u00f0 fagna \u00feessum t\u00edmam\u00f3tum me\u00f0 \u00feessum h\u00e6tti,&#8220; [&hellip;]\" \/>\n<meta property=\"og:url\" content=\"https:\/\/eirikurjonsson.is\/index.php\/2024\/11\/21\/veislan-hefst-a-morgun\/\" \/>\n<meta property=\"og:site_name\" content=\"Eir\u00edkur J\u00f3nsson\" \/>\n<meta property=\"article:published_time\" content=\"2024-11-21T10:39:10+00:00\" \/>\n<meta property=\"article:modified_time\" content=\"2024-11-21T10:39:32+00:00\" \/>\n<meta property=\"og:image\" content=\"https:\/\/eirikurjonsson.is\/wp-content\/uploads\/2024\/11\/helgi1.jpg\" \/>\n\t<meta property=\"og:image:width\" content=\"2048\" \/>\n\t<meta property=\"og:image:height\" content=\"1209\" \/>\n\t<meta property=\"og:image:type\" content=\"image\/jpeg\" \/>\n<meta name=\"author\" content=\"eir\" \/>\n<meta name=\"twitter:card\" content=\"summary_large_image\" \/>\n<meta name=\"twitter:label1\" content=\"Written by\" \/>\n\t<meta name=\"twitter:data1\" content=\"eir\" \/>\n\t<meta name=\"twitter:label2\" content=\"Est. reading time\" \/>\n\t<meta name=\"twitter:data2\" content=\"2 minutes\" \/>\n<script type=\"application\/ld+json\" class=\"yoast-schema-graph\">{\"@context\":\"https:\/\/schema.org\",\"@graph\":[{\"@type\":\"WebPage\",\"@id\":\"https:\/\/eirikurjonsson.is\/index.php\/2024\/11\/21\/veislan-hefst-a-morgun\/\",\"url\":\"https:\/\/eirikurjonsson.is\/index.php\/2024\/11\/21\/veislan-hefst-a-morgun\/\",\"name\":\"VEISLAN HEFST \u00c1 MORGUN &#8211; Eir\u00edkur J\u00f3nsson\",\"isPartOf\":{\"@id\":\"https:\/\/eirikurjonsson.is\/#website\"},\"datePublished\":\"2024-11-21T10:39:10+00:00\",\"dateModified\":\"2024-11-21T10:39:32+00:00\",\"author\":{\"@id\":\"https:\/\/eirikurjonsson.is\/#\/schema\/person\/308afa1d0e201918034e31b1da4f07a5\"},\"breadcrumb\":{\"@id\":\"https:\/\/eirikurjonsson.is\/index.php\/2024\/11\/21\/veislan-hefst-a-morgun\/#breadcrumb\"},\"inLanguage\":\"is\",\"potentialAction\":[{\"@type\":\"ReadAction\",\"target\":[\"https:\/\/eirikurjonsson.is\/index.php\/2024\/11\/21\/veislan-hefst-a-morgun\/\"]}]},{\"@type\":\"BreadcrumbList\",\"@id\":\"https:\/\/eirikurjonsson.is\/index.php\/2024\/11\/21\/veislan-hefst-a-morgun\/#breadcrumb\",\"itemListElement\":[{\"@type\":\"ListItem\",\"position\":1,\"name\":\"Home\",\"item\":\"https:\/\/eirikurjonsson.is\/\"},{\"@type\":\"ListItem\",\"position\":2,\"name\":\"VEISLAN HEFST \u00c1 MORGUN\"}]},{\"@type\":\"WebSite\",\"@id\":\"https:\/\/eirikurjonsson.is\/#website\",\"url\":\"https:\/\/eirikurjonsson.is\/\",\"name\":\"Eir\u00edkur J\u00f3nsson\",\"description\":\"Eir\u00edkur J\u00f3nsson | EIR eirikurjonsson.is\",\"potentialAction\":[{\"@type\":\"SearchAction\",\"target\":{\"@type\":\"EntryPoint\",\"urlTemplate\":\"https:\/\/eirikurjonsson.is\/?s={search_term_string}\"},\"query-input\":\"required name=search_term_string\"}],\"inLanguage\":\"is\"},{\"@type\":\"Person\",\"@id\":\"https:\/\/eirikurjonsson.is\/#\/schema\/person\/308afa1d0e201918034e31b1da4f07a5\",\"name\":\"eir\",\"image\":{\"@type\":\"ImageObject\",\"inLanguage\":\"is\",\"@id\":\"https:\/\/eirikurjonsson.is\/#\/schema\/person\/image\/\",\"url\":\"https:\/\/secure.gravatar.com\/avatar\/b6748316a4400053a1fa9f4694b38d294dc5da6f4bacc727742bd8f3e689f87c?s=96&d=mm&r=g\",\"contentUrl\":\"https:\/\/secure.gravatar.com\/avatar\/b6748316a4400053a1fa9f4694b38d294dc5da6f4bacc727742bd8f3e689f87c?s=96&d=mm&r=g\",\"caption\":\"eir\"},\"url\":\"https:\/\/eirikurjonsson.is\/index.php\/author\/eir\/\"}]}<\/script>\n<!-- \/ Yoast SEO plugin. -->","yoast_head_json":{"title":"VEISLAN HEFST \u00c1 MORGUN &#8211; Eir\u00edkur J\u00f3nsson","robots":{"index":"index","follow":"follow","max-snippet":"max-snippet:-1","max-image-preview":"max-image-preview:large","max-video-preview":"max-video-preview:-1"},"canonical":"https:\/\/eirikurjonsson.is\/index.php\/2024\/11\/21\/veislan-hefst-a-morgun\/","og_locale":"is_IS","og_type":"article","og_title":"VEISLAN HEFST \u00c1 MORGUN &#8211; Eir\u00edkur J\u00f3nsson","og_description":"Afm\u00e6list\u00f3nleikar Helga Bj\u00f6rns eru \u00ed H\u00f6rpu um helgina en Helgi \u00fej\u00f3fstarta\u00f0i afm\u00e6linu \u00ed Hofi fyrr \u00ed haust. &#8222;Vi\u00f0 erum b\u00fain a\u00f0 vera a\u00f0 undirb\u00faa \u00feessa t\u00f3nleika \u00ed meira en \u00e1r og vi\u00f0t\u00f6kurnar hafa fari\u00f0 fram \u00far v\u00e6ntingum. N\u00fa er bara tilhl\u00f6kkun og eftirv\u00e6nting \u00ed h\u00f3pnum. \u00dea\u00f0 er yndislegt a\u00f0 fagna \u00feessum t\u00edmam\u00f3tum me\u00f0 \u00feessum h\u00e6tti,&#8220; [&hellip;]","og_url":"https:\/\/eirikurjonsson.is\/index.php\/2024\/11\/21\/veislan-hefst-a-morgun\/","og_site_name":"Eir\u00edkur J\u00f3nsson","article_published_time":"2024-11-21T10:39:10+00:00","article_modified_time":"2024-11-21T10:39:32+00:00","og_image":[{"width":2048,"height":1209,"url":"https:\/\/eirikurjonsson.is\/wp-content\/uploads\/2024\/11\/helgi1.jpg","type":"image\/jpeg"}],"author":"eir","twitter_card":"summary_large_image","twitter_misc":{"Written by":"eir","Est. reading time":"2 minutes"},"schema":{"@context":"https:\/\/schema.org","@graph":[{"@type":"WebPage","@id":"https:\/\/eirikurjonsson.is\/index.php\/2024\/11\/21\/veislan-hefst-a-morgun\/","url":"https:\/\/eirikurjonsson.is\/index.php\/2024\/11\/21\/veislan-hefst-a-morgun\/","name":"VEISLAN HEFST \u00c1 MORGUN &#8211; Eir\u00edkur J\u00f3nsson","isPartOf":{"@id":"https:\/\/eirikurjonsson.is\/#website"},"datePublished":"2024-11-21T10:39:10+00:00","dateModified":"2024-11-21T10:39:32+00:00","author":{"@id":"https:\/\/eirikurjonsson.is\/#\/schema\/person\/308afa1d0e201918034e31b1da4f07a5"},"breadcrumb":{"@id":"https:\/\/eirikurjonsson.is\/index.php\/2024\/11\/21\/veislan-hefst-a-morgun\/#breadcrumb"},"inLanguage":"is","potentialAction":[{"@type":"ReadAction","target":["https:\/\/eirikurjonsson.is\/index.php\/2024\/11\/21\/veislan-hefst-a-morgun\/"]}]},{"@type":"BreadcrumbList","@id":"https:\/\/eirikurjonsson.is\/index.php\/2024\/11\/21\/veislan-hefst-a-morgun\/#breadcrumb","itemListElement":[{"@type":"ListItem","position":1,"name":"Home","item":"https:\/\/eirikurjonsson.is\/"},{"@type":"ListItem","position":2,"name":"VEISLAN HEFST \u00c1 MORGUN"}]},{"@type":"WebSite","@id":"https:\/\/eirikurjonsson.is\/#website","url":"https:\/\/eirikurjonsson.is\/","name":"Eir\u00edkur J\u00f3nsson","description":"Eir\u00edkur J\u00f3nsson | EIR eirikurjonsson.is","potentialAction":[{"@type":"SearchAction","target":{"@type":"EntryPoint","urlTemplate":"https:\/\/eirikurjonsson.is\/?s={search_term_string}"},"query-input":"required name=search_term_string"}],"inLanguage":"is"},{"@type":"Person","@id":"https:\/\/eirikurjonsson.is\/#\/schema\/person\/308afa1d0e201918034e31b1da4f07a5","name":"eir","image":{"@type":"ImageObject","inLanguage":"is","@id":"https:\/\/eirikurjonsson.is\/#\/schema\/person\/image\/","url":"https:\/\/secure.gravatar.com\/avatar\/b6748316a4400053a1fa9f4694b38d294dc5da6f4bacc727742bd8f3e689f87c?s=96&d=mm&r=g","contentUrl":"https:\/\/secure.gravatar.com\/avatar\/b6748316a4400053a1fa9f4694b38d294dc5da6f4bacc727742bd8f3e689f87c?s=96&d=mm&r=g","caption":"eir"},"url":"https:\/\/eirikurjonsson.is\/index.php\/author\/eir\/"}]}},"_links":{"self":[{"href":"https:\/\/eirikurjonsson.is\/index.php\/wp-json\/wp\/v2\/posts\/4281","targetHints":{"allow":["GET"]}}],"collection":[{"href":"https:\/\/eirikurjonsson.is\/index.php\/wp-json\/wp\/v2\/posts"}],"about":[{"href":"https:\/\/eirikurjonsson.is\/index.php\/wp-json\/wp\/v2\/types\/post"}],"author":[{"embeddable":true,"href":"https:\/\/eirikurjonsson.is\/index.php\/wp-json\/wp\/v2\/users\/2"}],"replies":[{"embeddable":true,"href":"https:\/\/eirikurjonsson.is\/index.php\/wp-json\/wp\/v2\/comments?post=4281"}],"version-history":[{"count":1,"href":"https:\/\/eirikurjonsson.is\/index.php\/wp-json\/wp\/v2\/posts\/4281\/revisions"}],"predecessor-version":[{"id":4283,"href":"https:\/\/eirikurjonsson.is\/index.php\/wp-json\/wp\/v2\/posts\/4281\/revisions\/4283"}],"wp:featuredmedia":[{"embeddable":true,"href":"https:\/\/eirikurjonsson.is\/index.php\/wp-json\/wp\/v2\/media\/4282"}],"wp:attachment":[{"href":"https:\/\/eirikurjonsson.is\/index.php\/wp-json\/wp\/v2\/media?parent=4281"}],"wp:term":[{"taxonomy":"category","embeddable":true,"href":"https:\/\/eirikurjonsson.is\/index.php\/wp-json\/wp\/v2\/categories?post=4281"},{"taxonomy":"post_tag","embeddable":true,"href":"https:\/\/eirikurjonsson.is\/index.php\/wp-json\/wp\/v2\/tags?post=4281"}],"curies":[{"name":"wp","href":"https:\/\/api.w.org\/{rel}","templated":true}]}}