{"id":4277,"date":"2024-11-20T21:40:14","date_gmt":"2024-11-20T21:40:14","guid":{"rendered":"https:\/\/eirikurjonsson.is\/?p=4277"},"modified":"2024-11-20T21:42:07","modified_gmt":"2024-11-20T21:42:07","slug":"stud-a-akureyri-sigmundi-ekki-visad-ut","status":"publish","type":"post","link":"https:\/\/eirikurjonsson.is\/index.php\/2024\/11\/20\/stud-a-akureyri-sigmundi-ekki-visad-ut\/","title":{"rendered":"STU\u00d0 \u00c1 AKUREYRI &#8211; SIGMUNDI EKKI V\u00cdSA\u00d0 \u00daT"},"content":{"rendered":"<p>&#8222;\u00de\u00f0 er stu\u00f0 \u00e1 Akureyri,&#8220; segir Sigmundur Dav\u00ed\u00f0 forma\u00f0ur Mi\u00f0flokksins um<a href=\"https:\/\/www.visir.is\/g\/20242652677d\/sig-mundi-visad-ur-vma-eftir-ad-hann-krotadi-a-varning-annarra-flokka\"> fr\u00e9tt<\/a> \u00feess efnis a\u00f0 honum hef\u00f0i veri\u00f0 v\u00edsa\u00f0 \u00e1 dyr \u00ed Verkmenntask\u00f3lanum fyrir nor\u00f0an &#8211; \u00fea\u00f0 er af og fr\u00e1:<\/p>\n<div class=\"xdj266r x11i5rnm xat24cr x1mh8g0r x1vvkbs x126k92a\">\n<div dir=\"auto\">&#8222;\u00c9g leit vi\u00f0 \u00ed VMA \u00ed dag. K\u00edkti inn \u00e1 opna sv\u00e6\u00f0i\u00f0 og keypti m\u00e9r samloku. Um lei\u00f0 og \u00e9g var b\u00fainn a\u00f0 setja hana \u00ed grilli\u00f0 dreif a\u00f0 nemendur sem voru allir hressir og k\u00e1tir. Hreint st\u00f3rkostlegar m\u00f3tt\u00f6kur!<\/div>\n<\/div>\n<div class=\"x11i5rnm xat24cr x1mh8g0r x1vvkbs xtlvy1s x126k92a\">\n<div dir=\"auto\">Sumir vildu taka myndir, a\u00f0rir r\u00e6\u00f0a stj\u00f3rnm\u00e1l og enn a\u00f0rir b\u00e1\u00f0u mig, samkv\u00e6mt lei\u00f0s\u00f6gn, a\u00f0 skreyta kosningavarning sem \u00feeir komu me\u00f0 til m\u00edn.<\/div>\n<\/div>\n<div class=\"x11i5rnm xat24cr x1mh8g0r x1vvkbs xtlvy1s x126k92a\">\n<div dir=\"auto\">\u00c6tli \u00e9g hafi ekki hitt h\u00e1tt \u00ed 100 nemendur sem allir voru hressir (enda eru heims\u00f3knir \u00ed VMA alltaf skemmtilegar).<\/div>\n<\/div>\n<div class=\"x11i5rnm xat24cr x1mh8g0r x1vvkbs xtlvy1s x126k92a\">\n<div dir=\"auto\">\u00c9g r\u00e6ddi ekki vi\u00f0 kennara og ekki vi\u00f0 sk\u00f3lastj\u00f3rann (og Samfylkingarakt\u00edvistann) sem l\u00e9t hafa \u00fdmislegt eftir s\u00e9r \u00ed fr\u00e9tt \u00e1 V\u00edsi.<\/div>\n<div dir=\"auto\">Hvorki h\u00fan n\u00e9 nokkur annar starfsma\u00f0ur b\u00e1\u00f0u mig a\u00f0 fara \u00fat.<\/div>\n<div dir=\"auto\">En nemendur \u00feurftu a\u00f0 m\u00e6ta \u00ed t\u00edma og \u00e9g a\u00f0 bor\u00f0a samlokuna m\u00edna.&#8220;<\/div>\n<\/div>\n","protected":false},"excerpt":{"rendered":"<p>&#8222;\u00de\u00f0 er stu\u00f0 \u00e1 Akureyri,&#8220; segir Sigmundur Dav\u00ed\u00f0 forma\u00f0ur Mi\u00f0flokksins um fr\u00e9tt \u00feess efnis a\u00f0 honum hef\u00f0i veri\u00f0 v\u00edsa\u00f0 \u00e1 dyr \u00ed Verkmenntask\u00f3lanum fyrir nor\u00f0an &#8211; \u00fea\u00f0 er af og fr\u00e1: &#8222;\u00c9g leit vi\u00f0 \u00ed VMA \u00ed dag. K\u00edkti inn \u00e1 opna sv\u00e6\u00f0i\u00f0 og keypti m\u00e9r samloku. Um lei\u00f0 og \u00e9g var b\u00fainn a\u00f0 setja [&hellip;]<\/p>\n","protected":false},"author":2,"featured_media":4278,"comment_status":"open","ping_status":"open","sticky":false,"template":"","format":"standard","meta":{"_monsterinsights_skip_tracking":false,"_monsterinsights_sitenote_active":false,"_monsterinsights_sitenote_note":"","_monsterinsights_sitenote_category":0,"footnotes":""},"categories":[31],"tags":[],"class_list":{"0":"post-4277","1":"post","2":"type-post","3":"status-publish","4":"format-standard","5":"has-post-thumbnail","7":"category-greinar"},"yoast_head":"<!-- This site is optimized with the Yoast SEO plugin v22.0 - https:\/\/yoast.com\/wordpress\/plugins\/seo\/ -->\n<title>STU\u00d0 \u00c1 AKUREYRI - SIGMUNDI EKKI V\u00cdSA\u00d0 \u00daT &#8211; Eir\u00edkur J\u00f3nsson<\/title>\n<meta name=\"robots\" content=\"index, follow, max-snippet:-1, max-image-preview:large, max-video-preview:-1\" \/>\n<link rel=\"canonical\" href=\"https:\/\/eirikurjonsson.is\/index.php\/2024\/11\/20\/stud-a-akureyri-sigmundi-ekki-visad-ut\/\" \/>\n<meta property=\"og:locale\" content=\"is_IS\" \/>\n<meta property=\"og:type\" content=\"article\" \/>\n<meta property=\"og:title\" content=\"STU\u00d0 \u00c1 AKUREYRI - SIGMUNDI EKKI V\u00cdSA\u00d0 \u00daT &#8211; Eir\u00edkur J\u00f3nsson\" \/>\n<meta property=\"og:description\" content=\"&#8222;\u00de\u00f0 er stu\u00f0 \u00e1 Akureyri,&#8220; segir Sigmundur Dav\u00ed\u00f0 forma\u00f0ur Mi\u00f0flokksins um fr\u00e9tt \u00feess efnis a\u00f0 honum hef\u00f0i veri\u00f0 v\u00edsa\u00f0 \u00e1 dyr \u00ed Verkmenntask\u00f3lanum fyrir nor\u00f0an &#8211; \u00fea\u00f0 er af og fr\u00e1: &#8222;\u00c9g leit vi\u00f0 \u00ed VMA \u00ed dag. K\u00edkti inn \u00e1 opna sv\u00e6\u00f0i\u00f0 og keypti m\u00e9r samloku. Um lei\u00f0 og \u00e9g var b\u00fainn a\u00f0 setja [&hellip;]\" \/>\n<meta property=\"og:url\" content=\"https:\/\/eirikurjonsson.is\/index.php\/2024\/11\/20\/stud-a-akureyri-sigmundi-ekki-visad-ut\/\" \/>\n<meta property=\"og:site_name\" content=\"Eir\u00edkur J\u00f3nsson\" \/>\n<meta property=\"article:published_time\" content=\"2024-11-20T21:40:14+00:00\" \/>\n<meta property=\"article:modified_time\" content=\"2024-11-20T21:42:07+00:00\" \/>\n<meta property=\"og:image\" content=\"https:\/\/eirikurjonsson.is\/wp-content\/uploads\/2024\/11\/SIGMUND-STUD.jpg\" \/>\n\t<meta property=\"og:image:width\" content=\"2048\" \/>\n\t<meta property=\"og:image:height\" content=\"1536\" \/>\n\t<meta property=\"og:image:type\" content=\"image\/jpeg\" \/>\n<meta name=\"author\" content=\"eir\" \/>\n<meta name=\"twitter:card\" content=\"summary_large_image\" \/>\n<meta name=\"twitter:label1\" content=\"Written by\" \/>\n\t<meta name=\"twitter:data1\" content=\"eir\" \/>\n\t<meta name=\"twitter:label2\" content=\"Est. reading time\" \/>\n\t<meta name=\"twitter:data2\" content=\"2 minutes\" \/>\n<script type=\"application\/ld+json\" class=\"yoast-schema-graph\">{\"@context\":\"https:\/\/schema.org\",\"@graph\":[{\"@type\":\"WebPage\",\"@id\":\"https:\/\/eirikurjonsson.is\/index.php\/2024\/11\/20\/stud-a-akureyri-sigmundi-ekki-visad-ut\/\",\"url\":\"https:\/\/eirikurjonsson.is\/index.php\/2024\/11\/20\/stud-a-akureyri-sigmundi-ekki-visad-ut\/\",\"name\":\"STU\u00d0 \u00c1 AKUREYRI - SIGMUNDI EKKI V\u00cdSA\u00d0 \u00daT &#8211; Eir\u00edkur J\u00f3nsson\",\"isPartOf\":{\"@id\":\"https:\/\/eirikurjonsson.is\/#website\"},\"datePublished\":\"2024-11-20T21:40:14+00:00\",\"dateModified\":\"2024-11-20T21:42:07+00:00\",\"author\":{\"@id\":\"https:\/\/eirikurjonsson.is\/#\/schema\/person\/308afa1d0e201918034e31b1da4f07a5\"},\"breadcrumb\":{\"@id\":\"https:\/\/eirikurjonsson.is\/index.php\/2024\/11\/20\/stud-a-akureyri-sigmundi-ekki-visad-ut\/#breadcrumb\"},\"inLanguage\":\"is\",\"potentialAction\":[{\"@type\":\"ReadAction\",\"target\":[\"https:\/\/eirikurjonsson.is\/index.php\/2024\/11\/20\/stud-a-akureyri-sigmundi-ekki-visad-ut\/\"]}]},{\"@type\":\"BreadcrumbList\",\"@id\":\"https:\/\/eirikurjonsson.is\/index.php\/2024\/11\/20\/stud-a-akureyri-sigmundi-ekki-visad-ut\/#breadcrumb\",\"itemListElement\":[{\"@type\":\"ListItem\",\"position\":1,\"name\":\"Home\",\"item\":\"https:\/\/eirikurjonsson.is\/\"},{\"@type\":\"ListItem\",\"position\":2,\"name\":\"STU\u00d0 \u00c1 AKUREYRI &#8211; SIGMUNDI EKKI V\u00cdSA\u00d0 \u00daT\"}]},{\"@type\":\"WebSite\",\"@id\":\"https:\/\/eirikurjonsson.is\/#website\",\"url\":\"https:\/\/eirikurjonsson.is\/\",\"name\":\"Eir\u00edkur J\u00f3nsson\",\"description\":\"Eir\u00edkur J\u00f3nsson | EIR eirikurjonsson.is\",\"potentialAction\":[{\"@type\":\"SearchAction\",\"target\":{\"@type\":\"EntryPoint\",\"urlTemplate\":\"https:\/\/eirikurjonsson.is\/?s={search_term_string}\"},\"query-input\":\"required name=search_term_string\"}],\"inLanguage\":\"is\"},{\"@type\":\"Person\",\"@id\":\"https:\/\/eirikurjonsson.is\/#\/schema\/person\/308afa1d0e201918034e31b1da4f07a5\",\"name\":\"eir\",\"image\":{\"@type\":\"ImageObject\",\"inLanguage\":\"is\",\"@id\":\"https:\/\/eirikurjonsson.is\/#\/schema\/person\/image\/\",\"url\":\"https:\/\/secure.gravatar.com\/avatar\/b6748316a4400053a1fa9f4694b38d294dc5da6f4bacc727742bd8f3e689f87c?s=96&d=mm&r=g\",\"contentUrl\":\"https:\/\/secure.gravatar.com\/avatar\/b6748316a4400053a1fa9f4694b38d294dc5da6f4bacc727742bd8f3e689f87c?s=96&d=mm&r=g\",\"caption\":\"eir\"},\"url\":\"https:\/\/eirikurjonsson.is\/index.php\/author\/eir\/\"}]}<\/script>\n<!-- \/ Yoast SEO plugin. -->","yoast_head_json":{"title":"STU\u00d0 \u00c1 AKUREYRI - SIGMUNDI EKKI V\u00cdSA\u00d0 \u00daT &#8211; Eir\u00edkur J\u00f3nsson","robots":{"index":"index","follow":"follow","max-snippet":"max-snippet:-1","max-image-preview":"max-image-preview:large","max-video-preview":"max-video-preview:-1"},"canonical":"https:\/\/eirikurjonsson.is\/index.php\/2024\/11\/20\/stud-a-akureyri-sigmundi-ekki-visad-ut\/","og_locale":"is_IS","og_type":"article","og_title":"STU\u00d0 \u00c1 AKUREYRI - SIGMUNDI EKKI V\u00cdSA\u00d0 \u00daT &#8211; Eir\u00edkur J\u00f3nsson","og_description":"&#8222;\u00de\u00f0 er stu\u00f0 \u00e1 Akureyri,&#8220; segir Sigmundur Dav\u00ed\u00f0 forma\u00f0ur Mi\u00f0flokksins um fr\u00e9tt \u00feess efnis a\u00f0 honum hef\u00f0i veri\u00f0 v\u00edsa\u00f0 \u00e1 dyr \u00ed Verkmenntask\u00f3lanum fyrir nor\u00f0an &#8211; \u00fea\u00f0 er af og fr\u00e1: &#8222;\u00c9g leit vi\u00f0 \u00ed VMA \u00ed dag. K\u00edkti inn \u00e1 opna sv\u00e6\u00f0i\u00f0 og keypti m\u00e9r samloku. Um lei\u00f0 og \u00e9g var b\u00fainn a\u00f0 setja [&hellip;]","og_url":"https:\/\/eirikurjonsson.is\/index.php\/2024\/11\/20\/stud-a-akureyri-sigmundi-ekki-visad-ut\/","og_site_name":"Eir\u00edkur J\u00f3nsson","article_published_time":"2024-11-20T21:40:14+00:00","article_modified_time":"2024-11-20T21:42:07+00:00","og_image":[{"width":2048,"height":1536,"url":"https:\/\/eirikurjonsson.is\/wp-content\/uploads\/2024\/11\/SIGMUND-STUD.jpg","type":"image\/jpeg"}],"author":"eir","twitter_card":"summary_large_image","twitter_misc":{"Written by":"eir","Est. reading time":"2 minutes"},"schema":{"@context":"https:\/\/schema.org","@graph":[{"@type":"WebPage","@id":"https:\/\/eirikurjonsson.is\/index.php\/2024\/11\/20\/stud-a-akureyri-sigmundi-ekki-visad-ut\/","url":"https:\/\/eirikurjonsson.is\/index.php\/2024\/11\/20\/stud-a-akureyri-sigmundi-ekki-visad-ut\/","name":"STU\u00d0 \u00c1 AKUREYRI - SIGMUNDI EKKI V\u00cdSA\u00d0 \u00daT &#8211; Eir\u00edkur J\u00f3nsson","isPartOf":{"@id":"https:\/\/eirikurjonsson.is\/#website"},"datePublished":"2024-11-20T21:40:14+00:00","dateModified":"2024-11-20T21:42:07+00:00","author":{"@id":"https:\/\/eirikurjonsson.is\/#\/schema\/person\/308afa1d0e201918034e31b1da4f07a5"},"breadcrumb":{"@id":"https:\/\/eirikurjonsson.is\/index.php\/2024\/11\/20\/stud-a-akureyri-sigmundi-ekki-visad-ut\/#breadcrumb"},"inLanguage":"is","potentialAction":[{"@type":"ReadAction","target":["https:\/\/eirikurjonsson.is\/index.php\/2024\/11\/20\/stud-a-akureyri-sigmundi-ekki-visad-ut\/"]}]},{"@type":"BreadcrumbList","@id":"https:\/\/eirikurjonsson.is\/index.php\/2024\/11\/20\/stud-a-akureyri-sigmundi-ekki-visad-ut\/#breadcrumb","itemListElement":[{"@type":"ListItem","position":1,"name":"Home","item":"https:\/\/eirikurjonsson.is\/"},{"@type":"ListItem","position":2,"name":"STU\u00d0 \u00c1 AKUREYRI &#8211; SIGMUNDI EKKI V\u00cdSA\u00d0 \u00daT"}]},{"@type":"WebSite","@id":"https:\/\/eirikurjonsson.is\/#website","url":"https:\/\/eirikurjonsson.is\/","name":"Eir\u00edkur J\u00f3nsson","description":"Eir\u00edkur J\u00f3nsson | EIR eirikurjonsson.is","potentialAction":[{"@type":"SearchAction","target":{"@type":"EntryPoint","urlTemplate":"https:\/\/eirikurjonsson.is\/?s={search_term_string}"},"query-input":"required name=search_term_string"}],"inLanguage":"is"},{"@type":"Person","@id":"https:\/\/eirikurjonsson.is\/#\/schema\/person\/308afa1d0e201918034e31b1da4f07a5","name":"eir","image":{"@type":"ImageObject","inLanguage":"is","@id":"https:\/\/eirikurjonsson.is\/#\/schema\/person\/image\/","url":"https:\/\/secure.gravatar.com\/avatar\/b6748316a4400053a1fa9f4694b38d294dc5da6f4bacc727742bd8f3e689f87c?s=96&d=mm&r=g","contentUrl":"https:\/\/secure.gravatar.com\/avatar\/b6748316a4400053a1fa9f4694b38d294dc5da6f4bacc727742bd8f3e689f87c?s=96&d=mm&r=g","caption":"eir"},"url":"https:\/\/eirikurjonsson.is\/index.php\/author\/eir\/"}]}},"_links":{"self":[{"href":"https:\/\/eirikurjonsson.is\/index.php\/wp-json\/wp\/v2\/posts\/4277","targetHints":{"allow":["GET"]}}],"collection":[{"href":"https:\/\/eirikurjonsson.is\/index.php\/wp-json\/wp\/v2\/posts"}],"about":[{"href":"https:\/\/eirikurjonsson.is\/index.php\/wp-json\/wp\/v2\/types\/post"}],"author":[{"embeddable":true,"href":"https:\/\/eirikurjonsson.is\/index.php\/wp-json\/wp\/v2\/users\/2"}],"replies":[{"embeddable":true,"href":"https:\/\/eirikurjonsson.is\/index.php\/wp-json\/wp\/v2\/comments?post=4277"}],"version-history":[{"count":2,"href":"https:\/\/eirikurjonsson.is\/index.php\/wp-json\/wp\/v2\/posts\/4277\/revisions"}],"predecessor-version":[{"id":4280,"href":"https:\/\/eirikurjonsson.is\/index.php\/wp-json\/wp\/v2\/posts\/4277\/revisions\/4280"}],"wp:featuredmedia":[{"embeddable":true,"href":"https:\/\/eirikurjonsson.is\/index.php\/wp-json\/wp\/v2\/media\/4278"}],"wp:attachment":[{"href":"https:\/\/eirikurjonsson.is\/index.php\/wp-json\/wp\/v2\/media?parent=4277"}],"wp:term":[{"taxonomy":"category","embeddable":true,"href":"https:\/\/eirikurjonsson.is\/index.php\/wp-json\/wp\/v2\/categories?post=4277"},{"taxonomy":"post_tag","embeddable":true,"href":"https:\/\/eirikurjonsson.is\/index.php\/wp-json\/wp\/v2\/tags?post=4277"}],"curies":[{"name":"wp","href":"https:\/\/api.w.org\/{rel}","templated":true}]}}