{"id":4266,"date":"2024-11-20T14:28:47","date_gmt":"2024-11-20T14:28:47","guid":{"rendered":"https:\/\/eirikurjonsson.is\/?p=4266"},"modified":"2024-11-20T14:34:32","modified_gmt":"2024-11-20T14:34:32","slug":"x-d-a-leidinni-heim-fra-tenerife","status":"publish","type":"post","link":"https:\/\/eirikurjonsson.is\/index.php\/2024\/11\/20\/x-d-a-leidinni-heim-fra-tenerife\/","title":{"rendered":"X-D \u00c1 LEI\u00d0INNI HEIM FR\u00c1 TENERIFE"},"content":{"rendered":"<div dir=\"auto\">\n<figure id=\"attachment_4267\" aria-describedby=\"caption-attachment-4267\" style=\"width: 141px\" class=\"wp-caption alignleft\"><img loading=\"lazy\" decoding=\"async\" class=\"wp-image-4267 \" src=\"https:\/\/eirikurjonsson.is\/wp-content\/uploads\/2024\/11\/MARKUS-1.jpg\" alt=\"Mark\u00fas \u00d6rn\" width=\"141\" height=\"148\" \/><figcaption id=\"caption-attachment-4267\" class=\"wp-caption-text\">Mark\u00fas \u00d6rn<\/figcaption><\/figure>\n<p>&#8222;Vi\u00f0 Steinunn h\u00f6f\u00f0um \u00e1hyggjur af \u00fev\u00ed a\u00f0 geta ekki kosi\u00f0. Komum hinga\u00f0 til Tenerife \u00e1\u00f0ur en utankj\u00f6rsta\u00f0akosning h\u00f3fst heima og f\u00f6rum ekki til \u00cdslands fyrr en \u00ed desember. Enginn r\u00e6\u00f0isma\u00f0ur h\u00e9r,&#8220; segir Mark\u00fas \u00d6rn Antosson fyrrum borgarstj\u00f3ri og \u00fatvarpsstj\u00f3ri aem hefur aldrei l\u00e1ti\u00f0 sig vanta \u00e1 kj\u00f6rsta\u00f0 enda stundum sj\u00e1lfur \u00ed frambo\u00f0i. En \u00feetta redda\u00f0ist:<\/p>\n<\/div>\n<div dir=\"auto\"><\/div>\n<div dir=\"auto\">&#8222;\u00dar \u00feessu r\u00e6ttist \u00feegar utanr\u00edkisr\u00e1\u00f0uneyti\u00f0 efndi til kj\u00f6rfundar \u00e1 n\u00e1l\u00e6gu h\u00f3teli \u00ed fyrradag, \u00fear sem \u00e9g smellti af me\u00f0fylgjandi mynum. N\u00fa er D-i\u00f0 mitt \u00e1 lei\u00f0inni heim!&#8220;<\/div>\n<div dir=\"auto\" style=\"text-align: center;\">&#8211;<\/div>\n<div dir=\"auto\">\n<figure id=\"attachment_4268\" aria-describedby=\"caption-attachment-4268\" style=\"width: 300px\" class=\"wp-caption aligncenter\"><img loading=\"lazy\" decoding=\"async\" class=\"size-medium wp-image-4268\" src=\"https:\/\/eirikurjonsson.is\/wp-content\/uploads\/2024\/11\/MARKUS-2-300x169.jpg\" alt=\"\" width=\"300\" height=\"169\" srcset=\"https:\/\/eirikurjonsson.is\/wp-content\/uploads\/2024\/11\/MARKUS-2-300x169.jpg 300w, https:\/\/eirikurjonsson.is\/wp-content\/uploads\/2024\/11\/MARKUS-2.jpg 640w\" sizes=\"auto, (max-width: 300px) 100vw, 300px\" \/><figcaption id=\"caption-attachment-4268\" class=\"wp-caption-text\">L\u00e9ttkl\u00e6dddir \u00edslenskir kj\u00f3sendur \u00e1 Tenerife.<\/figcaption><\/figure>\n<\/div>\n","protected":false},"excerpt":{"rendered":"<p>&#8222;Vi\u00f0 Steinunn h\u00f6f\u00f0um \u00e1hyggjur af \u00fev\u00ed a\u00f0 geta ekki kosi\u00f0. Komum hinga\u00f0 til Tenerife \u00e1\u00f0ur en utankj\u00f6rsta\u00f0akosning h\u00f3fst heima og f\u00f6rum ekki til \u00cdslands fyrr en \u00ed desember. Enginn r\u00e6\u00f0isma\u00f0ur h\u00e9r,&#8220; segir Mark\u00fas \u00d6rn Antosson fyrrum borgarstj\u00f3ri og \u00fatvarpsstj\u00f3ri aem hefur aldrei l\u00e1ti\u00f0 sig vanta \u00e1 kj\u00f6rsta\u00f0 enda stundum sj\u00e1lfur \u00ed frambo\u00f0i. En \u00feetta redda\u00f0ist: [&hellip;]<\/p>\n","protected":false},"author":2,"featured_media":4270,"comment_status":"open","ping_status":"open","sticky":false,"template":"","format":"standard","meta":{"_monsterinsights_skip_tracking":false,"_monsterinsights_sitenote_active":false,"_monsterinsights_sitenote_note":"","_monsterinsights_sitenote_category":0,"footnotes":""},"categories":[31],"tags":[],"class_list":{"0":"post-4266","1":"post","2":"type-post","3":"status-publish","4":"format-standard","5":"has-post-thumbnail","7":"category-greinar"},"yoast_head":"<!-- This site is optimized with the Yoast SEO plugin v22.0 - https:\/\/yoast.com\/wordpress\/plugins\/seo\/ -->\n<title>X-D \u00c1 LEI\u00d0INNI HEIM FR\u00c1 TENERIFE &#8211; Eir\u00edkur J\u00f3nsson<\/title>\n<meta name=\"robots\" content=\"index, follow, max-snippet:-1, max-image-preview:large, max-video-preview:-1\" \/>\n<link rel=\"canonical\" href=\"https:\/\/eirikurjonsson.is\/index.php\/2024\/11\/20\/x-d-a-leidinni-heim-fra-tenerife\/\" \/>\n<meta property=\"og:locale\" content=\"is_IS\" \/>\n<meta property=\"og:type\" content=\"article\" \/>\n<meta property=\"og:title\" content=\"X-D \u00c1 LEI\u00d0INNI HEIM FR\u00c1 TENERIFE &#8211; Eir\u00edkur J\u00f3nsson\" \/>\n<meta property=\"og:description\" content=\"&#8222;Vi\u00f0 Steinunn h\u00f6f\u00f0um \u00e1hyggjur af \u00fev\u00ed a\u00f0 geta ekki kosi\u00f0. Komum hinga\u00f0 til Tenerife \u00e1\u00f0ur en utankj\u00f6rsta\u00f0akosning h\u00f3fst heima og f\u00f6rum ekki til \u00cdslands fyrr en \u00ed desember. Enginn r\u00e6\u00f0isma\u00f0ur h\u00e9r,&#8220; segir Mark\u00fas \u00d6rn Antosson fyrrum borgarstj\u00f3ri og \u00fatvarpsstj\u00f3ri aem hefur aldrei l\u00e1ti\u00f0 sig vanta \u00e1 kj\u00f6rsta\u00f0 enda stundum sj\u00e1lfur \u00ed frambo\u00f0i. En \u00feetta redda\u00f0ist: [&hellip;]\" \/>\n<meta property=\"og:url\" content=\"https:\/\/eirikurjonsson.is\/index.php\/2024\/11\/20\/x-d-a-leidinni-heim-fra-tenerife\/\" \/>\n<meta property=\"og:site_name\" content=\"Eir\u00edkur J\u00f3nsson\" \/>\n<meta property=\"article:published_time\" content=\"2024-11-20T14:28:47+00:00\" \/>\n<meta property=\"article:modified_time\" content=\"2024-11-20T14:34:32+00:00\" \/>\n<meta property=\"og:image\" content=\"https:\/\/eirikurjonsson.is\/wp-content\/uploads\/2024\/11\/markus-3.jpg\" \/>\n\t<meta property=\"og:image:width\" content=\"640\" \/>\n\t<meta property=\"og:image:height\" content=\"506\" \/>\n\t<meta property=\"og:image:type\" content=\"image\/jpeg\" \/>\n<meta name=\"author\" content=\"eir\" \/>\n<meta name=\"twitter:card\" content=\"summary_large_image\" \/>\n<meta name=\"twitter:label1\" content=\"Written by\" \/>\n\t<meta name=\"twitter:data1\" content=\"eir\" \/>\n\t<meta name=\"twitter:label2\" content=\"Est. reading time\" \/>\n\t<meta name=\"twitter:data2\" content=\"2 minutes\" \/>\n<script type=\"application\/ld+json\" class=\"yoast-schema-graph\">{\"@context\":\"https:\/\/schema.org\",\"@graph\":[{\"@type\":\"WebPage\",\"@id\":\"https:\/\/eirikurjonsson.is\/index.php\/2024\/11\/20\/x-d-a-leidinni-heim-fra-tenerife\/\",\"url\":\"https:\/\/eirikurjonsson.is\/index.php\/2024\/11\/20\/x-d-a-leidinni-heim-fra-tenerife\/\",\"name\":\"X-D \u00c1 LEI\u00d0INNI HEIM FR\u00c1 TENERIFE &#8211; Eir\u00edkur J\u00f3nsson\",\"isPartOf\":{\"@id\":\"https:\/\/eirikurjonsson.is\/#website\"},\"datePublished\":\"2024-11-20T14:28:47+00:00\",\"dateModified\":\"2024-11-20T14:34:32+00:00\",\"author\":{\"@id\":\"https:\/\/eirikurjonsson.is\/#\/schema\/person\/308afa1d0e201918034e31b1da4f07a5\"},\"breadcrumb\":{\"@id\":\"https:\/\/eirikurjonsson.is\/index.php\/2024\/11\/20\/x-d-a-leidinni-heim-fra-tenerife\/#breadcrumb\"},\"inLanguage\":\"is\",\"potentialAction\":[{\"@type\":\"ReadAction\",\"target\":[\"https:\/\/eirikurjonsson.is\/index.php\/2024\/11\/20\/x-d-a-leidinni-heim-fra-tenerife\/\"]}]},{\"@type\":\"BreadcrumbList\",\"@id\":\"https:\/\/eirikurjonsson.is\/index.php\/2024\/11\/20\/x-d-a-leidinni-heim-fra-tenerife\/#breadcrumb\",\"itemListElement\":[{\"@type\":\"ListItem\",\"position\":1,\"name\":\"Home\",\"item\":\"https:\/\/eirikurjonsson.is\/\"},{\"@type\":\"ListItem\",\"position\":2,\"name\":\"X-D \u00c1 LEI\u00d0INNI HEIM FR\u00c1 TENERIFE\"}]},{\"@type\":\"WebSite\",\"@id\":\"https:\/\/eirikurjonsson.is\/#website\",\"url\":\"https:\/\/eirikurjonsson.is\/\",\"name\":\"Eir\u00edkur J\u00f3nsson\",\"description\":\"Eir\u00edkur J\u00f3nsson | EIR eirikurjonsson.is\",\"potentialAction\":[{\"@type\":\"SearchAction\",\"target\":{\"@type\":\"EntryPoint\",\"urlTemplate\":\"https:\/\/eirikurjonsson.is\/?s={search_term_string}\"},\"query-input\":\"required name=search_term_string\"}],\"inLanguage\":\"is\"},{\"@type\":\"Person\",\"@id\":\"https:\/\/eirikurjonsson.is\/#\/schema\/person\/308afa1d0e201918034e31b1da4f07a5\",\"name\":\"eir\",\"image\":{\"@type\":\"ImageObject\",\"inLanguage\":\"is\",\"@id\":\"https:\/\/eirikurjonsson.is\/#\/schema\/person\/image\/\",\"url\":\"https:\/\/secure.gravatar.com\/avatar\/b6748316a4400053a1fa9f4694b38d294dc5da6f4bacc727742bd8f3e689f87c?s=96&d=mm&r=g\",\"contentUrl\":\"https:\/\/secure.gravatar.com\/avatar\/b6748316a4400053a1fa9f4694b38d294dc5da6f4bacc727742bd8f3e689f87c?s=96&d=mm&r=g\",\"caption\":\"eir\"},\"url\":\"https:\/\/eirikurjonsson.is\/index.php\/author\/eir\/\"}]}<\/script>\n<!-- \/ Yoast SEO plugin. -->","yoast_head_json":{"title":"X-D \u00c1 LEI\u00d0INNI HEIM FR\u00c1 TENERIFE &#8211; Eir\u00edkur J\u00f3nsson","robots":{"index":"index","follow":"follow","max-snippet":"max-snippet:-1","max-image-preview":"max-image-preview:large","max-video-preview":"max-video-preview:-1"},"canonical":"https:\/\/eirikurjonsson.is\/index.php\/2024\/11\/20\/x-d-a-leidinni-heim-fra-tenerife\/","og_locale":"is_IS","og_type":"article","og_title":"X-D \u00c1 LEI\u00d0INNI HEIM FR\u00c1 TENERIFE &#8211; Eir\u00edkur J\u00f3nsson","og_description":"&#8222;Vi\u00f0 Steinunn h\u00f6f\u00f0um \u00e1hyggjur af \u00fev\u00ed a\u00f0 geta ekki kosi\u00f0. Komum hinga\u00f0 til Tenerife \u00e1\u00f0ur en utankj\u00f6rsta\u00f0akosning h\u00f3fst heima og f\u00f6rum ekki til \u00cdslands fyrr en \u00ed desember. Enginn r\u00e6\u00f0isma\u00f0ur h\u00e9r,&#8220; segir Mark\u00fas \u00d6rn Antosson fyrrum borgarstj\u00f3ri og \u00fatvarpsstj\u00f3ri aem hefur aldrei l\u00e1ti\u00f0 sig vanta \u00e1 kj\u00f6rsta\u00f0 enda stundum sj\u00e1lfur \u00ed frambo\u00f0i. En \u00feetta redda\u00f0ist: [&hellip;]","og_url":"https:\/\/eirikurjonsson.is\/index.php\/2024\/11\/20\/x-d-a-leidinni-heim-fra-tenerife\/","og_site_name":"Eir\u00edkur J\u00f3nsson","article_published_time":"2024-11-20T14:28:47+00:00","article_modified_time":"2024-11-20T14:34:32+00:00","og_image":[{"width":640,"height":506,"url":"https:\/\/eirikurjonsson.is\/wp-content\/uploads\/2024\/11\/markus-3.jpg","type":"image\/jpeg"}],"author":"eir","twitter_card":"summary_large_image","twitter_misc":{"Written by":"eir","Est. reading time":"2 minutes"},"schema":{"@context":"https:\/\/schema.org","@graph":[{"@type":"WebPage","@id":"https:\/\/eirikurjonsson.is\/index.php\/2024\/11\/20\/x-d-a-leidinni-heim-fra-tenerife\/","url":"https:\/\/eirikurjonsson.is\/index.php\/2024\/11\/20\/x-d-a-leidinni-heim-fra-tenerife\/","name":"X-D \u00c1 LEI\u00d0INNI HEIM FR\u00c1 TENERIFE &#8211; Eir\u00edkur J\u00f3nsson","isPartOf":{"@id":"https:\/\/eirikurjonsson.is\/#website"},"datePublished":"2024-11-20T14:28:47+00:00","dateModified":"2024-11-20T14:34:32+00:00","author":{"@id":"https:\/\/eirikurjonsson.is\/#\/schema\/person\/308afa1d0e201918034e31b1da4f07a5"},"breadcrumb":{"@id":"https:\/\/eirikurjonsson.is\/index.php\/2024\/11\/20\/x-d-a-leidinni-heim-fra-tenerife\/#breadcrumb"},"inLanguage":"is","potentialAction":[{"@type":"ReadAction","target":["https:\/\/eirikurjonsson.is\/index.php\/2024\/11\/20\/x-d-a-leidinni-heim-fra-tenerife\/"]}]},{"@type":"BreadcrumbList","@id":"https:\/\/eirikurjonsson.is\/index.php\/2024\/11\/20\/x-d-a-leidinni-heim-fra-tenerife\/#breadcrumb","itemListElement":[{"@type":"ListItem","position":1,"name":"Home","item":"https:\/\/eirikurjonsson.is\/"},{"@type":"ListItem","position":2,"name":"X-D \u00c1 LEI\u00d0INNI HEIM FR\u00c1 TENERIFE"}]},{"@type":"WebSite","@id":"https:\/\/eirikurjonsson.is\/#website","url":"https:\/\/eirikurjonsson.is\/","name":"Eir\u00edkur J\u00f3nsson","description":"Eir\u00edkur J\u00f3nsson | EIR eirikurjonsson.is","potentialAction":[{"@type":"SearchAction","target":{"@type":"EntryPoint","urlTemplate":"https:\/\/eirikurjonsson.is\/?s={search_term_string}"},"query-input":"required name=search_term_string"}],"inLanguage":"is"},{"@type":"Person","@id":"https:\/\/eirikurjonsson.is\/#\/schema\/person\/308afa1d0e201918034e31b1da4f07a5","name":"eir","image":{"@type":"ImageObject","inLanguage":"is","@id":"https:\/\/eirikurjonsson.is\/#\/schema\/person\/image\/","url":"https:\/\/secure.gravatar.com\/avatar\/b6748316a4400053a1fa9f4694b38d294dc5da6f4bacc727742bd8f3e689f87c?s=96&d=mm&r=g","contentUrl":"https:\/\/secure.gravatar.com\/avatar\/b6748316a4400053a1fa9f4694b38d294dc5da6f4bacc727742bd8f3e689f87c?s=96&d=mm&r=g","caption":"eir"},"url":"https:\/\/eirikurjonsson.is\/index.php\/author\/eir\/"}]}},"_links":{"self":[{"href":"https:\/\/eirikurjonsson.is\/index.php\/wp-json\/wp\/v2\/posts\/4266","targetHints":{"allow":["GET"]}}],"collection":[{"href":"https:\/\/eirikurjonsson.is\/index.php\/wp-json\/wp\/v2\/posts"}],"about":[{"href":"https:\/\/eirikurjonsson.is\/index.php\/wp-json\/wp\/v2\/types\/post"}],"author":[{"embeddable":true,"href":"https:\/\/eirikurjonsson.is\/index.php\/wp-json\/wp\/v2\/users\/2"}],"replies":[{"embeddable":true,"href":"https:\/\/eirikurjonsson.is\/index.php\/wp-json\/wp\/v2\/comments?post=4266"}],"version-history":[{"count":3,"href":"https:\/\/eirikurjonsson.is\/index.php\/wp-json\/wp\/v2\/posts\/4266\/revisions"}],"predecessor-version":[{"id":4272,"href":"https:\/\/eirikurjonsson.is\/index.php\/wp-json\/wp\/v2\/posts\/4266\/revisions\/4272"}],"wp:featuredmedia":[{"embeddable":true,"href":"https:\/\/eirikurjonsson.is\/index.php\/wp-json\/wp\/v2\/media\/4270"}],"wp:attachment":[{"href":"https:\/\/eirikurjonsson.is\/index.php\/wp-json\/wp\/v2\/media?parent=4266"}],"wp:term":[{"taxonomy":"category","embeddable":true,"href":"https:\/\/eirikurjonsson.is\/index.php\/wp-json\/wp\/v2\/categories?post=4266"},{"taxonomy":"post_tag","embeddable":true,"href":"https:\/\/eirikurjonsson.is\/index.php\/wp-json\/wp\/v2\/tags?post=4266"}],"curies":[{"name":"wp","href":"https:\/\/api.w.org\/{rel}","templated":true}]}}