{"id":4253,"date":"2024-11-19T11:50:20","date_gmt":"2024-11-19T11:50:20","guid":{"rendered":"https:\/\/eirikurjonsson.is\/?p=4253"},"modified":"2024-11-19T11:50:32","modified_gmt":"2024-11-19T11:50:32","slug":"gudjon-minnist-vinar","status":"publish","type":"post","link":"https:\/\/eirikurjonsson.is\/index.php\/2024\/11\/19\/gudjon-minnist-vinar\/","title":{"rendered":"GU\u00d0J\u00d3N MINNIST VINAR"},"content":{"rendered":"<p>&#8222;Gamall vinur minn, Kristj\u00e1n E. Gu\u00f0mundsson, \u00f6\u00f0ru nafni Diddi, er borinn til grafar \u00ed dag,&#8220; segir Gu\u00f0j\u00f3n Fri\u00f0riksson sagnfr\u00e6\u00f0ingur og rith\u00f6fundur:<\/p>\n<p>&#8222;Vi\u00f0 vorum samkennarar \u00ed Gagnfr\u00e6\u00f0ask\u00f3lanum vi\u00f0 Laugal\u00e6k um t\u00edma og seinna e\u00f0a 1979-1980 s\u00e1um vi\u00f0 svo um \u00fe\u00e1ttinn \u00cd vikulokum \u00ed \u00fatvarpinu \u00e1samt \u00feeim Eddu Andr\u00e9sd\u00f3ttur og \u00d3lafi Haukssyni eins og myndin s\u00fdnir. \u00de\u00e1tturinn var jafnan \u00e1 laugardagseftirmi\u00f0d\u00f6gum og hlusta\u00f0i n\u00e1nast \u00f6ll \u00fej\u00f3\u00f0in enda engin \u00f6nnur \u00fatvarpsst\u00f6\u00f0. \u00datvarpsrekstur haf\u00f0i \u00fe\u00e1 ekki veri\u00f0 gefinn frj\u00e1ls og R\u00e1s 2 ekki komin til s\u00f6gu. Diddi var afskaplega \u00fe\u00e6gilegur samstarfsma\u00f0ur og vi\u00f0 ur\u00f0um g\u00f3\u00f0ir vinir, ekki s\u00edst eftir a\u00f0 vi\u00f0 ur\u00f0um n\u00e1grannar, hann og Magga \u00e1 \u00d3\u00f0insg\u00f6tu, vi\u00f0 Hildur \u00e1 Sp\u00edtalast\u00edg. Blessu\u00f0 s\u00e9 minning hans.&#8220;<\/p>\n","protected":false},"excerpt":{"rendered":"<p>&#8222;Gamall vinur minn, Kristj\u00e1n E. Gu\u00f0mundsson, \u00f6\u00f0ru nafni Diddi, er borinn til grafar \u00ed dag,&#8220; segir Gu\u00f0j\u00f3n Fri\u00f0riksson sagnfr\u00e6\u00f0ingur og rith\u00f6fundur: &#8222;Vi\u00f0 vorum samkennarar \u00ed Gagnfr\u00e6\u00f0ask\u00f3lanum vi\u00f0 Laugal\u00e6k um t\u00edma og seinna e\u00f0a 1979-1980 s\u00e1um vi\u00f0 svo um \u00fe\u00e1ttinn \u00cd vikulokum \u00ed \u00fatvarpinu \u00e1samt \u00feeim Eddu Andr\u00e9sd\u00f3ttur og \u00d3lafi Haukssyni eins og myndin s\u00fdnir. \u00de\u00e1tturinn [&hellip;]<\/p>\n","protected":false},"author":2,"featured_media":4254,"comment_status":"open","ping_status":"open","sticky":false,"template":"","format":"standard","meta":{"_monsterinsights_skip_tracking":false,"_monsterinsights_sitenote_active":false,"_monsterinsights_sitenote_note":"","_monsterinsights_sitenote_category":0,"footnotes":""},"categories":[31],"tags":[],"class_list":{"0":"post-4253","1":"post","2":"type-post","3":"status-publish","4":"format-standard","5":"has-post-thumbnail","7":"category-greinar"},"yoast_head":"<!-- This site is optimized with the Yoast SEO plugin v22.0 - https:\/\/yoast.com\/wordpress\/plugins\/seo\/ -->\n<title>GU\u00d0J\u00d3N MINNIST VINAR &#8211; Eir\u00edkur J\u00f3nsson<\/title>\n<meta name=\"robots\" content=\"index, follow, max-snippet:-1, max-image-preview:large, max-video-preview:-1\" \/>\n<link rel=\"canonical\" href=\"https:\/\/eirikurjonsson.is\/index.php\/2024\/11\/19\/gudjon-minnist-vinar\/\" \/>\n<meta property=\"og:locale\" content=\"is_IS\" \/>\n<meta property=\"og:type\" content=\"article\" \/>\n<meta property=\"og:title\" content=\"GU\u00d0J\u00d3N MINNIST VINAR &#8211; Eir\u00edkur J\u00f3nsson\" \/>\n<meta property=\"og:description\" content=\"&#8222;Gamall vinur minn, Kristj\u00e1n E. Gu\u00f0mundsson, \u00f6\u00f0ru nafni Diddi, er borinn til grafar \u00ed dag,&#8220; segir Gu\u00f0j\u00f3n Fri\u00f0riksson sagnfr\u00e6\u00f0ingur og rith\u00f6fundur: &#8222;Vi\u00f0 vorum samkennarar \u00ed Gagnfr\u00e6\u00f0ask\u00f3lanum vi\u00f0 Laugal\u00e6k um t\u00edma og seinna e\u00f0a 1979-1980 s\u00e1um vi\u00f0 svo um \u00fe\u00e1ttinn \u00cd vikulokum \u00ed \u00fatvarpinu \u00e1samt \u00feeim Eddu Andr\u00e9sd\u00f3ttur og \u00d3lafi Haukssyni eins og myndin s\u00fdnir. \u00de\u00e1tturinn [&hellip;]\" \/>\n<meta property=\"og:url\" content=\"https:\/\/eirikurjonsson.is\/index.php\/2024\/11\/19\/gudjon-minnist-vinar\/\" \/>\n<meta property=\"og:site_name\" content=\"Eir\u00edkur J\u00f3nsson\" \/>\n<meta property=\"article:published_time\" content=\"2024-11-19T11:50:20+00:00\" \/>\n<meta property=\"article:modified_time\" content=\"2024-11-19T11:50:32+00:00\" \/>\n<meta property=\"og:image\" content=\"https:\/\/eirikurjonsson.is\/wp-content\/uploads\/2024\/11\/GUDJON.jpg\" \/>\n\t<meta property=\"og:image:width\" content=\"2048\" \/>\n\t<meta property=\"og:image:height\" content=\"1681\" \/>\n\t<meta property=\"og:image:type\" content=\"image\/jpeg\" \/>\n<meta name=\"author\" content=\"eir\" \/>\n<meta name=\"twitter:card\" content=\"summary_large_image\" \/>\n<meta name=\"twitter:label1\" content=\"Written by\" \/>\n\t<meta name=\"twitter:data1\" content=\"eir\" \/>\n\t<meta name=\"twitter:label2\" content=\"Est. reading time\" \/>\n\t<meta name=\"twitter:data2\" content=\"1 minute\" \/>\n<script type=\"application\/ld+json\" class=\"yoast-schema-graph\">{\"@context\":\"https:\/\/schema.org\",\"@graph\":[{\"@type\":\"WebPage\",\"@id\":\"https:\/\/eirikurjonsson.is\/index.php\/2024\/11\/19\/gudjon-minnist-vinar\/\",\"url\":\"https:\/\/eirikurjonsson.is\/index.php\/2024\/11\/19\/gudjon-minnist-vinar\/\",\"name\":\"GU\u00d0J\u00d3N MINNIST VINAR &#8211; Eir\u00edkur J\u00f3nsson\",\"isPartOf\":{\"@id\":\"https:\/\/eirikurjonsson.is\/#website\"},\"datePublished\":\"2024-11-19T11:50:20+00:00\",\"dateModified\":\"2024-11-19T11:50:32+00:00\",\"author\":{\"@id\":\"https:\/\/eirikurjonsson.is\/#\/schema\/person\/308afa1d0e201918034e31b1da4f07a5\"},\"breadcrumb\":{\"@id\":\"https:\/\/eirikurjonsson.is\/index.php\/2024\/11\/19\/gudjon-minnist-vinar\/#breadcrumb\"},\"inLanguage\":\"is\",\"potentialAction\":[{\"@type\":\"ReadAction\",\"target\":[\"https:\/\/eirikurjonsson.is\/index.php\/2024\/11\/19\/gudjon-minnist-vinar\/\"]}]},{\"@type\":\"BreadcrumbList\",\"@id\":\"https:\/\/eirikurjonsson.is\/index.php\/2024\/11\/19\/gudjon-minnist-vinar\/#breadcrumb\",\"itemListElement\":[{\"@type\":\"ListItem\",\"position\":1,\"name\":\"Home\",\"item\":\"https:\/\/eirikurjonsson.is\/\"},{\"@type\":\"ListItem\",\"position\":2,\"name\":\"GU\u00d0J\u00d3N MINNIST VINAR\"}]},{\"@type\":\"WebSite\",\"@id\":\"https:\/\/eirikurjonsson.is\/#website\",\"url\":\"https:\/\/eirikurjonsson.is\/\",\"name\":\"Eir\u00edkur J\u00f3nsson\",\"description\":\"Eir\u00edkur J\u00f3nsson | EIR eirikurjonsson.is\",\"potentialAction\":[{\"@type\":\"SearchAction\",\"target\":{\"@type\":\"EntryPoint\",\"urlTemplate\":\"https:\/\/eirikurjonsson.is\/?s={search_term_string}\"},\"query-input\":\"required name=search_term_string\"}],\"inLanguage\":\"is\"},{\"@type\":\"Person\",\"@id\":\"https:\/\/eirikurjonsson.is\/#\/schema\/person\/308afa1d0e201918034e31b1da4f07a5\",\"name\":\"eir\",\"image\":{\"@type\":\"ImageObject\",\"inLanguage\":\"is\",\"@id\":\"https:\/\/eirikurjonsson.is\/#\/schema\/person\/image\/\",\"url\":\"https:\/\/secure.gravatar.com\/avatar\/b6748316a4400053a1fa9f4694b38d294dc5da6f4bacc727742bd8f3e689f87c?s=96&d=mm&r=g\",\"contentUrl\":\"https:\/\/secure.gravatar.com\/avatar\/b6748316a4400053a1fa9f4694b38d294dc5da6f4bacc727742bd8f3e689f87c?s=96&d=mm&r=g\",\"caption\":\"eir\"},\"url\":\"https:\/\/eirikurjonsson.is\/index.php\/author\/eir\/\"}]}<\/script>\n<!-- \/ Yoast SEO plugin. -->","yoast_head_json":{"title":"GU\u00d0J\u00d3N MINNIST VINAR &#8211; Eir\u00edkur J\u00f3nsson","robots":{"index":"index","follow":"follow","max-snippet":"max-snippet:-1","max-image-preview":"max-image-preview:large","max-video-preview":"max-video-preview:-1"},"canonical":"https:\/\/eirikurjonsson.is\/index.php\/2024\/11\/19\/gudjon-minnist-vinar\/","og_locale":"is_IS","og_type":"article","og_title":"GU\u00d0J\u00d3N MINNIST VINAR &#8211; Eir\u00edkur J\u00f3nsson","og_description":"&#8222;Gamall vinur minn, Kristj\u00e1n E. Gu\u00f0mundsson, \u00f6\u00f0ru nafni Diddi, er borinn til grafar \u00ed dag,&#8220; segir Gu\u00f0j\u00f3n Fri\u00f0riksson sagnfr\u00e6\u00f0ingur og rith\u00f6fundur: &#8222;Vi\u00f0 vorum samkennarar \u00ed Gagnfr\u00e6\u00f0ask\u00f3lanum vi\u00f0 Laugal\u00e6k um t\u00edma og seinna e\u00f0a 1979-1980 s\u00e1um vi\u00f0 svo um \u00fe\u00e1ttinn \u00cd vikulokum \u00ed \u00fatvarpinu \u00e1samt \u00feeim Eddu Andr\u00e9sd\u00f3ttur og \u00d3lafi Haukssyni eins og myndin s\u00fdnir. \u00de\u00e1tturinn [&hellip;]","og_url":"https:\/\/eirikurjonsson.is\/index.php\/2024\/11\/19\/gudjon-minnist-vinar\/","og_site_name":"Eir\u00edkur J\u00f3nsson","article_published_time":"2024-11-19T11:50:20+00:00","article_modified_time":"2024-11-19T11:50:32+00:00","og_image":[{"width":2048,"height":1681,"url":"https:\/\/eirikurjonsson.is\/wp-content\/uploads\/2024\/11\/GUDJON.jpg","type":"image\/jpeg"}],"author":"eir","twitter_card":"summary_large_image","twitter_misc":{"Written by":"eir","Est. reading time":"1 minute"},"schema":{"@context":"https:\/\/schema.org","@graph":[{"@type":"WebPage","@id":"https:\/\/eirikurjonsson.is\/index.php\/2024\/11\/19\/gudjon-minnist-vinar\/","url":"https:\/\/eirikurjonsson.is\/index.php\/2024\/11\/19\/gudjon-minnist-vinar\/","name":"GU\u00d0J\u00d3N MINNIST VINAR &#8211; Eir\u00edkur J\u00f3nsson","isPartOf":{"@id":"https:\/\/eirikurjonsson.is\/#website"},"datePublished":"2024-11-19T11:50:20+00:00","dateModified":"2024-11-19T11:50:32+00:00","author":{"@id":"https:\/\/eirikurjonsson.is\/#\/schema\/person\/308afa1d0e201918034e31b1da4f07a5"},"breadcrumb":{"@id":"https:\/\/eirikurjonsson.is\/index.php\/2024\/11\/19\/gudjon-minnist-vinar\/#breadcrumb"},"inLanguage":"is","potentialAction":[{"@type":"ReadAction","target":["https:\/\/eirikurjonsson.is\/index.php\/2024\/11\/19\/gudjon-minnist-vinar\/"]}]},{"@type":"BreadcrumbList","@id":"https:\/\/eirikurjonsson.is\/index.php\/2024\/11\/19\/gudjon-minnist-vinar\/#breadcrumb","itemListElement":[{"@type":"ListItem","position":1,"name":"Home","item":"https:\/\/eirikurjonsson.is\/"},{"@type":"ListItem","position":2,"name":"GU\u00d0J\u00d3N MINNIST VINAR"}]},{"@type":"WebSite","@id":"https:\/\/eirikurjonsson.is\/#website","url":"https:\/\/eirikurjonsson.is\/","name":"Eir\u00edkur J\u00f3nsson","description":"Eir\u00edkur J\u00f3nsson | EIR eirikurjonsson.is","potentialAction":[{"@type":"SearchAction","target":{"@type":"EntryPoint","urlTemplate":"https:\/\/eirikurjonsson.is\/?s={search_term_string}"},"query-input":"required name=search_term_string"}],"inLanguage":"is"},{"@type":"Person","@id":"https:\/\/eirikurjonsson.is\/#\/schema\/person\/308afa1d0e201918034e31b1da4f07a5","name":"eir","image":{"@type":"ImageObject","inLanguage":"is","@id":"https:\/\/eirikurjonsson.is\/#\/schema\/person\/image\/","url":"https:\/\/secure.gravatar.com\/avatar\/b6748316a4400053a1fa9f4694b38d294dc5da6f4bacc727742bd8f3e689f87c?s=96&d=mm&r=g","contentUrl":"https:\/\/secure.gravatar.com\/avatar\/b6748316a4400053a1fa9f4694b38d294dc5da6f4bacc727742bd8f3e689f87c?s=96&d=mm&r=g","caption":"eir"},"url":"https:\/\/eirikurjonsson.is\/index.php\/author\/eir\/"}]}},"_links":{"self":[{"href":"https:\/\/eirikurjonsson.is\/index.php\/wp-json\/wp\/v2\/posts\/4253","targetHints":{"allow":["GET"]}}],"collection":[{"href":"https:\/\/eirikurjonsson.is\/index.php\/wp-json\/wp\/v2\/posts"}],"about":[{"href":"https:\/\/eirikurjonsson.is\/index.php\/wp-json\/wp\/v2\/types\/post"}],"author":[{"embeddable":true,"href":"https:\/\/eirikurjonsson.is\/index.php\/wp-json\/wp\/v2\/users\/2"}],"replies":[{"embeddable":true,"href":"https:\/\/eirikurjonsson.is\/index.php\/wp-json\/wp\/v2\/comments?post=4253"}],"version-history":[{"count":1,"href":"https:\/\/eirikurjonsson.is\/index.php\/wp-json\/wp\/v2\/posts\/4253\/revisions"}],"predecessor-version":[{"id":4255,"href":"https:\/\/eirikurjonsson.is\/index.php\/wp-json\/wp\/v2\/posts\/4253\/revisions\/4255"}],"wp:featuredmedia":[{"embeddable":true,"href":"https:\/\/eirikurjonsson.is\/index.php\/wp-json\/wp\/v2\/media\/4254"}],"wp:attachment":[{"href":"https:\/\/eirikurjonsson.is\/index.php\/wp-json\/wp\/v2\/media?parent=4253"}],"wp:term":[{"taxonomy":"category","embeddable":true,"href":"https:\/\/eirikurjonsson.is\/index.php\/wp-json\/wp\/v2\/categories?post=4253"},{"taxonomy":"post_tag","embeddable":true,"href":"https:\/\/eirikurjonsson.is\/index.php\/wp-json\/wp\/v2\/tags?post=4253"}],"curies":[{"name":"wp","href":"https:\/\/api.w.org\/{rel}","templated":true}]}}