{"id":4237,"date":"2024-11-18T12:58:17","date_gmt":"2024-11-18T12:58:17","guid":{"rendered":"https:\/\/eirikurjonsson.is\/?p=4237"},"modified":"2024-11-18T13:01:44","modified_gmt":"2024-11-18T13:01:44","slug":"haarde-aritadi-fyrir-solrunu","status":"publish","type":"post","link":"https:\/\/eirikurjonsson.is\/index.php\/2024\/11\/18\/haarde-aritadi-fyrir-solrunu\/","title":{"rendered":"HAARDE \u00c1RITA\u00d0I FYRIR S\u00d3LR\u00daNU"},"content":{"rendered":"<p>\u00deau t\u00ed\u00f0indi ur\u00f0u \u00e1 b\u00f3kah\u00e1t\u00ed\u00f0inni \u00ed H\u00f6rpu um helgina a\u00f0 Geir Haarde, fyrrum fors\u00e6tisr\u00e1\u00f0herra, \u00e1rita\u00f0i b\u00f3k handa Ingibj\u00f6rgu S\u00f3lr\u00fanu G\u00edslad\u00f3ttir fyrrum kollega \u00ed r\u00edkisstj\u00f3rn Hrunsins.<\/p>\n<p>Morgunbla\u00f0i\u00f0 birtir \u00ed dag mynd af Ingibj\u00f6rgu handfjatla \u00e6vis\u00f6gu Geirs og \u00ed framhaldinu \u00e1rita\u00f0i Geir b\u00f3kina. Ingibj\u00f6rg var sem kunnugt er \u00ed h\u00f3pi stj\u00f3m\u00e1lamanna sem krafa var ger\u00f0 um a\u00f0 dregin yr\u00f0u fyrir Landsr\u00e9tt eftir hrun en ingibj\u00f6rg slapp og Geir lenti \u00fear einn.<\/p>\n<p>\u00deegar s\u00fdknud\u00f3mur haf\u00f0i veri\u00f0 kve\u00f0inn upp yfir Geir sag\u00f0i Ingibj\u00f6rg S\u00f3lr\u00fan a\u00f0 enn einu sinni hef\u00f0i feng\u00adist sta\u00f0fest\u00ading \u00e1 \u00fev\u00ed hversu rangt \u00fea\u00f0 hef\u00f0i veri\u00f0, p\u00f3li\u00adt\u00edskt, si\u00f0fer\u00f0is\u00adlega og r\u00e9ttar\u00adfars\u00adlega, a\u00f0 kalla sam\u00adan Lands\u00add\u00f3m til a\u00f0 r\u00e9tta yfir Geir H. Haar\u00adde. H\u00fan sag\u00f0i \u00fea\u00f0 ekki gott a\u00f0 ver\u00f0a fyr\u00adir sl\u00edkri rangs\u00adleitni en a\u00f0 \u00fea\u00f0 s\u00e9 enn verra, eins og h\u00fan seg\u00adir marga \u00feing\u00admenn hafa gert, a\u00f0 taka v\u00eds\u00advit\u00adandi \u00fe\u00e1tt \u00ed henni.<\/p>\n","protected":false},"excerpt":{"rendered":"<p>\u00deau t\u00ed\u00f0indi ur\u00f0u \u00e1 b\u00f3kah\u00e1t\u00ed\u00f0inni \u00ed H\u00f6rpu um helgina a\u00f0 Geir Haarde, fyrrum fors\u00e6tisr\u00e1\u00f0herra, \u00e1rita\u00f0i b\u00f3k handa Ingibj\u00f6rgu S\u00f3lr\u00fanu G\u00edslad\u00f3ttir fyrrum kollega \u00ed r\u00edkisstj\u00f3rn Hrunsins. Morgunbla\u00f0i\u00f0 birtir \u00ed dag mynd af Ingibj\u00f6rgu handfjatla \u00e6vis\u00f6gu Geirs og \u00ed framhaldinu \u00e1rita\u00f0i Geir b\u00f3kina. Ingibj\u00f6rg var sem kunnugt er \u00ed h\u00f3pi stj\u00f3m\u00e1lamanna sem krafa var ger\u00f0 um a\u00f0 [&hellip;]<\/p>\n","protected":false},"author":2,"featured_media":4238,"comment_status":"open","ping_status":"open","sticky":false,"template":"","format":"standard","meta":{"_monsterinsights_skip_tracking":false,"_monsterinsights_sitenote_active":false,"_monsterinsights_sitenote_note":"","_monsterinsights_sitenote_category":0,"footnotes":""},"categories":[31],"tags":[],"class_list":{"0":"post-4237","1":"post","2":"type-post","3":"status-publish","4":"format-standard","5":"has-post-thumbnail","7":"category-greinar"},"yoast_head":"<!-- This site is optimized with the Yoast SEO plugin v22.0 - https:\/\/yoast.com\/wordpress\/plugins\/seo\/ -->\n<title>HAARDE \u00c1RITA\u00d0I FYRIR S\u00d3LR\u00daNU &#8211; Eir\u00edkur J\u00f3nsson<\/title>\n<meta name=\"robots\" content=\"index, follow, max-snippet:-1, max-image-preview:large, max-video-preview:-1\" \/>\n<link rel=\"canonical\" href=\"https:\/\/eirikurjonsson.is\/index.php\/2024\/11\/18\/haarde-aritadi-fyrir-solrunu\/\" \/>\n<meta property=\"og:locale\" content=\"is_IS\" \/>\n<meta property=\"og:type\" content=\"article\" \/>\n<meta property=\"og:title\" content=\"HAARDE \u00c1RITA\u00d0I FYRIR S\u00d3LR\u00daNU &#8211; Eir\u00edkur J\u00f3nsson\" \/>\n<meta property=\"og:description\" content=\"\u00deau t\u00ed\u00f0indi ur\u00f0u \u00e1 b\u00f3kah\u00e1t\u00ed\u00f0inni \u00ed H\u00f6rpu um helgina a\u00f0 Geir Haarde, fyrrum fors\u00e6tisr\u00e1\u00f0herra, \u00e1rita\u00f0i b\u00f3k handa Ingibj\u00f6rgu S\u00f3lr\u00fanu G\u00edslad\u00f3ttir fyrrum kollega \u00ed r\u00edkisstj\u00f3rn Hrunsins. Morgunbla\u00f0i\u00f0 birtir \u00ed dag mynd af Ingibj\u00f6rgu handfjatla \u00e6vis\u00f6gu Geirs og \u00ed framhaldinu \u00e1rita\u00f0i Geir b\u00f3kina. Ingibj\u00f6rg var sem kunnugt er \u00ed h\u00f3pi stj\u00f3m\u00e1lamanna sem krafa var ger\u00f0 um a\u00f0 [&hellip;]\" \/>\n<meta property=\"og:url\" content=\"https:\/\/eirikurjonsson.is\/index.php\/2024\/11\/18\/haarde-aritadi-fyrir-solrunu\/\" \/>\n<meta property=\"og:site_name\" content=\"Eir\u00edkur J\u00f3nsson\" \/>\n<meta property=\"article:published_time\" content=\"2024-11-18T12:58:17+00:00\" \/>\n<meta property=\"article:modified_time\" content=\"2024-11-18T13:01:44+00:00\" \/>\n<meta property=\"og:image\" content=\"https:\/\/eirikurjonsson.is\/wp-content\/uploads\/2024\/11\/ingibjorg-solrun.png\" \/>\n\t<meta property=\"og:image:width\" content=\"1008\" \/>\n\t<meta property=\"og:image:height\" content=\"792\" \/>\n\t<meta property=\"og:image:type\" content=\"image\/png\" \/>\n<meta name=\"author\" content=\"eir\" \/>\n<meta name=\"twitter:card\" content=\"summary_large_image\" \/>\n<meta name=\"twitter:label1\" content=\"Written by\" \/>\n\t<meta name=\"twitter:data1\" content=\"eir\" \/>\n\t<meta name=\"twitter:label2\" content=\"Est. reading time\" \/>\n\t<meta name=\"twitter:data2\" content=\"1 minute\" \/>\n<script type=\"application\/ld+json\" class=\"yoast-schema-graph\">{\"@context\":\"https:\/\/schema.org\",\"@graph\":[{\"@type\":\"WebPage\",\"@id\":\"https:\/\/eirikurjonsson.is\/index.php\/2024\/11\/18\/haarde-aritadi-fyrir-solrunu\/\",\"url\":\"https:\/\/eirikurjonsson.is\/index.php\/2024\/11\/18\/haarde-aritadi-fyrir-solrunu\/\",\"name\":\"HAARDE \u00c1RITA\u00d0I FYRIR S\u00d3LR\u00daNU &#8211; Eir\u00edkur J\u00f3nsson\",\"isPartOf\":{\"@id\":\"https:\/\/eirikurjonsson.is\/#website\"},\"datePublished\":\"2024-11-18T12:58:17+00:00\",\"dateModified\":\"2024-11-18T13:01:44+00:00\",\"author\":{\"@id\":\"https:\/\/eirikurjonsson.is\/#\/schema\/person\/308afa1d0e201918034e31b1da4f07a5\"},\"breadcrumb\":{\"@id\":\"https:\/\/eirikurjonsson.is\/index.php\/2024\/11\/18\/haarde-aritadi-fyrir-solrunu\/#breadcrumb\"},\"inLanguage\":\"is\",\"potentialAction\":[{\"@type\":\"ReadAction\",\"target\":[\"https:\/\/eirikurjonsson.is\/index.php\/2024\/11\/18\/haarde-aritadi-fyrir-solrunu\/\"]}]},{\"@type\":\"BreadcrumbList\",\"@id\":\"https:\/\/eirikurjonsson.is\/index.php\/2024\/11\/18\/haarde-aritadi-fyrir-solrunu\/#breadcrumb\",\"itemListElement\":[{\"@type\":\"ListItem\",\"position\":1,\"name\":\"Home\",\"item\":\"https:\/\/eirikurjonsson.is\/\"},{\"@type\":\"ListItem\",\"position\":2,\"name\":\"HAARDE \u00c1RITA\u00d0I FYRIR S\u00d3LR\u00daNU\"}]},{\"@type\":\"WebSite\",\"@id\":\"https:\/\/eirikurjonsson.is\/#website\",\"url\":\"https:\/\/eirikurjonsson.is\/\",\"name\":\"Eir\u00edkur J\u00f3nsson\",\"description\":\"Eir\u00edkur J\u00f3nsson | EIR eirikurjonsson.is\",\"potentialAction\":[{\"@type\":\"SearchAction\",\"target\":{\"@type\":\"EntryPoint\",\"urlTemplate\":\"https:\/\/eirikurjonsson.is\/?s={search_term_string}\"},\"query-input\":\"required name=search_term_string\"}],\"inLanguage\":\"is\"},{\"@type\":\"Person\",\"@id\":\"https:\/\/eirikurjonsson.is\/#\/schema\/person\/308afa1d0e201918034e31b1da4f07a5\",\"name\":\"eir\",\"image\":{\"@type\":\"ImageObject\",\"inLanguage\":\"is\",\"@id\":\"https:\/\/eirikurjonsson.is\/#\/schema\/person\/image\/\",\"url\":\"https:\/\/secure.gravatar.com\/avatar\/b6748316a4400053a1fa9f4694b38d294dc5da6f4bacc727742bd8f3e689f87c?s=96&d=mm&r=g\",\"contentUrl\":\"https:\/\/secure.gravatar.com\/avatar\/b6748316a4400053a1fa9f4694b38d294dc5da6f4bacc727742bd8f3e689f87c?s=96&d=mm&r=g\",\"caption\":\"eir\"},\"url\":\"https:\/\/eirikurjonsson.is\/index.php\/author\/eir\/\"}]}<\/script>\n<!-- \/ Yoast SEO plugin. -->","yoast_head_json":{"title":"HAARDE \u00c1RITA\u00d0I FYRIR S\u00d3LR\u00daNU &#8211; Eir\u00edkur J\u00f3nsson","robots":{"index":"index","follow":"follow","max-snippet":"max-snippet:-1","max-image-preview":"max-image-preview:large","max-video-preview":"max-video-preview:-1"},"canonical":"https:\/\/eirikurjonsson.is\/index.php\/2024\/11\/18\/haarde-aritadi-fyrir-solrunu\/","og_locale":"is_IS","og_type":"article","og_title":"HAARDE \u00c1RITA\u00d0I FYRIR S\u00d3LR\u00daNU &#8211; Eir\u00edkur J\u00f3nsson","og_description":"\u00deau t\u00ed\u00f0indi ur\u00f0u \u00e1 b\u00f3kah\u00e1t\u00ed\u00f0inni \u00ed H\u00f6rpu um helgina a\u00f0 Geir Haarde, fyrrum fors\u00e6tisr\u00e1\u00f0herra, \u00e1rita\u00f0i b\u00f3k handa Ingibj\u00f6rgu S\u00f3lr\u00fanu G\u00edslad\u00f3ttir fyrrum kollega \u00ed r\u00edkisstj\u00f3rn Hrunsins. Morgunbla\u00f0i\u00f0 birtir \u00ed dag mynd af Ingibj\u00f6rgu handfjatla \u00e6vis\u00f6gu Geirs og \u00ed framhaldinu \u00e1rita\u00f0i Geir b\u00f3kina. Ingibj\u00f6rg var sem kunnugt er \u00ed h\u00f3pi stj\u00f3m\u00e1lamanna sem krafa var ger\u00f0 um a\u00f0 [&hellip;]","og_url":"https:\/\/eirikurjonsson.is\/index.php\/2024\/11\/18\/haarde-aritadi-fyrir-solrunu\/","og_site_name":"Eir\u00edkur J\u00f3nsson","article_published_time":"2024-11-18T12:58:17+00:00","article_modified_time":"2024-11-18T13:01:44+00:00","og_image":[{"width":1008,"height":792,"url":"https:\/\/eirikurjonsson.is\/wp-content\/uploads\/2024\/11\/ingibjorg-solrun.png","type":"image\/png"}],"author":"eir","twitter_card":"summary_large_image","twitter_misc":{"Written by":"eir","Est. reading time":"1 minute"},"schema":{"@context":"https:\/\/schema.org","@graph":[{"@type":"WebPage","@id":"https:\/\/eirikurjonsson.is\/index.php\/2024\/11\/18\/haarde-aritadi-fyrir-solrunu\/","url":"https:\/\/eirikurjonsson.is\/index.php\/2024\/11\/18\/haarde-aritadi-fyrir-solrunu\/","name":"HAARDE \u00c1RITA\u00d0I FYRIR S\u00d3LR\u00daNU &#8211; Eir\u00edkur J\u00f3nsson","isPartOf":{"@id":"https:\/\/eirikurjonsson.is\/#website"},"datePublished":"2024-11-18T12:58:17+00:00","dateModified":"2024-11-18T13:01:44+00:00","author":{"@id":"https:\/\/eirikurjonsson.is\/#\/schema\/person\/308afa1d0e201918034e31b1da4f07a5"},"breadcrumb":{"@id":"https:\/\/eirikurjonsson.is\/index.php\/2024\/11\/18\/haarde-aritadi-fyrir-solrunu\/#breadcrumb"},"inLanguage":"is","potentialAction":[{"@type":"ReadAction","target":["https:\/\/eirikurjonsson.is\/index.php\/2024\/11\/18\/haarde-aritadi-fyrir-solrunu\/"]}]},{"@type":"BreadcrumbList","@id":"https:\/\/eirikurjonsson.is\/index.php\/2024\/11\/18\/haarde-aritadi-fyrir-solrunu\/#breadcrumb","itemListElement":[{"@type":"ListItem","position":1,"name":"Home","item":"https:\/\/eirikurjonsson.is\/"},{"@type":"ListItem","position":2,"name":"HAARDE \u00c1RITA\u00d0I FYRIR S\u00d3LR\u00daNU"}]},{"@type":"WebSite","@id":"https:\/\/eirikurjonsson.is\/#website","url":"https:\/\/eirikurjonsson.is\/","name":"Eir\u00edkur J\u00f3nsson","description":"Eir\u00edkur J\u00f3nsson | EIR eirikurjonsson.is","potentialAction":[{"@type":"SearchAction","target":{"@type":"EntryPoint","urlTemplate":"https:\/\/eirikurjonsson.is\/?s={search_term_string}"},"query-input":"required name=search_term_string"}],"inLanguage":"is"},{"@type":"Person","@id":"https:\/\/eirikurjonsson.is\/#\/schema\/person\/308afa1d0e201918034e31b1da4f07a5","name":"eir","image":{"@type":"ImageObject","inLanguage":"is","@id":"https:\/\/eirikurjonsson.is\/#\/schema\/person\/image\/","url":"https:\/\/secure.gravatar.com\/avatar\/b6748316a4400053a1fa9f4694b38d294dc5da6f4bacc727742bd8f3e689f87c?s=96&d=mm&r=g","contentUrl":"https:\/\/secure.gravatar.com\/avatar\/b6748316a4400053a1fa9f4694b38d294dc5da6f4bacc727742bd8f3e689f87c?s=96&d=mm&r=g","caption":"eir"},"url":"https:\/\/eirikurjonsson.is\/index.php\/author\/eir\/"}]}},"_links":{"self":[{"href":"https:\/\/eirikurjonsson.is\/index.php\/wp-json\/wp\/v2\/posts\/4237","targetHints":{"allow":["GET"]}}],"collection":[{"href":"https:\/\/eirikurjonsson.is\/index.php\/wp-json\/wp\/v2\/posts"}],"about":[{"href":"https:\/\/eirikurjonsson.is\/index.php\/wp-json\/wp\/v2\/types\/post"}],"author":[{"embeddable":true,"href":"https:\/\/eirikurjonsson.is\/index.php\/wp-json\/wp\/v2\/users\/2"}],"replies":[{"embeddable":true,"href":"https:\/\/eirikurjonsson.is\/index.php\/wp-json\/wp\/v2\/comments?post=4237"}],"version-history":[{"count":3,"href":"https:\/\/eirikurjonsson.is\/index.php\/wp-json\/wp\/v2\/posts\/4237\/revisions"}],"predecessor-version":[{"id":4241,"href":"https:\/\/eirikurjonsson.is\/index.php\/wp-json\/wp\/v2\/posts\/4237\/revisions\/4241"}],"wp:featuredmedia":[{"embeddable":true,"href":"https:\/\/eirikurjonsson.is\/index.php\/wp-json\/wp\/v2\/media\/4238"}],"wp:attachment":[{"href":"https:\/\/eirikurjonsson.is\/index.php\/wp-json\/wp\/v2\/media?parent=4237"}],"wp:term":[{"taxonomy":"category","embeddable":true,"href":"https:\/\/eirikurjonsson.is\/index.php\/wp-json\/wp\/v2\/categories?post=4237"},{"taxonomy":"post_tag","embeddable":true,"href":"https:\/\/eirikurjonsson.is\/index.php\/wp-json\/wp\/v2\/tags?post=4237"}],"curies":[{"name":"wp","href":"https:\/\/api.w.org\/{rel}","templated":true}]}}