{"id":4216,"date":"2024-11-16T22:49:43","date_gmt":"2024-11-16T22:49:43","guid":{"rendered":"https:\/\/eirikurjonsson.is\/?p=4216"},"modified":"2024-11-16T22:50:01","modified_gmt":"2024-11-16T22:50:01","slug":"stjornuspekingur-keyrir-fatlada","status":"publish","type":"post","link":"https:\/\/eirikurjonsson.is\/index.php\/2024\/11\/16\/stjornuspekingur-keyrir-fatlada\/","title":{"rendered":"STJ\u00d6RNUSPEKINGUR KEYRIR FATLA\u00d0A"},"content":{"rendered":"<figure id=\"attachment_4218\" aria-describedby=\"caption-attachment-4218\" style=\"width: 260px\" class=\"wp-caption alignleft\"><img loading=\"lazy\" decoding=\"async\" class=\"wp-image-4218 size-full\" src=\"https:\/\/eirikurjonsson.is\/wp-content\/uploads\/2024\/11\/stjornu-med-hemma.png\" alt=\"Me\u00f0 Hemma Gunn.\" width=\"260\" height=\"152\" \/><figcaption id=\"caption-attachment-4218\" class=\"wp-caption-text\">Me\u00f0 Hemma Gunn.<\/figcaption><\/figure>\n<p>Gunnlaugur Gu\u00f0mundsson stj\u00f6rnuspekingur var landsfr\u00e6gur stj\u00f6rnuspekingur \u00e1 \u00e1rum \u00e1\u00f0ur, \u00fe\u00f3tti naskur \u00feegar hann tengdi stj\u00f6rnumerki saman, teyg\u00f0i til allra \u00e1tta og f\u00e9kk yfirleitt ni\u00f0urst\u00f6\u00f0u sem vi\u00f0komandi kanna\u00f0ist vi\u00f0. \u00d3tr\u00falega n\u00e1kv\u00e6mur \u00ed \u00f6llu. Hann var\u00f0 eftirl\u00e6ti fj\u00f6lmi\u00f0lamanna og gilti \u00fea\u00f0 um \u00fatvarp, timarit og daglegar fr\u00e9ttir sem setja \u00feurfi \u00ed samhengi. En svo var eins og hann hyrfi.<\/p>\n<p>&#8222;Er \u00feakkl\u00e1tur fyrir a\u00f0 hafa vari\u00f0 nokkrum \u00e1rum \u00ed aksturs\u00fej\u00f3nustu fatla\u00f0ra. Skemmtilegt og gefandi,&#8220; segir hann \u00e1 samf\u00e9lagsmi\u00f0lum og birtir mynd me\u00f0.<\/p>\n","protected":false},"excerpt":{"rendered":"<p>Gunnlaugur Gu\u00f0mundsson stj\u00f6rnuspekingur var landsfr\u00e6gur stj\u00f6rnuspekingur \u00e1 \u00e1rum \u00e1\u00f0ur, \u00fe\u00f3tti naskur \u00feegar hann tengdi stj\u00f6rnumerki saman, teyg\u00f0i til allra \u00e1tta og f\u00e9kk yfirleitt ni\u00f0urst\u00f6\u00f0u sem vi\u00f0komandi kanna\u00f0ist vi\u00f0. \u00d3tr\u00falega n\u00e1kv\u00e6mur \u00ed \u00f6llu. Hann var\u00f0 eftirl\u00e6ti fj\u00f6lmi\u00f0lamanna og gilti \u00fea\u00f0 um \u00fatvarp, timarit og daglegar fr\u00e9ttir sem setja \u00feurfi \u00ed samhengi. En svo var eins og [&hellip;]<\/p>\n","protected":false},"author":2,"featured_media":4217,"comment_status":"open","ping_status":"open","sticky":false,"template":"","format":"standard","meta":{"_monsterinsights_skip_tracking":false,"_monsterinsights_sitenote_active":false,"_monsterinsights_sitenote_note":"","_monsterinsights_sitenote_category":0,"footnotes":""},"categories":[31],"tags":[],"class_list":{"0":"post-4216","1":"post","2":"type-post","3":"status-publish","4":"format-standard","5":"has-post-thumbnail","7":"category-greinar"},"yoast_head":"<!-- This site is optimized with the Yoast SEO plugin v22.0 - https:\/\/yoast.com\/wordpress\/plugins\/seo\/ -->\n<title>STJ\u00d6RNUSPEKINGUR KEYRIR FATLA\u00d0A &#8211; Eir\u00edkur J\u00f3nsson<\/title>\n<meta name=\"robots\" content=\"index, follow, max-snippet:-1, max-image-preview:large, max-video-preview:-1\" \/>\n<link rel=\"canonical\" href=\"https:\/\/eirikurjonsson.is\/index.php\/2024\/11\/16\/stjornuspekingur-keyrir-fatlada\/\" \/>\n<meta property=\"og:locale\" content=\"is_IS\" \/>\n<meta property=\"og:type\" content=\"article\" \/>\n<meta property=\"og:title\" content=\"STJ\u00d6RNUSPEKINGUR KEYRIR FATLA\u00d0A &#8211; Eir\u00edkur J\u00f3nsson\" \/>\n<meta property=\"og:description\" content=\"Gunnlaugur Gu\u00f0mundsson stj\u00f6rnuspekingur var landsfr\u00e6gur stj\u00f6rnuspekingur \u00e1 \u00e1rum \u00e1\u00f0ur, \u00fe\u00f3tti naskur \u00feegar hann tengdi stj\u00f6rnumerki saman, teyg\u00f0i til allra \u00e1tta og f\u00e9kk yfirleitt ni\u00f0urst\u00f6\u00f0u sem vi\u00f0komandi kanna\u00f0ist vi\u00f0. \u00d3tr\u00falega n\u00e1kv\u00e6mur \u00ed \u00f6llu. Hann var\u00f0 eftirl\u00e6ti fj\u00f6lmi\u00f0lamanna og gilti \u00fea\u00f0 um \u00fatvarp, timarit og daglegar fr\u00e9ttir sem setja \u00feurfi \u00ed samhengi. En svo var eins og [&hellip;]\" \/>\n<meta property=\"og:url\" content=\"https:\/\/eirikurjonsson.is\/index.php\/2024\/11\/16\/stjornuspekingur-keyrir-fatlada\/\" \/>\n<meta property=\"og:site_name\" content=\"Eir\u00edkur J\u00f3nsson\" \/>\n<meta property=\"article:published_time\" content=\"2024-11-16T22:49:43+00:00\" \/>\n<meta property=\"article:modified_time\" content=\"2024-11-16T22:50:01+00:00\" \/>\n<meta property=\"og:image\" content=\"https:\/\/eirikurjonsson.is\/wp-content\/uploads\/2024\/11\/STJORNUSPEKINGUR.jpg\" \/>\n\t<meta property=\"og:image:width\" content=\"2048\" \/>\n\t<meta property=\"og:image:height\" content=\"1539\" \/>\n\t<meta property=\"og:image:type\" content=\"image\/jpeg\" \/>\n<meta name=\"author\" content=\"eir\" \/>\n<meta name=\"twitter:card\" content=\"summary_large_image\" \/>\n<meta name=\"twitter:label1\" content=\"Written by\" \/>\n\t<meta name=\"twitter:data1\" content=\"eir\" \/>\n\t<meta name=\"twitter:label2\" content=\"Est. reading time\" \/>\n\t<meta name=\"twitter:data2\" content=\"1 minute\" \/>\n<script type=\"application\/ld+json\" class=\"yoast-schema-graph\">{\"@context\":\"https:\/\/schema.org\",\"@graph\":[{\"@type\":\"WebPage\",\"@id\":\"https:\/\/eirikurjonsson.is\/index.php\/2024\/11\/16\/stjornuspekingur-keyrir-fatlada\/\",\"url\":\"https:\/\/eirikurjonsson.is\/index.php\/2024\/11\/16\/stjornuspekingur-keyrir-fatlada\/\",\"name\":\"STJ\u00d6RNUSPEKINGUR KEYRIR FATLA\u00d0A &#8211; Eir\u00edkur J\u00f3nsson\",\"isPartOf\":{\"@id\":\"https:\/\/eirikurjonsson.is\/#website\"},\"datePublished\":\"2024-11-16T22:49:43+00:00\",\"dateModified\":\"2024-11-16T22:50:01+00:00\",\"author\":{\"@id\":\"https:\/\/eirikurjonsson.is\/#\/schema\/person\/308afa1d0e201918034e31b1da4f07a5\"},\"breadcrumb\":{\"@id\":\"https:\/\/eirikurjonsson.is\/index.php\/2024\/11\/16\/stjornuspekingur-keyrir-fatlada\/#breadcrumb\"},\"inLanguage\":\"is\",\"potentialAction\":[{\"@type\":\"ReadAction\",\"target\":[\"https:\/\/eirikurjonsson.is\/index.php\/2024\/11\/16\/stjornuspekingur-keyrir-fatlada\/\"]}]},{\"@type\":\"BreadcrumbList\",\"@id\":\"https:\/\/eirikurjonsson.is\/index.php\/2024\/11\/16\/stjornuspekingur-keyrir-fatlada\/#breadcrumb\",\"itemListElement\":[{\"@type\":\"ListItem\",\"position\":1,\"name\":\"Home\",\"item\":\"https:\/\/eirikurjonsson.is\/\"},{\"@type\":\"ListItem\",\"position\":2,\"name\":\"STJ\u00d6RNUSPEKINGUR KEYRIR FATLA\u00d0A\"}]},{\"@type\":\"WebSite\",\"@id\":\"https:\/\/eirikurjonsson.is\/#website\",\"url\":\"https:\/\/eirikurjonsson.is\/\",\"name\":\"Eir\u00edkur J\u00f3nsson\",\"description\":\"Eir\u00edkur J\u00f3nsson | EIR eirikurjonsson.is\",\"potentialAction\":[{\"@type\":\"SearchAction\",\"target\":{\"@type\":\"EntryPoint\",\"urlTemplate\":\"https:\/\/eirikurjonsson.is\/?s={search_term_string}\"},\"query-input\":\"required name=search_term_string\"}],\"inLanguage\":\"is\"},{\"@type\":\"Person\",\"@id\":\"https:\/\/eirikurjonsson.is\/#\/schema\/person\/308afa1d0e201918034e31b1da4f07a5\",\"name\":\"eir\",\"image\":{\"@type\":\"ImageObject\",\"inLanguage\":\"is\",\"@id\":\"https:\/\/eirikurjonsson.is\/#\/schema\/person\/image\/\",\"url\":\"https:\/\/secure.gravatar.com\/avatar\/b6748316a4400053a1fa9f4694b38d294dc5da6f4bacc727742bd8f3e689f87c?s=96&d=mm&r=g\",\"contentUrl\":\"https:\/\/secure.gravatar.com\/avatar\/b6748316a4400053a1fa9f4694b38d294dc5da6f4bacc727742bd8f3e689f87c?s=96&d=mm&r=g\",\"caption\":\"eir\"},\"url\":\"https:\/\/eirikurjonsson.is\/index.php\/author\/eir\/\"}]}<\/script>\n<!-- \/ Yoast SEO plugin. -->","yoast_head_json":{"title":"STJ\u00d6RNUSPEKINGUR KEYRIR FATLA\u00d0A &#8211; Eir\u00edkur J\u00f3nsson","robots":{"index":"index","follow":"follow","max-snippet":"max-snippet:-1","max-image-preview":"max-image-preview:large","max-video-preview":"max-video-preview:-1"},"canonical":"https:\/\/eirikurjonsson.is\/index.php\/2024\/11\/16\/stjornuspekingur-keyrir-fatlada\/","og_locale":"is_IS","og_type":"article","og_title":"STJ\u00d6RNUSPEKINGUR KEYRIR FATLA\u00d0A &#8211; Eir\u00edkur J\u00f3nsson","og_description":"Gunnlaugur Gu\u00f0mundsson stj\u00f6rnuspekingur var landsfr\u00e6gur stj\u00f6rnuspekingur \u00e1 \u00e1rum \u00e1\u00f0ur, \u00fe\u00f3tti naskur \u00feegar hann tengdi stj\u00f6rnumerki saman, teyg\u00f0i til allra \u00e1tta og f\u00e9kk yfirleitt ni\u00f0urst\u00f6\u00f0u sem vi\u00f0komandi kanna\u00f0ist vi\u00f0. \u00d3tr\u00falega n\u00e1kv\u00e6mur \u00ed \u00f6llu. Hann var\u00f0 eftirl\u00e6ti fj\u00f6lmi\u00f0lamanna og gilti \u00fea\u00f0 um \u00fatvarp, timarit og daglegar fr\u00e9ttir sem setja \u00feurfi \u00ed samhengi. En svo var eins og [&hellip;]","og_url":"https:\/\/eirikurjonsson.is\/index.php\/2024\/11\/16\/stjornuspekingur-keyrir-fatlada\/","og_site_name":"Eir\u00edkur J\u00f3nsson","article_published_time":"2024-11-16T22:49:43+00:00","article_modified_time":"2024-11-16T22:50:01+00:00","og_image":[{"width":2048,"height":1539,"url":"https:\/\/eirikurjonsson.is\/wp-content\/uploads\/2024\/11\/STJORNUSPEKINGUR.jpg","type":"image\/jpeg"}],"author":"eir","twitter_card":"summary_large_image","twitter_misc":{"Written by":"eir","Est. reading time":"1 minute"},"schema":{"@context":"https:\/\/schema.org","@graph":[{"@type":"WebPage","@id":"https:\/\/eirikurjonsson.is\/index.php\/2024\/11\/16\/stjornuspekingur-keyrir-fatlada\/","url":"https:\/\/eirikurjonsson.is\/index.php\/2024\/11\/16\/stjornuspekingur-keyrir-fatlada\/","name":"STJ\u00d6RNUSPEKINGUR KEYRIR FATLA\u00d0A &#8211; Eir\u00edkur J\u00f3nsson","isPartOf":{"@id":"https:\/\/eirikurjonsson.is\/#website"},"datePublished":"2024-11-16T22:49:43+00:00","dateModified":"2024-11-16T22:50:01+00:00","author":{"@id":"https:\/\/eirikurjonsson.is\/#\/schema\/person\/308afa1d0e201918034e31b1da4f07a5"},"breadcrumb":{"@id":"https:\/\/eirikurjonsson.is\/index.php\/2024\/11\/16\/stjornuspekingur-keyrir-fatlada\/#breadcrumb"},"inLanguage":"is","potentialAction":[{"@type":"ReadAction","target":["https:\/\/eirikurjonsson.is\/index.php\/2024\/11\/16\/stjornuspekingur-keyrir-fatlada\/"]}]},{"@type":"BreadcrumbList","@id":"https:\/\/eirikurjonsson.is\/index.php\/2024\/11\/16\/stjornuspekingur-keyrir-fatlada\/#breadcrumb","itemListElement":[{"@type":"ListItem","position":1,"name":"Home","item":"https:\/\/eirikurjonsson.is\/"},{"@type":"ListItem","position":2,"name":"STJ\u00d6RNUSPEKINGUR KEYRIR FATLA\u00d0A"}]},{"@type":"WebSite","@id":"https:\/\/eirikurjonsson.is\/#website","url":"https:\/\/eirikurjonsson.is\/","name":"Eir\u00edkur J\u00f3nsson","description":"Eir\u00edkur J\u00f3nsson | EIR eirikurjonsson.is","potentialAction":[{"@type":"SearchAction","target":{"@type":"EntryPoint","urlTemplate":"https:\/\/eirikurjonsson.is\/?s={search_term_string}"},"query-input":"required name=search_term_string"}],"inLanguage":"is"},{"@type":"Person","@id":"https:\/\/eirikurjonsson.is\/#\/schema\/person\/308afa1d0e201918034e31b1da4f07a5","name":"eir","image":{"@type":"ImageObject","inLanguage":"is","@id":"https:\/\/eirikurjonsson.is\/#\/schema\/person\/image\/","url":"https:\/\/secure.gravatar.com\/avatar\/b6748316a4400053a1fa9f4694b38d294dc5da6f4bacc727742bd8f3e689f87c?s=96&d=mm&r=g","contentUrl":"https:\/\/secure.gravatar.com\/avatar\/b6748316a4400053a1fa9f4694b38d294dc5da6f4bacc727742bd8f3e689f87c?s=96&d=mm&r=g","caption":"eir"},"url":"https:\/\/eirikurjonsson.is\/index.php\/author\/eir\/"}]}},"_links":{"self":[{"href":"https:\/\/eirikurjonsson.is\/index.php\/wp-json\/wp\/v2\/posts\/4216","targetHints":{"allow":["GET"]}}],"collection":[{"href":"https:\/\/eirikurjonsson.is\/index.php\/wp-json\/wp\/v2\/posts"}],"about":[{"href":"https:\/\/eirikurjonsson.is\/index.php\/wp-json\/wp\/v2\/types\/post"}],"author":[{"embeddable":true,"href":"https:\/\/eirikurjonsson.is\/index.php\/wp-json\/wp\/v2\/users\/2"}],"replies":[{"embeddable":true,"href":"https:\/\/eirikurjonsson.is\/index.php\/wp-json\/wp\/v2\/comments?post=4216"}],"version-history":[{"count":1,"href":"https:\/\/eirikurjonsson.is\/index.php\/wp-json\/wp\/v2\/posts\/4216\/revisions"}],"predecessor-version":[{"id":4219,"href":"https:\/\/eirikurjonsson.is\/index.php\/wp-json\/wp\/v2\/posts\/4216\/revisions\/4219"}],"wp:featuredmedia":[{"embeddable":true,"href":"https:\/\/eirikurjonsson.is\/index.php\/wp-json\/wp\/v2\/media\/4217"}],"wp:attachment":[{"href":"https:\/\/eirikurjonsson.is\/index.php\/wp-json\/wp\/v2\/media?parent=4216"}],"wp:term":[{"taxonomy":"category","embeddable":true,"href":"https:\/\/eirikurjonsson.is\/index.php\/wp-json\/wp\/v2\/categories?post=4216"},{"taxonomy":"post_tag","embeddable":true,"href":"https:\/\/eirikurjonsson.is\/index.php\/wp-json\/wp\/v2\/tags?post=4216"}],"curies":[{"name":"wp","href":"https:\/\/api.w.org\/{rel}","templated":true}]}}