{"id":4213,"date":"2024-11-16T14:55:35","date_gmt":"2024-11-16T14:55:35","guid":{"rendered":"https:\/\/eirikurjonsson.is\/?p=4213"},"modified":"2024-11-16T14:55:55","modified_gmt":"2024-11-16T14:55:55","slug":"danny-devito-80","status":"publish","type":"post","link":"https:\/\/eirikurjonsson.is\/index.php\/2024\/11\/16\/danny-devito-80\/","title":{"rendered":"DANNY DEVITO (80)"},"content":{"rendered":"<p>Nafni\u00f0 er st\u00f3t en ma\u00f0urinn litill. Danny DeVito er afm\u00e6lisbarn helgarinnar (80). Danny hefur leiki\u00f0 me\u00f0 m\u00f6rgum helstu st\u00f3rstj\u00f6rnum kvikmyndanna \u00fe\u00f3 sm\u00e1vaxinn s\u00e9. Danny er a\u00f0eins 1,47 metrar og m\u00e1 rekja\u00a0 til mis\u00feroska \u00ed beinabyggingu \u00ed \u00e6sku. En st\u00f3r er hann samt. H\u00e9r tekur hann lagi\u00f0 me\u00f0 Bruce Springsteen:<\/p>\n<div class=\"youtube-embed\" data-video_id=\"wGdNnhyqq94\"><iframe loading=\"lazy\" title=\"Bruce Springsteen and Danny DeVito perform &quot;Glory Days&quot; at the 2010 New Jersey Hall of Fame.\" width=\"696\" height=\"522\" src=\"https:\/\/www.youtube.com\/embed\/wGdNnhyqq94?start=5&#038;feature=oembed\" frameborder=\"0\" allow=\"accelerometer; autoplay; clipboard-write; encrypted-media; gyroscope; picture-in-picture; web-share\" referrerpolicy=\"strict-origin-when-cross-origin\" allowfullscreen><\/iframe><\/div>\n","protected":false},"excerpt":{"rendered":"<p>Nafni\u00f0 er st\u00f3t en ma\u00f0urinn litill. Danny DeVito er afm\u00e6lisbarn helgarinnar (80). Danny hefur leiki\u00f0 me\u00f0 m\u00f6rgum helstu st\u00f3rstj\u00f6rnum kvikmyndanna \u00fe\u00f3 sm\u00e1vaxinn s\u00e9. Danny er a\u00f0eins 1,47 metrar og m\u00e1 rekja\u00a0 til mis\u00feroska \u00ed beinabyggingu \u00ed \u00e6sku. En st\u00f3r er hann samt. H\u00e9r tekur hann lagi\u00f0 me\u00f0 Bruce Springsteen:<\/p>\n","protected":false},"author":2,"featured_media":4214,"comment_status":"open","ping_status":"open","sticky":false,"template":"","format":"standard","meta":{"_monsterinsights_skip_tracking":false,"_monsterinsights_sitenote_active":false,"_monsterinsights_sitenote_note":"","_monsterinsights_sitenote_category":0,"footnotes":""},"categories":[32],"tags":[],"class_list":{"0":"post-4213","1":"post","2":"type-post","3":"status-publish","4":"format-standard","5":"has-post-thumbnail","7":"category-lag-dagsins"},"yoast_head":"<!-- This site is optimized with the Yoast SEO plugin v22.0 - https:\/\/yoast.com\/wordpress\/plugins\/seo\/ -->\n<title>DANNY DEVITO (80) &#8211; Eir\u00edkur J\u00f3nsson<\/title>\n<meta name=\"robots\" content=\"index, follow, max-snippet:-1, max-image-preview:large, max-video-preview:-1\" \/>\n<link rel=\"canonical\" href=\"https:\/\/eirikurjonsson.is\/index.php\/2024\/11\/16\/danny-devito-80\/\" \/>\n<meta property=\"og:locale\" content=\"is_IS\" \/>\n<meta property=\"og:type\" content=\"article\" \/>\n<meta property=\"og:title\" content=\"DANNY DEVITO (80) &#8211; Eir\u00edkur J\u00f3nsson\" \/>\n<meta property=\"og:description\" content=\"Nafni\u00f0 er st\u00f3t en ma\u00f0urinn litill. Danny DeVito er afm\u00e6lisbarn helgarinnar (80). Danny hefur leiki\u00f0 me\u00f0 m\u00f6rgum helstu st\u00f3rstj\u00f6rnum kvikmyndanna \u00fe\u00f3 sm\u00e1vaxinn s\u00e9. Danny er a\u00f0eins 1,47 metrar og m\u00e1 rekja\u00a0 til mis\u00feroska \u00ed beinabyggingu \u00ed \u00e6sku. En st\u00f3r er hann samt. H\u00e9r tekur hann lagi\u00f0 me\u00f0 Bruce Springsteen:\" \/>\n<meta property=\"og:url\" content=\"https:\/\/eirikurjonsson.is\/index.php\/2024\/11\/16\/danny-devito-80\/\" \/>\n<meta property=\"og:site_name\" content=\"Eir\u00edkur J\u00f3nsson\" \/>\n<meta property=\"article:published_time\" content=\"2024-11-16T14:55:35+00:00\" \/>\n<meta property=\"article:modified_time\" content=\"2024-11-16T14:55:55+00:00\" \/>\n<meta property=\"og:image\" content=\"https:\/\/eirikurjonsson.is\/wp-content\/uploads\/2024\/11\/danny-devito-peace-cardboard-cutout.jpg\" \/>\n\t<meta property=\"og:image:width\" content=\"1200\" \/>\n\t<meta property=\"og:image:height\" content=\"600\" \/>\n\t<meta property=\"og:image:type\" content=\"image\/jpeg\" \/>\n<meta name=\"author\" content=\"eir\" \/>\n<meta name=\"twitter:card\" content=\"summary_large_image\" \/>\n<meta name=\"twitter:label1\" content=\"Written by\" \/>\n\t<meta name=\"twitter:data1\" content=\"eir\" \/>\n\t<meta name=\"twitter:label2\" content=\"Est. reading time\" \/>\n\t<meta name=\"twitter:data2\" content=\"1 minute\" \/>\n<script type=\"application\/ld+json\" class=\"yoast-schema-graph\">{\"@context\":\"https:\/\/schema.org\",\"@graph\":[{\"@type\":\"WebPage\",\"@id\":\"https:\/\/eirikurjonsson.is\/index.php\/2024\/11\/16\/danny-devito-80\/\",\"url\":\"https:\/\/eirikurjonsson.is\/index.php\/2024\/11\/16\/danny-devito-80\/\",\"name\":\"DANNY DEVITO (80) &#8211; Eir\u00edkur J\u00f3nsson\",\"isPartOf\":{\"@id\":\"https:\/\/eirikurjonsson.is\/#website\"},\"datePublished\":\"2024-11-16T14:55:35+00:00\",\"dateModified\":\"2024-11-16T14:55:55+00:00\",\"author\":{\"@id\":\"https:\/\/eirikurjonsson.is\/#\/schema\/person\/308afa1d0e201918034e31b1da4f07a5\"},\"breadcrumb\":{\"@id\":\"https:\/\/eirikurjonsson.is\/index.php\/2024\/11\/16\/danny-devito-80\/#breadcrumb\"},\"inLanguage\":\"is\",\"potentialAction\":[{\"@type\":\"ReadAction\",\"target\":[\"https:\/\/eirikurjonsson.is\/index.php\/2024\/11\/16\/danny-devito-80\/\"]}]},{\"@type\":\"BreadcrumbList\",\"@id\":\"https:\/\/eirikurjonsson.is\/index.php\/2024\/11\/16\/danny-devito-80\/#breadcrumb\",\"itemListElement\":[{\"@type\":\"ListItem\",\"position\":1,\"name\":\"Home\",\"item\":\"https:\/\/eirikurjonsson.is\/\"},{\"@type\":\"ListItem\",\"position\":2,\"name\":\"DANNY DEVITO (80)\"}]},{\"@type\":\"WebSite\",\"@id\":\"https:\/\/eirikurjonsson.is\/#website\",\"url\":\"https:\/\/eirikurjonsson.is\/\",\"name\":\"Eir\u00edkur J\u00f3nsson\",\"description\":\"Eir\u00edkur J\u00f3nsson | EIR eirikurjonsson.is\",\"potentialAction\":[{\"@type\":\"SearchAction\",\"target\":{\"@type\":\"EntryPoint\",\"urlTemplate\":\"https:\/\/eirikurjonsson.is\/?s={search_term_string}\"},\"query-input\":\"required name=search_term_string\"}],\"inLanguage\":\"is\"},{\"@type\":\"Person\",\"@id\":\"https:\/\/eirikurjonsson.is\/#\/schema\/person\/308afa1d0e201918034e31b1da4f07a5\",\"name\":\"eir\",\"image\":{\"@type\":\"ImageObject\",\"inLanguage\":\"is\",\"@id\":\"https:\/\/eirikurjonsson.is\/#\/schema\/person\/image\/\",\"url\":\"https:\/\/secure.gravatar.com\/avatar\/b6748316a4400053a1fa9f4694b38d294dc5da6f4bacc727742bd8f3e689f87c?s=96&d=mm&r=g\",\"contentUrl\":\"https:\/\/secure.gravatar.com\/avatar\/b6748316a4400053a1fa9f4694b38d294dc5da6f4bacc727742bd8f3e689f87c?s=96&d=mm&r=g\",\"caption\":\"eir\"},\"url\":\"https:\/\/eirikurjonsson.is\/index.php\/author\/eir\/\"}]}<\/script>\n<!-- \/ Yoast SEO plugin. -->","yoast_head_json":{"title":"DANNY DEVITO (80) &#8211; Eir\u00edkur J\u00f3nsson","robots":{"index":"index","follow":"follow","max-snippet":"max-snippet:-1","max-image-preview":"max-image-preview:large","max-video-preview":"max-video-preview:-1"},"canonical":"https:\/\/eirikurjonsson.is\/index.php\/2024\/11\/16\/danny-devito-80\/","og_locale":"is_IS","og_type":"article","og_title":"DANNY DEVITO (80) &#8211; Eir\u00edkur J\u00f3nsson","og_description":"Nafni\u00f0 er st\u00f3t en ma\u00f0urinn litill. Danny DeVito er afm\u00e6lisbarn helgarinnar (80). Danny hefur leiki\u00f0 me\u00f0 m\u00f6rgum helstu st\u00f3rstj\u00f6rnum kvikmyndanna \u00fe\u00f3 sm\u00e1vaxinn s\u00e9. Danny er a\u00f0eins 1,47 metrar og m\u00e1 rekja\u00a0 til mis\u00feroska \u00ed beinabyggingu \u00ed \u00e6sku. En st\u00f3r er hann samt. H\u00e9r tekur hann lagi\u00f0 me\u00f0 Bruce Springsteen:","og_url":"https:\/\/eirikurjonsson.is\/index.php\/2024\/11\/16\/danny-devito-80\/","og_site_name":"Eir\u00edkur J\u00f3nsson","article_published_time":"2024-11-16T14:55:35+00:00","article_modified_time":"2024-11-16T14:55:55+00:00","og_image":[{"width":1200,"height":600,"url":"https:\/\/eirikurjonsson.is\/wp-content\/uploads\/2024\/11\/danny-devito-peace-cardboard-cutout.jpg","type":"image\/jpeg"}],"author":"eir","twitter_card":"summary_large_image","twitter_misc":{"Written by":"eir","Est. reading time":"1 minute"},"schema":{"@context":"https:\/\/schema.org","@graph":[{"@type":"WebPage","@id":"https:\/\/eirikurjonsson.is\/index.php\/2024\/11\/16\/danny-devito-80\/","url":"https:\/\/eirikurjonsson.is\/index.php\/2024\/11\/16\/danny-devito-80\/","name":"DANNY DEVITO (80) &#8211; Eir\u00edkur J\u00f3nsson","isPartOf":{"@id":"https:\/\/eirikurjonsson.is\/#website"},"datePublished":"2024-11-16T14:55:35+00:00","dateModified":"2024-11-16T14:55:55+00:00","author":{"@id":"https:\/\/eirikurjonsson.is\/#\/schema\/person\/308afa1d0e201918034e31b1da4f07a5"},"breadcrumb":{"@id":"https:\/\/eirikurjonsson.is\/index.php\/2024\/11\/16\/danny-devito-80\/#breadcrumb"},"inLanguage":"is","potentialAction":[{"@type":"ReadAction","target":["https:\/\/eirikurjonsson.is\/index.php\/2024\/11\/16\/danny-devito-80\/"]}]},{"@type":"BreadcrumbList","@id":"https:\/\/eirikurjonsson.is\/index.php\/2024\/11\/16\/danny-devito-80\/#breadcrumb","itemListElement":[{"@type":"ListItem","position":1,"name":"Home","item":"https:\/\/eirikurjonsson.is\/"},{"@type":"ListItem","position":2,"name":"DANNY DEVITO (80)"}]},{"@type":"WebSite","@id":"https:\/\/eirikurjonsson.is\/#website","url":"https:\/\/eirikurjonsson.is\/","name":"Eir\u00edkur J\u00f3nsson","description":"Eir\u00edkur J\u00f3nsson | EIR eirikurjonsson.is","potentialAction":[{"@type":"SearchAction","target":{"@type":"EntryPoint","urlTemplate":"https:\/\/eirikurjonsson.is\/?s={search_term_string}"},"query-input":"required name=search_term_string"}],"inLanguage":"is"},{"@type":"Person","@id":"https:\/\/eirikurjonsson.is\/#\/schema\/person\/308afa1d0e201918034e31b1da4f07a5","name":"eir","image":{"@type":"ImageObject","inLanguage":"is","@id":"https:\/\/eirikurjonsson.is\/#\/schema\/person\/image\/","url":"https:\/\/secure.gravatar.com\/avatar\/b6748316a4400053a1fa9f4694b38d294dc5da6f4bacc727742bd8f3e689f87c?s=96&d=mm&r=g","contentUrl":"https:\/\/secure.gravatar.com\/avatar\/b6748316a4400053a1fa9f4694b38d294dc5da6f4bacc727742bd8f3e689f87c?s=96&d=mm&r=g","caption":"eir"},"url":"https:\/\/eirikurjonsson.is\/index.php\/author\/eir\/"}]}},"_links":{"self":[{"href":"https:\/\/eirikurjonsson.is\/index.php\/wp-json\/wp\/v2\/posts\/4213","targetHints":{"allow":["GET"]}}],"collection":[{"href":"https:\/\/eirikurjonsson.is\/index.php\/wp-json\/wp\/v2\/posts"}],"about":[{"href":"https:\/\/eirikurjonsson.is\/index.php\/wp-json\/wp\/v2\/types\/post"}],"author":[{"embeddable":true,"href":"https:\/\/eirikurjonsson.is\/index.php\/wp-json\/wp\/v2\/users\/2"}],"replies":[{"embeddable":true,"href":"https:\/\/eirikurjonsson.is\/index.php\/wp-json\/wp\/v2\/comments?post=4213"}],"version-history":[{"count":1,"href":"https:\/\/eirikurjonsson.is\/index.php\/wp-json\/wp\/v2\/posts\/4213\/revisions"}],"predecessor-version":[{"id":4215,"href":"https:\/\/eirikurjonsson.is\/index.php\/wp-json\/wp\/v2\/posts\/4213\/revisions\/4215"}],"wp:featuredmedia":[{"embeddable":true,"href":"https:\/\/eirikurjonsson.is\/index.php\/wp-json\/wp\/v2\/media\/4214"}],"wp:attachment":[{"href":"https:\/\/eirikurjonsson.is\/index.php\/wp-json\/wp\/v2\/media?parent=4213"}],"wp:term":[{"taxonomy":"category","embeddable":true,"href":"https:\/\/eirikurjonsson.is\/index.php\/wp-json\/wp\/v2\/categories?post=4213"},{"taxonomy":"post_tag","embeddable":true,"href":"https:\/\/eirikurjonsson.is\/index.php\/wp-json\/wp\/v2\/tags?post=4213"}],"curies":[{"name":"wp","href":"https:\/\/api.w.org\/{rel}","templated":true}]}}