{"id":4210,"date":"2024-11-16T14:34:12","date_gmt":"2024-11-16T14:34:12","guid":{"rendered":"https:\/\/eirikurjonsson.is\/?p=4210"},"modified":"2024-11-16T14:34:28","modified_gmt":"2024-11-16T14:34:28","slug":"daria-sol-skin","status":"publish","type":"post","link":"https:\/\/eirikurjonsson.is\/index.php\/2024\/11\/16\/daria-sol-skin\/","title":{"rendered":"DAR\u00cdA S\u00d3L SK\u00cdN"},"content":{"rendered":"<p>Myndlistartv\u00ed\u00e6ringurinn Sequences mun fara fram \u00ed t\u00f3lfta sinn dagana 10. &#8211; 20. okt\u00f3ber 2025. Dar\u00eda S\u00f3l Andrews mun skapa litr\u00e6na umgj\u00f6r\u00f0 h\u00e1t\u00ed\u00f0arinnar. Dar\u00eda er sj\u00e1lfst\u00e6tt starfandi s\u00fdningarstj\u00f3ri og starfar b\u00e6\u00f0i \u00e1 \u00cdslandi og \u00ed Bandar\u00edkjunum. \u00c1ri\u00f0 2021 lauk h\u00fan n\u00e1mi sem Curatorial Fellow \u00ed The Witney Independent Study Program \u00ed New York. H\u00fan er me\u00f0 meistaragr\u00e1\u00f0u \u00ed s\u00fdningarstj\u00f3rnun fr\u00e1 Stokkh\u00f3lmsh\u00e1sk\u00f3la og bakkal\u00e1rgr\u00e1\u00f0u \u00ed m\u00e6lskufr\u00e6\u00f0i fr\u00e1 UC Berkeley. Dar\u00eda stofna\u00f0i galler\u00edi\u00f0 Studio Sol \u00e1ri\u00f0 2017 \u00ed uppger\u00f0u i\u00f0na\u00f0arh\u00fasn\u00e6\u00f0i \u00ed Reykjav\u00edk. \u00c1ri\u00f0 2024 vann h\u00fan \u00cdslensku myndlistarver\u00f0launin fyrir bestu sams\u00fdningu \u00e1rsins A\u00f0 rekja brot.<\/p>\n<p style=\"text-align: center;\">&#8211;<\/p>\n<p>\u201eHugmyndafr\u00e6\u00f0in a\u00f0 baki Sequences XII tengist fagurfr\u00e6\u00f0i sem kallast \u201eh\u00e6g list\u201d (e. slow art) &#8211; og felur \u00ed s\u00e9r tengingar milli myndlistar og \u00e1horfanda, a\u00f0 taka s\u00e9r t\u00edma me\u00f0 list, me\u00f0 hverju og einasta verki, og \u00edhuga n\u00fdjar lei\u00f0ir til a\u00f0 upplifa og me\u00f0taka myndlist. Einbl\u00ednt ver\u00f0ur \u00e1 verk sem eru unnin h\u00e6gt og taka t\u00edma a\u00f0 m\u00f3tast og ver\u00f0a til, einnig listamenn sem vinna a\u00f0 einu verkefni yfir m\u00f6rg \u00e1r e\u00f0a \u00e1ratugi.&#8220;<\/p>\n","protected":false},"excerpt":{"rendered":"<p>Myndlistartv\u00ed\u00e6ringurinn Sequences mun fara fram \u00ed t\u00f3lfta sinn dagana 10. &#8211; 20. okt\u00f3ber 2025. Dar\u00eda S\u00f3l Andrews mun skapa litr\u00e6na umgj\u00f6r\u00f0 h\u00e1t\u00ed\u00f0arinnar. Dar\u00eda er sj\u00e1lfst\u00e6tt starfandi s\u00fdningarstj\u00f3ri og starfar b\u00e6\u00f0i \u00e1 \u00cdslandi og \u00ed Bandar\u00edkjunum. \u00c1ri\u00f0 2021 lauk h\u00fan n\u00e1mi sem Curatorial Fellow \u00ed The Witney Independent Study Program \u00ed New York. H\u00fan er me\u00f0 [&hellip;]<\/p>\n","protected":false},"author":2,"featured_media":4211,"comment_status":"open","ping_status":"open","sticky":false,"template":"","format":"standard","meta":{"_monsterinsights_skip_tracking":false,"_monsterinsights_sitenote_active":false,"_monsterinsights_sitenote_note":"","_monsterinsights_sitenote_category":0,"footnotes":""},"categories":[31],"tags":[],"class_list":{"0":"post-4210","1":"post","2":"type-post","3":"status-publish","4":"format-standard","5":"has-post-thumbnail","7":"category-greinar"},"yoast_head":"<!-- This site is optimized with the Yoast SEO plugin v22.0 - https:\/\/yoast.com\/wordpress\/plugins\/seo\/ -->\n<title>DAR\u00cdA S\u00d3L SK\u00cdN &#8211; Eir\u00edkur J\u00f3nsson<\/title>\n<meta name=\"robots\" content=\"index, follow, max-snippet:-1, max-image-preview:large, max-video-preview:-1\" \/>\n<link rel=\"canonical\" href=\"https:\/\/eirikurjonsson.is\/index.php\/2024\/11\/16\/daria-sol-skin\/\" \/>\n<meta property=\"og:locale\" content=\"is_IS\" \/>\n<meta property=\"og:type\" content=\"article\" \/>\n<meta property=\"og:title\" content=\"DAR\u00cdA S\u00d3L SK\u00cdN &#8211; Eir\u00edkur J\u00f3nsson\" \/>\n<meta property=\"og:description\" content=\"Myndlistartv\u00ed\u00e6ringurinn Sequences mun fara fram \u00ed t\u00f3lfta sinn dagana 10. &#8211; 20. okt\u00f3ber 2025. Dar\u00eda S\u00f3l Andrews mun skapa litr\u00e6na umgj\u00f6r\u00f0 h\u00e1t\u00ed\u00f0arinnar. Dar\u00eda er sj\u00e1lfst\u00e6tt starfandi s\u00fdningarstj\u00f3ri og starfar b\u00e6\u00f0i \u00e1 \u00cdslandi og \u00ed Bandar\u00edkjunum. \u00c1ri\u00f0 2021 lauk h\u00fan n\u00e1mi sem Curatorial Fellow \u00ed The Witney Independent Study Program \u00ed New York. H\u00fan er me\u00f0 [&hellip;]\" \/>\n<meta property=\"og:url\" content=\"https:\/\/eirikurjonsson.is\/index.php\/2024\/11\/16\/daria-sol-skin\/\" \/>\n<meta property=\"og:site_name\" content=\"Eir\u00edkur J\u00f3nsson\" \/>\n<meta property=\"article:published_time\" content=\"2024-11-16T14:34:12+00:00\" \/>\n<meta property=\"article:modified_time\" content=\"2024-11-16T14:34:28+00:00\" \/>\n<meta property=\"og:image\" content=\"https:\/\/eirikurjonsson.is\/wp-content\/uploads\/2024\/11\/sequnce-scaled.jpg\" \/>\n\t<meta property=\"og:image:width\" content=\"2031\" \/>\n\t<meta property=\"og:image:height\" content=\"2560\" \/>\n\t<meta property=\"og:image:type\" content=\"image\/jpeg\" \/>\n<meta name=\"author\" content=\"eir\" \/>\n<meta name=\"twitter:card\" content=\"summary_large_image\" \/>\n<meta name=\"twitter:label1\" content=\"Written by\" \/>\n\t<meta name=\"twitter:data1\" content=\"eir\" \/>\n\t<meta name=\"twitter:label2\" content=\"Est. reading time\" \/>\n\t<meta name=\"twitter:data2\" content=\"2 minutes\" \/>\n<script type=\"application\/ld+json\" class=\"yoast-schema-graph\">{\"@context\":\"https:\/\/schema.org\",\"@graph\":[{\"@type\":\"WebPage\",\"@id\":\"https:\/\/eirikurjonsson.is\/index.php\/2024\/11\/16\/daria-sol-skin\/\",\"url\":\"https:\/\/eirikurjonsson.is\/index.php\/2024\/11\/16\/daria-sol-skin\/\",\"name\":\"DAR\u00cdA S\u00d3L SK\u00cdN &#8211; Eir\u00edkur J\u00f3nsson\",\"isPartOf\":{\"@id\":\"https:\/\/eirikurjonsson.is\/#website\"},\"datePublished\":\"2024-11-16T14:34:12+00:00\",\"dateModified\":\"2024-11-16T14:34:28+00:00\",\"author\":{\"@id\":\"https:\/\/eirikurjonsson.is\/#\/schema\/person\/308afa1d0e201918034e31b1da4f07a5\"},\"breadcrumb\":{\"@id\":\"https:\/\/eirikurjonsson.is\/index.php\/2024\/11\/16\/daria-sol-skin\/#breadcrumb\"},\"inLanguage\":\"is\",\"potentialAction\":[{\"@type\":\"ReadAction\",\"target\":[\"https:\/\/eirikurjonsson.is\/index.php\/2024\/11\/16\/daria-sol-skin\/\"]}]},{\"@type\":\"BreadcrumbList\",\"@id\":\"https:\/\/eirikurjonsson.is\/index.php\/2024\/11\/16\/daria-sol-skin\/#breadcrumb\",\"itemListElement\":[{\"@type\":\"ListItem\",\"position\":1,\"name\":\"Home\",\"item\":\"https:\/\/eirikurjonsson.is\/\"},{\"@type\":\"ListItem\",\"position\":2,\"name\":\"DAR\u00cdA S\u00d3L SK\u00cdN\"}]},{\"@type\":\"WebSite\",\"@id\":\"https:\/\/eirikurjonsson.is\/#website\",\"url\":\"https:\/\/eirikurjonsson.is\/\",\"name\":\"Eir\u00edkur J\u00f3nsson\",\"description\":\"Eir\u00edkur J\u00f3nsson | EIR eirikurjonsson.is\",\"potentialAction\":[{\"@type\":\"SearchAction\",\"target\":{\"@type\":\"EntryPoint\",\"urlTemplate\":\"https:\/\/eirikurjonsson.is\/?s={search_term_string}\"},\"query-input\":\"required name=search_term_string\"}],\"inLanguage\":\"is\"},{\"@type\":\"Person\",\"@id\":\"https:\/\/eirikurjonsson.is\/#\/schema\/person\/308afa1d0e201918034e31b1da4f07a5\",\"name\":\"eir\",\"image\":{\"@type\":\"ImageObject\",\"inLanguage\":\"is\",\"@id\":\"https:\/\/eirikurjonsson.is\/#\/schema\/person\/image\/\",\"url\":\"https:\/\/secure.gravatar.com\/avatar\/b6748316a4400053a1fa9f4694b38d294dc5da6f4bacc727742bd8f3e689f87c?s=96&d=mm&r=g\",\"contentUrl\":\"https:\/\/secure.gravatar.com\/avatar\/b6748316a4400053a1fa9f4694b38d294dc5da6f4bacc727742bd8f3e689f87c?s=96&d=mm&r=g\",\"caption\":\"eir\"},\"url\":\"https:\/\/eirikurjonsson.is\/index.php\/author\/eir\/\"}]}<\/script>\n<!-- \/ Yoast SEO plugin. -->","yoast_head_json":{"title":"DAR\u00cdA S\u00d3L SK\u00cdN &#8211; Eir\u00edkur J\u00f3nsson","robots":{"index":"index","follow":"follow","max-snippet":"max-snippet:-1","max-image-preview":"max-image-preview:large","max-video-preview":"max-video-preview:-1"},"canonical":"https:\/\/eirikurjonsson.is\/index.php\/2024\/11\/16\/daria-sol-skin\/","og_locale":"is_IS","og_type":"article","og_title":"DAR\u00cdA S\u00d3L SK\u00cdN &#8211; Eir\u00edkur J\u00f3nsson","og_description":"Myndlistartv\u00ed\u00e6ringurinn Sequences mun fara fram \u00ed t\u00f3lfta sinn dagana 10. &#8211; 20. okt\u00f3ber 2025. Dar\u00eda S\u00f3l Andrews mun skapa litr\u00e6na umgj\u00f6r\u00f0 h\u00e1t\u00ed\u00f0arinnar. Dar\u00eda er sj\u00e1lfst\u00e6tt starfandi s\u00fdningarstj\u00f3ri og starfar b\u00e6\u00f0i \u00e1 \u00cdslandi og \u00ed Bandar\u00edkjunum. \u00c1ri\u00f0 2021 lauk h\u00fan n\u00e1mi sem Curatorial Fellow \u00ed The Witney Independent Study Program \u00ed New York. H\u00fan er me\u00f0 [&hellip;]","og_url":"https:\/\/eirikurjonsson.is\/index.php\/2024\/11\/16\/daria-sol-skin\/","og_site_name":"Eir\u00edkur J\u00f3nsson","article_published_time":"2024-11-16T14:34:12+00:00","article_modified_time":"2024-11-16T14:34:28+00:00","og_image":[{"width":2031,"height":2560,"url":"https:\/\/eirikurjonsson.is\/wp-content\/uploads\/2024\/11\/sequnce-scaled.jpg","type":"image\/jpeg"}],"author":"eir","twitter_card":"summary_large_image","twitter_misc":{"Written by":"eir","Est. reading time":"2 minutes"},"schema":{"@context":"https:\/\/schema.org","@graph":[{"@type":"WebPage","@id":"https:\/\/eirikurjonsson.is\/index.php\/2024\/11\/16\/daria-sol-skin\/","url":"https:\/\/eirikurjonsson.is\/index.php\/2024\/11\/16\/daria-sol-skin\/","name":"DAR\u00cdA S\u00d3L SK\u00cdN &#8211; Eir\u00edkur J\u00f3nsson","isPartOf":{"@id":"https:\/\/eirikurjonsson.is\/#website"},"datePublished":"2024-11-16T14:34:12+00:00","dateModified":"2024-11-16T14:34:28+00:00","author":{"@id":"https:\/\/eirikurjonsson.is\/#\/schema\/person\/308afa1d0e201918034e31b1da4f07a5"},"breadcrumb":{"@id":"https:\/\/eirikurjonsson.is\/index.php\/2024\/11\/16\/daria-sol-skin\/#breadcrumb"},"inLanguage":"is","potentialAction":[{"@type":"ReadAction","target":["https:\/\/eirikurjonsson.is\/index.php\/2024\/11\/16\/daria-sol-skin\/"]}]},{"@type":"BreadcrumbList","@id":"https:\/\/eirikurjonsson.is\/index.php\/2024\/11\/16\/daria-sol-skin\/#breadcrumb","itemListElement":[{"@type":"ListItem","position":1,"name":"Home","item":"https:\/\/eirikurjonsson.is\/"},{"@type":"ListItem","position":2,"name":"DAR\u00cdA S\u00d3L SK\u00cdN"}]},{"@type":"WebSite","@id":"https:\/\/eirikurjonsson.is\/#website","url":"https:\/\/eirikurjonsson.is\/","name":"Eir\u00edkur J\u00f3nsson","description":"Eir\u00edkur J\u00f3nsson | EIR eirikurjonsson.is","potentialAction":[{"@type":"SearchAction","target":{"@type":"EntryPoint","urlTemplate":"https:\/\/eirikurjonsson.is\/?s={search_term_string}"},"query-input":"required name=search_term_string"}],"inLanguage":"is"},{"@type":"Person","@id":"https:\/\/eirikurjonsson.is\/#\/schema\/person\/308afa1d0e201918034e31b1da4f07a5","name":"eir","image":{"@type":"ImageObject","inLanguage":"is","@id":"https:\/\/eirikurjonsson.is\/#\/schema\/person\/image\/","url":"https:\/\/secure.gravatar.com\/avatar\/b6748316a4400053a1fa9f4694b38d294dc5da6f4bacc727742bd8f3e689f87c?s=96&d=mm&r=g","contentUrl":"https:\/\/secure.gravatar.com\/avatar\/b6748316a4400053a1fa9f4694b38d294dc5da6f4bacc727742bd8f3e689f87c?s=96&d=mm&r=g","caption":"eir"},"url":"https:\/\/eirikurjonsson.is\/index.php\/author\/eir\/"}]}},"_links":{"self":[{"href":"https:\/\/eirikurjonsson.is\/index.php\/wp-json\/wp\/v2\/posts\/4210","targetHints":{"allow":["GET"]}}],"collection":[{"href":"https:\/\/eirikurjonsson.is\/index.php\/wp-json\/wp\/v2\/posts"}],"about":[{"href":"https:\/\/eirikurjonsson.is\/index.php\/wp-json\/wp\/v2\/types\/post"}],"author":[{"embeddable":true,"href":"https:\/\/eirikurjonsson.is\/index.php\/wp-json\/wp\/v2\/users\/2"}],"replies":[{"embeddable":true,"href":"https:\/\/eirikurjonsson.is\/index.php\/wp-json\/wp\/v2\/comments?post=4210"}],"version-history":[{"count":1,"href":"https:\/\/eirikurjonsson.is\/index.php\/wp-json\/wp\/v2\/posts\/4210\/revisions"}],"predecessor-version":[{"id":4212,"href":"https:\/\/eirikurjonsson.is\/index.php\/wp-json\/wp\/v2\/posts\/4210\/revisions\/4212"}],"wp:featuredmedia":[{"embeddable":true,"href":"https:\/\/eirikurjonsson.is\/index.php\/wp-json\/wp\/v2\/media\/4211"}],"wp:attachment":[{"href":"https:\/\/eirikurjonsson.is\/index.php\/wp-json\/wp\/v2\/media?parent=4210"}],"wp:term":[{"taxonomy":"category","embeddable":true,"href":"https:\/\/eirikurjonsson.is\/index.php\/wp-json\/wp\/v2\/categories?post=4210"},{"taxonomy":"post_tag","embeddable":true,"href":"https:\/\/eirikurjonsson.is\/index.php\/wp-json\/wp\/v2\/tags?post=4210"}],"curies":[{"name":"wp","href":"https:\/\/api.w.org\/{rel}","templated":true}]}}